{"id":29696,"date":"2025-09-08T07:32:48","date_gmt":"2025-09-08T12:02:48","guid":{"rendered":"https:\/\/esviafm.com\/?p=29696"},"modified":"2025-09-08T07:32:48","modified_gmt":"2025-09-08T12:02:48","slug":"primer-ministro-de-japon-presento-su-renuncia","status":"publish","type":"post","link":"https:\/\/esviafm.com\/index.php\/primer-ministro-de-japon-presento-su-renuncia\/","title":{"rendered":"Primer ministro de Jap\u00f3n present\u00f3 su renuncia"},"content":{"rendered":"<p>El primer ministro de\u00a0<a class=\"internal-link\" href=\"https:\/\/www.dw.com\/es\/jap%C3%B3n\/t-17412726\">Jap\u00f3n<\/a>, Shigeru Ishiba, decidi\u00f3 renunciar, adelantaron este domingo (07.09.2025) medios japoneses, incluida la cadena p\u00fablica NHK,\u00a0tras los malos resultados en las elecciones parlamentarias de julio.\u00a0<a class=\"internal-link\" href=\"https:\/\/www.dw.com\/es\/ishiba-desmiente-que-vaya-a-dimitir-tras-la-debacle-electoral-de-su-partido\/a-73378129\">En aquel momento descart\u00f3 dimitir<\/a>, pero miembros de su partido han estado presionando para forzar un cambio de liderazgo.<\/p>\n<p>La decisi\u00f3n se producir\u00eda menos de un a\u00f1o despu\u00e9s de que el pol\u00edtico, de 68 a\u00f1os,\u00a0<a class=\"internal-link\" href=\"https:\/\/www.dw.com\/es\/shigeru-ishiba-es-el-nuevo-l%C3%ADder-del-partido-gobernante-de-jap%C3%B3n\/a-70341622\">asumiera el mando del Partido Liberal Dem\u00f3crata<\/a>\u00a0(PLD), lo que\u00a0<a class=\"internal-link\" href=\"https:\/\/www.dw.com\/es\/shigeru-ishiba-asume-como-primer-ministro-de-jap%C3%B3n\/a-70375079\">lo convirti\u00f3 de facto en jefe del Gobierno<\/a>. Desde entonces, el PLD ha sufrido dos graves reveses en las elecciones de ambas c\u00e1maras del Parlamento.<\/p>\n<p>Tras la publicaci\u00f3n de las informaciones, el Gobierno de Jap\u00f3n, pa\u00eds del\u00a0<a class=\"internal-link\" href=\"https:\/\/www.dw.com\/es\/g7\/t-65703485\">G7<\/a>\u00a0y una de las cinco mayores econom\u00edas del mundo, anunci\u00f3 que Ishiba dar\u00e1 una rueda de prensa a las 18:00 hora local (11:00 GMT) en la que se prev\u00e9 que formalice la decisi\u00f3n y ofrezca explicaciones. En ella, confirm\u00f3 la noticia.<\/p>\n<h2>Esper\u00f3 al \u00abmomento adecuado\u00bb<\/h2>\n<p>\u00abHe decidido dimitir como l\u00edder del Partido Liberal Democr\u00e1tico, as\u00ed que, de acuerdo a los estatutos internos, la convocatoria de una campa\u00f1a extraordinaria para escoger a un nuevo presidente ya no es necesaria\u00bb, dijo Ishiba en una rueda de prensa convocada de forma apresurada tras la filtraci\u00f3n poco antes de su decisi\u00f3n.\u00a0La dimisi\u00f3n de Ishiba como presidente del PLD conlleva tambi\u00e9n su dimisi\u00f3n como primer ministro.<\/p>\n<p>\u00abLlevo un tiempo diciendo que no ten\u00eda intenci\u00f3n de aferrarme al cargo y que anunciar\u00eda mi decisi\u00f3n en el momento adecuado\u00bb, declar\u00f3 Ishiba, que a\u00f1adi\u00f3 que ese momento es ahora, un d\u00eda despu\u00e9s del regreso al pa\u00eds del negociador nip\u00f3n en materia de aranceles, Ryosei Akazawa, tras la firma de la orden ejecutiva estadounidense para rebajar al 15 % las tasas que pesan sobre los veh\u00edculos japoneses.<\/p>\n<h2>Renuncia para evitar divisiones en el partido de gobierno<\/h2>\n<p>La cadena NHK indicaba ya\u00a0que Ishiba quer\u00eda evitar divisiones dentro de su partido, que hist\u00f3ricamente ha dominado el panorama pol\u00edtico en Jap\u00f3n. El diario Asahi Shimbun se\u00f1al\u00f3 que Ishiba no pudo resistir la creciente presi\u00f3n para que dimitiera.\u00a0Ishiba se reuni\u00f3 el s\u00e1bado por la noche con el ministro de Agricultura, Shinjiro Koizumi, y con el ex primer ministro Yoshihide Suga, un peso pesado del partido, que lo instaron a renunciar, reportaron los medios.<\/p>\n<p>Hace unos d\u00edas, cuatro altos dirigentes del PLD, entre ellos el secretario general, Hiroshi Moriyama, presentaron su dimisi\u00f3n. Los parlamentarios y responsables regionales del PLD de todo Jap\u00f3n ten\u00edan previsto presentar el lunes una solicitud para celebrar una elecci\u00f3n para designar a un nuevo l\u00edder de la formaci\u00f3n.<\/p>\n<div class=\"pvc_clear\"><\/div>\n<p id=\"pvc_stats_29696\" class=\"pvc_stats all  \" data-element-id=\"29696\" style=\"\"><i class=\"pvc-stats-icon large\" aria-hidden=\"true\"><svg xmlns=\"http:\/\/www.w3.org\/2000\/svg\" version=\"1.0\" viewBox=\"0 0 502 315\" preserveAspectRatio=\"xMidYMid meet\"><g transform=\"translate(0,332) scale(0.1,-0.1)\" fill=\"\" stroke=\"none\"><path d=\"M2394 3279 l-29 -30 -3 -207 c-2 -182 0 -211 15 -242 39 -76 157 -76 196 0 15 31 17 60 15 243 l-3 209 -33 29 c-26 23 -41 29 -80 29 -41 0 -53 -5 -78 -31z\"\/><path d=\"M3085 3251 c-45 -19 -58 -50 -96 -229 -47 -217 -49 -260 -13 -295 52 -53 146 -42 177 20 16 31 87 366 87 410 0 70 -86 122 -155 94z\"\/><path d=\"M1751 3234 c-13 -9 -29 -31 -37 -50 -12 -29 -10 -49 21 -204 19 -94 39 -189 45 -210 14 -50 54 -80 110 -80 34 0 48 6 76 34 21 21 34 44 34 59 0 14 -18 113 -40 219 -37 178 -43 195 -70 221 -36 32 -101 37 -139 11z\"\/><path d=\"M1163 3073 c-36 -7 -73 -59 -73 -102 0 -56 133 -378 171 -413 34 -32 83 -37 129 -13 70 36 67 87 -16 290 -86 209 -89 214 -129 231 -35 14 -42 15 -82 7z\"\/><path d=\"M3689 3066 c-15 -9 -33 -30 -42 -48 -48 -103 -147 -355 -147 -375 0 -98 131 -148 192 -74 13 15 57 108 97 206 80 196 84 226 37 273 -30 30 -99 39 -137 18z\"\/><path d=\"M583 2784 c-38 -19 -67 -74 -58 -113 9 -42 211 -354 242 -373 16 -10 45 -18 66 -18 51 0 107 52 107 100 0 39 -1 41 -124 234 -80 126 -108 162 -133 173 -41 17 -61 16 -100 -3z\"\/><path d=\"M4250 2784 c-14 -9 -74 -91 -133 -183 -95 -150 -107 -173 -107 -213 0 -55 33 -94 87 -104 67 -13 90 8 211 198 130 202 137 225 78 284 -27 27 -42 34 -72 34 -22 0 -50 -8 -64 -16z\"\/><path d=\"M2275 2693 c-553 -48 -1095 -270 -1585 -649 -135 -104 -459 -423 -483 -476 -23 -49 -22 -139 2 -186 73 -142 361 -457 571 -626 285 -228 642 -407 990 -497 242 -63 336 -73 660 -74 310 0 370 5 595 52 535 111 1045 392 1455 803 122 121 250 273 275 326 19 41 19 137 0 174 -41 79 -309 363 -465 492 -447 370 -946 591 -1479 653 -113 14 -422 18 -536 8z m395 -428 c171 -34 330 -124 456 -258 112 -119 167 -219 211 -378 27 -96 24 -300 -5 -401 -72 -255 -236 -447 -474 -557 -132 -62 -201 -76 -368 -76 -167 0 -236 14 -368 76 -213 98 -373 271 -451 485 -162 444 86 934 547 1084 153 49 292 57 452 25z m909 -232 c222 -123 408 -262 593 -441 76 -74 138 -139 138 -144 0 -16 -233 -242 -330 -319 -155 -123 -309 -223 -461 -299 l-81 -41 32 46 c18 26 49 83 70 128 143 306 141 649 -6 957 -25 52 -61 116 -79 142 l-34 47 45 -20 c26 -10 76 -36 113 -56z m-2057 25 c-40 -58 -105 -190 -130 -263 -110 -324 -59 -707 132 -981 25 -35 42 -64 37 -64 -19 0 -241 119 -326 174 -188 122 -406 314 -532 468 l-58 71 108 103 c185 178 428 349 672 473 66 33 121 60 123 61 2 0 -10 -19 -26 -42z\"\/><path d=\"M2375 1950 c-198 -44 -350 -190 -395 -379 -18 -76 -8 -221 19 -290 114 -284 457 -406 731 -260 98 52 188 154 231 260 27 69 37 214 19 290 -38 163 -166 304 -326 360 -67 23 -215 33 -279 19z\"\/><\/g><\/svg><\/i> <img decoding=\"async\" width=\"16\" height=\"16\" alt=\"Loading\" src=\"https:\/\/esviafm.com\/wp-content\/plugins\/page-views-count\/ajax-loader-2x.gif\" border=0 \/><\/p>\n<div class=\"pvc_clear\"><\/div>\n","protected":false},"excerpt":{"rendered":"<p>El primer ministro de\u00a0Jap\u00f3n, Shigeru Ishiba, decidi\u00f3 renunciar, adelantaron este domingo (07.09.2025) medios japoneses, incluida la cadena p\u00fablica NHK,\u00a0tras los malos resultados en las elecciones parlamentarias de julio.\u00a0En aquel momento descart\u00f3 dimitir, pero miembros de su partido han estado presionando para forzar un cambio de liderazgo. La decisi\u00f3n se producir\u00eda menos de un a\u00f1o despu\u00e9s [&hellip;]<\/p>\n<div class=\"pvc_clear\"><\/div>\n<p id=\"pvc_stats_29696\" class=\"pvc_stats all  \" data-element-id=\"29696\" style=\"\"><i class=\"pvc-stats-icon large\" aria-hidden=\"true\"><svg xmlns=\"http:\/\/www.w3.org\/2000\/svg\" version=\"1.0\" viewBox=\"0 0 502 315\" preserveAspectRatio=\"xMidYMid meet\"><g transform=\"translate(0,332) scale(0.1,-0.1)\" fill=\"\" stroke=\"none\"><path d=\"M2394 3279 l-29 -30 -3 -207 c-2 -182 0 -211 15 -242 39 -76 157 -76 196 0 15 31 17 60 15 243 l-3 209 -33 29 c-26 23 -41 29 -80 29 -41 0 -53 -5 -78 -31z\"\/><path d=\"M3085 3251 c-45 -19 -58 -50 -96 -229 -47 -217 -49 -260 -13 -295 52 -53 146 -42 177 20 16 31 87 366 87 410 0 70 -86 122 -155 94z\"\/><path d=\"M1751 3234 c-13 -9 -29 -31 -37 -50 -12 -29 -10 -49 21 -204 19 -94 39 -189 45 -210 14 -50 54 -80 110 -80 34 0 48 6 76 34 21 21 34 44 34 59 0 14 -18 113 -40 219 -37 178 -43 195 -70 221 -36 32 -101 37 -139 11z\"\/><path d=\"M1163 3073 c-36 -7 -73 -59 -73 -102 0 -56 133 -378 171 -413 34 -32 83 -37 129 -13 70 36 67 87 -16 290 -86 209 -89 214 -129 231 -35 14 -42 15 -82 7z\"\/><path d=\"M3689 3066 c-15 -9 -33 -30 -42 -48 -48 -103 -147 -355 -147 -375 0 -98 131 -148 192 -74 13 15 57 108 97 206 80 196 84 226 37 273 -30 30 -99 39 -137 18z\"\/><path d=\"M583 2784 c-38 -19 -67 -74 -58 -113 9 -42 211 -354 242 -373 16 -10 45 -18 66 -18 51 0 107 52 107 100 0 39 -1 41 -124 234 -80 126 -108 162 -133 173 -41 17 -61 16 -100 -3z\"\/><path d=\"M4250 2784 c-14 -9 -74 -91 -133 -183 -95 -150 -107 -173 -107 -213 0 -55 33 -94 87 -104 67 -13 90 8 211 198 130 202 137 225 78 284 -27 27 -42 34 -72 34 -22 0 -50 -8 -64 -16z\"\/><path d=\"M2275 2693 c-553 -48 -1095 -270 -1585 -649 -135 -104 -459 -423 -483 -476 -23 -49 -22 -139 2 -186 73 -142 361 -457 571 -626 285 -228 642 -407 990 -497 242 -63 336 -73 660 -74 310 0 370 5 595 52 535 111 1045 392 1455 803 122 121 250 273 275 326 19 41 19 137 0 174 -41 79 -309 363 -465 492 -447 370 -946 591 -1479 653 -113 14 -422 18 -536 8z m395 -428 c171 -34 330 -124 456 -258 112 -119 167 -219 211 -378 27 -96 24 -300 -5 -401 -72 -255 -236 -447 -474 -557 -132 -62 -201 -76 -368 -76 -167 0 -236 14 -368 76 -213 98 -373 271 -451 485 -162 444 86 934 547 1084 153 49 292 57 452 25z m909 -232 c222 -123 408 -262 593 -441 76 -74 138 -139 138 -144 0 -16 -233 -242 -330 -319 -155 -123 -309 -223 -461 -299 l-81 -41 32 46 c18 26 49 83 70 128 143 306 141 649 -6 957 -25 52 -61 116 -79 142 l-34 47 45 -20 c26 -10 76 -36 113 -56z m-2057 25 c-40 -58 -105 -190 -130 -263 -110 -324 -59 -707 132 -981 25 -35 42 -64 37 -64 -19 0 -241 119 -326 174 -188 122 -406 314 -532 468 l-58 71 108 103 c185 178 428 349 672 473 66 33 121 60 123 61 2 0 -10 -19 -26 -42z\"\/><path d=\"M2375 1950 c-198 -44 -350 -190 -395 -379 -18 -76 -8 -221 19 -290 114 -284 457 -406 731 -260 98 52 188 154 231 260 27 69 37 214 19 290 -38 163 -166 304 -326 360 -67 23 -215 33 -279 19z\"\/><\/g><\/svg><\/i> <img decoding=\"async\" width=\"16\" height=\"16\" alt=\"Loading\" src=\"https:\/\/esviafm.com\/wp-content\/plugins\/page-views-count\/ajax-loader-2x.gif\" border=0 \/><\/p>\n<div class=\"pvc_clear\"><\/div>\n","protected":false},"author":1,"featured_media":0,"comment_status":"open","ping_status":"open","sticky":false,"template":"","format":"standard","meta":{"_et_pb_use_builder":"","_et_pb_old_content":"","_et_gb_content_width":"","footnotes":""},"categories":[17],"tags":[],"class_list":["post-29696","post","type-post","status-publish","format-standard","hentry","category-internacionales"],"_links":{"self":[{"href":"https:\/\/esviafm.com\/index.php\/wp-json\/wp\/v2\/posts\/29696","targetHints":{"allow":["GET"]}}],"collection":[{"href":"https:\/\/esviafm.com\/index.php\/wp-json\/wp\/v2\/posts"}],"about":[{"href":"https:\/\/esviafm.com\/index.php\/wp-json\/wp\/v2\/types\/post"}],"author":[{"embeddable":true,"href":"https:\/\/esviafm.com\/index.php\/wp-json\/wp\/v2\/users\/1"}],"replies":[{"embeddable":true,"href":"https:\/\/esviafm.com\/index.php\/wp-json\/wp\/v2\/comments?post=29696"}],"version-history":[{"count":1,"href":"https:\/\/esviafm.com\/index.php\/wp-json\/wp\/v2\/posts\/29696\/revisions"}],"predecessor-version":[{"id":29698,"href":"https:\/\/esviafm.com\/index.php\/wp-json\/wp\/v2\/posts\/29696\/revisions\/29698"}],"wp:attachment":[{"href":"https:\/\/esviafm.com\/index.php\/wp-json\/wp\/v2\/media?parent=29696"}],"wp:term":[{"taxonomy":"category","embeddable":true,"href":"https:\/\/esviafm.com\/index.php\/wp-json\/wp\/v2\/categories?post=29696"},{"taxonomy":"post_tag","embeddable":true,"href":"https:\/\/esviafm.com\/index.php\/wp-json\/wp\/v2\/tags?post=29696"}],"curies":[{"name":"wp","href":"https:\/\/api.w.org\/{rel}","templated":true}]}}