{"id":29679,"date":"2025-09-08T07:17:47","date_gmt":"2025-09-08T11:47:47","guid":{"rendered":"https:\/\/esviafm.com\/?p=29679"},"modified":"2025-09-08T07:17:47","modified_gmt":"2025-09-08T11:47:47","slug":"efrain-cepeda-oficializo-su-aspiracion-a-la-presidencia-para-2026-se-como-ganarle-a-petro","status":"publish","type":"post","link":"https:\/\/esviafm.com\/index.php\/efrain-cepeda-oficializo-su-aspiracion-a-la-presidencia-para-2026-se-como-ganarle-a-petro\/","title":{"rendered":"Efra\u00edn Cepeda oficializ\u00f3 su aspiraci\u00f3n a la presidencia para 2026: \u201cS\u00e9 c\u00f3mo ganarle a Petro\u201d"},"content":{"rendered":"<p data-mrf-recirculation=\"Article - enlaces p\u00e1rrafos\">El senador<b>\u00a0Efra\u00edn Cepeda anunci\u00f3 su precandidatura a la Presidencia de la Rep\u00fablica\u00a0<\/b>para las elecciones de 2026 durante un mitin pol\u00edtico celebrado en la ciudad de Ibagu\u00e9, capital del departamento del Tolima.<\/p>\n<p data-mrf-recirculation=\"Article - enlaces p\u00e1rrafos\">El\u00a0<b>expresidente del Congreso de la Rep\u00fablica<\/b>\u00a0formaliz\u00f3 su intenci\u00f3n de buscar la Casa de Nari\u00f1o ante los militantes de su colectividad que se congregaron en la capital musical de Colombia, donde lanz\u00f3 de manera enf\u00e1tica su aspiraci\u00f3n.<\/p>\n<p data-mrf-recirculation=\"Article - enlaces p\u00e1rrafos\"><b>\u201c<\/b>Frente a esta hermosa gente del Tolima me lanzo a la presidencia de la Rep\u00fablica\u201d, fue el mensaje que envi\u00f3 el l\u00edder conservador durante el acto pol\u00edtico el s\u00e1bado.<\/p>\n<p data-mrf-recirculation=\"Article - enlaces p\u00e1rrafos\">Cepeda centr\u00f3 una parte significativa de su discurso en marcar una\u00a0<b>l\u00ednea de oposici\u00f3n directa con el actual Gobierno<\/b>\u00a0y se posicion\u00f3 como la figura pol\u00edtica con la capacidad de vencer al proyecto del presidente Gustavo Petro en las urnas.<\/p>\n<p data-mrf-recirculation=\"Article - enlaces p\u00e1rrafos\">La\u00a0<b>gesti\u00f3n de Cepeda como presidente del Senado\u00a0<\/b>(2024-2025) estuvo definida por una\u00a0<b>fuerte tensi\u00f3n con el primer mandatario.<\/b>\u00a0El senador se atribuye haber liderado el hundimiento de varias de las principales iniciativas del Gobierno, a las que calific\u00f3 de \u201cideologizadas\u201d y perjudiciales para el sector privado y la salud.<\/p>\n<p data-mrf-recirculation=\"Article - enlaces p\u00e1rrafos\">Uno de los choques m\u00e1s significativos ocurri\u00f3 con\u00a0<b>el hundimiento de la consulta popular impulsada por el Ejecutivo.<\/b>\u00a0Cepeda acus\u00f3 entonces al presidente de pretender \u201catornillarse en el poder con dinero p\u00fablico\u201d, argumentando que la iniciativa buscaba hacer campa\u00f1a con recursos del Estado.<\/p>\n<p data-mrf-recirculation=\"Article - enlaces p\u00e1rrafos\">El senador tambi\u00e9n<b>\u00a0lider\u00f3 la oposici\u00f3n a una ley de financiamiento que describi\u00f3 como una \u201creforma tributaria disfrazada\u201d\u00a0<\/b>y a un intento de ampliar el cupo de endeudamiento por 12 billones de pesos dentro del presupuesto, el cual fue negado en las comisiones econ\u00f3micas.<\/p>\n<p data-mrf-recirculation=\"Article - enlaces p\u00e1rrafos\">Los enfrentamientos no fueron solo legislativos.\u00a0<b>Cepeda critic\u00f3 duramente lo que considera un \u201cirrespeto a los poderes p\u00fablicos\u201d por parte del presidente Petro.<\/b>\u00a0Se\u00f1al\u00f3 que el mandatario \u201ccree que puede darle \u00f3rdenes al legislativo e incluso al sector judicial\u201d, actuando como si fuera \u201cjefe del ejecutivo y jefe del legislativo\u201d.<\/p>\n<p data-mrf-recirculation=\"Article - enlaces p\u00e1rrafos\">Esta tensi\u00f3n lleg\u00f3 a su punto m\u00e1s alto cuando, seg\u00fan Cepeda,\u00a0<b>el jefe de Estado desconoci\u00f3 la decisi\u00f3n soberana del Senado de archivar la consulta popular y declar\u00f3 que esta se hab\u00eda aprobado.<\/b><\/p>\n<p data-mrf-recirculation=\"Article - enlaces p\u00e1rrafos\">El senador calific\u00f3 el estilo del jefe de Estado como una amenaza a la democracia, recordando episodios en los que Petro convoc\u00f3 a marchas que consider\u00f3\u00a0<b>\u201cintimidatorias\u201d contra el Congreso.<\/b><\/p>\n<p data-mrf-recirculation=\"Article - enlaces p\u00e1rrafos\">En su discurso de lanzamiento, Cepeda capitaliz\u00f3 estos enfrentamientos para posicionarse como la figura capaz de vencer al proyecto pol\u00edtico del actual gobierno.<b>\u00a0\u201cS\u00e9 c\u00f3mo ganarle a Petro. El \u00fanico que ha derrotado a Petro siete veces es Efra\u00edn Cepeda, y con la ayuda de ustedes y de este maravilloso equipo lo vamos a derrotar\u201d<\/b>, concluy\u00f3.<\/p>\n<div class=\"pvc_clear\"><\/div>\n<p id=\"pvc_stats_29679\" class=\"pvc_stats all  \" data-element-id=\"29679\" style=\"\"><i class=\"pvc-stats-icon large\" aria-hidden=\"true\"><svg xmlns=\"http:\/\/www.w3.org\/2000\/svg\" version=\"1.0\" viewBox=\"0 0 502 315\" preserveAspectRatio=\"xMidYMid meet\"><g transform=\"translate(0,332) scale(0.1,-0.1)\" fill=\"\" stroke=\"none\"><path d=\"M2394 3279 l-29 -30 -3 -207 c-2 -182 0 -211 15 -242 39 -76 157 -76 196 0 15 31 17 60 15 243 l-3 209 -33 29 c-26 23 -41 29 -80 29 -41 0 -53 -5 -78 -31z\"\/><path d=\"M3085 3251 c-45 -19 -58 -50 -96 -229 -47 -217 -49 -260 -13 -295 52 -53 146 -42 177 20 16 31 87 366 87 410 0 70 -86 122 -155 94z\"\/><path d=\"M1751 3234 c-13 -9 -29 -31 -37 -50 -12 -29 -10 -49 21 -204 19 -94 39 -189 45 -210 14 -50 54 -80 110 -80 34 0 48 6 76 34 21 21 34 44 34 59 0 14 -18 113 -40 219 -37 178 -43 195 -70 221 -36 32 -101 37 -139 11z\"\/><path d=\"M1163 3073 c-36 -7 -73 -59 -73 -102 0 -56 133 -378 171 -413 34 -32 83 -37 129 -13 70 36 67 87 -16 290 -86 209 -89 214 -129 231 -35 14 -42 15 -82 7z\"\/><path d=\"M3689 3066 c-15 -9 -33 -30 -42 -48 -48 -103 -147 -355 -147 -375 0 -98 131 -148 192 -74 13 15 57 108 97 206 80 196 84 226 37 273 -30 30 -99 39 -137 18z\"\/><path d=\"M583 2784 c-38 -19 -67 -74 -58 -113 9 -42 211 -354 242 -373 16 -10 45 -18 66 -18 51 0 107 52 107 100 0 39 -1 41 -124 234 -80 126 -108 162 -133 173 -41 17 -61 16 -100 -3z\"\/><path d=\"M4250 2784 c-14 -9 -74 -91 -133 -183 -95 -150 -107 -173 -107 -213 0 -55 33 -94 87 -104 67 -13 90 8 211 198 130 202 137 225 78 284 -27 27 -42 34 -72 34 -22 0 -50 -8 -64 -16z\"\/><path d=\"M2275 2693 c-553 -48 -1095 -270 -1585 -649 -135 -104 -459 -423 -483 -476 -23 -49 -22 -139 2 -186 73 -142 361 -457 571 -626 285 -228 642 -407 990 -497 242 -63 336 -73 660 -74 310 0 370 5 595 52 535 111 1045 392 1455 803 122 121 250 273 275 326 19 41 19 137 0 174 -41 79 -309 363 -465 492 -447 370 -946 591 -1479 653 -113 14 -422 18 -536 8z m395 -428 c171 -34 330 -124 456 -258 112 -119 167 -219 211 -378 27 -96 24 -300 -5 -401 -72 -255 -236 -447 -474 -557 -132 -62 -201 -76 -368 -76 -167 0 -236 14 -368 76 -213 98 -373 271 -451 485 -162 444 86 934 547 1084 153 49 292 57 452 25z m909 -232 c222 -123 408 -262 593 -441 76 -74 138 -139 138 -144 0 -16 -233 -242 -330 -319 -155 -123 -309 -223 -461 -299 l-81 -41 32 46 c18 26 49 83 70 128 143 306 141 649 -6 957 -25 52 -61 116 -79 142 l-34 47 45 -20 c26 -10 76 -36 113 -56z m-2057 25 c-40 -58 -105 -190 -130 -263 -110 -324 -59 -707 132 -981 25 -35 42 -64 37 -64 -19 0 -241 119 -326 174 -188 122 -406 314 -532 468 l-58 71 108 103 c185 178 428 349 672 473 66 33 121 60 123 61 2 0 -10 -19 -26 -42z\"\/><path d=\"M2375 1950 c-198 -44 -350 -190 -395 -379 -18 -76 -8 -221 19 -290 114 -284 457 -406 731 -260 98 52 188 154 231 260 27 69 37 214 19 290 -38 163 -166 304 -326 360 -67 23 -215 33 -279 19z\"\/><\/g><\/svg><\/i> <img decoding=\"async\" width=\"16\" height=\"16\" alt=\"Loading\" src=\"https:\/\/esviafm.com\/wp-content\/plugins\/page-views-count\/ajax-loader-2x.gif\" border=0 \/><\/p>\n<div class=\"pvc_clear\"><\/div>\n","protected":false},"excerpt":{"rendered":"<p>El senador\u00a0Efra\u00edn Cepeda anunci\u00f3 su precandidatura a la Presidencia de la Rep\u00fablica\u00a0para las elecciones de 2026 durante un mitin pol\u00edtico celebrado en la ciudad de Ibagu\u00e9, capital del departamento del Tolima. El\u00a0expresidente del Congreso de la Rep\u00fablica\u00a0formaliz\u00f3 su intenci\u00f3n de buscar la Casa de Nari\u00f1o ante los militantes de su colectividad que se congregaron en [&hellip;]<\/p>\n<div class=\"pvc_clear\"><\/div>\n<p id=\"pvc_stats_29679\" class=\"pvc_stats all  \" data-element-id=\"29679\" style=\"\"><i class=\"pvc-stats-icon large\" aria-hidden=\"true\"><svg xmlns=\"http:\/\/www.w3.org\/2000\/svg\" version=\"1.0\" viewBox=\"0 0 502 315\" preserveAspectRatio=\"xMidYMid meet\"><g transform=\"translate(0,332) scale(0.1,-0.1)\" fill=\"\" stroke=\"none\"><path d=\"M2394 3279 l-29 -30 -3 -207 c-2 -182 0 -211 15 -242 39 -76 157 -76 196 0 15 31 17 60 15 243 l-3 209 -33 29 c-26 23 -41 29 -80 29 -41 0 -53 -5 -78 -31z\"\/><path d=\"M3085 3251 c-45 -19 -58 -50 -96 -229 -47 -217 -49 -260 -13 -295 52 -53 146 -42 177 20 16 31 87 366 87 410 0 70 -86 122 -155 94z\"\/><path d=\"M1751 3234 c-13 -9 -29 -31 -37 -50 -12 -29 -10 -49 21 -204 19 -94 39 -189 45 -210 14 -50 54 -80 110 -80 34 0 48 6 76 34 21 21 34 44 34 59 0 14 -18 113 -40 219 -37 178 -43 195 -70 221 -36 32 -101 37 -139 11z\"\/><path d=\"M1163 3073 c-36 -7 -73 -59 -73 -102 0 -56 133 -378 171 -413 34 -32 83 -37 129 -13 70 36 67 87 -16 290 -86 209 -89 214 -129 231 -35 14 -42 15 -82 7z\"\/><path d=\"M3689 3066 c-15 -9 -33 -30 -42 -48 -48 -103 -147 -355 -147 -375 0 -98 131 -148 192 -74 13 15 57 108 97 206 80 196 84 226 37 273 -30 30 -99 39 -137 18z\"\/><path d=\"M583 2784 c-38 -19 -67 -74 -58 -113 9 -42 211 -354 242 -373 16 -10 45 -18 66 -18 51 0 107 52 107 100 0 39 -1 41 -124 234 -80 126 -108 162 -133 173 -41 17 -61 16 -100 -3z\"\/><path d=\"M4250 2784 c-14 -9 -74 -91 -133 -183 -95 -150 -107 -173 -107 -213 0 -55 33 -94 87 -104 67 -13 90 8 211 198 130 202 137 225 78 284 -27 27 -42 34 -72 34 -22 0 -50 -8 -64 -16z\"\/><path d=\"M2275 2693 c-553 -48 -1095 -270 -1585 -649 -135 -104 -459 -423 -483 -476 -23 -49 -22 -139 2 -186 73 -142 361 -457 571 -626 285 -228 642 -407 990 -497 242 -63 336 -73 660 -74 310 0 370 5 595 52 535 111 1045 392 1455 803 122 121 250 273 275 326 19 41 19 137 0 174 -41 79 -309 363 -465 492 -447 370 -946 591 -1479 653 -113 14 -422 18 -536 8z m395 -428 c171 -34 330 -124 456 -258 112 -119 167 -219 211 -378 27 -96 24 -300 -5 -401 -72 -255 -236 -447 -474 -557 -132 -62 -201 -76 -368 -76 -167 0 -236 14 -368 76 -213 98 -373 271 -451 485 -162 444 86 934 547 1084 153 49 292 57 452 25z m909 -232 c222 -123 408 -262 593 -441 76 -74 138 -139 138 -144 0 -16 -233 -242 -330 -319 -155 -123 -309 -223 -461 -299 l-81 -41 32 46 c18 26 49 83 70 128 143 306 141 649 -6 957 -25 52 -61 116 -79 142 l-34 47 45 -20 c26 -10 76 -36 113 -56z m-2057 25 c-40 -58 -105 -190 -130 -263 -110 -324 -59 -707 132 -981 25 -35 42 -64 37 -64 -19 0 -241 119 -326 174 -188 122 -406 314 -532 468 l-58 71 108 103 c185 178 428 349 672 473 66 33 121 60 123 61 2 0 -10 -19 -26 -42z\"\/><path d=\"M2375 1950 c-198 -44 -350 -190 -395 -379 -18 -76 -8 -221 19 -290 114 -284 457 -406 731 -260 98 52 188 154 231 260 27 69 37 214 19 290 -38 163 -166 304 -326 360 -67 23 -215 33 -279 19z\"\/><\/g><\/svg><\/i> <img decoding=\"async\" width=\"16\" height=\"16\" alt=\"Loading\" src=\"https:\/\/esviafm.com\/wp-content\/plugins\/page-views-count\/ajax-loader-2x.gif\" border=0 \/><\/p>\n<div class=\"pvc_clear\"><\/div>\n","protected":false},"author":1,"featured_media":0,"comment_status":"open","ping_status":"open","sticky":false,"template":"","format":"standard","meta":{"_et_pb_use_builder":"","_et_pb_old_content":"","_et_gb_content_width":"","footnotes":""},"categories":[17],"tags":[],"class_list":["post-29679","post","type-post","status-publish","format-standard","hentry","category-internacionales"],"_links":{"self":[{"href":"https:\/\/esviafm.com\/index.php\/wp-json\/wp\/v2\/posts\/29679","targetHints":{"allow":["GET"]}}],"collection":[{"href":"https:\/\/esviafm.com\/index.php\/wp-json\/wp\/v2\/posts"}],"about":[{"href":"https:\/\/esviafm.com\/index.php\/wp-json\/wp\/v2\/types\/post"}],"author":[{"embeddable":true,"href":"https:\/\/esviafm.com\/index.php\/wp-json\/wp\/v2\/users\/1"}],"replies":[{"embeddable":true,"href":"https:\/\/esviafm.com\/index.php\/wp-json\/wp\/v2\/comments?post=29679"}],"version-history":[{"count":1,"href":"https:\/\/esviafm.com\/index.php\/wp-json\/wp\/v2\/posts\/29679\/revisions"}],"predecessor-version":[{"id":29681,"href":"https:\/\/esviafm.com\/index.php\/wp-json\/wp\/v2\/posts\/29679\/revisions\/29681"}],"wp:attachment":[{"href":"https:\/\/esviafm.com\/index.php\/wp-json\/wp\/v2\/media?parent=29679"}],"wp:term":[{"taxonomy":"category","embeddable":true,"href":"https:\/\/esviafm.com\/index.php\/wp-json\/wp\/v2\/categories?post=29679"},{"taxonomy":"post_tag","embeddable":true,"href":"https:\/\/esviafm.com\/index.php\/wp-json\/wp\/v2\/tags?post=29679"}],"curies":[{"name":"wp","href":"https:\/\/api.w.org\/{rel}","templated":true}]}}