{"id":29661,"date":"2025-09-08T07:04:13","date_gmt":"2025-09-08T11:34:13","guid":{"rendered":"https:\/\/esviafm.com\/?p=29661"},"modified":"2025-09-08T07:04:13","modified_gmt":"2025-09-08T11:34:13","slug":"milei-derrotado-en-comicios-legislativos-de-buenos-aires","status":"publish","type":"post","link":"https:\/\/esviafm.com\/index.php\/milei-derrotado-en-comicios-legislativos-de-buenos-aires\/","title":{"rendered":"Milei derrotado en comicios legislativos de Buenos Aires"},"content":{"rendered":"<p>La alianza Fuerza Patria, que aglutina a distintos sectores de la oposici\u00f3n peronista al Gobierno de\u00a0<a class=\"internal-link\" href=\"https:\/\/www.dw.com\/es\/milei-javier\/t-67510223\">Javier Milei<\/a>, aplast\u00f3 este domingo (07.09.2025) al partido del presidente, La Libertad Avanza (LLA), en los comicios legislativos en la provincia de Buenos Aires, mayor distrito electoral del pa\u00eds y clave de cara a las elecciones nacionales del pr\u00f3ximo octubre.<\/p>\n<p>Con m\u00e1s del 85 por ciento de los votos escrutados, Fuerza Patria obtuvo casi un 47 por ciento mientras que La Libertad Avanza se ubic\u00f3 en casi 34 por ciento, seg\u00fan los datos oficiales.<\/p>\n<p>El resultado significa un fuerte triunfo peronista ante el partido ultraderechista de Milei, en una elecci\u00f3n clave para la pol\u00edtica nacional.<\/p>\n<p>La expresidenta de\u00a0<a class=\"internal-link\" href=\"https:\/\/www.dw.com\/es\/argentina\/t-17411654\">Argentina<\/a>\u00a0<a class=\"internal-link\" href=\"https:\/\/www.dw.com\/es\/fern%C3%A1ndez-de-kirchner-cristina\/t-18217752\">Cristina Fern\u00e1ndez<\/a>\u00a0sali\u00f3 a su balc\u00f3n para saludar a los cientos de seguidores que se congregaron a las puertas de su casa, donde cumple prisi\u00f3n domiciliaria, para celebrar el gran triunfo peronista en las elecciones provinciales de Buenos Aires.<\/p>\n<p>\u00ab\u00bfViste Milei?\u00bb, escribi\u00f3 Fern\u00e1ndez en su perfil de X, minutos antes de salir al balc\u00f3n, para luego recriminar, una a una, varias pol\u00edticas y acciones del presidente durante su Gobierno.<\/p>\n<p>Los resultados indicaron adem\u00e1s que el peronismo gan\u00f3 en seis de las ocho secciones electorales que componen la provincia, incluidos triunfos categ\u00f3ricos en los dos distritos m\u00e1s poblados.<\/p>\n<p>La participaci\u00f3n se ubic\u00f3 levemente por encima del 63 %, una cifra menor a la registrada en comicios legislativos anteriores (71 % en 2021 y 77 % en 2017) pero no tan baja como se esperaba, considerando que en esta ocasi\u00f3n las elecciones no se celebraron en conjunto con las nacionales y se vaticinaba una mayor abstenci\u00f3n.<\/p>\n<h2>Fuerza Patria se quedar\u00eda con 13 bancas en el Senado<\/h2>\n<p>Por debajo de Fuerza Patria y LLA se ubic\u00f3 Somos Buenos Aires, un frente pol\u00edtico compuesto por sectores peronistas opuestos al kirchnerismo (el triunfador esta noche), que super\u00f3 el 5 % de los votos. En la cuarta posici\u00f3n qued\u00f3 el Frente de Izquierda y de los Trabajadores Unidad, con poco m\u00e1s del 4 %.<\/p>\n<p>De confirmarse estos resultados, Fuerza Patria, que gobierna la provincia desde 2019, se quedar\u00eda con 13 de las 23 bancas en el Senado que se pon\u00edan en juego en esta elecci\u00f3n y 21 de los 46 esca\u00f1os de disputados.<\/p>\n<p>LLA, por su parte, se quedar\u00eda con ocho bancas en el Senado provincial, que cuenta con 46,\u00a0y 18 esca\u00f1os en la C\u00e1mara Baja, que cuenta con un total de 92 sillas.<\/p>\n<p>El peronismo logr\u00f3 imponerse no solo al partido de Milei sino tambi\u00e9n a Propuesta Republicana (Pro), partido conservador liderado por el expresidente argentino Mauricio Macri (2015-2019) y que se present\u00f3 a estos comicios en conjunto con LLA.<\/p>\n<p>Tanto el Gobierno de Milei como el peronismo \u2015la principal fuerza opositora en Argentina\u2015 eligieron como estrategia pol\u00edtica plantear la elecci\u00f3n provincial como una batalla clave para posicionarse con solidez para los comicios nacionales del 26 de octubre, en los que se renovar\u00e1 parcialmente la composici\u00f3n del Parlamento argentino.<\/p>\n<p>La provincia de Buenos Aires tiene un importante peso electoral, puesto que concentra al 38,6 % de la poblaci\u00f3n de Argentina.<\/p>\n<p>Tras conocer los resultados, el presidente argentino, Javier Milei, reconoci\u00f3 la \u00abclara derrota\u00bb de su partido en las elecciones legislativas de la provincia de Buenos Aires, que comprende m\u00e1s de un tercio del padr\u00f3n electoral nacional, una cita clave para medir la popularidad del Gobierno.<\/p>\n<p>\u00abHoy hemos tenido una clara derrota\u00bb, dijo el presidente en el b\u00fanker de su partido, La Libertad Avanza, en la ciudad de La Plata, la capital provincial, 50 km al sur de Buenos Aires. Pero \u00abno se retrocede ni un mil\u00edmetro en la pol\u00edtica de gobierno. El rumbo no solo se confirma, sino que lo vamos a profundizar y acelerar m\u00e1s\u00bb.<\/p>\n<div class=\"pvc_clear\"><\/div>\n<p id=\"pvc_stats_29661\" class=\"pvc_stats all  \" data-element-id=\"29661\" style=\"\"><i class=\"pvc-stats-icon large\" aria-hidden=\"true\"><svg xmlns=\"http:\/\/www.w3.org\/2000\/svg\" version=\"1.0\" viewBox=\"0 0 502 315\" preserveAspectRatio=\"xMidYMid meet\"><g transform=\"translate(0,332) scale(0.1,-0.1)\" fill=\"\" stroke=\"none\"><path d=\"M2394 3279 l-29 -30 -3 -207 c-2 -182 0 -211 15 -242 39 -76 157 -76 196 0 15 31 17 60 15 243 l-3 209 -33 29 c-26 23 -41 29 -80 29 -41 0 -53 -5 -78 -31z\"\/><path d=\"M3085 3251 c-45 -19 -58 -50 -96 -229 -47 -217 -49 -260 -13 -295 52 -53 146 -42 177 20 16 31 87 366 87 410 0 70 -86 122 -155 94z\"\/><path d=\"M1751 3234 c-13 -9 -29 -31 -37 -50 -12 -29 -10 -49 21 -204 19 -94 39 -189 45 -210 14 -50 54 -80 110 -80 34 0 48 6 76 34 21 21 34 44 34 59 0 14 -18 113 -40 219 -37 178 -43 195 -70 221 -36 32 -101 37 -139 11z\"\/><path d=\"M1163 3073 c-36 -7 -73 -59 -73 -102 0 -56 133 -378 171 -413 34 -32 83 -37 129 -13 70 36 67 87 -16 290 -86 209 -89 214 -129 231 -35 14 -42 15 -82 7z\"\/><path d=\"M3689 3066 c-15 -9 -33 -30 -42 -48 -48 -103 -147 -355 -147 -375 0 -98 131 -148 192 -74 13 15 57 108 97 206 80 196 84 226 37 273 -30 30 -99 39 -137 18z\"\/><path d=\"M583 2784 c-38 -19 -67 -74 -58 -113 9 -42 211 -354 242 -373 16 -10 45 -18 66 -18 51 0 107 52 107 100 0 39 -1 41 -124 234 -80 126 -108 162 -133 173 -41 17 -61 16 -100 -3z\"\/><path d=\"M4250 2784 c-14 -9 -74 -91 -133 -183 -95 -150 -107 -173 -107 -213 0 -55 33 -94 87 -104 67 -13 90 8 211 198 130 202 137 225 78 284 -27 27 -42 34 -72 34 -22 0 -50 -8 -64 -16z\"\/><path d=\"M2275 2693 c-553 -48 -1095 -270 -1585 -649 -135 -104 -459 -423 -483 -476 -23 -49 -22 -139 2 -186 73 -142 361 -457 571 -626 285 -228 642 -407 990 -497 242 -63 336 -73 660 -74 310 0 370 5 595 52 535 111 1045 392 1455 803 122 121 250 273 275 326 19 41 19 137 0 174 -41 79 -309 363 -465 492 -447 370 -946 591 -1479 653 -113 14 -422 18 -536 8z m395 -428 c171 -34 330 -124 456 -258 112 -119 167 -219 211 -378 27 -96 24 -300 -5 -401 -72 -255 -236 -447 -474 -557 -132 -62 -201 -76 -368 -76 -167 0 -236 14 -368 76 -213 98 -373 271 -451 485 -162 444 86 934 547 1084 153 49 292 57 452 25z m909 -232 c222 -123 408 -262 593 -441 76 -74 138 -139 138 -144 0 -16 -233 -242 -330 -319 -155 -123 -309 -223 -461 -299 l-81 -41 32 46 c18 26 49 83 70 128 143 306 141 649 -6 957 -25 52 -61 116 -79 142 l-34 47 45 -20 c26 -10 76 -36 113 -56z m-2057 25 c-40 -58 -105 -190 -130 -263 -110 -324 -59 -707 132 -981 25 -35 42 -64 37 -64 -19 0 -241 119 -326 174 -188 122 -406 314 -532 468 l-58 71 108 103 c185 178 428 349 672 473 66 33 121 60 123 61 2 0 -10 -19 -26 -42z\"\/><path d=\"M2375 1950 c-198 -44 -350 -190 -395 -379 -18 -76 -8 -221 19 -290 114 -284 457 -406 731 -260 98 52 188 154 231 260 27 69 37 214 19 290 -38 163 -166 304 -326 360 -67 23 -215 33 -279 19z\"\/><\/g><\/svg><\/i> <img decoding=\"async\" width=\"16\" height=\"16\" alt=\"Loading\" src=\"https:\/\/esviafm.com\/wp-content\/plugins\/page-views-count\/ajax-loader-2x.gif\" border=0 \/><\/p>\n<div class=\"pvc_clear\"><\/div>\n","protected":false},"excerpt":{"rendered":"<p>La alianza Fuerza Patria, que aglutina a distintos sectores de la oposici\u00f3n peronista al Gobierno de\u00a0Javier Milei, aplast\u00f3 este domingo (07.09.2025) al partido del presidente, La Libertad Avanza (LLA), en los comicios legislativos en la provincia de Buenos Aires, mayor distrito electoral del pa\u00eds y clave de cara a las elecciones nacionales del pr\u00f3ximo octubre. [&hellip;]<\/p>\n<div class=\"pvc_clear\"><\/div>\n<p id=\"pvc_stats_29661\" class=\"pvc_stats all  \" data-element-id=\"29661\" style=\"\"><i class=\"pvc-stats-icon large\" aria-hidden=\"true\"><svg xmlns=\"http:\/\/www.w3.org\/2000\/svg\" version=\"1.0\" viewBox=\"0 0 502 315\" preserveAspectRatio=\"xMidYMid meet\"><g transform=\"translate(0,332) scale(0.1,-0.1)\" fill=\"\" stroke=\"none\"><path d=\"M2394 3279 l-29 -30 -3 -207 c-2 -182 0 -211 15 -242 39 -76 157 -76 196 0 15 31 17 60 15 243 l-3 209 -33 29 c-26 23 -41 29 -80 29 -41 0 -53 -5 -78 -31z\"\/><path d=\"M3085 3251 c-45 -19 -58 -50 -96 -229 -47 -217 -49 -260 -13 -295 52 -53 146 -42 177 20 16 31 87 366 87 410 0 70 -86 122 -155 94z\"\/><path d=\"M1751 3234 c-13 -9 -29 -31 -37 -50 -12 -29 -10 -49 21 -204 19 -94 39 -189 45 -210 14 -50 54 -80 110 -80 34 0 48 6 76 34 21 21 34 44 34 59 0 14 -18 113 -40 219 -37 178 -43 195 -70 221 -36 32 -101 37 -139 11z\"\/><path d=\"M1163 3073 c-36 -7 -73 -59 -73 -102 0 -56 133 -378 171 -413 34 -32 83 -37 129 -13 70 36 67 87 -16 290 -86 209 -89 214 -129 231 -35 14 -42 15 -82 7z\"\/><path d=\"M3689 3066 c-15 -9 -33 -30 -42 -48 -48 -103 -147 -355 -147 -375 0 -98 131 -148 192 -74 13 15 57 108 97 206 80 196 84 226 37 273 -30 30 -99 39 -137 18z\"\/><path d=\"M583 2784 c-38 -19 -67 -74 -58 -113 9 -42 211 -354 242 -373 16 -10 45 -18 66 -18 51 0 107 52 107 100 0 39 -1 41 -124 234 -80 126 -108 162 -133 173 -41 17 -61 16 -100 -3z\"\/><path d=\"M4250 2784 c-14 -9 -74 -91 -133 -183 -95 -150 -107 -173 -107 -213 0 -55 33 -94 87 -104 67 -13 90 8 211 198 130 202 137 225 78 284 -27 27 -42 34 -72 34 -22 0 -50 -8 -64 -16z\"\/><path d=\"M2275 2693 c-553 -48 -1095 -270 -1585 -649 -135 -104 -459 -423 -483 -476 -23 -49 -22 -139 2 -186 73 -142 361 -457 571 -626 285 -228 642 -407 990 -497 242 -63 336 -73 660 -74 310 0 370 5 595 52 535 111 1045 392 1455 803 122 121 250 273 275 326 19 41 19 137 0 174 -41 79 -309 363 -465 492 -447 370 -946 591 -1479 653 -113 14 -422 18 -536 8z m395 -428 c171 -34 330 -124 456 -258 112 -119 167 -219 211 -378 27 -96 24 -300 -5 -401 -72 -255 -236 -447 -474 -557 -132 -62 -201 -76 -368 -76 -167 0 -236 14 -368 76 -213 98 -373 271 -451 485 -162 444 86 934 547 1084 153 49 292 57 452 25z m909 -232 c222 -123 408 -262 593 -441 76 -74 138 -139 138 -144 0 -16 -233 -242 -330 -319 -155 -123 -309 -223 -461 -299 l-81 -41 32 46 c18 26 49 83 70 128 143 306 141 649 -6 957 -25 52 -61 116 -79 142 l-34 47 45 -20 c26 -10 76 -36 113 -56z m-2057 25 c-40 -58 -105 -190 -130 -263 -110 -324 -59 -707 132 -981 25 -35 42 -64 37 -64 -19 0 -241 119 -326 174 -188 122 -406 314 -532 468 l-58 71 108 103 c185 178 428 349 672 473 66 33 121 60 123 61 2 0 -10 -19 -26 -42z\"\/><path d=\"M2375 1950 c-198 -44 -350 -190 -395 -379 -18 -76 -8 -221 19 -290 114 -284 457 -406 731 -260 98 52 188 154 231 260 27 69 37 214 19 290 -38 163 -166 304 -326 360 -67 23 -215 33 -279 19z\"\/><\/g><\/svg><\/i> <img decoding=\"async\" width=\"16\" height=\"16\" alt=\"Loading\" src=\"https:\/\/esviafm.com\/wp-content\/plugins\/page-views-count\/ajax-loader-2x.gif\" border=0 \/><\/p>\n<div class=\"pvc_clear\"><\/div>\n","protected":false},"author":5,"featured_media":0,"comment_status":"open","ping_status":"open","sticky":false,"template":"","format":"standard","meta":{"_et_pb_use_builder":"","_et_pb_old_content":"","_et_gb_content_width":"","footnotes":""},"categories":[17],"tags":[],"class_list":["post-29661","post","type-post","status-publish","format-standard","hentry","category-internacionales"],"_links":{"self":[{"href":"https:\/\/esviafm.com\/index.php\/wp-json\/wp\/v2\/posts\/29661","targetHints":{"allow":["GET"]}}],"collection":[{"href":"https:\/\/esviafm.com\/index.php\/wp-json\/wp\/v2\/posts"}],"about":[{"href":"https:\/\/esviafm.com\/index.php\/wp-json\/wp\/v2\/types\/post"}],"author":[{"embeddable":true,"href":"https:\/\/esviafm.com\/index.php\/wp-json\/wp\/v2\/users\/5"}],"replies":[{"embeddable":true,"href":"https:\/\/esviafm.com\/index.php\/wp-json\/wp\/v2\/comments?post=29661"}],"version-history":[{"count":1,"href":"https:\/\/esviafm.com\/index.php\/wp-json\/wp\/v2\/posts\/29661\/revisions"}],"predecessor-version":[{"id":29664,"href":"https:\/\/esviafm.com\/index.php\/wp-json\/wp\/v2\/posts\/29661\/revisions\/29664"}],"wp:attachment":[{"href":"https:\/\/esviafm.com\/index.php\/wp-json\/wp\/v2\/media?parent=29661"}],"wp:term":[{"taxonomy":"category","embeddable":true,"href":"https:\/\/esviafm.com\/index.php\/wp-json\/wp\/v2\/categories?post=29661"},{"taxonomy":"post_tag","embeddable":true,"href":"https:\/\/esviafm.com\/index.php\/wp-json\/wp\/v2\/tags?post=29661"}],"curies":[{"name":"wp","href":"https:\/\/api.w.org\/{rel}","templated":true}]}}