{"id":29602,"date":"2025-09-05T06:43:49","date_gmt":"2025-09-05T11:13:49","guid":{"rendered":"https:\/\/esviafm.com\/?p=29602"},"modified":"2025-09-05T06:43:49","modified_gmt":"2025-09-05T11:13:49","slug":"ordenan-excarcelacion-de-expresidente-vizcarra-en-peru","status":"publish","type":"post","link":"https:\/\/esviafm.com\/index.php\/ordenan-excarcelacion-de-expresidente-vizcarra-en-peru\/","title":{"rendered":"Ordenan excarcelaci\u00f3n de expresidente Vizcarra en Per\u00fa"},"content":{"rendered":"<p>Un tribunal de apelaciones orden\u00f3 excarcelar al expresidente\u00a0<a class=\"internal-link\" href=\"https:\/\/www.dw.com\/es\/vizcarra-mart%C3%ADn\/t-41896645\">Mart\u00edn Vizcarra<\/a>, quien cumple prisi\u00f3n preventiva por un caso de presunta corrupci\u00f3n, inform\u00f3 el mi\u00e9rcoles (03.09.2025) el Poder Judicial de\u00a0<a class=\"internal-link\" href=\"https:\/\/www.dw.com\/es\/per%C3%BA\/t-17409849\">Per\u00fa<\/a>. Vizcarra, que fue jefe de Estado entre 2018 y 2020, fue enviado a prisi\u00f3n el 13 de agosto por un juez que aleg\u00f3 riesgo de fuga en un proceso que se le sigue por supuestos sobornos recibidos cuando fue gobernador de la regi\u00f3n de Moquegua (sur) hace 11 a\u00f1os.<\/p>\n<p>La \u00abTercera Sala Penal de Apelaciones de la Corte Superior Nacional ordena la inmediata excarcelaci\u00f3n del expresidente Martin Vizcarra por el presunto delito de cohecho pasivo propio en agravio del Estado\u00bb, indic\u00f3 una resoluci\u00f3n difundida por el Poder Judicial en sus redes sociales.<\/p>\n<p>La decisi\u00f3n judicial declar\u00f3 fundado un recurso presentado por la defensa del exmandatario contra el juez Jorge Ch\u00e1vez, que dict\u00f3 la prisi\u00f3n preventiva.<\/p>\n<p>Vizcarra, de 62 a\u00f1os, se encuentra en una c\u00e1rcel para exmandatarios, donde tambi\u00e9n est\u00e1n recluidos los expresidentes Alejandro Toledo, Ollanta Humala y Pedro Castillo. Antes hab\u00eda sido enviado a una prisi\u00f3n com\u00fan.<\/p>\n<h2>Exgobernante convoca a seguidores<\/h2>\n<p>Vizcarra convoc\u00f3 a sus seguidores a que lo acompa\u00f1en el jueves a su salida de la prisi\u00f3n de Barbadillo en Lima, conocida como \u00abla c\u00e1rcel de los presidentes\u00bb, seg\u00fan un mensaje compartido en su cuenta de la red social X.<\/p>\n<p>\u00abEstimados amigos y simpatizantes: Se hizo justicia, ma\u00f1ana 04 de septiembre, en horas de la ma\u00f1ana, estar\u00e9 saliendo del lugar donde injustamente he sido detenido\u00bb, expres\u00f3 la cuenta del exmandatario.<\/p>\n<p>\u00abLos invito a este reencuentro con todos ustedes, un abrazo fuerte. Mart\u00edn\u00bb, a\u00f1adi\u00f3 el mensaje.<\/p>\n<p><iframe class=\"i-amphtml-fill-content\" title=\"Twitter\" src=\"https:\/\/d-15660339744007744.ampproject.net\/2508201830000\/frame.html\" name=\"{&quot;host&quot;:&quot;d-15660339744007744.ampproject.net&quot;,&quot;bootstrap&quot;:&quot;https:\/\/3p.ampproject.net\/2508201830000\/vendor\/twitter.mjs&quot;,&quot;type&quot;:&quot;twitter&quot;,&quot;count&quot;:1,&quot;attributes&quot;:{&quot;tweetid&quot;:&quot;1963397484614459883&quot;,&quot;blockOnConsent&quot;:&quot;default&quot;,&quot;width&quot;:375,&quot;height&quot;:472,&quot;_context&quot;:{&quot;ampcontextVersion&quot;:&quot;2508201830000&quot;,&quot;ampcontextFilepath&quot;:&quot;https:\/\/3p.ampproject.net\/2508201830000\/ampcontext-v0.js&quot;,&quot;sourceUrl&quot;:&quot;https:\/\/amp.dw.com\/es\/ordenan-excarcelaci%C3%B3n-de-expresidente-vizcarra-en-per%C3%BA\/a-73873812&quot;,&quot;referrer&quot;:&quot;&quot;,&quot;canonicalUrl&quot;:&quot;https:\/\/www.dw.com\/es\/ordenan-excarcelaci%C3%B3n-de-expresidente-vizcarra-en-per%C3%BA\/a-73873812&quot;,&quot;pageViewId&quot;:&quot;4242&quot;,&quot;location&quot;:{&quot;href&quot;:&quot;https:\/\/amp.dw.com\/es\/ordenan-excarcelaci%C3%B3n-de-expresidente-vizcarra-en-per%C3%BA\/a-73873812&quot;},&quot;startTime&quot;:1757070862106,&quot;tagName&quot;:&quot;AMP-TWITTER&quot;,&quot;mode&quot;:{&quot;localDev&quot;:false,&quot;development&quot;:false,&quot;esm&quot;:true,&quot;test&quot;:false,&quot;rtvVersion&quot;:&quot;012508201830000&quot;},&quot;canary&quot;:false,&quot;hidden&quot;:false,&quot;initialLayoutRect&quot;:{&quot;left&quot;:0,&quot;top&quot;:2121,&quot;width&quot;:1351,&quot;height&quot;:1600},&quot;domFingerprint&quot;:&quot;2225302454&quot;,&quot;experimentToggles&quot;:{&quot;canary&quot;:false,&quot;a4aProfilingRate&quot;:false,&quot;doubleclickSraExp&quot;:false,&quot;doubleclickSraReportExcludedBlock&quot;:false,&quot;flexAdSlots&quot;:false,&quot;flexible-bitrate&quot;:true,&quot;ios-fixed-no-transfer&quot;:false,&quot;story-ad-placements&quot;:false,&quot;story-disable-animations-first-page&quot;:true,&quot;story-load-inactive-outside-viewport&quot;:true,&quot;amp-sticky-ad-to-amp-ad-v4&quot;:false,&quot;story-video-cache-apply-audio&quot;:false,&quot;amp-story-subscriptions&quot;:true,&quot;interaction-to-next-paint&quot;:true,&quot;esm&quot;:true,&quot;amp-story-first-page-max-bitrate&quot;:false,&quot;story-load-first-page-only&quot;:true,&quot;story-ad-page-outlink&quot;:false,&quot;amp-geo-ssr&quot;:true,&quot;story-remote-localization&quot;:true,&quot;attribution-reporting&quot;:false},&quot;sentinel&quot;:&quot;0-6801982683106567991&quot;},&quot;type&quot;:&quot;twitter&quot;}}\" width=\"375\" height=\"472\" scrolling=\"no\" sandbox=\"allow-top-navigation-by-user-activation allow-popups-to-escape-sandbox allow-forms allow-modals allow-pointer-lock allow-popups allow-same-origin allow-scripts\" allowfullscreen=\"allowfullscreen\" data-amp-3p-sentinel=\"0-6801982683106567991\" data-mce-fragment=\"1\"><\/iframe><\/p>\n<p><a class=\"internal-link\" href=\"https:\/\/www.dw.com\/es\/vizcarra-ingresa-a-c%C3%A1rcel-de-barbadillo-acusado-de-cohecho\/a-73645682\">Vizcarra fue inicialmente recluido en Barbadillo<\/a>\u00a0y posteriormente\u00a0<a class=\"internal-link\" href=\"https:\/\/www.dw.com\/es\/vizcarra-pas%C3%B3-de-c%C3%A1rcel-de-expresidentes-a-una-prisi%C3%B3n-com%C3%BAn\/a-73739284\">llevado a una prisi\u00f3n com\u00fan<\/a>, en un hecho in\u00e9dito en Per\u00fa para un expresidente encarcelado, lo que llev\u00f3 a declararse como \u00abperseguido pol\u00edtico\u00bb y v\u00edctima de abusos antes de que el Gobierno de la presidenta Dina Boluarte diera marcha atr\u00e1s y lo retornase a la c\u00e1rcel de los ex jefes de Estado.<\/p>\n<p>En Barbadillo, ubicada al este de Lima, est\u00e1n recluidos tambi\u00e9n los exmandatarios Alejandro Toledo (2001-2006), Ollanta Humala (2011-2016) y Pedro Castillo (2021-2022).<\/p>\n<p>Vizcarra enfrentar\u00e1 en libertad el juicio por el delito de cohecho pasivo propio por el que la Fiscal\u00eda pide 15 a\u00f1os de prisi\u00f3n por supuestamente haber recibido 2,4 millones de soles (679.000 d\u00f3lares \u00f3 581.000 euros) en sobornos para adjudicar las obras Lomas de Ilo y la ampliaci\u00f3n de un hospital en Moquegua cuando fue su m\u00e1xima autoridad regional entre 2011 y 2014.<\/p>\n<div class=\"pvc_clear\"><\/div>\n<p id=\"pvc_stats_29602\" class=\"pvc_stats all  \" data-element-id=\"29602\" style=\"\"><i class=\"pvc-stats-icon large\" aria-hidden=\"true\"><svg xmlns=\"http:\/\/www.w3.org\/2000\/svg\" version=\"1.0\" viewBox=\"0 0 502 315\" preserveAspectRatio=\"xMidYMid meet\"><g transform=\"translate(0,332) scale(0.1,-0.1)\" fill=\"\" stroke=\"none\"><path d=\"M2394 3279 l-29 -30 -3 -207 c-2 -182 0 -211 15 -242 39 -76 157 -76 196 0 15 31 17 60 15 243 l-3 209 -33 29 c-26 23 -41 29 -80 29 -41 0 -53 -5 -78 -31z\"\/><path d=\"M3085 3251 c-45 -19 -58 -50 -96 -229 -47 -217 -49 -260 -13 -295 52 -53 146 -42 177 20 16 31 87 366 87 410 0 70 -86 122 -155 94z\"\/><path d=\"M1751 3234 c-13 -9 -29 -31 -37 -50 -12 -29 -10 -49 21 -204 19 -94 39 -189 45 -210 14 -50 54 -80 110 -80 34 0 48 6 76 34 21 21 34 44 34 59 0 14 -18 113 -40 219 -37 178 -43 195 -70 221 -36 32 -101 37 -139 11z\"\/><path d=\"M1163 3073 c-36 -7 -73 -59 -73 -102 0 -56 133 -378 171 -413 34 -32 83 -37 129 -13 70 36 67 87 -16 290 -86 209 -89 214 -129 231 -35 14 -42 15 -82 7z\"\/><path d=\"M3689 3066 c-15 -9 -33 -30 -42 -48 -48 -103 -147 -355 -147 -375 0 -98 131 -148 192 -74 13 15 57 108 97 206 80 196 84 226 37 273 -30 30 -99 39 -137 18z\"\/><path d=\"M583 2784 c-38 -19 -67 -74 -58 -113 9 -42 211 -354 242 -373 16 -10 45 -18 66 -18 51 0 107 52 107 100 0 39 -1 41 -124 234 -80 126 -108 162 -133 173 -41 17 -61 16 -100 -3z\"\/><path d=\"M4250 2784 c-14 -9 -74 -91 -133 -183 -95 -150 -107 -173 -107 -213 0 -55 33 -94 87 -104 67 -13 90 8 211 198 130 202 137 225 78 284 -27 27 -42 34 -72 34 -22 0 -50 -8 -64 -16z\"\/><path d=\"M2275 2693 c-553 -48 -1095 -270 -1585 -649 -135 -104 -459 -423 -483 -476 -23 -49 -22 -139 2 -186 73 -142 361 -457 571 -626 285 -228 642 -407 990 -497 242 -63 336 -73 660 -74 310 0 370 5 595 52 535 111 1045 392 1455 803 122 121 250 273 275 326 19 41 19 137 0 174 -41 79 -309 363 -465 492 -447 370 -946 591 -1479 653 -113 14 -422 18 -536 8z m395 -428 c171 -34 330 -124 456 -258 112 -119 167 -219 211 -378 27 -96 24 -300 -5 -401 -72 -255 -236 -447 -474 -557 -132 -62 -201 -76 -368 -76 -167 0 -236 14 -368 76 -213 98 -373 271 -451 485 -162 444 86 934 547 1084 153 49 292 57 452 25z m909 -232 c222 -123 408 -262 593 -441 76 -74 138 -139 138 -144 0 -16 -233 -242 -330 -319 -155 -123 -309 -223 -461 -299 l-81 -41 32 46 c18 26 49 83 70 128 143 306 141 649 -6 957 -25 52 -61 116 -79 142 l-34 47 45 -20 c26 -10 76 -36 113 -56z m-2057 25 c-40 -58 -105 -190 -130 -263 -110 -324 -59 -707 132 -981 25 -35 42 -64 37 -64 -19 0 -241 119 -326 174 -188 122 -406 314 -532 468 l-58 71 108 103 c185 178 428 349 672 473 66 33 121 60 123 61 2 0 -10 -19 -26 -42z\"\/><path d=\"M2375 1950 c-198 -44 -350 -190 -395 -379 -18 -76 -8 -221 19 -290 114 -284 457 -406 731 -260 98 52 188 154 231 260 27 69 37 214 19 290 -38 163 -166 304 -326 360 -67 23 -215 33 -279 19z\"\/><\/g><\/svg><\/i> <img decoding=\"async\" width=\"16\" height=\"16\" alt=\"Loading\" src=\"https:\/\/esviafm.com\/wp-content\/plugins\/page-views-count\/ajax-loader-2x.gif\" border=0 \/><\/p>\n<div class=\"pvc_clear\"><\/div>\n","protected":false},"excerpt":{"rendered":"<p>Un tribunal de apelaciones orden\u00f3 excarcelar al expresidente\u00a0Mart\u00edn Vizcarra, quien cumple prisi\u00f3n preventiva por un caso de presunta corrupci\u00f3n, inform\u00f3 el mi\u00e9rcoles (03.09.2025) el Poder Judicial de\u00a0Per\u00fa. Vizcarra, que fue jefe de Estado entre 2018 y 2020, fue enviado a prisi\u00f3n el 13 de agosto por un juez que aleg\u00f3 riesgo de fuga en un [&hellip;]<\/p>\n<div class=\"pvc_clear\"><\/div>\n<p id=\"pvc_stats_29602\" class=\"pvc_stats all  \" data-element-id=\"29602\" style=\"\"><i class=\"pvc-stats-icon large\" aria-hidden=\"true\"><svg xmlns=\"http:\/\/www.w3.org\/2000\/svg\" version=\"1.0\" viewBox=\"0 0 502 315\" preserveAspectRatio=\"xMidYMid meet\"><g transform=\"translate(0,332) scale(0.1,-0.1)\" fill=\"\" stroke=\"none\"><path d=\"M2394 3279 l-29 -30 -3 -207 c-2 -182 0 -211 15 -242 39 -76 157 -76 196 0 15 31 17 60 15 243 l-3 209 -33 29 c-26 23 -41 29 -80 29 -41 0 -53 -5 -78 -31z\"\/><path d=\"M3085 3251 c-45 -19 -58 -50 -96 -229 -47 -217 -49 -260 -13 -295 52 -53 146 -42 177 20 16 31 87 366 87 410 0 70 -86 122 -155 94z\"\/><path d=\"M1751 3234 c-13 -9 -29 -31 -37 -50 -12 -29 -10 -49 21 -204 19 -94 39 -189 45 -210 14 -50 54 -80 110 -80 34 0 48 6 76 34 21 21 34 44 34 59 0 14 -18 113 -40 219 -37 178 -43 195 -70 221 -36 32 -101 37 -139 11z\"\/><path d=\"M1163 3073 c-36 -7 -73 -59 -73 -102 0 -56 133 -378 171 -413 34 -32 83 -37 129 -13 70 36 67 87 -16 290 -86 209 -89 214 -129 231 -35 14 -42 15 -82 7z\"\/><path d=\"M3689 3066 c-15 -9 -33 -30 -42 -48 -48 -103 -147 -355 -147 -375 0 -98 131 -148 192 -74 13 15 57 108 97 206 80 196 84 226 37 273 -30 30 -99 39 -137 18z\"\/><path d=\"M583 2784 c-38 -19 -67 -74 -58 -113 9 -42 211 -354 242 -373 16 -10 45 -18 66 -18 51 0 107 52 107 100 0 39 -1 41 -124 234 -80 126 -108 162 -133 173 -41 17 -61 16 -100 -3z\"\/><path d=\"M4250 2784 c-14 -9 -74 -91 -133 -183 -95 -150 -107 -173 -107 -213 0 -55 33 -94 87 -104 67 -13 90 8 211 198 130 202 137 225 78 284 -27 27 -42 34 -72 34 -22 0 -50 -8 -64 -16z\"\/><path d=\"M2275 2693 c-553 -48 -1095 -270 -1585 -649 -135 -104 -459 -423 -483 -476 -23 -49 -22 -139 2 -186 73 -142 361 -457 571 -626 285 -228 642 -407 990 -497 242 -63 336 -73 660 -74 310 0 370 5 595 52 535 111 1045 392 1455 803 122 121 250 273 275 326 19 41 19 137 0 174 -41 79 -309 363 -465 492 -447 370 -946 591 -1479 653 -113 14 -422 18 -536 8z m395 -428 c171 -34 330 -124 456 -258 112 -119 167 -219 211 -378 27 -96 24 -300 -5 -401 -72 -255 -236 -447 -474 -557 -132 -62 -201 -76 -368 -76 -167 0 -236 14 -368 76 -213 98 -373 271 -451 485 -162 444 86 934 547 1084 153 49 292 57 452 25z m909 -232 c222 -123 408 -262 593 -441 76 -74 138 -139 138 -144 0 -16 -233 -242 -330 -319 -155 -123 -309 -223 -461 -299 l-81 -41 32 46 c18 26 49 83 70 128 143 306 141 649 -6 957 -25 52 -61 116 -79 142 l-34 47 45 -20 c26 -10 76 -36 113 -56z m-2057 25 c-40 -58 -105 -190 -130 -263 -110 -324 -59 -707 132 -981 25 -35 42 -64 37 -64 -19 0 -241 119 -326 174 -188 122 -406 314 -532 468 l-58 71 108 103 c185 178 428 349 672 473 66 33 121 60 123 61 2 0 -10 -19 -26 -42z\"\/><path d=\"M2375 1950 c-198 -44 -350 -190 -395 -379 -18 -76 -8 -221 19 -290 114 -284 457 -406 731 -260 98 52 188 154 231 260 27 69 37 214 19 290 -38 163 -166 304 -326 360 -67 23 -215 33 -279 19z\"\/><\/g><\/svg><\/i> <img decoding=\"async\" width=\"16\" height=\"16\" alt=\"Loading\" src=\"https:\/\/esviafm.com\/wp-content\/plugins\/page-views-count\/ajax-loader-2x.gif\" border=0 \/><\/p>\n<div class=\"pvc_clear\"><\/div>\n","protected":false},"author":5,"featured_media":0,"comment_status":"open","ping_status":"open","sticky":false,"template":"","format":"standard","meta":{"_et_pb_use_builder":"","_et_pb_old_content":"","_et_gb_content_width":"","footnotes":""},"categories":[17],"tags":[],"class_list":["post-29602","post","type-post","status-publish","format-standard","hentry","category-internacionales"],"_links":{"self":[{"href":"https:\/\/esviafm.com\/index.php\/wp-json\/wp\/v2\/posts\/29602","targetHints":{"allow":["GET"]}}],"collection":[{"href":"https:\/\/esviafm.com\/index.php\/wp-json\/wp\/v2\/posts"}],"about":[{"href":"https:\/\/esviafm.com\/index.php\/wp-json\/wp\/v2\/types\/post"}],"author":[{"embeddable":true,"href":"https:\/\/esviafm.com\/index.php\/wp-json\/wp\/v2\/users\/5"}],"replies":[{"embeddable":true,"href":"https:\/\/esviafm.com\/index.php\/wp-json\/wp\/v2\/comments?post=29602"}],"version-history":[{"count":1,"href":"https:\/\/esviafm.com\/index.php\/wp-json\/wp\/v2\/posts\/29602\/revisions"}],"predecessor-version":[{"id":29604,"href":"https:\/\/esviafm.com\/index.php\/wp-json\/wp\/v2\/posts\/29602\/revisions\/29604"}],"wp:attachment":[{"href":"https:\/\/esviafm.com\/index.php\/wp-json\/wp\/v2\/media?parent=29602"}],"wp:term":[{"taxonomy":"category","embeddable":true,"href":"https:\/\/esviafm.com\/index.php\/wp-json\/wp\/v2\/categories?post=29602"},{"taxonomy":"post_tag","embeddable":true,"href":"https:\/\/esviafm.com\/index.php\/wp-json\/wp\/v2\/tags?post=29602"}],"curies":[{"name":"wp","href":"https:\/\/api.w.org\/{rel}","templated":true}]}}