{"id":29532,"date":"2025-09-03T07:07:06","date_gmt":"2025-09-03T11:37:06","guid":{"rendered":"https:\/\/esviafm.com\/?p=29532"},"modified":"2025-09-03T07:07:06","modified_gmt":"2025-09-03T11:37:06","slug":"ee-uu-realiza-ejercicios-militares-en-puerto-rico-en-medio-de-la-tension-generada-por-el-despliegue-naval-en-el-caribe","status":"publish","type":"post","link":"https:\/\/esviafm.com\/index.php\/ee-uu-realiza-ejercicios-militares-en-puerto-rico-en-medio-de-la-tension-generada-por-el-despliegue-naval-en-el-caribe\/","title":{"rendered":"EE.UU. realiza ejercicios militares en Puerto Rico en medio de la tensi\u00f3n generada por el despliegue naval en el Caribe"},"content":{"rendered":"<p class=\"paragraph inline-placeholder vossi-paragraph\" data-uri=\"es.cms.cnn.com\/_components\/paragraph\/instances\/cmf1k2no500fc2cpc1gkccztr@published\" data-editable=\"text\" data-component-name=\"paragraph\" data-article-gutter=\"true\">Miembros de la 22\u00b0 Unidad Expedicionaria de Infanter\u00eda de Marina de los Estados Unidos (22nd MEU, en ingl\u00e9s) iniciaron el domingo entrenamientos anfibios y operaciones de vuelo al Sur de Puerto Rico, seg\u00fan inform\u00f3 el Cuerpo de Marines de EE.UU., en un comunicado de prensa, en medio de crecientes tensiones tras\u00a0<a href=\"https:\/\/www.cnn.com\/2025\/08\/15\/politics\/us-military-deploying-caribbean-latin-america-cartel-mission\">el reciente despliegue naval de Estados Unidos<\/a>\u00a0en el Caribe y Am\u00e9rica Latina.<\/p>\n<p class=\"paragraph inline-placeholder vossi-paragraph\" data-uri=\"es.cms.cnn.com\/_components\/paragraph\/instances\/cmf1k3id30005356nc02klcnr@published\" data-editable=\"text\" data-component-name=\"paragraph\" data-article-gutter=\"true\">De acuerdo con el comunicado \u201ceste entrenamiento est\u00e1 dise\u00f1ado para mejorar la preparaci\u00f3n y capacidades de la 22nd MEU y a la vez reforzar el v\u00ednculo con la Guardia Nacional de Puerto Rico\u201d.<\/p>\n<div class=\"related-content related-content--article\" data-uri=\"es.cms.cnn.com\/_components\/related-content\/instances\/cmf1m939s001a356n5dxsktb4@published\" data-component-name=\"related-content\" data-article-gutter=\"true\">\n<div class=\"related-content__image image__related-content\">\n<div class=\"image image__hide-placeholder image--eq-extra-small\" data-uri=\"es.cms.cnn.com\/_components\/image\/instances\/cmeke6fxt000n27oygbxvc0c9@published\" data-image-variation=\"image\" data-name=\"GettyImages-1055278586.jpg\" data-component-name=\"image\" data-observe-resizes=\"\" data-breakpoints=\"{&quot;image--eq-extra-small&quot;: 115, &quot;image--eq-small&quot;: 300, &quot;image--eq-large&quot;: 660}\" data-original-ratio=\"0.5947265625\" data-original-height=\"609\" data-original-width=\"1024\" data-url=\"https:\/\/media.cnn.com\/api\/v1\/images\/stellar\/prod\/gettyimages-1055278586.jpg?c=original\" data-editable=\"settings\">\n<div class=\"image__container \" data-image-variation=\"image\" data-breakpoints=\"{&quot;image--eq-extra-small&quot;: 115, &quot;image--eq-small&quot;: 300, &quot;image--show-credits&quot;: 525}\"><picture class=\"image__picture\"><img fetchpriority=\"high\" fetchpriority=\"high\" decoding=\"async\" class=\"image__dam-img\" src=\"https:\/\/media.cnn.com\/api\/v1\/images\/stellar\/prod\/gettyimages-1055278586.jpg?c=16x9&amp;q=h_144,w_256,c_fill\" alt=\"The USS Iwo Jima, a Wasp-class amphibious assault ship of the United States Navy takes part in the NATO exercise Trident Juncture 2018 near Trondheim, Norway, on October 29, 2018. - Trident Juncture 2018, is a\u00a0NATO-led\u00a0military exercise held in\u00a0Norway\u00a0from 25 October to 7 November 2018. The exercise is the largest of its kind in Norway since the\u00a01980s. Around 50,000 participants from NATO and partner countries, some 250 aircraft, 65 ships and up to 10,000 vehicles take part in the exercise. The main goal of Trident Juncture is allegedly to train the\u00a0NATO Response Force\u00a0and to test the alliance's defence capability. (Photo by Jonathan NACKSTRAND \/ AFP)        (Photo credit should read JONATHAN NACKSTRAND\/AFP via Getty Images)\" width=\"1024\" height=\"609\" \/><\/picture><\/div>\n<div class=\"image__metadata\"><\/div>\n<\/div>\n<\/div>\n<\/div>\n<p class=\"paragraph inline-placeholder vossi-paragraph\" data-uri=\"es.cms.cnn.com\/_components\/paragraph\/instances\/cmf1k3id30006356n1wef82ys@published\" data-editable=\"text\" data-component-name=\"paragraph\" data-article-gutter=\"true\">El inicio del entrenamiento coincide con el despliegue en curso de m\u00e1s de 4.000 infantes de Marina y marineros en las aguas que rodean Am\u00e9rica Latina y el Caribe como parte de una iniciativa para combatir los c\u00e1rteles de la droga, s<a href=\"https:\/\/www.cnn.com\/2025\/08\/15\/politics\/us-military-deploying-caribbean-latin-america-cartel-mission\">eg\u00fan han confirmado dos funcionarios de Defensa estadounidenses a CNN,<\/a>\u00a0una dr\u00e1stica demostraci\u00f3n de fuerza que proporcionar\u00e1 al presidente Trump una amplia gama de opciones militares en caso de que desee actuar contra los c\u00e1rteles.<\/p>\n<p class=\"paragraph inline-placeholder vossi-paragraph\" data-uri=\"es.cms.cnn.com\/_components\/paragraph\/instances\/cmf1k3id30007356ntkit3617@published\" data-editable=\"text\" data-component-name=\"paragraph\" data-article-gutter=\"true\">Precisamente, el despliegue de la 22\u00b0 Unidad Expedicionaria de Infanter\u00eda de Marina y del Iwo Jima Amphibious Ready Group (ARG), liderado por el buque USS Iwo Jima,\u00a0<a href=\"https:\/\/www.cnn.com\/2025\/08\/15\/politics\/us-military-deploying-caribbean-latin-america-cartel-mission\">al Comando Sur de Estados Unidos,<\/a>\u00a0forma parte de un reposicionamiento m\u00e1s amplio de los activos militares en el \u00e1rea de responsabilidad del Comando Sur que se ha llevado a cabo durante las \u00faltimas semanas, seg\u00fan uno de los funcionarios.<\/p>\n<p class=\"paragraph inline-placeholder vossi-paragraph\" data-uri=\"es.cms.cnn.com\/_components\/paragraph\/instances\/cmf1k3id30008356nq24d9sty@published\" data-editable=\"text\" data-component-name=\"paragraph\" data-article-gutter=\"true\">\u201cLas operaciones anfibias son el pilar de la integraci\u00f3n naval y una competencia esencial de la 22nd MEU. Facilitan el r\u00e1pido despliegue de los Marines del barco naval hacia la costa, apoyando los objetivos estrat\u00e9gicos de los Estados Unidos\u201d, explic\u00f3 el Cuerpo de Marines en el comunicado del domingo.<\/p>\n<div class=\"image image__hide-placeholder image--eq-extra-small image--eq-small image--eq-large\" data-uri=\"es.cms.cnn.com\/_components\/image\/instances\/cmf1onim50007356nhxxo7ul9@published\" data-image-variation=\"image\" data-name=\"GettyImages-855586354.jpg\" data-component-name=\"image\" data-observe-resizes=\"\" data-breakpoints=\"{&quot;image--eq-extra-small&quot;: 115, &quot;image--eq-small&quot;: 300, &quot;image--eq-large&quot;: 660}\" data-original-ratio=\"0.6669921875\" data-original-height=\"683\" data-original-width=\"1024\" data-url=\"https:\/\/media.cnn.com\/api\/v1\/images\/stellar\/prod\/gettyimages-855586354.jpg?c=original\" data-editable=\"settings\">\n<div class=\"image__container \" data-image-variation=\"image\" data-breakpoints=\"{&quot;image--eq-extra-small&quot;: 115, &quot;image--eq-small&quot;: 300, &quot;image--show-credits&quot;: 525}\"><picture class=\"image__picture\"><source srcset=\"https:\/\/media.cnn.com\/api\/v1\/images\/stellar\/prod\/gettyimages-855586354.jpg?q=w_680,c_fill\/f_webp\" type=\"image\/webp\" media=\"(max-width: 479px)\" \/><source srcset=\"https:\/\/media.cnn.com\/api\/v1\/images\/stellar\/prod\/gettyimages-855586354.jpg?q=w_1160,c_fill\/f_webp\" type=\"image\/webp\" media=\"(min-width: 480px)\" \/><source srcset=\"https:\/\/media.cnn.com\/api\/v1\/images\/stellar\/prod\/gettyimages-855586354.jpg?q=w_1015,c_fill\/f_webp\" type=\"image\/webp\" media=\"(min-width: 960px)\" \/><source srcset=\"https:\/\/media.cnn.com\/api\/v1\/images\/stellar\/prod\/gettyimages-855586354.jpg?q=w_1110,c_fill\/f_webp\" type=\"image\/webp\" media=\"(min-width: 1280px)\" \/><img decoding=\"async\" class=\"image__dam-img\" src=\"https:\/\/media.cnn.com\/api\/v1\/images\/stellar\/prod\/gettyimages-855586354.jpg?q=w_1110,c_fill\" alt=\"En esta imagen de archivo, miembros de la 26\u00b0 Unidad Expedicionaria de Infanter\u00eda de Marina prestan labores de socorro en Puerto Rico tras el hurac\u00e1n Mar\u00eda, el 27 de septiembre de 2017.\" width=\"1024\" height=\"683\" \/><\/picture><\/div>\n<\/div>\n<p class=\"paragraph inline-placeholder vossi-paragraph\" data-uri=\"es.cms.cnn.com\/_components\/paragraph\/instances\/cmf1k3id40009356nf7o5j5fn@published\" data-editable=\"text\" data-component-name=\"paragraph\" data-article-gutter=\"true\">Sobre el aumento de la presencia militar en Puerto Rico,<a href=\"https:\/\/cnnespanol.cnn.com\/2019\/07\/22\/10-datos-que-debes-saber-de-puerto-rico\">\u00a0un territorio aut\u00f3nomo de Estados Unidos,\u00a0<\/a>las autoridades dijeron que \u201cHemos coordinado muy de cerca con funcionarios del gobierno local, servicios de emergencia y la Guardia Nacional de Puerto Rico para garantizar transparencia, el entendimiento mutuo y una interacci\u00f3n respetuosa. El p\u00fablico podr\u00e1 observar un aumento del personal militar en equipo t\u00e1ctico y en actividades de aeronaves militares\u201d.<\/p>\n<h2 id=\"la-tension-con-venezuela\" class=\"subheader inline-placeholder subheader vossi-subheader vossi-subheader--size-h2\" data-editable=\"text\" data-uri=\"es.cms.cnn.com\/_components\/subheader\/instances\/cmf1ltgff000y356nn8ee63a2@published\" data-component-name=\"subheader\" data-article-gutter=\"true\">La tensi\u00f3n con Venezuela<\/h2>\n<p class=\"paragraph inline-placeholder vossi-paragraph\" data-uri=\"es.cms.cnn.com\/_components\/paragraph\/instances\/cmf1k3id4000a356npq19125y@published\" data-editable=\"text\" data-component-name=\"paragraph\" data-article-gutter=\"true\">Ante los movimientos de las Fuerzas Armadas de EE.UU. en el Caribe, el presidente de Venezuela, Nicol\u00e1s Maduro,\u00a0<a href=\"https:\/\/cnnespanol.cnn.com\/2025\/09\/01\/venezuela\/venezuela-amenaza-maduro-eeuu-caribe-orix\">dijo este lunes<\/a>\u00a0que \u201cVenezuela vive la mayor amenaza del siglo\u201c y defini\u00f3 a Marco Rubio, secretario de Estado de EE.UU., como un \u201cse\u00f1or de la Guerra\u201d que busca un \u201ccambio de regimen a trav\u00e9s de la amenaza militar\u201d.<\/p>\n<div class=\"related-content related-content--video\" data-uri=\"es.cms.cnn.com\/_components\/related-content\/instances\/cmf1m97un001c356ny9arh2j1@published\" data-component-name=\"related-content\" data-article-gutter=\"true\">\n<div class=\"related-content__image image__related-content\">\n<div class=\"image image__hide-placeholder image--eq-extra-small\" data-uri=\"es.cms.cnn.com\/_components\/image\/instances\/cmf1gnrbt00fb26qfaic3cvb7@published\" data-image-variation=\"image\" data-name=\"GettyImages-2232656564.jpg\" data-component-name=\"image\" data-observe-resizes=\"\" data-breakpoints=\"{&quot;image--eq-extra-small&quot;: 115, &quot;image--eq-small&quot;: 300, &quot;image--eq-large&quot;: 660}\" data-original-ratio=\"0.6533203125\" data-original-height=\"669\" data-original-width=\"1024\" data-url=\"https:\/\/media.cnn.com\/api\/v1\/images\/stellar\/prod\/gettyimages-2232656564.jpg?c=original\" data-editable=\"settings\">\n<div class=\"image__container \" data-image-variation=\"image\" data-breakpoints=\"{&quot;image--eq-extra-small&quot;: 115, &quot;image--eq-small&quot;: 300, &quot;image--show-credits&quot;: 525}\"><picture class=\"image__picture\"><img decoding=\"async\" class=\"image__dam-img\" src=\"https:\/\/media.cnn.com\/api\/v1\/images\/stellar\/prod\/gettyimages-2232656564.jpg?c=16x9&amp;q=h_144,w_256,c_fill\" alt=\"El presidente de Venezuela, Nicol\u00e1s Maduro, habla durante una conferencia de prensa en Caracas el 1 de septiembre de 2025. El presidente de Guyana, Irfaan Ali, expres\u00f3 el lunes su apoyo al despliegue de fuerzas militares estadounidenses en el Caribe, mientras que Caracas lo acus\u00f3 de intentar fomentar un frente de guerra debido a las acusaciones de un supuesto ataque venezolano contra un buque guyan\u00e9s. (Foto de JUAN BARRETO \/ AFP) (Foto de JUAN BARRETO\/AFP v\u00eda Getty Images)\" width=\"1024\" height=\"669\" \/><\/picture><\/div>\n<\/div>\n<\/div>\n<p class=\"related-content__headline\"><span class=\"related-content__title-text\" data-editable=\"content.title\">Video relacionado<\/span><span class=\"related-content__headline-text\" data-editable=\"content.headline\">\u201cQuien se mete con Venezuela, se mete con todos\u201d: Maduro endurece cr\u00edticas a EE.UU.<\/span><\/p>\n<\/div>\n<p class=\"paragraph inline-placeholder vossi-paragraph\" data-uri=\"es.cms.cnn.com\/_components\/paragraph\/instances\/cmf1k2qyk0000356nv1ywy4c9@published\" data-editable=\"text\" data-component-name=\"paragraph\" data-article-gutter=\"true\">CNN\u00a0<a href=\"https:\/\/cnnespanol.cnn.com\/2025\/09\/01\/venezuela\/venezuela-amenaza-maduro-eeuu-caribe-orix\">contact\u00f3\u00a0<\/a>al Departamento de Estado de EE.UU. para pedir una respuesta a las declaraciones de Maduro, pero no la ha recibido a\u00fan.<\/p>\n<p class=\"paragraph inline-placeholder vossi-paragraph\" data-uri=\"es.cms.cnn.com\/_components\/paragraph\/instances\/cmf1kxd66000h356n6er92hsq@published\" data-editable=\"text\" data-component-name=\"paragraph\" data-article-gutter=\"true\">Pero la secretaria de prensa de la Casa Blanca, Karoline Leavitt,\u00a0<a href=\"https:\/\/cnnespanol.cnn.com\/2025\/08\/19\/venezuela\/eeuu-despliega-militares-maduro-responde-milicianos-orix?iid=cnn_buildContentRecirc_end_recirc&amp;recs_exp=lo-m%C3%A1s-le%C3%ADdo-article-end&amp;tenant_id=popular.es\">dijo\u00a0<\/a>a mediados de agosto que \u201cel presidente Trump est\u00e1 dispuesto a utilizar todos los recursos de su poder para detener la entrada de drogas a nuestro pa\u00eds y llevar a los responsables ante la Justicia\u201d.<\/p>\n<p class=\"paragraph inline-placeholder vossi-paragraph\" data-uri=\"es.cms.cnn.com\/_components\/paragraph\/instances\/cmf1lxjq00011356n8v0whkpe@published\" data-editable=\"text\" data-component-name=\"paragraph\" data-article-gutter=\"true\">El Gobierno de Trump tambi\u00e9n ha dicho que\u00a0<a href=\"https:\/\/www.cnn.com\/2025\/08\/19\/americas\/venezuela-maduro-militia-us-military-deployment-intl-latam\">Maduro es el l\u00edder del Cartel de los Soles<\/a>, una organizaci\u00f3n a la que recientemente design\u00f3\u00a0<a href=\"https:\/\/www.cnn.com\/2025\/08\/19\/americas\/venezuela-maduro-militia-us-military-deployment-intl-latam\">terrorista<\/a>, y\u00a0<a href=\"https:\/\/www.cnn.com\/2025\/08\/19\/americas\/venezuela-maduro-militia-us-military-deployment-intl-latam\">duplic\u00f3\u00a0<\/a>la recompensa por la captura del presidente.<\/p>\n<p class=\"paragraph inline-placeholder vossi-paragraph\" data-uri=\"es.cms.cnn.com\/_components\/paragraph\/instances\/cmf1m0cdi0014356ng0p0una2@published\" data-editable=\"text\" data-component-name=\"paragraph\" data-article-gutter=\"true\">En tanto el ministro del Interior de Venezuela, Diosdado Cabello,\u00a0<a href=\"https:\/\/cnnespanol.cnn.com\/2025\/08\/25\/colombia\/petro-cartel-soles-tension-eeuu-venezuela-orix\">sostiene\u00a0<\/a>que el C\u00e1rtel de los Soles es un \u201cinvento\u201d de EE.UU., y el ministro de Defensa, Vladimir Padrino L\u00f3pez, ha\u00a0<a href=\"https:\/\/cnnespanol.cnn.com\/2025\/08\/25\/colombia\/petro-cartel-soles-tension-eeuu-venezuela-orix\">rechazado\u00a0<\/a>\u201ccateg\u00f3ricamente\u201d las \u201crid\u00edculas\u201d acusaciones de Washington.<\/p>\n<div class=\"pvc_clear\"><\/div>\n<p id=\"pvc_stats_29532\" class=\"pvc_stats all  \" data-element-id=\"29532\" style=\"\"><i class=\"pvc-stats-icon large\" aria-hidden=\"true\"><svg xmlns=\"http:\/\/www.w3.org\/2000\/svg\" version=\"1.0\" viewBox=\"0 0 502 315\" preserveAspectRatio=\"xMidYMid meet\"><g transform=\"translate(0,332) scale(0.1,-0.1)\" fill=\"\" stroke=\"none\"><path d=\"M2394 3279 l-29 -30 -3 -207 c-2 -182 0 -211 15 -242 39 -76 157 -76 196 0 15 31 17 60 15 243 l-3 209 -33 29 c-26 23 -41 29 -80 29 -41 0 -53 -5 -78 -31z\"\/><path d=\"M3085 3251 c-45 -19 -58 -50 -96 -229 -47 -217 -49 -260 -13 -295 52 -53 146 -42 177 20 16 31 87 366 87 410 0 70 -86 122 -155 94z\"\/><path d=\"M1751 3234 c-13 -9 -29 -31 -37 -50 -12 -29 -10 -49 21 -204 19 -94 39 -189 45 -210 14 -50 54 -80 110 -80 34 0 48 6 76 34 21 21 34 44 34 59 0 14 -18 113 -40 219 -37 178 -43 195 -70 221 -36 32 -101 37 -139 11z\"\/><path d=\"M1163 3073 c-36 -7 -73 -59 -73 -102 0 -56 133 -378 171 -413 34 -32 83 -37 129 -13 70 36 67 87 -16 290 -86 209 -89 214 -129 231 -35 14 -42 15 -82 7z\"\/><path d=\"M3689 3066 c-15 -9 -33 -30 -42 -48 -48 -103 -147 -355 -147 -375 0 -98 131 -148 192 -74 13 15 57 108 97 206 80 196 84 226 37 273 -30 30 -99 39 -137 18z\"\/><path d=\"M583 2784 c-38 -19 -67 -74 -58 -113 9 -42 211 -354 242 -373 16 -10 45 -18 66 -18 51 0 107 52 107 100 0 39 -1 41 -124 234 -80 126 -108 162 -133 173 -41 17 -61 16 -100 -3z\"\/><path d=\"M4250 2784 c-14 -9 -74 -91 -133 -183 -95 -150 -107 -173 -107 -213 0 -55 33 -94 87 -104 67 -13 90 8 211 198 130 202 137 225 78 284 -27 27 -42 34 -72 34 -22 0 -50 -8 -64 -16z\"\/><path d=\"M2275 2693 c-553 -48 -1095 -270 -1585 -649 -135 -104 -459 -423 -483 -476 -23 -49 -22 -139 2 -186 73 -142 361 -457 571 -626 285 -228 642 -407 990 -497 242 -63 336 -73 660 -74 310 0 370 5 595 52 535 111 1045 392 1455 803 122 121 250 273 275 326 19 41 19 137 0 174 -41 79 -309 363 -465 492 -447 370 -946 591 -1479 653 -113 14 -422 18 -536 8z m395 -428 c171 -34 330 -124 456 -258 112 -119 167 -219 211 -378 27 -96 24 -300 -5 -401 -72 -255 -236 -447 -474 -557 -132 -62 -201 -76 -368 -76 -167 0 -236 14 -368 76 -213 98 -373 271 -451 485 -162 444 86 934 547 1084 153 49 292 57 452 25z m909 -232 c222 -123 408 -262 593 -441 76 -74 138 -139 138 -144 0 -16 -233 -242 -330 -319 -155 -123 -309 -223 -461 -299 l-81 -41 32 46 c18 26 49 83 70 128 143 306 141 649 -6 957 -25 52 -61 116 -79 142 l-34 47 45 -20 c26 -10 76 -36 113 -56z m-2057 25 c-40 -58 -105 -190 -130 -263 -110 -324 -59 -707 132 -981 25 -35 42 -64 37 -64 -19 0 -241 119 -326 174 -188 122 -406 314 -532 468 l-58 71 108 103 c185 178 428 349 672 473 66 33 121 60 123 61 2 0 -10 -19 -26 -42z\"\/><path d=\"M2375 1950 c-198 -44 -350 -190 -395 -379 -18 -76 -8 -221 19 -290 114 -284 457 -406 731 -260 98 52 188 154 231 260 27 69 37 214 19 290 -38 163 -166 304 -326 360 -67 23 -215 33 -279 19z\"\/><\/g><\/svg><\/i> <img loading=\"lazy\" loading=\"lazy\" decoding=\"async\" width=\"16\" height=\"16\" alt=\"Loading\" src=\"https:\/\/esviafm.com\/wp-content\/plugins\/page-views-count\/ajax-loader-2x.gif\" border=0 \/><\/p>\n<div class=\"pvc_clear\"><\/div>\n","protected":false},"excerpt":{"rendered":"<p>Miembros de la 22\u00b0 Unidad Expedicionaria de Infanter\u00eda de Marina de los Estados Unidos (22nd MEU, en ingl\u00e9s) iniciaron el domingo entrenamientos anfibios y operaciones de vuelo al Sur de Puerto Rico, seg\u00fan inform\u00f3 el Cuerpo de Marines de EE.UU., en un comunicado de prensa, en medio de crecientes tensiones tras\u00a0el reciente despliegue naval de [&hellip;]<\/p>\n<div class=\"pvc_clear\"><\/div>\n<p id=\"pvc_stats_29532\" class=\"pvc_stats all  \" data-element-id=\"29532\" style=\"\"><i class=\"pvc-stats-icon large\" aria-hidden=\"true\"><svg xmlns=\"http:\/\/www.w3.org\/2000\/svg\" version=\"1.0\" viewBox=\"0 0 502 315\" preserveAspectRatio=\"xMidYMid meet\"><g transform=\"translate(0,332) scale(0.1,-0.1)\" fill=\"\" stroke=\"none\"><path d=\"M2394 3279 l-29 -30 -3 -207 c-2 -182 0 -211 15 -242 39 -76 157 -76 196 0 15 31 17 60 15 243 l-3 209 -33 29 c-26 23 -41 29 -80 29 -41 0 -53 -5 -78 -31z\"\/><path d=\"M3085 3251 c-45 -19 -58 -50 -96 -229 -47 -217 -49 -260 -13 -295 52 -53 146 -42 177 20 16 31 87 366 87 410 0 70 -86 122 -155 94z\"\/><path d=\"M1751 3234 c-13 -9 -29 -31 -37 -50 -12 -29 -10 -49 21 -204 19 -94 39 -189 45 -210 14 -50 54 -80 110 -80 34 0 48 6 76 34 21 21 34 44 34 59 0 14 -18 113 -40 219 -37 178 -43 195 -70 221 -36 32 -101 37 -139 11z\"\/><path d=\"M1163 3073 c-36 -7 -73 -59 -73 -102 0 -56 133 -378 171 -413 34 -32 83 -37 129 -13 70 36 67 87 -16 290 -86 209 -89 214 -129 231 -35 14 -42 15 -82 7z\"\/><path d=\"M3689 3066 c-15 -9 -33 -30 -42 -48 -48 -103 -147 -355 -147 -375 0 -98 131 -148 192 -74 13 15 57 108 97 206 80 196 84 226 37 273 -30 30 -99 39 -137 18z\"\/><path d=\"M583 2784 c-38 -19 -67 -74 -58 -113 9 -42 211 -354 242 -373 16 -10 45 -18 66 -18 51 0 107 52 107 100 0 39 -1 41 -124 234 -80 126 -108 162 -133 173 -41 17 -61 16 -100 -3z\"\/><path d=\"M4250 2784 c-14 -9 -74 -91 -133 -183 -95 -150 -107 -173 -107 -213 0 -55 33 -94 87 -104 67 -13 90 8 211 198 130 202 137 225 78 284 -27 27 -42 34 -72 34 -22 0 -50 -8 -64 -16z\"\/><path d=\"M2275 2693 c-553 -48 -1095 -270 -1585 -649 -135 -104 -459 -423 -483 -476 -23 -49 -22 -139 2 -186 73 -142 361 -457 571 -626 285 -228 642 -407 990 -497 242 -63 336 -73 660 -74 310 0 370 5 595 52 535 111 1045 392 1455 803 122 121 250 273 275 326 19 41 19 137 0 174 -41 79 -309 363 -465 492 -447 370 -946 591 -1479 653 -113 14 -422 18 -536 8z m395 -428 c171 -34 330 -124 456 -258 112 -119 167 -219 211 -378 27 -96 24 -300 -5 -401 -72 -255 -236 -447 -474 -557 -132 -62 -201 -76 -368 -76 -167 0 -236 14 -368 76 -213 98 -373 271 -451 485 -162 444 86 934 547 1084 153 49 292 57 452 25z m909 -232 c222 -123 408 -262 593 -441 76 -74 138 -139 138 -144 0 -16 -233 -242 -330 -319 -155 -123 -309 -223 -461 -299 l-81 -41 32 46 c18 26 49 83 70 128 143 306 141 649 -6 957 -25 52 -61 116 -79 142 l-34 47 45 -20 c26 -10 76 -36 113 -56z m-2057 25 c-40 -58 -105 -190 -130 -263 -110 -324 -59 -707 132 -981 25 -35 42 -64 37 -64 -19 0 -241 119 -326 174 -188 122 -406 314 -532 468 l-58 71 108 103 c185 178 428 349 672 473 66 33 121 60 123 61 2 0 -10 -19 -26 -42z\"\/><path d=\"M2375 1950 c-198 -44 -350 -190 -395 -379 -18 -76 -8 -221 19 -290 114 -284 457 -406 731 -260 98 52 188 154 231 260 27 69 37 214 19 290 -38 163 -166 304 -326 360 -67 23 -215 33 -279 19z\"\/><\/g><\/svg><\/i> <img loading=\"lazy\" decoding=\"async\" width=\"16\" height=\"16\" alt=\"Loading\" src=\"https:\/\/esviafm.com\/wp-content\/plugins\/page-views-count\/ajax-loader-2x.gif\" border=0 \/><\/p>\n<div class=\"pvc_clear\"><\/div>\n","protected":false},"author":5,"featured_media":0,"comment_status":"open","ping_status":"open","sticky":false,"template":"","format":"standard","meta":{"_et_pb_use_builder":"","_et_pb_old_content":"","_et_gb_content_width":"","footnotes":""},"categories":[17],"tags":[],"class_list":["post-29532","post","type-post","status-publish","format-standard","hentry","category-internacionales"],"_links":{"self":[{"href":"https:\/\/esviafm.com\/index.php\/wp-json\/wp\/v2\/posts\/29532","targetHints":{"allow":["GET"]}}],"collection":[{"href":"https:\/\/esviafm.com\/index.php\/wp-json\/wp\/v2\/posts"}],"about":[{"href":"https:\/\/esviafm.com\/index.php\/wp-json\/wp\/v2\/types\/post"}],"author":[{"embeddable":true,"href":"https:\/\/esviafm.com\/index.php\/wp-json\/wp\/v2\/users\/5"}],"replies":[{"embeddable":true,"href":"https:\/\/esviafm.com\/index.php\/wp-json\/wp\/v2\/comments?post=29532"}],"version-history":[{"count":1,"href":"https:\/\/esviafm.com\/index.php\/wp-json\/wp\/v2\/posts\/29532\/revisions"}],"predecessor-version":[{"id":29534,"href":"https:\/\/esviafm.com\/index.php\/wp-json\/wp\/v2\/posts\/29532\/revisions\/29534"}],"wp:attachment":[{"href":"https:\/\/esviafm.com\/index.php\/wp-json\/wp\/v2\/media?parent=29532"}],"wp:term":[{"taxonomy":"category","embeddable":true,"href":"https:\/\/esviafm.com\/index.php\/wp-json\/wp\/v2\/categories?post=29532"},{"taxonomy":"post_tag","embeddable":true,"href":"https:\/\/esviafm.com\/index.php\/wp-json\/wp\/v2\/tags?post=29532"}],"curies":[{"name":"wp","href":"https:\/\/api.w.org\/{rel}","templated":true}]}}