{"id":29443,"date":"2025-08-29T07:10:38","date_gmt":"2025-08-29T11:40:38","guid":{"rendered":"https:\/\/esviafm.com\/?p=29443"},"modified":"2025-08-29T07:10:38","modified_gmt":"2025-08-29T11:40:38","slug":"petro-refuerza-presencia-militar-en-parte-de-la-frontera-entre-colombia-y-venezuela-para-reducir-al-maximo-a-los-criminales","status":"publish","type":"post","link":"https:\/\/esviafm.com\/index.php\/petro-refuerza-presencia-militar-en-parte-de-la-frontera-entre-colombia-y-venezuela-para-reducir-al-maximo-a-los-criminales\/","title":{"rendered":"Petro refuerza presencia militar en parte de la frontera entre Colombia y Venezuela para reducir \u201cal m\u00e1ximo\u201d a los criminales"},"content":{"rendered":"<p class=\"paragraph inline-placeholder vossi-paragraph\" data-uri=\"es.cms.cnn.com\/_components\/paragraph\/instances\/cmew1ugr6003r2cnp3c58cyzx@published\" data-editable=\"text\" data-component-name=\"paragraph\" data-article-gutter=\"true\">El presidente de Colombia, Gustavo Petro, orden\u00f3 este jueves reforzar la presencia militar en una parte de la frontera de su pa\u00eds con Venezuela como una medida para \u201creducir al m\u00e1ximo las fuerzas de la mafia\u201d.<\/p>\n<p class=\"paragraph inline-placeholder vossi-paragraph\" data-uri=\"es.cms.cnn.com\/_components\/paragraph\/instances\/cmew1umhy00043j6ohg7asng1@published\" data-editable=\"text\" data-component-name=\"paragraph\" data-article-gutter=\"true\">La orden implica que el Ej\u00e9rcito de Colombia aumente el n\u00famero de soldados para combatir a los criminales en la regi\u00f3n del Catatumbo, donde actualmente hay 25.000 soldados,\u00a0<a href=\"https:\/\/nam11.safelinks.protection.outlook.com\/?url=https%3A%2F%2Fx.com%2Fpetrogustavo%2Fstatus%2F1961140583411429725&amp;data=05%7C02%7Cmauricio.torres%40cnn.com%7C1dd6ab4022eb4095018008dde68bf06e%7C0eb48825e8714459bc72d0ecd68f1f39%7C0%7C0%7C638920210947753117%7CUnknown%7CTWFpbGZsb3d8eyJFbXB0eU1hcGkiOnRydWUsIlYiOiIwLjAuMDAwMCIsIlAiOiJXaW4zMiIsIkFOIjoiTWFpbCIsIldUIjoyfQ%3D%3D%7C0%7C%7C%7C&amp;sdata=nnypotIQ3Pthf3hOl8SuZ0Mpo%2FB0wEQmYlqJJ91MiSI%3D&amp;reserved=0\" target=\"_blank\" rel=\"noopener\">dijo Petro en su cuenta de X<\/a>.<\/p>\n<p class=\"paragraph inline-placeholder vossi-paragraph\" data-uri=\"es.cms.cnn.com\/_components\/paragraph\/instances\/cmew1umhy00053j6odmvjcrfj@published\" data-editable=\"text\" data-component-name=\"paragraph\" data-article-gutter=\"true\">El Catatumbo se ubica en el noreste del departamento colombiano de Norte de Santander y a principios de este a\u00f1o fue escenario de\u00a0<a href=\"https:\/\/nam11.safelinks.protection.outlook.com\/?url=https%3A%2F%2Fcnnespanol.cnn.com%2F2025%2F01%2F20%2Fcolombia%2Fque-paso-catatumbo-colombia-muertes-eln-orix&amp;data=05%7C02%7Cmauricio.torres%40cnn.com%7C1dd6ab4022eb4095018008dde68bf06e%7C0eb48825e8714459bc72d0ecd68f1f39%7C0%7C0%7C638920210947776040%7CUnknown%7CTWFpbGZsb3d8eyJFbXB0eU1hcGkiOnRydWUsIlYiOiIwLjAuMDAwMCIsIlAiOiJXaW4zMiIsIkFOIjoiTWFpbCIsIldUIjoyfQ%3D%3D%7C0%7C%7C%7C&amp;sdata=W7hB51NiwT9zroJlc8hkwtyrv76vgvfS9SVEeP%2BwAmY%3D&amp;reserved=0\" target=\"_blank\" rel=\"noopener\">hechos de violencia que dejaron decenas de muertos y miles de desplazados<\/a>. El Gobierno de Petro atribuy\u00f3 entonces la situaci\u00f3n a enfrentamientos entre la guerrilla del Ej\u00e9rcito de Liberaci\u00f3n Nacional (ELN) con otros grupos armados.<\/p>\n<div class=\"related-content related-content--video\" data-uri=\"es.cms.cnn.com\/_components\/related-content\/instances\/cmew1xicv000p3j6oo6zb7ox8@published\" data-component-name=\"related-content\" data-article-gutter=\"true\">\n<div class=\"related-content__image image__related-content\">\n<div class=\"image image__hide-placeholder image--eq-extra-small\" data-uri=\"es.cms.cnn.com\/_components\/image\/instances\/cmetbmugy004d28p4aqj6f7hi@published\" data-image-variation=\"image\" data-name=\"GettyImages-2170693493.jpg\" data-component-name=\"image\" data-observe-resizes=\"\" data-breakpoints=\"{&quot;image--eq-extra-small&quot;: 115, &quot;image--eq-small&quot;: 300, &quot;image--eq-large&quot;: 660}\" data-original-ratio=\"0.6666666666666666\" data-original-height=\"3648\" data-original-width=\"5472\" data-url=\"https:\/\/media.cnn.com\/api\/v1\/images\/stellar\/prod\/gettyimages-2170693493-20250823031653552.jpg?c=original\" data-editable=\"settings\">\n<div class=\"image__container \" data-image-variation=\"image\" data-breakpoints=\"{&quot;image--eq-extra-small&quot;: 115, &quot;image--eq-small&quot;: 300, &quot;image--show-credits&quot;: 525}\"><picture class=\"image__picture\"><img fetchpriority=\"high\" fetchpriority=\"high\" decoding=\"async\" class=\"image__dam-img\" src=\"https:\/\/media.cnn.com\/api\/v1\/images\/stellar\/prod\/gettyimages-2170693493-20250823031653552.jpg?c=16x9&amp;q=h_144,w_256,c_fill\" alt=\"A burned truck is seen on the streets of Culiacan, Sinaloa State, Mexico, on September 11, 2024. Elements of Mexico's National Guard were deployed in the state of Sinaloa, in the northwest of the country, amid an escalation of violence that authorities attribute to internal struggles within the Sinaloa cartel following the capture of its leader, Ismael &quot;Mayo&quot; Zambada. (Photo by Ivan MEDINA \/ AFP) (Photo by IVAN MEDINA\/AFP via Getty Images)\" width=\"5472\" height=\"3648\" \/><\/picture><\/div>\n<\/div>\n<\/div>\n<p class=\"related-content__headline\"><span class=\"related-content__title-text\" data-editable=\"content.title\">Video relacionado<\/span><span class=\"related-content__headline-text\" data-editable=\"content.headline\">As\u00ed operan los c\u00e1rteles en Am\u00e9rica Latina para distribuir drogas en Estados Unidos y Europa, seg\u00fan experto<\/span><\/p>\n<\/div>\n<p class=\"paragraph inline-placeholder vossi-paragraph\" data-uri=\"es.cms.cnn.com\/_components\/paragraph\/instances\/cmew1umhy00063j6osp96c6n4@published\" data-editable=\"text\" data-component-name=\"paragraph\" data-article-gutter=\"true\">La orden del mandatario de reforzar la presencia militar en la regi\u00f3n se produce tres d\u00edas despu\u00e9s de que el ministro del Interior de Venezuela, Diosdado Cabello, anunciara el env\u00edo de 15.000 elementos de seguridad a los estados T\u00e1chira y Zulia, colindantes con el Catatumbo.<\/p>\n<p class=\"paragraph inline-placeholder vossi-paragraph\" data-uri=\"es.cms.cnn.com\/_components\/paragraph\/instances\/cmew1umhy00073j6o0ng0qzs7@published\" data-editable=\"text\" data-component-name=\"paragraph\" data-article-gutter=\"true\">Cabello dijo entonces que el despliegue incluir\u00eda diferentes tipos de veh\u00edculos y drones para enfrentar a los criminales, y llam\u00f3 a que Colombia \u201chaga lo propio para asegurar la paz y evitar el desarrollo de delitos en la zona fronteriza\u201d,\u00a0<a href=\"https:\/\/nam11.safelinks.protection.outlook.com\/?url=https%3A%2F%2Favn.info.ve%2Factivan-zona-de-paz-numero-1-entre-tachira-y-zulia-con-15-mil-efectivos-de-refuerzo%2F&amp;data=05%7C02%7Cmauricio.torres%40cnn.com%7C1dd6ab4022eb4095018008dde68bf06e%7C0eb48825e8714459bc72d0ecd68f1f39%7C0%7C0%7C638920210947791939%7CUnknown%7CTWFpbGZsb3d8eyJFbXB0eU1hcGkiOnRydWUsIlYiOiIwLjAuMDAwMCIsIlAiOiJXaW4zMiIsIkFOIjoiTWFpbCIsIldUIjoyfQ%3D%3D%7C0%7C%7C%7C&amp;sdata=RlKwkRDUihU0OlRGGTdx2Ekh51WZVy817RWrVn1N8a8%3D&amp;reserved=0\" target=\"_blank\" rel=\"noopener\">seg\u00fan declaraciones recogidas por la estatal Agencia Venezolana de Noticias<\/a>.<\/p>\n<p class=\"paragraph inline-placeholder vossi-paragraph\" data-uri=\"es.cms.cnn.com\/_components\/paragraph\/instances\/cmew1umhy00083j6oec3rha8u@published\" data-editable=\"text\" data-component-name=\"paragraph\" data-article-gutter=\"true\">En su mensaje de este jueves en X, Petro se\u00f1al\u00f3: \u201cNo es la tierra la que le gana a la mafia, es la coordinaci\u00f3n entre los dos estados quien lo logra\u201d.<\/p>\n<p class=\"paragraph inline-placeholder vossi-paragraph\" data-uri=\"es.cms.cnn.com\/_components\/paragraph\/instances\/cmew1umhy00093j6o9dsd5h7o@published\" data-editable=\"text\" data-component-name=\"paragraph\" data-article-gutter=\"true\">CNN contact\u00f3 a la Canciller\u00eda de Venezuela para pedir comentarios sobre la orden anunciada por Petro y espera respuesta.<\/p>\n<p class=\"paragraph inline-placeholder vossi-paragraph\" data-uri=\"es.cms.cnn.com\/_components\/paragraph\/instances\/cmew1umhy000a3j6o7n5awq13@published\" data-editable=\"text\" data-component-name=\"paragraph\" data-article-gutter=\"true\">Colombia y Venezuela comparten una frontera de m\u00e1s de 2.200 kil\u00f3metros.<\/p>\n<div class=\"pvc_clear\"><\/div>\n<p id=\"pvc_stats_29443\" class=\"pvc_stats all  \" data-element-id=\"29443\" style=\"\"><i class=\"pvc-stats-icon large\" aria-hidden=\"true\"><svg xmlns=\"http:\/\/www.w3.org\/2000\/svg\" version=\"1.0\" viewBox=\"0 0 502 315\" preserveAspectRatio=\"xMidYMid meet\"><g transform=\"translate(0,332) scale(0.1,-0.1)\" fill=\"\" stroke=\"none\"><path d=\"M2394 3279 l-29 -30 -3 -207 c-2 -182 0 -211 15 -242 39 -76 157 -76 196 0 15 31 17 60 15 243 l-3 209 -33 29 c-26 23 -41 29 -80 29 -41 0 -53 -5 -78 -31z\"\/><path d=\"M3085 3251 c-45 -19 -58 -50 -96 -229 -47 -217 -49 -260 -13 -295 52 -53 146 -42 177 20 16 31 87 366 87 410 0 70 -86 122 -155 94z\"\/><path d=\"M1751 3234 c-13 -9 -29 -31 -37 -50 -12 -29 -10 -49 21 -204 19 -94 39 -189 45 -210 14 -50 54 -80 110 -80 34 0 48 6 76 34 21 21 34 44 34 59 0 14 -18 113 -40 219 -37 178 -43 195 -70 221 -36 32 -101 37 -139 11z\"\/><path d=\"M1163 3073 c-36 -7 -73 -59 -73 -102 0 -56 133 -378 171 -413 34 -32 83 -37 129 -13 70 36 67 87 -16 290 -86 209 -89 214 -129 231 -35 14 -42 15 -82 7z\"\/><path d=\"M3689 3066 c-15 -9 -33 -30 -42 -48 -48 -103 -147 -355 -147 -375 0 -98 131 -148 192 -74 13 15 57 108 97 206 80 196 84 226 37 273 -30 30 -99 39 -137 18z\"\/><path d=\"M583 2784 c-38 -19 -67 -74 -58 -113 9 -42 211 -354 242 -373 16 -10 45 -18 66 -18 51 0 107 52 107 100 0 39 -1 41 -124 234 -80 126 -108 162 -133 173 -41 17 -61 16 -100 -3z\"\/><path d=\"M4250 2784 c-14 -9 -74 -91 -133 -183 -95 -150 -107 -173 -107 -213 0 -55 33 -94 87 -104 67 -13 90 8 211 198 130 202 137 225 78 284 -27 27 -42 34 -72 34 -22 0 -50 -8 -64 -16z\"\/><path d=\"M2275 2693 c-553 -48 -1095 -270 -1585 -649 -135 -104 -459 -423 -483 -476 -23 -49 -22 -139 2 -186 73 -142 361 -457 571 -626 285 -228 642 -407 990 -497 242 -63 336 -73 660 -74 310 0 370 5 595 52 535 111 1045 392 1455 803 122 121 250 273 275 326 19 41 19 137 0 174 -41 79 -309 363 -465 492 -447 370 -946 591 -1479 653 -113 14 -422 18 -536 8z m395 -428 c171 -34 330 -124 456 -258 112 -119 167 -219 211 -378 27 -96 24 -300 -5 -401 -72 -255 -236 -447 -474 -557 -132 -62 -201 -76 -368 -76 -167 0 -236 14 -368 76 -213 98 -373 271 -451 485 -162 444 86 934 547 1084 153 49 292 57 452 25z m909 -232 c222 -123 408 -262 593 -441 76 -74 138 -139 138 -144 0 -16 -233 -242 -330 -319 -155 -123 -309 -223 -461 -299 l-81 -41 32 46 c18 26 49 83 70 128 143 306 141 649 -6 957 -25 52 -61 116 -79 142 l-34 47 45 -20 c26 -10 76 -36 113 -56z m-2057 25 c-40 -58 -105 -190 -130 -263 -110 -324 -59 -707 132 -981 25 -35 42 -64 37 -64 -19 0 -241 119 -326 174 -188 122 -406 314 -532 468 l-58 71 108 103 c185 178 428 349 672 473 66 33 121 60 123 61 2 0 -10 -19 -26 -42z\"\/><path d=\"M2375 1950 c-198 -44 -350 -190 -395 -379 -18 -76 -8 -221 19 -290 114 -284 457 -406 731 -260 98 52 188 154 231 260 27 69 37 214 19 290 -38 163 -166 304 -326 360 -67 23 -215 33 -279 19z\"\/><\/g><\/svg><\/i> <img decoding=\"async\" width=\"16\" height=\"16\" alt=\"Loading\" src=\"https:\/\/esviafm.com\/wp-content\/plugins\/page-views-count\/ajax-loader-2x.gif\" border=0 \/><\/p>\n<div class=\"pvc_clear\"><\/div>\n","protected":false},"excerpt":{"rendered":"<p>El presidente de Colombia, Gustavo Petro, orden\u00f3 este jueves reforzar la presencia militar en una parte de la frontera de su pa\u00eds con Venezuela como una medida para \u201creducir al m\u00e1ximo las fuerzas de la mafia\u201d. La orden implica que el Ej\u00e9rcito de Colombia aumente el n\u00famero de soldados para combatir a los criminales en [&hellip;]<\/p>\n<div class=\"pvc_clear\"><\/div>\n<p id=\"pvc_stats_29443\" class=\"pvc_stats all  \" data-element-id=\"29443\" style=\"\"><i class=\"pvc-stats-icon large\" aria-hidden=\"true\"><svg xmlns=\"http:\/\/www.w3.org\/2000\/svg\" version=\"1.0\" viewBox=\"0 0 502 315\" preserveAspectRatio=\"xMidYMid meet\"><g transform=\"translate(0,332) scale(0.1,-0.1)\" fill=\"\" stroke=\"none\"><path d=\"M2394 3279 l-29 -30 -3 -207 c-2 -182 0 -211 15 -242 39 -76 157 -76 196 0 15 31 17 60 15 243 l-3 209 -33 29 c-26 23 -41 29 -80 29 -41 0 -53 -5 -78 -31z\"\/><path d=\"M3085 3251 c-45 -19 -58 -50 -96 -229 -47 -217 -49 -260 -13 -295 52 -53 146 -42 177 20 16 31 87 366 87 410 0 70 -86 122 -155 94z\"\/><path d=\"M1751 3234 c-13 -9 -29 -31 -37 -50 -12 -29 -10 -49 21 -204 19 -94 39 -189 45 -210 14 -50 54 -80 110 -80 34 0 48 6 76 34 21 21 34 44 34 59 0 14 -18 113 -40 219 -37 178 -43 195 -70 221 -36 32 -101 37 -139 11z\"\/><path d=\"M1163 3073 c-36 -7 -73 -59 -73 -102 0 -56 133 -378 171 -413 34 -32 83 -37 129 -13 70 36 67 87 -16 290 -86 209 -89 214 -129 231 -35 14 -42 15 -82 7z\"\/><path d=\"M3689 3066 c-15 -9 -33 -30 -42 -48 -48 -103 -147 -355 -147 -375 0 -98 131 -148 192 -74 13 15 57 108 97 206 80 196 84 226 37 273 -30 30 -99 39 -137 18z\"\/><path d=\"M583 2784 c-38 -19 -67 -74 -58 -113 9 -42 211 -354 242 -373 16 -10 45 -18 66 -18 51 0 107 52 107 100 0 39 -1 41 -124 234 -80 126 -108 162 -133 173 -41 17 -61 16 -100 -3z\"\/><path d=\"M4250 2784 c-14 -9 -74 -91 -133 -183 -95 -150 -107 -173 -107 -213 0 -55 33 -94 87 -104 67 -13 90 8 211 198 130 202 137 225 78 284 -27 27 -42 34 -72 34 -22 0 -50 -8 -64 -16z\"\/><path d=\"M2275 2693 c-553 -48 -1095 -270 -1585 -649 -135 -104 -459 -423 -483 -476 -23 -49 -22 -139 2 -186 73 -142 361 -457 571 -626 285 -228 642 -407 990 -497 242 -63 336 -73 660 -74 310 0 370 5 595 52 535 111 1045 392 1455 803 122 121 250 273 275 326 19 41 19 137 0 174 -41 79 -309 363 -465 492 -447 370 -946 591 -1479 653 -113 14 -422 18 -536 8z m395 -428 c171 -34 330 -124 456 -258 112 -119 167 -219 211 -378 27 -96 24 -300 -5 -401 -72 -255 -236 -447 -474 -557 -132 -62 -201 -76 -368 -76 -167 0 -236 14 -368 76 -213 98 -373 271 -451 485 -162 444 86 934 547 1084 153 49 292 57 452 25z m909 -232 c222 -123 408 -262 593 -441 76 -74 138 -139 138 -144 0 -16 -233 -242 -330 -319 -155 -123 -309 -223 -461 -299 l-81 -41 32 46 c18 26 49 83 70 128 143 306 141 649 -6 957 -25 52 -61 116 -79 142 l-34 47 45 -20 c26 -10 76 -36 113 -56z m-2057 25 c-40 -58 -105 -190 -130 -263 -110 -324 -59 -707 132 -981 25 -35 42 -64 37 -64 -19 0 -241 119 -326 174 -188 122 -406 314 -532 468 l-58 71 108 103 c185 178 428 349 672 473 66 33 121 60 123 61 2 0 -10 -19 -26 -42z\"\/><path d=\"M2375 1950 c-198 -44 -350 -190 -395 -379 -18 -76 -8 -221 19 -290 114 -284 457 -406 731 -260 98 52 188 154 231 260 27 69 37 214 19 290 -38 163 -166 304 -326 360 -67 23 -215 33 -279 19z\"\/><\/g><\/svg><\/i> <img decoding=\"async\" width=\"16\" height=\"16\" alt=\"Loading\" src=\"https:\/\/esviafm.com\/wp-content\/plugins\/page-views-count\/ajax-loader-2x.gif\" border=0 \/><\/p>\n<div class=\"pvc_clear\"><\/div>\n","protected":false},"author":5,"featured_media":0,"comment_status":"open","ping_status":"open","sticky":false,"template":"","format":"standard","meta":{"_et_pb_use_builder":"","_et_pb_old_content":"","_et_gb_content_width":"","footnotes":""},"categories":[17],"tags":[],"class_list":["post-29443","post","type-post","status-publish","format-standard","hentry","category-internacionales"],"_links":{"self":[{"href":"https:\/\/esviafm.com\/index.php\/wp-json\/wp\/v2\/posts\/29443","targetHints":{"allow":["GET"]}}],"collection":[{"href":"https:\/\/esviafm.com\/index.php\/wp-json\/wp\/v2\/posts"}],"about":[{"href":"https:\/\/esviafm.com\/index.php\/wp-json\/wp\/v2\/types\/post"}],"author":[{"embeddable":true,"href":"https:\/\/esviafm.com\/index.php\/wp-json\/wp\/v2\/users\/5"}],"replies":[{"embeddable":true,"href":"https:\/\/esviafm.com\/index.php\/wp-json\/wp\/v2\/comments?post=29443"}],"version-history":[{"count":1,"href":"https:\/\/esviafm.com\/index.php\/wp-json\/wp\/v2\/posts\/29443\/revisions"}],"predecessor-version":[{"id":29445,"href":"https:\/\/esviafm.com\/index.php\/wp-json\/wp\/v2\/posts\/29443\/revisions\/29445"}],"wp:attachment":[{"href":"https:\/\/esviafm.com\/index.php\/wp-json\/wp\/v2\/media?parent=29443"}],"wp:term":[{"taxonomy":"category","embeddable":true,"href":"https:\/\/esviafm.com\/index.php\/wp-json\/wp\/v2\/categories?post=29443"},{"taxonomy":"post_tag","embeddable":true,"href":"https:\/\/esviafm.com\/index.php\/wp-json\/wp\/v2\/tags?post=29443"}],"curies":[{"name":"wp","href":"https:\/\/api.w.org\/{rel}","templated":true}]}}