{"id":29359,"date":"2025-08-26T07:12:53","date_gmt":"2025-08-26T11:42:53","guid":{"rendered":"https:\/\/esviafm.com\/?p=29359"},"modified":"2025-08-26T07:12:53","modified_gmt":"2025-08-26T11:42:53","slug":"venezuela-refuerza-su-presencia-militar-en-la-frontera-con-colombia","status":"publish","type":"post","link":"https:\/\/esviafm.com\/index.php\/venezuela-refuerza-su-presencia-militar-en-la-frontera-con-colombia\/","title":{"rendered":"Venezuela refuerza su presencia militar en la frontera con Colombia"},"content":{"rendered":"<p>El ministro de Interior y Justicia de Venezuela,\u00a0<a title=\"https:\/\/elpais.com\/noticias\/diosdado-cabello-rondon\/\" href=\"https:\/\/elpais.com\/noticias\/diosdado-cabello-rondon\/\" rel=\"\">Diosdado Cabello<\/a>, ha anunciado este lunes un despliegue de tropas y equipos para \u201cresguardar la frontera\u201d con Colombia, en concreto en los estados Zulia y T\u00e1chira, un territorio denominado por el Gobierno chavista como \u201cZona de Paz 1\u201d. El alto funcionario habl\u00f3 del env\u00edo m\u00e1s de 15.000 hombres y mujeres de refuerzo, as\u00ed como veh\u00edculos, aeronaves, drones y otros equipamientos de seguridad y combate. Tambi\u00e9n asegur\u00f3 que desde hace varios meses est\u00e1n operando en la zona las Unidades de Reacci\u00f3n R\u00e1pida de las Fuerzas Armadas, pelotones equipados como parte del \u201csistema defensivo territorial\u201d.<\/p>\n<p class=\"\">\u201cQuien tenga relaciones con agentes de la delincuencia, con bandas criminales, que asuma su responsabilidad, que nosotros asumimos la nuestra. Si de algo puede estar seguro nuestro pueblo es de que en esa zona haremos todos los esfuerzos, y adem\u00e1s los 15.000 hombres tendr\u00e1n todo el apoyo de las fuerzas policiales. Esto es en conjunto, trabajo en equipo. Yo les garantizo que en este momento hay operativos y nosotros estamos destruyendo alg\u00fan campamento en alguna zona, que tratan de instalar quienes vienen desafortunadamente del lado colombiano\u201d, advirti\u00f3 el hombre fuerte del r\u00e9gimen de Nicol\u00e1s Maduro.<\/p>\n<p class=\"\">El chavismo ha anunciado la articulaci\u00f3n de lo que ha llamado la \u201cuni\u00f3n popular, militar y policial\u201d para enfrentar a enemigos internos y externos. Cabello ha encabezado el despliegue de estas fuerzas, as\u00ed como la creaci\u00f3n de comandos integrados de los servicios de inteligentes. Como ministro de Interior a cargo de los cuerpos policiales del pa\u00eds, y tambi\u00e9n del PSUV, lidera esta ofensiva a la par del Ministerio de Defensa. A esto se ha sumado la creaci\u00f3n de redes de vigilancia comunitaria con sus militantes.<\/p>\n<div class=\"prisa_ad | text_align_center\"><iframe id=\"google_ads_iframe_4\" class=\"i-amphtml-fill-content\" tabindex=\"0\" title=\"3rd party ad content\" role=\"region\" src=\"https:\/\/securepubads.g.doubleclick.net\/gampad\/ads?iu=%2F7811748%2Felpais_colombia_mob%2Fgoogle&amp;adk=2022073525&amp;sz=300x600%7C300x250&amp;output=html&amp;impl=ifr&amp;ifi=4&amp;msz=536x-1&amp;psz=536x-1&amp;fws=4&amp;scp=pos%3Dmpu2%26pbskey%3Damp%2CXBBYVDJTJ5D7TFZ4MQWQKJ3GOA%2Ccolombia-a%252Camerica-a%252Clatinoamerica-a%252Cvenezuela-a%252Cnicolas-maduro-a%252Cestados-unidos-a%252Cgustavo-francisco-petro-urrego-a%252Cconflicto-colombia-venezuela-a%252Cdiosdado-cabello-rondon-a%252Cgobierno-republica-colombia-a%26intowow_optimized%3Dtrue%26in2w_key16%3D-4h%2C4h3%2C4hc%26in2w_key20%3D4h3d%2C4h3s%2C4h3y%2C4hcd%2C4hcs%2C4hcy&amp;adf=3970619062&amp;nhd=0&amp;adx=526&amp;ady=2597&amp;oid=2&amp;ptt=13&amp;gdfp_req=1&amp;sfv=1-0-37&amp;u_sd=1&amp;gdpr=1&amp;gdpr_consent=CQFjmgAQFjmgAAHABBENBIFsAP_gAAAAAAAAKdNV_G__bXlr8X736ftkeY1f9_h77sQxBhfJk-4FzLvW_JwX32EzNA36tqYKmRIAu3bBIQNlGJDUTVCgaogVrzDMaE2coTtKJ6BkiFMRc2dYCF5vm4tj-QKY5vr_91d52R-t7dr83dzyz4Vnv3a9_-a1WJCdA5-tDfv_bROb-9IO9_x8v4v8_N_rE2_eT1l_tWvp7D9-ctv7_XX89_fff_9Pn_-uB_-_3wAAADEoAMAAQU6KQAYAAgp0OgAwABBTohABgACCnQSADAAEFOi0AGAAIKdA.f_wAAAAAAAAA&amp;artc=72%2C50%2C59%2C57%2C58&amp;ati=2%2C8%2C8%2C8%2C8&amp;ard=rtc-prisa-347.yieldbooster.io%2F%2Cpub.doubleverify.com%2Fsignals%2Famp-rtc%2Cprebidappnexuspsp%2Ccriteo%2Caps&amp;is_amp=3&amp;amp_v=2507172035000&amp;d_imp=1&amp;c=80005642&amp;ga_cid=amp-PRddRxHZG8Ciru0FCjuajg&amp;ga_hid=5642&amp;dt=1756208480533&amp;biw=1366&amp;bih=607&amp;u_aw=1366&amp;u_ah=728&amp;u_cd=24&amp;u_w=1366&amp;u_h=768&amp;u_tz=-240&amp;u_his=1&amp;vis=1&amp;scr_x=0&amp;scr_y=1300&amp;bc=7&amp;url=https%3A%2F%2Felpais.com%2Famerica-colombia%2F2025-08-25%2Fvenezuela-refuerza-su-presencia-militar-en-la-frontera-con-colombia.html&amp;loc=https%3A%2F%2Felpais.com%2Famerica-colombia%2F2025-08-25%2Fvenezuela-refuerza-su-presencia-militar-en-la-frontera-con-colombia.html%3FoutputType%3Damp&amp;bdt=848551&amp;uap=Windows&amp;uapv=10.0.0&amp;uaa=x86&amp;uafv=136.0.7103.114&amp;uab=64&amp;dtd=75&amp;aet=n&amp;__amp_source_origin=https%3A%2F%2Felpais.com\" name=\"{&quot;width&quot;:300,&quot;height&quot;:600,&quot;_context&quot;:{&quot;ampcontextVersion&quot;:&quot;2507172035000&quot;,&quot;ampcontextFilepath&quot;:&quot;https:\/\/3p.ampproject.net\/2507172035000\/ampcontext-v0.js&quot;,&quot;sourceUrl&quot;:&quot;https:\/\/elpais.com\/america-colombia\/2025-08-25\/venezuela-refuerza-su-presencia-militar-en-la-frontera-con-colombia.html?outputType=amp&quot;,&quot;referrer&quot;:&quot;&quot;,&quot;canonicalUrl&quot;:&quot;https:\/\/elpais.com\/america-colombia\/2025-08-25\/venezuela-refuerza-su-presencia-militar-en-la-frontera-con-colombia.html&quot;,&quot;pageViewId&quot;:&quot;5642&quot;,&quot;location&quot;:{&quot;href&quot;:&quot;https:\/\/elpais.com\/america-colombia\/2025-08-25\/venezuela-refuerza-su-presencia-militar-en-la-frontera-con-colombia.html?outputType=amp&quot;},&quot;startTime&quot;:1756208480637,&quot;tagName&quot;:&quot;AMP-AD&quot;,&quot;mode&quot;:{&quot;localDev&quot;:false,&quot;development&quot;:false,&quot;esm&quot;:false,&quot;test&quot;:false,&quot;rtvVersion&quot;:&quot;012507172035000&quot;},&quot;canary&quot;:false,&quot;hidden&quot;:false,&quot;initialLayoutRect&quot;:{&quot;left&quot;:526,&quot;top&quot;:2597,&quot;width&quot;:300,&quot;height&quot;:600},&quot;domFingerprint&quot;:&quot;3970619062&quot;,&quot;experimentToggles&quot;:{&quot;canary&quot;:false,&quot;a4aProfilingRate&quot;:false,&quot;doubleclickSraExp&quot;:false,&quot;doubleclickSraReportExcludedBlock&quot;:false,&quot;flexAdSlots&quot;:false,&quot;flexible-bitrate&quot;:false,&quot;ios-fixed-no-transfer&quot;:false,&quot;story-ad-placements&quot;:false,&quot;story-disable-animations-first-page&quot;:true,&quot;story-load-inactive-outside-viewport&quot;:true,&quot;amp-sticky-ad-to-amp-ad-v4&quot;:false,&quot;story-video-cache-apply-audio&quot;:false,&quot;amp-story-subscriptions&quot;:true,&quot;interaction-to-next-paint&quot;:true,&quot;amp-story-first-page-max-bitrate&quot;:false,&quot;story-load-first-page-only&quot;:true,&quot;story-ad-page-outlink&quot;:false,&quot;amp-geo-ssr&quot;:true,&quot;story-remote-localization&quot;:true,&quot;attribution-reporting&quot;:false},&quot;sentinel&quot;:&quot;0-3118966497101302210&quot;,&quot;initialIntersection&quot;:{&quot;time&quot;:849075.7000000001,&quot;rootBounds&quot;:{&quot;left&quot;:0,&quot;top&quot;:0,&quot;width&quot;:1366,&quot;height&quot;:607,&quot;bottom&quot;:607,&quot;right&quot;:1366,&quot;x&quot;:0,&quot;y&quot;:0},&quot;boundingClientRect&quot;:{&quot;left&quot;:526,&quot;top&quot;:1297,&quot;width&quot;:300,&quot;height&quot;:600,&quot;bottom&quot;:1897,&quot;right&quot;:826,&quot;x&quot;:526,&quot;y&quot;:1297},&quot;intersectionRect&quot;:{&quot;left&quot;:0,&quot;top&quot;:0,&quot;width&quot;:0,&quot;height&quot;:0,&quot;bottom&quot;:0,&quot;right&quot;:0,&quot;x&quot;:0,&quot;y&quot;:0},&quot;intersectionRatio&quot;:0}}}\" width=\"300\" height=\"600\" frameborder=\"0\" marginwidth=\"0\" marginheight=\"0\" scrolling=\"no\" allowfullscreen=\"allowfullscreen\" aria-label=\"Advertisement\" data-amp-3p-sentinel=\"0-3118966497101302210\" data-mce-fragment=\"1\"><\/iframe><\/div>\n<p class=\"\">Cabello resalt\u00f3 la colaboraci\u00f3n del Gobierno colombiano e inst\u00f3 a que de su lado de la frontera hagan lo propio para asegurar la paz en todo el eje y desalojar a quien quiera cometer delitos en esa zona. \u201cSe les dijo de las operaciones que vamos a hacer y mostraron su agrado. Es parte de tener un vecino con el cual t\u00fa puedes hablar\u201d. Este mismo lunes, el presidente colombiano Gustavo Petro afirmaba en X que no existe el cartel de los soles, la organizaci\u00f3n ilegal de mandos militares venezolanos que Estados Unidos acusa de narcotr\u00e1fico. \u201cEs la excusa ficticia de la extrema derecha para derribar gobiernos que no les obedecen\u201d, escribi\u00f3.<\/p>\n<p class=\"\">Estas medidas siguen al alistamiento de milicianos que convoc\u00f3 el chavismo durante el fin de semana, como respuesta a la movilizaci\u00f3n de buques estadounidenses al Caribe. La naci\u00f3n del norte ha argumentado que se trata de un operativo que es parte de su pol\u00edtica contra el narcotr\u00e1fico y que la hace en el marco del ejercicio militar Unitas, planificado para el 15 de noviembre con pa\u00edses de Europa y Am\u00e9rica Latina. Este despliegue, sumado a las declaraciones y se\u00f1alamientos desde Washington contra el Gobierno chavista, al que acusan de estar involucrado en redes il\u00edcitas, han aumentado las tensiones geopol\u00edticas en la regi\u00f3n.<\/p>\n<p class=\"\">El mes pasado, los Gobiernos de Maduro y Petro firmaron un memorando de entendimiento para crear la primera zona econ\u00f3mica binacional justo en la regi\u00f3n del despliegue militar anunciado este lunes y que supondr\u00eda tambi\u00e9n el establecimiento de acciones conjuntas para mejorar la seguridad. \u201cVamos a incrementar las inversiones binacionales y las inversiones internacionales, los chinos, los indios, los rusos y los turcos est\u00e1n interesados. Adem\u00e1s, vamos a combatir junto a las Fuerzas Militares y Policiales de Colombia a las mafias\u201d, declar\u00f3 el presidente de Venezuela tras la firma del convenio.<\/p>\n<p class=\"\">En la vecina Colombia, las acciones ordenadas por Trump se han rese\u00f1ado como el despliegue militar m\u00e1s grande de Estados Unidos en el Caribe desde la invasi\u00f3n a Panam\u00e1, lo que ha provocado todo tipo de especulaciones. La pregunta sobre hasta donde puede estar dispuesto a llegar el presidente republicano sobrevuela las conversaciones en un pa\u00eds que ya comienza a adentrarse en su propia campa\u00f1a de cara a las elecciones del 2026. Hace apenas unas semanas, ya hab\u00eda causado revuelo el anuncio de la zona binacional. El Gobierno de Petro se hab\u00eda apresurado en aclarar que esa iniciativa no tiene prop\u00f3sitos militares de ning\u00fan tipo, despu\u00e9s de que Maduro lo hab\u00eda dado a entender.<\/p>\n<p class=\"\">\u201cLa presi\u00f3n sobre la dictadura venezolana es hoy m\u00e1s evidente que nunca y que lo ideal ser\u00eda que este movimiento precipitara una dimisi\u00f3n que libere al pueblo venezolano de la opresi\u00f3n de un sistema que ha desangrado al pa\u00eds, arrasado con su econom\u00eda y expulsado a m\u00e1s de siete millones de ciudadanos al exilio\u201d, apuntaba este lunes el peri\u00f3dico\u00a0<i>El Tiempo<\/i>, antes de que se conociera el anuncio de Cabello. \u201cLa zona binacional con Venezuela que el Gobierno de Gustavo Petro present\u00f3 como un mecanismo de cooperaci\u00f3n econ\u00f3mica y social \u2013y que ya era objeto de controversia\u2013 con este nuevo contexto se vuelve todav\u00eda m\u00e1s problem\u00e1tica\u201d, valoraba en su editorial.<\/p>\n<p class=\"\">Mientras el Gobierno no ha mostrado ninguna reacci\u00f3n al anuncio de Cabello, la oposici\u00f3n de derechas, que suele criticar el restablecimiento de relaciones con Caracas, ha celebrado sin timidez la designaci\u00f3n del cartel de los soles como una organizaci\u00f3n terrorista por parte de la Administraci\u00f3n Trump. \u201cEste entramado criminal no solo ha protegido y promovido la expansi\u00f3n del grupo delincuencial transnacional Tren de Aragua, sino que adem\u00e1s ha brindado amparo a las organizaciones narcoterroristas FARC y ELN\u201d, se\u00f1alaba tambi\u00e9n este mismo lunes el Grupo Democracia y Libertad, que congrega a una docena de expresidentes conservadores de Espa\u00f1a y Am\u00e9rica Latina, al que pertenece Iv\u00e1n Duque. El antecesor de Petro fue en su d\u00eda el principal promotor del fallido \u201ccerco diplom\u00e1tico\u201d sobre el heredero de Hugo Ch\u00e1vez.<\/p>\n<div class=\"a_c clearfix\" data-dtm-region=\"articulo_cuerpo\">\n<p class=\"\">Las voces m\u00e1s cr\u00edticas se han dejado sentir, mientras que Bogot\u00e1 se enfoca en un esfuerzo diplom\u00e1tico por evitar una temida descertificaci\u00f3n de la Casa Blanca en la lucha antinarc\u00f3ticos. Es probablemente el momento en que m\u00e1s costoso puede salir cualquier acercamiento a Caracas. Hace pocos d\u00edas,\u00a0<a title=\"https:\/\/elpais.com\/america-colombia\/2025-08-15\/dos-senadores-de-estados-unidos-advierten-sobre-los-riesgos-de-una-descertificacion-para-colombia.html\" href=\"https:\/\/elpais.com\/america-colombia\/2025-08-15\/dos-senadores-de-estados-unidos-advierten-sobre-los-riesgos-de-una-descertificacion-para-colombia.html\" rel=\"\">el senador colombo-estadounidense Bernie Moreno<\/a>, de visita en Colombia y cercano Trump, se aventur\u00f3 a vaticinar que Maduro no estar\u00e1 en el poder para diciembre. \u201cNo toleraremos a un narcoterrorista que inflija da\u00f1o a los Estados Unidos. Trataremos a los terroristas como Estados Unidos los ha tratado en el pasado\u201d, subray\u00f3 en un evento empresarial en Cartagena, al recordar que Washington ha ofrecido una nueva recompensa de 50 millones de d\u00f3lares por su captura. Al d\u00eda siguiente se reuni\u00f3 con Petro en Bogot\u00e1.<\/p>\n<\/div>\n<div class=\"prisa_ad | text_align_center\"><\/div>\n<div class=\"pvc_clear\"><\/div>\n<p id=\"pvc_stats_29359\" class=\"pvc_stats all  \" data-element-id=\"29359\" style=\"\"><i class=\"pvc-stats-icon large\" aria-hidden=\"true\"><svg xmlns=\"http:\/\/www.w3.org\/2000\/svg\" version=\"1.0\" viewBox=\"0 0 502 315\" preserveAspectRatio=\"xMidYMid meet\"><g transform=\"translate(0,332) scale(0.1,-0.1)\" fill=\"\" stroke=\"none\"><path d=\"M2394 3279 l-29 -30 -3 -207 c-2 -182 0 -211 15 -242 39 -76 157 -76 196 0 15 31 17 60 15 243 l-3 209 -33 29 c-26 23 -41 29 -80 29 -41 0 -53 -5 -78 -31z\"\/><path d=\"M3085 3251 c-45 -19 -58 -50 -96 -229 -47 -217 -49 -260 -13 -295 52 -53 146 -42 177 20 16 31 87 366 87 410 0 70 -86 122 -155 94z\"\/><path d=\"M1751 3234 c-13 -9 -29 -31 -37 -50 -12 -29 -10 -49 21 -204 19 -94 39 -189 45 -210 14 -50 54 -80 110 -80 34 0 48 6 76 34 21 21 34 44 34 59 0 14 -18 113 -40 219 -37 178 -43 195 -70 221 -36 32 -101 37 -139 11z\"\/><path d=\"M1163 3073 c-36 -7 -73 -59 -73 -102 0 -56 133 -378 171 -413 34 -32 83 -37 129 -13 70 36 67 87 -16 290 -86 209 -89 214 -129 231 -35 14 -42 15 -82 7z\"\/><path d=\"M3689 3066 c-15 -9 -33 -30 -42 -48 -48 -103 -147 -355 -147 -375 0 -98 131 -148 192 -74 13 15 57 108 97 206 80 196 84 226 37 273 -30 30 -99 39 -137 18z\"\/><path d=\"M583 2784 c-38 -19 -67 -74 -58 -113 9 -42 211 -354 242 -373 16 -10 45 -18 66 -18 51 0 107 52 107 100 0 39 -1 41 -124 234 -80 126 -108 162 -133 173 -41 17 -61 16 -100 -3z\"\/><path d=\"M4250 2784 c-14 -9 -74 -91 -133 -183 -95 -150 -107 -173 -107 -213 0 -55 33 -94 87 -104 67 -13 90 8 211 198 130 202 137 225 78 284 -27 27 -42 34 -72 34 -22 0 -50 -8 -64 -16z\"\/><path d=\"M2275 2693 c-553 -48 -1095 -270 -1585 -649 -135 -104 -459 -423 -483 -476 -23 -49 -22 -139 2 -186 73 -142 361 -457 571 -626 285 -228 642 -407 990 -497 242 -63 336 -73 660 -74 310 0 370 5 595 52 535 111 1045 392 1455 803 122 121 250 273 275 326 19 41 19 137 0 174 -41 79 -309 363 -465 492 -447 370 -946 591 -1479 653 -113 14 -422 18 -536 8z m395 -428 c171 -34 330 -124 456 -258 112 -119 167 -219 211 -378 27 -96 24 -300 -5 -401 -72 -255 -236 -447 -474 -557 -132 -62 -201 -76 -368 -76 -167 0 -236 14 -368 76 -213 98 -373 271 -451 485 -162 444 86 934 547 1084 153 49 292 57 452 25z m909 -232 c222 -123 408 -262 593 -441 76 -74 138 -139 138 -144 0 -16 -233 -242 -330 -319 -155 -123 -309 -223 -461 -299 l-81 -41 32 46 c18 26 49 83 70 128 143 306 141 649 -6 957 -25 52 -61 116 -79 142 l-34 47 45 -20 c26 -10 76 -36 113 -56z m-2057 25 c-40 -58 -105 -190 -130 -263 -110 -324 -59 -707 132 -981 25 -35 42 -64 37 -64 -19 0 -241 119 -326 174 -188 122 -406 314 -532 468 l-58 71 108 103 c185 178 428 349 672 473 66 33 121 60 123 61 2 0 -10 -19 -26 -42z\"\/><path d=\"M2375 1950 c-198 -44 -350 -190 -395 -379 -18 -76 -8 -221 19 -290 114 -284 457 -406 731 -260 98 52 188 154 231 260 27 69 37 214 19 290 -38 163 -166 304 -326 360 -67 23 -215 33 -279 19z\"\/><\/g><\/svg><\/i> <img decoding=\"async\" width=\"16\" height=\"16\" alt=\"Loading\" src=\"https:\/\/esviafm.com\/wp-content\/plugins\/page-views-count\/ajax-loader-2x.gif\" border=0 \/><\/p>\n<div class=\"pvc_clear\"><\/div>\n","protected":false},"excerpt":{"rendered":"<p>El ministro de Interior y Justicia de Venezuela,\u00a0Diosdado Cabello, ha anunciado este lunes un despliegue de tropas y equipos para \u201cresguardar la frontera\u201d con Colombia, en concreto en los estados Zulia y T\u00e1chira, un territorio denominado por el Gobierno chavista como \u201cZona de Paz 1\u201d. El alto funcionario habl\u00f3 del env\u00edo m\u00e1s de 15.000 hombres [&hellip;]<\/p>\n<div class=\"pvc_clear\"><\/div>\n<p id=\"pvc_stats_29359\" class=\"pvc_stats all  \" data-element-id=\"29359\" style=\"\"><i class=\"pvc-stats-icon large\" aria-hidden=\"true\"><svg xmlns=\"http:\/\/www.w3.org\/2000\/svg\" version=\"1.0\" viewBox=\"0 0 502 315\" preserveAspectRatio=\"xMidYMid meet\"><g transform=\"translate(0,332) scale(0.1,-0.1)\" fill=\"\" stroke=\"none\"><path d=\"M2394 3279 l-29 -30 -3 -207 c-2 -182 0 -211 15 -242 39 -76 157 -76 196 0 15 31 17 60 15 243 l-3 209 -33 29 c-26 23 -41 29 -80 29 -41 0 -53 -5 -78 -31z\"\/><path d=\"M3085 3251 c-45 -19 -58 -50 -96 -229 -47 -217 -49 -260 -13 -295 52 -53 146 -42 177 20 16 31 87 366 87 410 0 70 -86 122 -155 94z\"\/><path d=\"M1751 3234 c-13 -9 -29 -31 -37 -50 -12 -29 -10 -49 21 -204 19 -94 39 -189 45 -210 14 -50 54 -80 110 -80 34 0 48 6 76 34 21 21 34 44 34 59 0 14 -18 113 -40 219 -37 178 -43 195 -70 221 -36 32 -101 37 -139 11z\"\/><path d=\"M1163 3073 c-36 -7 -73 -59 -73 -102 0 -56 133 -378 171 -413 34 -32 83 -37 129 -13 70 36 67 87 -16 290 -86 209 -89 214 -129 231 -35 14 -42 15 -82 7z\"\/><path d=\"M3689 3066 c-15 -9 -33 -30 -42 -48 -48 -103 -147 -355 -147 -375 0 -98 131 -148 192 -74 13 15 57 108 97 206 80 196 84 226 37 273 -30 30 -99 39 -137 18z\"\/><path d=\"M583 2784 c-38 -19 -67 -74 -58 -113 9 -42 211 -354 242 -373 16 -10 45 -18 66 -18 51 0 107 52 107 100 0 39 -1 41 -124 234 -80 126 -108 162 -133 173 -41 17 -61 16 -100 -3z\"\/><path d=\"M4250 2784 c-14 -9 -74 -91 -133 -183 -95 -150 -107 -173 -107 -213 0 -55 33 -94 87 -104 67 -13 90 8 211 198 130 202 137 225 78 284 -27 27 -42 34 -72 34 -22 0 -50 -8 -64 -16z\"\/><path d=\"M2275 2693 c-553 -48 -1095 -270 -1585 -649 -135 -104 -459 -423 -483 -476 -23 -49 -22 -139 2 -186 73 -142 361 -457 571 -626 285 -228 642 -407 990 -497 242 -63 336 -73 660 -74 310 0 370 5 595 52 535 111 1045 392 1455 803 122 121 250 273 275 326 19 41 19 137 0 174 -41 79 -309 363 -465 492 -447 370 -946 591 -1479 653 -113 14 -422 18 -536 8z m395 -428 c171 -34 330 -124 456 -258 112 -119 167 -219 211 -378 27 -96 24 -300 -5 -401 -72 -255 -236 -447 -474 -557 -132 -62 -201 -76 -368 -76 -167 0 -236 14 -368 76 -213 98 -373 271 -451 485 -162 444 86 934 547 1084 153 49 292 57 452 25z m909 -232 c222 -123 408 -262 593 -441 76 -74 138 -139 138 -144 0 -16 -233 -242 -330 -319 -155 -123 -309 -223 -461 -299 l-81 -41 32 46 c18 26 49 83 70 128 143 306 141 649 -6 957 -25 52 -61 116 -79 142 l-34 47 45 -20 c26 -10 76 -36 113 -56z m-2057 25 c-40 -58 -105 -190 -130 -263 -110 -324 -59 -707 132 -981 25 -35 42 -64 37 -64 -19 0 -241 119 -326 174 -188 122 -406 314 -532 468 l-58 71 108 103 c185 178 428 349 672 473 66 33 121 60 123 61 2 0 -10 -19 -26 -42z\"\/><path d=\"M2375 1950 c-198 -44 -350 -190 -395 -379 -18 -76 -8 -221 19 -290 114 -284 457 -406 731 -260 98 52 188 154 231 260 27 69 37 214 19 290 -38 163 -166 304 -326 360 -67 23 -215 33 -279 19z\"\/><\/g><\/svg><\/i> <img decoding=\"async\" width=\"16\" height=\"16\" alt=\"Loading\" src=\"https:\/\/esviafm.com\/wp-content\/plugins\/page-views-count\/ajax-loader-2x.gif\" border=0 \/><\/p>\n<div class=\"pvc_clear\"><\/div>\n","protected":false},"author":5,"featured_media":0,"comment_status":"open","ping_status":"open","sticky":false,"template":"","format":"standard","meta":{"_et_pb_use_builder":"","_et_pb_old_content":"","_et_gb_content_width":"","footnotes":""},"categories":[17],"tags":[],"class_list":["post-29359","post","type-post","status-publish","format-standard","hentry","category-internacionales"],"_links":{"self":[{"href":"https:\/\/esviafm.com\/index.php\/wp-json\/wp\/v2\/posts\/29359","targetHints":{"allow":["GET"]}}],"collection":[{"href":"https:\/\/esviafm.com\/index.php\/wp-json\/wp\/v2\/posts"}],"about":[{"href":"https:\/\/esviafm.com\/index.php\/wp-json\/wp\/v2\/types\/post"}],"author":[{"embeddable":true,"href":"https:\/\/esviafm.com\/index.php\/wp-json\/wp\/v2\/users\/5"}],"replies":[{"embeddable":true,"href":"https:\/\/esviafm.com\/index.php\/wp-json\/wp\/v2\/comments?post=29359"}],"version-history":[{"count":1,"href":"https:\/\/esviafm.com\/index.php\/wp-json\/wp\/v2\/posts\/29359\/revisions"}],"predecessor-version":[{"id":29362,"href":"https:\/\/esviafm.com\/index.php\/wp-json\/wp\/v2\/posts\/29359\/revisions\/29362"}],"wp:attachment":[{"href":"https:\/\/esviafm.com\/index.php\/wp-json\/wp\/v2\/media?parent=29359"}],"wp:term":[{"taxonomy":"category","embeddable":true,"href":"https:\/\/esviafm.com\/index.php\/wp-json\/wp\/v2\/categories?post=29359"},{"taxonomy":"post_tag","embeddable":true,"href":"https:\/\/esviafm.com\/index.php\/wp-json\/wp\/v2\/tags?post=29359"}],"curies":[{"name":"wp","href":"https:\/\/api.w.org\/{rel}","templated":true}]}}