{"id":29356,"date":"2025-08-26T07:09:14","date_gmt":"2025-08-26T11:39:14","guid":{"rendered":"https:\/\/esviafm.com\/?p=29356"},"modified":"2025-08-26T07:09:14","modified_gmt":"2025-08-26T11:39:14","slug":"petro-dice-que-el-cartel-de-los-soles-no-existe-en-medio-de-la-tension-entre-ee-uu-y-venezuela","status":"publish","type":"post","link":"https:\/\/esviafm.com\/index.php\/petro-dice-que-el-cartel-de-los-soles-no-existe-en-medio-de-la-tension-entre-ee-uu-y-venezuela\/","title":{"rendered":"Petro dice que el Cartel de los Soles \u201cno existe\u201d en medio de la tensi\u00f3n entre EE.UU. y Venezuela"},"content":{"rendered":"<p class=\"paragraph inline-placeholder vossi-paragraph\" data-uri=\"es.cms.cnn.com\/_components\/paragraph\/instances\/cmerq62jg000r2cp100qdfwwk@published\" data-editable=\"text\" data-component-name=\"paragraph\" data-article-gutter=\"true\">En medio de las crecientes tensiones entre Estados Unidos y Venezuela, el presidente de Colombia, Gustavo Petro, neg\u00f3 la existencia del Cartel de los Soles, un presunto grupo criminal acusado por Washington de infiltrar el poder en Caracas desde los a\u00f1os noventa para enviar drogas hacia su territorio.<\/p>\n<p class=\"paragraph inline-placeholder vossi-paragraph\" data-uri=\"es.cms.cnn.com\/_components\/paragraph\/instances\/cmerqajn40007356ntzj6htbf@published\" data-editable=\"text\" data-component-name=\"paragraph\" data-article-gutter=\"true\">\u201cEl cartel de los soles no existe, es la excusa ficticia de la extrema derecha para derribar gobiernos que no les obedecen\u201d,\u00a0<a href=\"https:\/\/x.com\/petrogustavo\/status\/1959991404450488658\" target=\"_blank\" rel=\"noopener\">escribi\u00f3\u00a0<\/a>el mandatario este lunes en su cuenta de X.<\/p>\n<p class=\"paragraph inline-placeholder vossi-paragraph\" data-uri=\"es.cms.cnn.com\/_components\/paragraph\/instances\/cmerqhkvc000a356ns53px0r2@published\" data-editable=\"text\" data-component-name=\"paragraph\" data-article-gutter=\"true\">Seg\u00fan Petro, la verdadera estructura que controla el tr\u00e1fico de coca\u00edna en la regi\u00f3n es una organizaci\u00f3n m\u00e1s amplia que \u00e9l llama \u201cla Junta del narcotr\u00e1fico\u201d y que dice est\u00e1 integrada por capos que operan desde Europa y Medio Oriente.<\/p>\n<div class=\"related-content related-content--video\" data-uri=\"es.cms.cnn.com\/_components\/related-content\/instances\/cmerws9vl0009356nu92hjy9m@published\" data-component-name=\"related-content\" data-article-gutter=\"true\">\n<div class=\"related-content__image image__related-content\">\n<div class=\"image image__hide-placeholder image--eq-extra-small\" data-uri=\"es.cms.cnn.com\/_components\/image\/instances\/cmergj8y200gl27pc5quc2v5b@published\" data-image-variation=\"image\" data-name=\"GettyImages-2231358549.jpg\" data-component-name=\"image\" data-observe-resizes=\"\" data-breakpoints=\"{&quot;image--eq-extra-small&quot;: 115, &quot;image--eq-small&quot;: 300, &quot;image--eq-large&quot;: 660}\" data-original-ratio=\"0.6663636363636364\" data-original-height=\"1466\" data-original-width=\"2200\" data-url=\"https:\/\/media.cnn.com\/api\/v1\/images\/stellar\/prod\/gettyimages-2231358549.jpg?c=original\" data-editable=\"settings\">\n<div class=\"image__container \" data-image-variation=\"image\" data-breakpoints=\"{&quot;image--eq-extra-small&quot;: 115, &quot;image--eq-small&quot;: 300, &quot;image--show-credits&quot;: 525}\"><picture class=\"image__picture\"><img fetchpriority=\"high\" fetchpriority=\"high\" decoding=\"async\" class=\"image__dam-img\" src=\"https:\/\/media.cnn.com\/api\/v1\/images\/stellar\/prod\/gettyimages-2231358549.jpg?c=16x9&amp;q=h_144,w_256,c_fill\" alt=\"Venezuela's Minister of Interior Relations, Justice, and Peace, Diosdado Cabello, speaks during a press conference in Caracas on August 25, 2025. Venezuela announced on August 25, 2025, the deployment of 15,000 security personnel to the border with Colombia for anti-narcotics operations, at a time when the United States is accusing President Nicol\u00e1s Maduro of leading a drug cartel. (Photo by Juan BARRETO \/ AFP) (Photo by JUAN BARRETO\/AFP via Getty Images)          \" width=\"2200\" height=\"1466\" \/><\/picture><\/div>\n<\/div>\n<\/div>\n<\/div>\n<p class=\"paragraph inline-placeholder vossi-paragraph\" data-uri=\"es.cms.cnn.com\/_components\/paragraph\/instances\/cmerwph240000356n6emhje4k@published\" data-editable=\"text\" data-component-name=\"paragraph\" data-article-gutter=\"true\">Hace unos d\u00edas, tras los atentados ocurridos\u00a0<a href=\"https:\/\/cnnespanol.cnn.com\/2025\/08\/22\/colombia\/colombia-ataques-impacto-gobierno-analisis-petro-orix\">en Amalfi y Cali<\/a>, el presidente de Colombia dijo que la \u201cJunta del narcotr\u00e1fico\u201d opera a nivel internacional como \u201cuna confederaci\u00f3n de mafias\u201d, y pidi\u00f3 que estos grupos sean declarados organizaciones terroristas, lo que permitir\u00eda perseguirlos en cualquier lugar del mundo, incluida Bogot\u00e1.<\/p>\n<p class=\"paragraph inline-placeholder vossi-paragraph\" data-uri=\"es.cms.cnn.com\/_components\/paragraph\/instances\/cmerwqegv0005356n4f6l8rbh@published\" data-editable=\"text\" data-component-name=\"paragraph\" data-article-gutter=\"true\">CNN contact\u00f3 a la Canciller\u00eda de Venezuela, al Departamento de Justicia y al Departamento de Estado de EE.UU. para solicitar comentarios sobre las declaraciones de Petro y est\u00e1 a la espera de una respuesta.<\/p>\n<p class=\"paragraph inline-placeholder vossi-paragraph\" data-uri=\"es.cms.cnn.com\/_components\/paragraph\/instances\/cmerrurtb0000356niidnrj47@published\" data-editable=\"text\" data-component-name=\"paragraph\" data-article-gutter=\"true\">EE.UU.\u00a0<a href=\"https:\/\/cnnespanol.cnn.com\/2025\/07\/26\/eeuu\/eeuu-cartel-soles-organizacion-terrorista-orix\">design\u00f3\u00a0<\/a>recientemente al Cartel de los Soles como una organizaci\u00f3n terrorista internacional. De acuerdo con el Departamento del Tesoro, este presunto grupo criminal que habr\u00eda infiltrado los niveles m\u00e1s altos del poder pol\u00edtico, militar y judicial en Venezuela desde finales de los a\u00f1os noventa para enviar drogas hacia el pa\u00eds.<\/p>\n<p class=\"paragraph inline-placeholder vossi-paragraph\" data-uri=\"es.cms.cnn.com\/_components\/paragraph\/instances\/cmerrws190004356nnq6u2xyr@published\" data-editable=\"text\" data-component-name=\"paragraph\" data-article-gutter=\"true\">Desde Caracas, altos funcionarios han rechazado las acusaciones. Diosdado Cabello Rond\u00f3n, ministro de Interior, Justicia y Paz de Venezuela,\u00a0<a href=\"https:\/\/www.instagram.com\/reel\/DNGHSmJs0us\/\" target=\"_blank\" rel=\"noopener\">ha dicho<\/a>\u00a0que el Cartel de los Soles es un \u201cinvento\u201d de Estados Unidos y \u201cuna gran mentira para manipular\u201d.<\/p>\n<p class=\"paragraph inline-placeholder vossi-paragraph\" data-uri=\"es.cms.cnn.com\/_components\/paragraph\/instances\/cmers0i3v000a356nuhc38kgv@published\" data-editable=\"text\" data-component-name=\"paragraph\" data-article-gutter=\"true\">En su publicaci\u00f3n de este lunes, Petro\u00a0<a href=\"https:\/\/x.com\/petrogustavo\/status\/1959991404450488658\" target=\"_blank\" rel=\"noopener\">asegur\u00f3\u00a0<\/a>haber propuesto a Estados Unidos y a Venezuela una estrategia conjunta para combatir el narcotr\u00e1fico en la regi\u00f3n. \u201cEs coordinar y no someter\u201d, dijo.<\/p>\n<p class=\"paragraph inline-placeholder vossi-paragraph\" data-uri=\"es.cms.cnn.com\/_components\/paragraph\/instances\/cmerso588000t356n9rzgru0j@published\" data-editable=\"text\" data-component-name=\"paragraph\" data-article-gutter=\"true\">Adem\u00e1s, dijo que \u201cel problema pol\u00edtico de Venezuela se resuelve entre los venezolanos mismos y hablando y con m\u00e1s democracia\u201d.<\/p>\n<p class=\"paragraph inline-placeholder vossi-paragraph\" data-uri=\"es.cms.cnn.com\/_components\/paragraph\/instances\/cmerrxurr0007356n412x3roi@published\" data-editable=\"text\" data-component-name=\"paragraph\" data-article-gutter=\"true\">Los comentarios de Petro llegan en medio de las crecientes tensiones militares y pol\u00edticas entre Washington y Caracas.<\/p>\n<div class=\"pvc_clear\"><\/div>\n<p id=\"pvc_stats_29356\" class=\"pvc_stats all  \" data-element-id=\"29356\" style=\"\"><i class=\"pvc-stats-icon large\" aria-hidden=\"true\"><svg xmlns=\"http:\/\/www.w3.org\/2000\/svg\" version=\"1.0\" viewBox=\"0 0 502 315\" preserveAspectRatio=\"xMidYMid meet\"><g transform=\"translate(0,332) scale(0.1,-0.1)\" fill=\"\" stroke=\"none\"><path d=\"M2394 3279 l-29 -30 -3 -207 c-2 -182 0 -211 15 -242 39 -76 157 -76 196 0 15 31 17 60 15 243 l-3 209 -33 29 c-26 23 -41 29 -80 29 -41 0 -53 -5 -78 -31z\"\/><path d=\"M3085 3251 c-45 -19 -58 -50 -96 -229 -47 -217 -49 -260 -13 -295 52 -53 146 -42 177 20 16 31 87 366 87 410 0 70 -86 122 -155 94z\"\/><path d=\"M1751 3234 c-13 -9 -29 -31 -37 -50 -12 -29 -10 -49 21 -204 19 -94 39 -189 45 -210 14 -50 54 -80 110 -80 34 0 48 6 76 34 21 21 34 44 34 59 0 14 -18 113 -40 219 -37 178 -43 195 -70 221 -36 32 -101 37 -139 11z\"\/><path d=\"M1163 3073 c-36 -7 -73 -59 -73 -102 0 -56 133 -378 171 -413 34 -32 83 -37 129 -13 70 36 67 87 -16 290 -86 209 -89 214 -129 231 -35 14 -42 15 -82 7z\"\/><path d=\"M3689 3066 c-15 -9 -33 -30 -42 -48 -48 -103 -147 -355 -147 -375 0 -98 131 -148 192 -74 13 15 57 108 97 206 80 196 84 226 37 273 -30 30 -99 39 -137 18z\"\/><path d=\"M583 2784 c-38 -19 -67 -74 -58 -113 9 -42 211 -354 242 -373 16 -10 45 -18 66 -18 51 0 107 52 107 100 0 39 -1 41 -124 234 -80 126 -108 162 -133 173 -41 17 -61 16 -100 -3z\"\/><path d=\"M4250 2784 c-14 -9 -74 -91 -133 -183 -95 -150 -107 -173 -107 -213 0 -55 33 -94 87 -104 67 -13 90 8 211 198 130 202 137 225 78 284 -27 27 -42 34 -72 34 -22 0 -50 -8 -64 -16z\"\/><path d=\"M2275 2693 c-553 -48 -1095 -270 -1585 -649 -135 -104 -459 -423 -483 -476 -23 -49 -22 -139 2 -186 73 -142 361 -457 571 -626 285 -228 642 -407 990 -497 242 -63 336 -73 660 -74 310 0 370 5 595 52 535 111 1045 392 1455 803 122 121 250 273 275 326 19 41 19 137 0 174 -41 79 -309 363 -465 492 -447 370 -946 591 -1479 653 -113 14 -422 18 -536 8z m395 -428 c171 -34 330 -124 456 -258 112 -119 167 -219 211 -378 27 -96 24 -300 -5 -401 -72 -255 -236 -447 -474 -557 -132 -62 -201 -76 -368 -76 -167 0 -236 14 -368 76 -213 98 -373 271 -451 485 -162 444 86 934 547 1084 153 49 292 57 452 25z m909 -232 c222 -123 408 -262 593 -441 76 -74 138 -139 138 -144 0 -16 -233 -242 -330 -319 -155 -123 -309 -223 -461 -299 l-81 -41 32 46 c18 26 49 83 70 128 143 306 141 649 -6 957 -25 52 -61 116 -79 142 l-34 47 45 -20 c26 -10 76 -36 113 -56z m-2057 25 c-40 -58 -105 -190 -130 -263 -110 -324 -59 -707 132 -981 25 -35 42 -64 37 -64 -19 0 -241 119 -326 174 -188 122 -406 314 -532 468 l-58 71 108 103 c185 178 428 349 672 473 66 33 121 60 123 61 2 0 -10 -19 -26 -42z\"\/><path d=\"M2375 1950 c-198 -44 -350 -190 -395 -379 -18 -76 -8 -221 19 -290 114 -284 457 -406 731 -260 98 52 188 154 231 260 27 69 37 214 19 290 -38 163 -166 304 -326 360 -67 23 -215 33 -279 19z\"\/><\/g><\/svg><\/i> <img decoding=\"async\" width=\"16\" height=\"16\" alt=\"Loading\" src=\"https:\/\/esviafm.com\/wp-content\/plugins\/page-views-count\/ajax-loader-2x.gif\" border=0 \/><\/p>\n<div class=\"pvc_clear\"><\/div>\n","protected":false},"excerpt":{"rendered":"<p>En medio de las crecientes tensiones entre Estados Unidos y Venezuela, el presidente de Colombia, Gustavo Petro, neg\u00f3 la existencia del Cartel de los Soles, un presunto grupo criminal acusado por Washington de infiltrar el poder en Caracas desde los a\u00f1os noventa para enviar drogas hacia su territorio. \u201cEl cartel de los soles no existe, [&hellip;]<\/p>\n<div class=\"pvc_clear\"><\/div>\n<p id=\"pvc_stats_29356\" class=\"pvc_stats all  \" data-element-id=\"29356\" style=\"\"><i class=\"pvc-stats-icon large\" aria-hidden=\"true\"><svg xmlns=\"http:\/\/www.w3.org\/2000\/svg\" version=\"1.0\" viewBox=\"0 0 502 315\" preserveAspectRatio=\"xMidYMid meet\"><g transform=\"translate(0,332) scale(0.1,-0.1)\" fill=\"\" stroke=\"none\"><path d=\"M2394 3279 l-29 -30 -3 -207 c-2 -182 0 -211 15 -242 39 -76 157 -76 196 0 15 31 17 60 15 243 l-3 209 -33 29 c-26 23 -41 29 -80 29 -41 0 -53 -5 -78 -31z\"\/><path d=\"M3085 3251 c-45 -19 -58 -50 -96 -229 -47 -217 -49 -260 -13 -295 52 -53 146 -42 177 20 16 31 87 366 87 410 0 70 -86 122 -155 94z\"\/><path d=\"M1751 3234 c-13 -9 -29 -31 -37 -50 -12 -29 -10 -49 21 -204 19 -94 39 -189 45 -210 14 -50 54 -80 110 -80 34 0 48 6 76 34 21 21 34 44 34 59 0 14 -18 113 -40 219 -37 178 -43 195 -70 221 -36 32 -101 37 -139 11z\"\/><path d=\"M1163 3073 c-36 -7 -73 -59 -73 -102 0 -56 133 -378 171 -413 34 -32 83 -37 129 -13 70 36 67 87 -16 290 -86 209 -89 214 -129 231 -35 14 -42 15 -82 7z\"\/><path d=\"M3689 3066 c-15 -9 -33 -30 -42 -48 -48 -103 -147 -355 -147 -375 0 -98 131 -148 192 -74 13 15 57 108 97 206 80 196 84 226 37 273 -30 30 -99 39 -137 18z\"\/><path d=\"M583 2784 c-38 -19 -67 -74 -58 -113 9 -42 211 -354 242 -373 16 -10 45 -18 66 -18 51 0 107 52 107 100 0 39 -1 41 -124 234 -80 126 -108 162 -133 173 -41 17 -61 16 -100 -3z\"\/><path d=\"M4250 2784 c-14 -9 -74 -91 -133 -183 -95 -150 -107 -173 -107 -213 0 -55 33 -94 87 -104 67 -13 90 8 211 198 130 202 137 225 78 284 -27 27 -42 34 -72 34 -22 0 -50 -8 -64 -16z\"\/><path d=\"M2275 2693 c-553 -48 -1095 -270 -1585 -649 -135 -104 -459 -423 -483 -476 -23 -49 -22 -139 2 -186 73 -142 361 -457 571 -626 285 -228 642 -407 990 -497 242 -63 336 -73 660 -74 310 0 370 5 595 52 535 111 1045 392 1455 803 122 121 250 273 275 326 19 41 19 137 0 174 -41 79 -309 363 -465 492 -447 370 -946 591 -1479 653 -113 14 -422 18 -536 8z m395 -428 c171 -34 330 -124 456 -258 112 -119 167 -219 211 -378 27 -96 24 -300 -5 -401 -72 -255 -236 -447 -474 -557 -132 -62 -201 -76 -368 -76 -167 0 -236 14 -368 76 -213 98 -373 271 -451 485 -162 444 86 934 547 1084 153 49 292 57 452 25z m909 -232 c222 -123 408 -262 593 -441 76 -74 138 -139 138 -144 0 -16 -233 -242 -330 -319 -155 -123 -309 -223 -461 -299 l-81 -41 32 46 c18 26 49 83 70 128 143 306 141 649 -6 957 -25 52 -61 116 -79 142 l-34 47 45 -20 c26 -10 76 -36 113 -56z m-2057 25 c-40 -58 -105 -190 -130 -263 -110 -324 -59 -707 132 -981 25 -35 42 -64 37 -64 -19 0 -241 119 -326 174 -188 122 -406 314 -532 468 l-58 71 108 103 c185 178 428 349 672 473 66 33 121 60 123 61 2 0 -10 -19 -26 -42z\"\/><path d=\"M2375 1950 c-198 -44 -350 -190 -395 -379 -18 -76 -8 -221 19 -290 114 -284 457 -406 731 -260 98 52 188 154 231 260 27 69 37 214 19 290 -38 163 -166 304 -326 360 -67 23 -215 33 -279 19z\"\/><\/g><\/svg><\/i> <img decoding=\"async\" width=\"16\" height=\"16\" alt=\"Loading\" src=\"https:\/\/esviafm.com\/wp-content\/plugins\/page-views-count\/ajax-loader-2x.gif\" border=0 \/><\/p>\n<div class=\"pvc_clear\"><\/div>\n","protected":false},"author":5,"featured_media":0,"comment_status":"open","ping_status":"open","sticky":false,"template":"","format":"standard","meta":{"_et_pb_use_builder":"","_et_pb_old_content":"","_et_gb_content_width":"","footnotes":""},"categories":[17],"tags":[],"class_list":["post-29356","post","type-post","status-publish","format-standard","hentry","category-internacionales"],"_links":{"self":[{"href":"https:\/\/esviafm.com\/index.php\/wp-json\/wp\/v2\/posts\/29356","targetHints":{"allow":["GET"]}}],"collection":[{"href":"https:\/\/esviafm.com\/index.php\/wp-json\/wp\/v2\/posts"}],"about":[{"href":"https:\/\/esviafm.com\/index.php\/wp-json\/wp\/v2\/types\/post"}],"author":[{"embeddable":true,"href":"https:\/\/esviafm.com\/index.php\/wp-json\/wp\/v2\/users\/5"}],"replies":[{"embeddable":true,"href":"https:\/\/esviafm.com\/index.php\/wp-json\/wp\/v2\/comments?post=29356"}],"version-history":[{"count":1,"href":"https:\/\/esviafm.com\/index.php\/wp-json\/wp\/v2\/posts\/29356\/revisions"}],"predecessor-version":[{"id":29358,"href":"https:\/\/esviafm.com\/index.php\/wp-json\/wp\/v2\/posts\/29356\/revisions\/29358"}],"wp:attachment":[{"href":"https:\/\/esviafm.com\/index.php\/wp-json\/wp\/v2\/media?parent=29356"}],"wp:term":[{"taxonomy":"category","embeddable":true,"href":"https:\/\/esviafm.com\/index.php\/wp-json\/wp\/v2\/categories?post=29356"},{"taxonomy":"post_tag","embeddable":true,"href":"https:\/\/esviafm.com\/index.php\/wp-json\/wp\/v2\/tags?post=29356"}],"curies":[{"name":"wp","href":"https:\/\/api.w.org\/{rel}","templated":true}]}}