{"id":29284,"date":"2025-08-22T06:45:34","date_gmt":"2025-08-22T11:15:34","guid":{"rendered":"https:\/\/esviafm.com\/?p=29284"},"modified":"2025-08-22T06:45:34","modified_gmt":"2025-08-22T11:15:34","slug":"dos-atentados-en-menos-de-tres-horas-en-colombia-lo-que-se-sabe-del-helicoptero-derribado-y-del-ataque-a-la-base-aerea","status":"publish","type":"post","link":"https:\/\/esviafm.com\/index.php\/dos-atentados-en-menos-de-tres-horas-en-colombia-lo-que-se-sabe-del-helicoptero-derribado-y-del-ataque-a-la-base-aerea\/","title":{"rendered":"Dos atentados en menos de tres horas en Colombia: lo que se sabe del helic\u00f3ptero derribado y del ataque a la base a\u00e9rea"},"content":{"rendered":"<p>Este jueves, dos ataques coordinados sacudieron a Colombia y reactivaron las alarmas sobre la presencia de grupos armados en zonas estrat\u00e9gicas del pa\u00eds. En menos de tres horas, un helic\u00f3ptero de la Polic\u00eda fue derribado en Antioquia y un ataque con explosivos afect\u00f3 a una base militar en Cali. Los hechos dejaron al menos 18 muertos, de acuerdo con reportes oficiales.<\/p>\n<p>Los atentados ocurren apenas dos meses despu\u00e9s de otra\u00a0<a title=\"https:\/\/elpais.com\/america-colombia\/2025-06-10\/una-serie-de-atentados-de-las-disidencias-de-las-farc-deja-al-menos-cuatro-muertos-en-el-suroccidente-de-colombia.html\" href=\"https:\/\/elpais.com\/america-colombia\/2025-06-10\/una-serie-de-atentados-de-las-disidencias-de-las-farc-deja-al-menos-cuatro-muertos-en-el-suroccidente-de-colombia.html\" rel=\"\">serie de explosiones registradas en el suroccidente colombiano<\/a>. En junio, siete personas murieron en medio de 24 ataques atribuidos a las disidencias de las FARC. Seg\u00fan la Polic\u00eda, esa ofensiva se ejecut\u00f3 como conmemoraci\u00f3n por el tercer aniversario de la muerte de Leider Johany Noscu\u00e9, alias Mayimb\u00fa, jefe del Comando Coordinador de Occidente, abatido en 2022. En ese momento, el ministro de Defensa Pedro S\u00e1nchez asegur\u00f3 que \u201cestamos ingresando a un centro neur\u00e1lgico de las estructuras de [Iv\u00e1n] Mordisco, tanto en el ca\u00f1\u00f3n del Micay como en la cordillera de Nari\u00f1o. La manera [de los grupos armados] de intentar aliviar la presi\u00f3n porque no pueden enfrentar a la fuerza p\u00fablica, es realizando actos terroristas\u201d.<\/p>\n<h3 class=\"\">Helic\u00f3ptero derribado en Antioquia<\/h3>\n<p class=\"\">En el municipio de Amalfi (Antioquia), un helic\u00f3ptero de la Polic\u00eda que llevaba personal en labores de erradicaci\u00f3n manual de cultivos de hoja de coca \u2014seg\u00fan las autoridades\u2014 fue atacado con drones.<a title=\"https:\/\/elpais.com\/america-colombia\/2025-08-21\/disidentes-de-las-farc-asesinan-a-ocho-policias-tras-derribar-un-helicoptero-en-antioquia.html\" href=\"https:\/\/elpais.com\/america-colombia\/2025-08-21\/disidentes-de-las-farc-asesinan-a-ocho-policias-tras-derribar-un-helicoptero-en-antioquia.html\" rel=\"\">\u00a0La aeronave cay\u00f3 en llamas, causando la muerte de al menos ocho polic\u00edas<\/a>\u00a0y dejando otros ocho heridos. Posteriormente autoridades informaron que fueron 12 los polic\u00edas que fallecieron.<\/p>\n<div class=\"prisa_ad | text_align_center\">\n<h4 class=\"\">Las declaraciones de Pedro S\u00e1nchez<\/h4>\n<p class=\"\">En un primer comunicado el ministro de Defensa, Pedro S\u00e1nchez, atribuy\u00f3 el ataque al Clan del Golfo y asegur\u00f3 que \u201ctodas las capacidades de las Fuerzas Militares y la Polic\u00eda fueron desplegadas para garantizar la extracci\u00f3n del personal en tierra, brindar apoyo a\u00e9reo y neutralizar a los criminales responsables\u201d.<\/p>\n<p class=\"\">Sin embargo, en una publicaci\u00f3n posterior, el ministro rectific\u00f3 la informaci\u00f3n. Con base en reportes actualizados de la Polic\u00eda, se\u00f1al\u00f3 que el atentado habr\u00eda sido ejecutado por la estructura 36 (E36) de las disidencias de las FARC, vinculada al cartel de alias\u00a0<i>Calarc\u00e1<\/i>, y descart\u00f3 \u2014al menos de momento\u2014 la participaci\u00f3n del Clan del Golfo<\/p>\n<h4 class=\"\">Ataque a la base a\u00e9rea de Cali<\/h4>\n<p class=\"\">Horas m\u00e1s tarde, en Cali, desconocidos\u00a0<a title=\"https:\/\/elpais.com\/america-colombia\/2025-08-21\/un-camion-bomba-estalla-en-cali-y-deja-al-menos-5-muertos-y-42-heridos.html\" href=\"https:\/\/elpais.com\/america-colombia\/2025-08-21\/un-camion-bomba-estalla-en-cali-y-deja-al-menos-5-muertos-y-42-heridos.html\" rel=\"\">lanzaron cilindros de gas llenos de explosivos a la base a\u00e9rea Marco Fidel Su\u00e1rez<\/a>, provocando un fuerte estallido. El ataque dej\u00f3 al menos seis personas muertas y alrededor de 60 heridas, de acuerdo con reportes oficiales.<\/p>\n<div class=\"prisa_ad | text_align_center\">La detonaci\u00f3n ocurri\u00f3 a las 14.50 horas sobre la Carrera 8, una de las zonas m\u00e1s transitadas de la ciudad, repleta de comercios y peatones, seg\u00fan inform\u00f3 el ministro de Defensa, Pedro S\u00e1nchez. Im\u00e1genes registradas por ciudadanos mostraron veh\u00edculos calcinados, el cami\u00f3n en llamas y personas heridas tendidas en el suelo.<\/div>\n<div>\n<h4 class=\"\">Facciones dirigidas por Iv\u00e1n Mordisco y un detenido<\/h4>\n<p class=\"\">\u201cDespu\u00e9s de la derrota infligida a la columna Carlos Pati\u00f1o, con la p\u00e9rdida de buena parte del ca\u00f1\u00f3n del Micay, tenemos una reacci\u00f3n terrorista en Cali con dos civiles muertos\u201d, declar\u00f3 el presidente Gustavo Petro en X, cuando a\u00fan no se hab\u00eda actualizado la cifra de v\u00edctimas. \u201cEl terrorismo es la nueva expresi\u00f3n de las facciones que se dicen dirigidas por Iv\u00e1n Mordisco y que se han supeditado al control de la junta del narcotr\u00e1fico\u201d, agreg\u00f3.<\/p>\n<p class=\"\">El ministro de Defensa tambi\u00e9n se\u00f1al\u00f3 a los grupos dirigidos por Mordisco como responsables del ataque y anunci\u00f3 una recompensa de 200 millones de pesos colombianos (unos 50.000 d\u00f3lares) por informaci\u00f3n que permita anticiparse a nuevos atentados. Petro, por su parte, difundi\u00f3 en X la identidad de uno de los presuntos implicados, capturado en el lugar de los hechos: se trata de alias Sebasti\u00e1n, integrante del EMC.<\/p>\n<p>En Cali, el alcalde Alejandro Eder inform\u00f3 que el municipio ofrecer\u00e1 hasta 400 millones de pesos a quienes aporten datos que ayuden a identificar a los responsables. Asimismo, se decret\u00f3 la prohibici\u00f3n de circulaci\u00f3n de veh\u00edculos pesados entre las 19.00 y las 4.00 horas, mientras que el comandante del Ej\u00e9rcito orden\u00f3 poner en m\u00e1xima alerta a todas sus unidades.<\/p>\n<div class=\"prisa_ad | text_align_center\"><\/div>\n<\/div>\n<\/div>\n<div class=\"pvc_clear\"><\/div>\n<p id=\"pvc_stats_29284\" class=\"pvc_stats all  \" data-element-id=\"29284\" style=\"\"><i class=\"pvc-stats-icon large\" aria-hidden=\"true\"><svg xmlns=\"http:\/\/www.w3.org\/2000\/svg\" version=\"1.0\" viewBox=\"0 0 502 315\" preserveAspectRatio=\"xMidYMid meet\"><g transform=\"translate(0,332) scale(0.1,-0.1)\" fill=\"\" stroke=\"none\"><path d=\"M2394 3279 l-29 -30 -3 -207 c-2 -182 0 -211 15 -242 39 -76 157 -76 196 0 15 31 17 60 15 243 l-3 209 -33 29 c-26 23 -41 29 -80 29 -41 0 -53 -5 -78 -31z\"\/><path d=\"M3085 3251 c-45 -19 -58 -50 -96 -229 -47 -217 -49 -260 -13 -295 52 -53 146 -42 177 20 16 31 87 366 87 410 0 70 -86 122 -155 94z\"\/><path d=\"M1751 3234 c-13 -9 -29 -31 -37 -50 -12 -29 -10 -49 21 -204 19 -94 39 -189 45 -210 14 -50 54 -80 110 -80 34 0 48 6 76 34 21 21 34 44 34 59 0 14 -18 113 -40 219 -37 178 -43 195 -70 221 -36 32 -101 37 -139 11z\"\/><path d=\"M1163 3073 c-36 -7 -73 -59 -73 -102 0 -56 133 -378 171 -413 34 -32 83 -37 129 -13 70 36 67 87 -16 290 -86 209 -89 214 -129 231 -35 14 -42 15 -82 7z\"\/><path d=\"M3689 3066 c-15 -9 -33 -30 -42 -48 -48 -103 -147 -355 -147 -375 0 -98 131 -148 192 -74 13 15 57 108 97 206 80 196 84 226 37 273 -30 30 -99 39 -137 18z\"\/><path d=\"M583 2784 c-38 -19 -67 -74 -58 -113 9 -42 211 -354 242 -373 16 -10 45 -18 66 -18 51 0 107 52 107 100 0 39 -1 41 -124 234 -80 126 -108 162 -133 173 -41 17 -61 16 -100 -3z\"\/><path d=\"M4250 2784 c-14 -9 -74 -91 -133 -183 -95 -150 -107 -173 -107 -213 0 -55 33 -94 87 -104 67 -13 90 8 211 198 130 202 137 225 78 284 -27 27 -42 34 -72 34 -22 0 -50 -8 -64 -16z\"\/><path d=\"M2275 2693 c-553 -48 -1095 -270 -1585 -649 -135 -104 -459 -423 -483 -476 -23 -49 -22 -139 2 -186 73 -142 361 -457 571 -626 285 -228 642 -407 990 -497 242 -63 336 -73 660 -74 310 0 370 5 595 52 535 111 1045 392 1455 803 122 121 250 273 275 326 19 41 19 137 0 174 -41 79 -309 363 -465 492 -447 370 -946 591 -1479 653 -113 14 -422 18 -536 8z m395 -428 c171 -34 330 -124 456 -258 112 -119 167 -219 211 -378 27 -96 24 -300 -5 -401 -72 -255 -236 -447 -474 -557 -132 -62 -201 -76 -368 -76 -167 0 -236 14 -368 76 -213 98 -373 271 -451 485 -162 444 86 934 547 1084 153 49 292 57 452 25z m909 -232 c222 -123 408 -262 593 -441 76 -74 138 -139 138 -144 0 -16 -233 -242 -330 -319 -155 -123 -309 -223 -461 -299 l-81 -41 32 46 c18 26 49 83 70 128 143 306 141 649 -6 957 -25 52 -61 116 -79 142 l-34 47 45 -20 c26 -10 76 -36 113 -56z m-2057 25 c-40 -58 -105 -190 -130 -263 -110 -324 -59 -707 132 -981 25 -35 42 -64 37 -64 -19 0 -241 119 -326 174 -188 122 -406 314 -532 468 l-58 71 108 103 c185 178 428 349 672 473 66 33 121 60 123 61 2 0 -10 -19 -26 -42z\"\/><path d=\"M2375 1950 c-198 -44 -350 -190 -395 -379 -18 -76 -8 -221 19 -290 114 -284 457 -406 731 -260 98 52 188 154 231 260 27 69 37 214 19 290 -38 163 -166 304 -326 360 -67 23 -215 33 -279 19z\"\/><\/g><\/svg><\/i> <img decoding=\"async\" width=\"16\" height=\"16\" alt=\"Loading\" src=\"https:\/\/esviafm.com\/wp-content\/plugins\/page-views-count\/ajax-loader-2x.gif\" border=0 \/><\/p>\n<div class=\"pvc_clear\"><\/div>\n","protected":false},"excerpt":{"rendered":"<p>Este jueves, dos ataques coordinados sacudieron a Colombia y reactivaron las alarmas sobre la presencia de grupos armados en zonas estrat\u00e9gicas del pa\u00eds. En menos de tres horas, un helic\u00f3ptero de la Polic\u00eda fue derribado en Antioquia y un ataque con explosivos afect\u00f3 a una base militar en Cali. Los hechos dejaron al menos 18 [&hellip;]<\/p>\n<div class=\"pvc_clear\"><\/div>\n<p id=\"pvc_stats_29284\" class=\"pvc_stats all  \" data-element-id=\"29284\" style=\"\"><i class=\"pvc-stats-icon large\" aria-hidden=\"true\"><svg xmlns=\"http:\/\/www.w3.org\/2000\/svg\" version=\"1.0\" viewBox=\"0 0 502 315\" preserveAspectRatio=\"xMidYMid meet\"><g transform=\"translate(0,332) scale(0.1,-0.1)\" fill=\"\" stroke=\"none\"><path d=\"M2394 3279 l-29 -30 -3 -207 c-2 -182 0 -211 15 -242 39 -76 157 -76 196 0 15 31 17 60 15 243 l-3 209 -33 29 c-26 23 -41 29 -80 29 -41 0 -53 -5 -78 -31z\"\/><path d=\"M3085 3251 c-45 -19 -58 -50 -96 -229 -47 -217 -49 -260 -13 -295 52 -53 146 -42 177 20 16 31 87 366 87 410 0 70 -86 122 -155 94z\"\/><path d=\"M1751 3234 c-13 -9 -29 -31 -37 -50 -12 -29 -10 -49 21 -204 19 -94 39 -189 45 -210 14 -50 54 -80 110 -80 34 0 48 6 76 34 21 21 34 44 34 59 0 14 -18 113 -40 219 -37 178 -43 195 -70 221 -36 32 -101 37 -139 11z\"\/><path d=\"M1163 3073 c-36 -7 -73 -59 -73 -102 0 -56 133 -378 171 -413 34 -32 83 -37 129 -13 70 36 67 87 -16 290 -86 209 -89 214 -129 231 -35 14 -42 15 -82 7z\"\/><path d=\"M3689 3066 c-15 -9 -33 -30 -42 -48 -48 -103 -147 -355 -147 -375 0 -98 131 -148 192 -74 13 15 57 108 97 206 80 196 84 226 37 273 -30 30 -99 39 -137 18z\"\/><path d=\"M583 2784 c-38 -19 -67 -74 -58 -113 9 -42 211 -354 242 -373 16 -10 45 -18 66 -18 51 0 107 52 107 100 0 39 -1 41 -124 234 -80 126 -108 162 -133 173 -41 17 -61 16 -100 -3z\"\/><path d=\"M4250 2784 c-14 -9 -74 -91 -133 -183 -95 -150 -107 -173 -107 -213 0 -55 33 -94 87 -104 67 -13 90 8 211 198 130 202 137 225 78 284 -27 27 -42 34 -72 34 -22 0 -50 -8 -64 -16z\"\/><path d=\"M2275 2693 c-553 -48 -1095 -270 -1585 -649 -135 -104 -459 -423 -483 -476 -23 -49 -22 -139 2 -186 73 -142 361 -457 571 -626 285 -228 642 -407 990 -497 242 -63 336 -73 660 -74 310 0 370 5 595 52 535 111 1045 392 1455 803 122 121 250 273 275 326 19 41 19 137 0 174 -41 79 -309 363 -465 492 -447 370 -946 591 -1479 653 -113 14 -422 18 -536 8z m395 -428 c171 -34 330 -124 456 -258 112 -119 167 -219 211 -378 27 -96 24 -300 -5 -401 -72 -255 -236 -447 -474 -557 -132 -62 -201 -76 -368 -76 -167 0 -236 14 -368 76 -213 98 -373 271 -451 485 -162 444 86 934 547 1084 153 49 292 57 452 25z m909 -232 c222 -123 408 -262 593 -441 76 -74 138 -139 138 -144 0 -16 -233 -242 -330 -319 -155 -123 -309 -223 -461 -299 l-81 -41 32 46 c18 26 49 83 70 128 143 306 141 649 -6 957 -25 52 -61 116 -79 142 l-34 47 45 -20 c26 -10 76 -36 113 -56z m-2057 25 c-40 -58 -105 -190 -130 -263 -110 -324 -59 -707 132 -981 25 -35 42 -64 37 -64 -19 0 -241 119 -326 174 -188 122 -406 314 -532 468 l-58 71 108 103 c185 178 428 349 672 473 66 33 121 60 123 61 2 0 -10 -19 -26 -42z\"\/><path d=\"M2375 1950 c-198 -44 -350 -190 -395 -379 -18 -76 -8 -221 19 -290 114 -284 457 -406 731 -260 98 52 188 154 231 260 27 69 37 214 19 290 -38 163 -166 304 -326 360 -67 23 -215 33 -279 19z\"\/><\/g><\/svg><\/i> <img decoding=\"async\" width=\"16\" height=\"16\" alt=\"Loading\" src=\"https:\/\/esviafm.com\/wp-content\/plugins\/page-views-count\/ajax-loader-2x.gif\" border=0 \/><\/p>\n<div class=\"pvc_clear\"><\/div>\n","protected":false},"author":5,"featured_media":0,"comment_status":"open","ping_status":"open","sticky":false,"template":"","format":"standard","meta":{"_et_pb_use_builder":"","_et_pb_old_content":"","_et_gb_content_width":"","footnotes":""},"categories":[17],"tags":[],"class_list":["post-29284","post","type-post","status-publish","format-standard","hentry","category-internacionales"],"_links":{"self":[{"href":"https:\/\/esviafm.com\/index.php\/wp-json\/wp\/v2\/posts\/29284","targetHints":{"allow":["GET"]}}],"collection":[{"href":"https:\/\/esviafm.com\/index.php\/wp-json\/wp\/v2\/posts"}],"about":[{"href":"https:\/\/esviafm.com\/index.php\/wp-json\/wp\/v2\/types\/post"}],"author":[{"embeddable":true,"href":"https:\/\/esviafm.com\/index.php\/wp-json\/wp\/v2\/users\/5"}],"replies":[{"embeddable":true,"href":"https:\/\/esviafm.com\/index.php\/wp-json\/wp\/v2\/comments?post=29284"}],"version-history":[{"count":1,"href":"https:\/\/esviafm.com\/index.php\/wp-json\/wp\/v2\/posts\/29284\/revisions"}],"predecessor-version":[{"id":29286,"href":"https:\/\/esviafm.com\/index.php\/wp-json\/wp\/v2\/posts\/29284\/revisions\/29286"}],"wp:attachment":[{"href":"https:\/\/esviafm.com\/index.php\/wp-json\/wp\/v2\/media?parent=29284"}],"wp:term":[{"taxonomy":"category","embeddable":true,"href":"https:\/\/esviafm.com\/index.php\/wp-json\/wp\/v2\/categories?post=29284"},{"taxonomy":"post_tag","embeddable":true,"href":"https:\/\/esviafm.com\/index.php\/wp-json\/wp\/v2\/tags?post=29284"}],"curies":[{"name":"wp","href":"https:\/\/api.w.org\/{rel}","templated":true}]}}