{"id":29281,"date":"2025-08-22T06:43:31","date_gmt":"2025-08-22T11:13:31","guid":{"rendered":"https:\/\/esviafm.com\/?p=29281"},"modified":"2025-08-22T06:43:31","modified_gmt":"2025-08-22T11:13:31","slug":"al-menos-seis-muertos-y-mas-de-60-heridos-en-un-ataque-con-explosivos-a-una-base-militar-en-cali","status":"publish","type":"post","link":"https:\/\/esviafm.com\/index.php\/al-menos-seis-muertos-y-mas-de-60-heridos-en-un-ataque-con-explosivos-a-una-base-militar-en-cali\/","title":{"rendered":"Al menos seis muertos y m\u00e1s de 60 heridos en un ataque con explosivos a una base militar en Cali"},"content":{"rendered":"<p>Al menos seis personas han muerto y m\u00e1s de 60 han resultado heridas este jueves en un atentado terrorista en Cali, la tercera ciudad de Colombia. Unos desconocidos lanzaron dos cilindros bomba contra la base a\u00e9rea militar Marco Fidel Su\u00e1rez. Los objetos estallaron sobre la transitada carrera Octava, en medio de la poblaci\u00f3n civil. \u201cCali vuelve a ser v\u00edctima de un atentado narcoterrorista\u201d, asegur\u00f3 el alcalde de la ciudad,\u00a0<a title=\"https:\/\/elpais.com\/america-colombia\/2024-02-16\/alejandro-eder-tenemos-que-reconciliarnos-para-recuperar-el-rumbo-y-la-dignidad-de-cali.html\" href=\"https:\/\/elpais.com\/america-colombia\/2024-02-16\/alejandro-eder-tenemos-que-reconciliarnos-para-recuperar-el-rumbo-y-la-dignidad-de-cali.html\" rel=\"\">Alejandro Eder<\/a>, minutos despu\u00e9s del atentado. El alcalde orden\u00f3 la militarizaci\u00f3n de la ciudad y el presidente, Gustavo Petro, viaj\u00f3 a la capital vallecaucana para atender la crisis. Este atentado se produce tan solo horas despu\u00e9s de que el frente 36 del Estado Mayor Central atacara un helic\u00f3ptero de la polic\u00eda en el departamento de Antioquia, en el noroeste del pa\u00eds, que ha\u00a0<a title=\"https:\/\/elpais.com\/america-colombia\/2025-08-21\/disidentes-de-las-farc-asesinan-a-ocho-policias-tras-derribar-un-helicoptero-en-antioquia.html\" href=\"https:\/\/elpais.com\/america-colombia\/2025-08-21\/disidentes-de-las-farc-asesinan-a-ocho-policias-tras-derribar-un-helicoptero-en-antioquia.html\" target=\"_blank\" rel=\"noopener noreferrer\">causado al menos 12 polic\u00edas muertos y otros heridos<\/a>.<\/p>\n<p class=\"\">Hasta la noche, ning\u00fan grupo del crimen organizado se hab\u00eda atribuido la autor\u00eda del ataque en Cali, pero el presidente ha apuntado al frente Carlos Pati\u00f1o, que opera principalmente en el departamento del Cauca y pertenece a las disidencias de la extinta guerrilla de las FARC conocidas como el Estado Mayor Central (EMC) y\u00a0<a title=\"https:\/\/elpais.com\/america-colombia\/2025-06-07\/mordisco-desafia-al-gobierno-con-un-toque-de-queda-en-guaviare.html\" href=\"https:\/\/elpais.com\/america-colombia\/2025-06-07\/mordisco-desafia-al-gobierno-con-un-toque-de-queda-en-guaviare.html\" rel=\"\">comandadas por N\u00e9stor Gregorio Vera Fern\u00e1ndez, alias\u00a0<i>Iv\u00e1n Mordisco.<\/i><\/a><\/p>\n<div class=\"a_gl\">\n<div class=\"i-amphtml-carousel-content\">\n<div class=\"i-amphtml-carousel-scroll\" aria-live=\"polite\">\n<div class=\"i-amphtml-carousel-slotted i-amphtml-carousel-wrapper i-amphtml-carousel-slide-item\" aria-hidden=\"false\">\n<figure class=\"a_m _pr a_m-h amp-carousel-slide\"><span class=\"a_m_w _db\"><img decoding=\"async\" class=\"i-amphtml-fill-content i-amphtml-replaced-content\" src=\"https:\/\/imagenes.elpais.com\/resizer\/v2\/ZFCZWVNOTVOW7EIMMFPRZGNPIE.jpg?auth=d034b1c1527812dc427a6f0246fd9ca6340feb05278da3388af36f007fb4d947&amp;width=414\" sizes=\"(max-width: 1366px) 576px, 100vw\" srcset=\"https:\/\/imagenes.elpais.com\/resizer\/v2\/ZFCZWVNOTVOW7EIMMFPRZGNPIE.jpg?auth=d034b1c1527812dc427a6f0246fd9ca6340feb05278da3388af36f007fb4d947&amp;width=414 414w,https:\/\/imagenes.elpais.com\/resizer\/v2\/ZFCZWVNOTVOW7EIMMFPRZGNPIE.jpg?auth=d034b1c1527812dc427a6f0246fd9ca6340feb05278da3388af36f007fb4d947&amp;width=828 828w\" alt=\"Disidentes de las extintas FARC lanzaron cilindros bomba a la base a\u00e9rea Marco Fidel Su\u00e1rez de Cali, la tarde de este jueves.\n\" \/><\/span><figcaption class=\"a_m_p\" aria-hidden=\"true\"><\/figcaption><\/figure>\n<\/div>\n<div class=\"i-amphtml-carousel-slotted i-amphtml-carousel-wrapper i-amphtml-carousel-slide-item\" aria-hidden=\"true\">\n<figure class=\"a_m _pr a_m-h amp-carousel-slide\"><span class=\"a_m_w _db\"><img decoding=\"async\" class=\"i-amphtml-fill-content i-amphtml-replaced-content\" src=\"https:\/\/imagenes.elpais.com\/resizer\/v2\/TMIHYUZRJ5DPHERXH4OLHST77I.jpeg?auth=4049ee37cfb19a123e77c44f6b08b2c498cfb9db99cfbf2532ba3160d5de7fca&amp;width=414\" sizes=\"(max-width: 1366px) 576px, 100vw\" srcset=\"https:\/\/imagenes.elpais.com\/resizer\/v2\/TMIHYUZRJ5DPHERXH4OLHST77I.jpeg?auth=4049ee37cfb19a123e77c44f6b08b2c498cfb9db99cfbf2532ba3160d5de7fca&amp;width=414 414w,https:\/\/imagenes.elpais.com\/resizer\/v2\/TMIHYUZRJ5DPHERXH4OLHST77I.jpeg?auth=4049ee37cfb19a123e77c44f6b08b2c498cfb9db99cfbf2532ba3160d5de7fca&amp;width=828 828w\" alt=\"Integrantes de la fuerza a\u00e9rea, polic\u00eda y bombreros en la zona del atentado, en Cali (Colombia).\" \/><\/span><figcaption class=\"a_m_p\" aria-hidden=\"true\">Integrantes de la fuerza a\u00e9rea, polic\u00eda y bombreros en la zona del atentado, en Cali (Colombia).<span class=\"a_m_m\">Jair F. Coll<\/span><\/figcaption><\/figure>\n<\/div>\n<div class=\"i-amphtml-carousel-slotted i-amphtml-carousel-wrapper i-amphtml-carousel-slide-item\" aria-hidden=\"true\">\n<figure class=\"a_m _pr a_m-h amp-carousel-slide\"><figcaption class=\"a_m_p\" aria-hidden=\"true\">Un residente del barrio La Nueva Base cierra la puerta de su casa mientras ve la afectaci\u00f3n que dej\u00f3 el atentado.<span class=\"a_m_m\">Jair F. Coll<\/span><\/figcaption><\/figure>\n<\/div>\n<div class=\"i-amphtml-carousel-slotted i-amphtml-carousel-wrapper i-amphtml-carousel-slide-item\" aria-hidden=\"true\">\n<figure class=\"a_m _pr a_m-h amp-carousel-slide\"><figcaption class=\"a_m_p\" aria-hidden=\"true\">Una mujer es atendida por personal medico tras la explosi\u00f3n.<span class=\"a_m_m\">Ernesto Guzm\u00e1n (EFE)<\/span><\/figcaption><\/figure>\n<\/div>\n<div class=\"i-amphtml-carousel-slotted i-amphtml-carousel-wrapper i-amphtml-carousel-slide-item\" aria-hidden=\"true\">\n<figure class=\"a_m _pr a_m-h amp-carousel-slide\"><figcaption class=\"a_m_p\" aria-hidden=\"true\">Hasta el momento, ning\u00fan grupo se ha atribuido la autor\u00eda del ataque.<span class=\"a_m_m\">Ernesto Guzm\u00e1n Jr (EFE)<\/span><\/figcaption><\/figure>\n<\/div>\n<div class=\"i-amphtml-carousel-slotted i-amphtml-carousel-wrapper i-amphtml-carousel-slide-item\" aria-hidden=\"true\">\n<figure class=\"a_m _pr a_m-h amp-carousel-slide\"><figcaption class=\"a_m_p\" aria-hidden=\"true\">\u201cCali vuelve a ser v\u00edctima de un atentado narcoterrorista\u201d, asegur\u00f3 el alcalde de la ciudad, Alejandro Eder.<span class=\"a_m_m\">Ernesto Guzm\u00e1n Jr (EFE)<\/span><\/figcaption><\/figure>\n<\/div>\n<div class=\"i-amphtml-carousel-slotted i-amphtml-carousel-wrapper i-amphtml-carousel-slide-item\" aria-hidden=\"true\">\n<figure class=\"a_m _pr a_m-h amp-carousel-slide\"><figcaption class=\"a_m_p\" aria-hidden=\"true\">Uno de los cilindros lanzados cay\u00f3 en el antejard\u00edn de una casa, pues la base a\u00e9rea est\u00e1 rodeada de barrios residenciales.<span class=\"a_m_m\">Santiago Saldarriaga (AP)<\/span><\/figcaption><\/figure>\n<\/div>\n<div class=\"i-amphtml-carousel-slotted i-amphtml-carousel-wrapper i-amphtml-carousel-slide-item\" aria-hidden=\"true\">\n<figure class=\"a_m _pr a_m-h amp-carousel-slide\"><figcaption class=\"a_m_p\" aria-hidden=\"true\">El alcalde Eder anunci\u00f3 una recompensa de hasta 400 millones de pesos (unos 90 mil d\u00f3lares) por informaci\u00f3n que sirva para dar con los responsables.<span class=\"a_m_m\">Ernesto Guzm\u00e1n Jr (EFE)<\/span><\/figcaption><\/figure>\n<\/div>\n<div class=\"i-amphtml-carousel-slotted i-amphtml-carousel-wrapper i-amphtml-carousel-slide-item\" aria-hidden=\"true\">\n<figure class=\"a_m _pr a_m-h amp-carousel-slide\"><figcaption class=\"a_m_p\" aria-hidden=\"true\">Un hombre observa el lugar del atentado desde una de las casas afectadas por la explosi\u00f3n.<span class=\"a_m_m\">Jair F. Coll<\/span><\/figcaption><\/figure>\n<\/div>\n<div class=\"i-amphtml-carousel-slotted i-amphtml-carousel-wrapper i-amphtml-carousel-slide-item\" aria-hidden=\"true\">\n<figure class=\"a_m _pr a_m-h amp-carousel-slide\"><figcaption class=\"a_m_p\" aria-hidden=\"true\">La mayor\u00eda de viviendas afectadas por las explosiones pertenece al barrio vecino Villa Colombia.<span class=\"a_m_m\">Jair F. Coll<\/span><\/figcaption><\/figure>\n<\/div>\n<div class=\"i-amphtml-carousel-slotted i-amphtml-carousel-wrapper i-amphtml-carousel-slide-item\" aria-hidden=\"true\">\n<figure class=\"a_m _pr a_m-h amp-carousel-slide\"><figcaption class=\"a_m_p\" aria-hidden=\"true\">Da\u00f1os en un establecimiento cercanos a la escuela militar.<span class=\"a_m_m\">Jair F. Coll<\/span><\/figcaption><\/figure>\n<\/div>\n<div class=\"i-amphtml-carousel-slotted i-amphtml-carousel-wrapper i-amphtml-carousel-slide-item\" aria-hidden=\"true\">\n<figure class=\"a_m _pr a_m-h amp-carousel-slide\"><figcaption class=\"a_m_p\" aria-hidden=\"true\">\u00abEl gobierno considera aqu\u00ed y le pide al mundo que considere a la junta del narcotr\u00e1fico como una organizaci\u00f3n terrorista, y a sus bandas armadas en el Cauca, Guaviare, Antioquia y el Caribe colombiano\u00bb asegur\u00f3 el presidente de Colombia Gustavo Petro en sus redes sociales.<span class=\"a_m_m\">Santiago Saldarriaga (AP)<\/span><\/figcaption><\/figure>\n<\/div>\n<\/div>\n<div class=\"i-amphtml-carousel-arrows\">\n<div class=\"amp-carousel-button amp-carousel-button-prev amp-disabled\" dir=\"ltr\" tabindex=\"-1\" title=\"Previous item in carousel (1 of 12)\" role=\"button\" aria-disabled=\"true\"><\/div>\n<div class=\"amp-carousel-button amp-carousel-button-next\" dir=\"ltr\" tabindex=\"0\" title=\"Next item in carousel (2 of 12)\" role=\"button\" aria-disabled=\"false\"><\/div>\n<\/div>\n<\/div>\n<\/div>\n<p class=\"\">\u201cDespu\u00e9s de la derrota producida a la columna Carlos Pati\u00f1o con la p\u00e9rdida de buena parte del ca\u00f1\u00f3n del Micay, tenemos una reacci\u00f3n terrorista en Cali con dos civiles muertos\u201d, dijo Petro a trav\u00e9s de X, cuando a\u00fan la cifra de v\u00edctimas no hab\u00eda aumentado. \u201cEl terrorismo es la nueva expresi\u00f3n de las facciones que se dicen dirigidas por Iv\u00e1n Mordisco, y que se han supeditado al control de la\u00a0<a title=\"https:\/\/elpais.com\/america-colombia\/2025-06-11\/lo-que-se-sabe-de-la-nueva-junta-del-narcotrafico-a-la-que-petro-senala-de-estar-detras-del-atentado-contra-miguel-uribe.html\" href=\"https:\/\/elpais.com\/america-colombia\/2025-06-11\/lo-que-se-sabe-de-la-nueva-junta-del-narcotrafico-a-la-que-petro-senala-de-estar-detras-del-atentado-contra-miguel-uribe.html\" rel=\"\">junta del narcotr\u00e1fico<\/a>\u201d, a\u00f1adi\u00f3.<\/p>\n<p class=\"\">Eder, por su parte, apunta a la columna Jaime Mart\u00ednez, que forma parte del mismo grupo de disidencias, el EMC. El alcalde tambi\u00e9n ha anunciado una recompensa de hasta 400 millones de pesos (unos 90.000 d\u00f3lares) por informaci\u00f3n que ayude a dar con los responsables, y la Gobernaci\u00f3n de Valle del Cauca se uni\u00f3 con un ofrecimiento por la misma cantidad. Despu\u00e9s se sum\u00f3 el Ministerio de Defensa: \u201cOfrecemos hasta 200 millones de pesos de recompensa por informaci\u00f3n que permita anticiparnos a cualquier atentado terrorista en el pa\u00eds\u201d, escribi\u00f3 el ministro, el general en retiro Pedro S\u00e1nchez, a trav\u00e9s de su cuenta de X.<\/p>\n<p class=\"\">Tras las explosiones, la comunidad retuvo a un sospechoso que intentaba huir, y que luego fue capturado por las autoridades. El hombre, de 23 a\u00f1os y oriundo del departamento del Cauca, fue identificado como Walter Steban Yonda Ipia. \u201cEs alias\u00a0<i>Sebasti\u00e1n<\/i>\u00a0y pertenece a las estructuras del EMC, dirigidas por alias\u00a0<i>Marlon<\/i>, subordinado a la Junta del Narcotr\u00e1fico\u201d, afirm\u00f3 el presidente Petro en la noche del jueves.<\/p>\n<figure class=\"a_m a_m-h \"><span class=\"_db a_m_w\"><img decoding=\"async\" class=\"i-amphtml-fill-content i-amphtml-replaced-content\" src=\"https:\/\/imagenes.elpais.com\/resizer\/v2\/H4RZOCY6UVHU5ORI3WOBGC2B5A.JPG?auth=7cb1c35280cb99d8295591a9069c31b1538f523524ec82e5ac52697295087196&amp;width=414\" sizes=\"(min-width:1199px) 1155px,(min-width:1001px) calc(100vw - 44px),(min-width:768px) 767px, 100vw\" srcset=\"https:\/\/imagenes.elpais.com\/resizer\/v2\/H4RZOCY6UVHU5ORI3WOBGC2B5A.JPG?auth=7cb1c35280cb99d8295591a9069c31b1538f523524ec82e5ac52697295087196&amp;width=414 414w,https:\/\/imagenes.elpais.com\/resizer\/v2\/H4RZOCY6UVHU5ORI3WOBGC2B5A.JPG?auth=7cb1c35280cb99d8295591a9069c31b1538f523524ec82e5ac52697295087196&amp;width=828 640w,https:\/\/imagenes.elpais.com\/resizer\/v2\/H4RZOCY6UVHU5ORI3WOBGC2B5A.JPG?auth=7cb1c35280cb99d8295591a9069c31b1538f523524ec82e5ac52697295087196&amp;width=980 1000w,https:\/\/imagenes.elpais.com\/resizer\/v2\/H4RZOCY6UVHU5ORI3WOBGC2B5A.JPG?auth=7cb1c35280cb99d8295591a9069c31b1538f523524ec82e5ac52697295087196&amp;width=1960 1960w\" alt=\"Militares de la Fuerza A\u00e9rea observan una ambulancia en el lugar en donde ocurri\u00f3 el atentado en el norte de Cali, el 21 de agosto del 2025.\" \/><\/span><\/figure>\n<p>El detenido ser\u00eda uno de los autores materiales del ataque, y se ha convertido en una pista clave para dar con los otros responsables. Un segundo hombre fue capturado, pero a\u00fan no se han dado mayores detalles. La principal hip\u00f3tesis de las autoridades apunta a las disidencias comandadas por Iv\u00e1n Mordisco; se eval\u00faa que pudo haber sido la estructura Jaime Mart\u00ednez, que se ha visto afectada por la Operaci\u00f3n Perseo, que realizaron las fuerzas militares a finales del 2024 para retomar el control del Cauca, el principal basti\u00f3n de una facci\u00f3n del EMC.<\/p>\n<p class=\"\">Numerosas viviendas y locales comerciales, as\u00ed como decenas de veh\u00edculos, resultaron afectados. Uno de los cilindros lanzados hacia la base militar desde el cami\u00f3n cay\u00f3 en el antejard\u00edn de una casa, pues la instalaci\u00f3n a\u00e9rea est\u00e1 rodeada de barrios residenciales. Aunque la sede militar se encuentra ubicada en el barrio La base, al que le da nombre, la mayor\u00eda de lugares afectados por las explosiones pertenece al barrio vecino de Villa Colombia, en el norte de Cali. All\u00ed se report\u00f3 la presencia de otro cami\u00f3n con cilindros bomba, por lo que la polic\u00eda acordon\u00f3 la zona, con el objetivo inicial de hacer una explosi\u00f3n controlada. Sin embargo, tras la evaluaci\u00f3n del equipo de antiexplosivos se descart\u00f3 que estuvieran cargados y que representaran un peligro.<\/p>\n<div class=\"a_em\"><iframe class=\"i-amphtml-fill-content\" src=\"https:\/\/datawrapper.dwcdn.net\/IEWdL\/1\/#amp=1\" name=\"amp_iframe0\" frameborder=\"0\" sandbox=\"allow-top-navigation allow-scripts allow-forms allow-same-origin allow-popups allow-popups-to-escape-sandbox\" data-mce-fragment=\"1\"><\/iframe><\/div>\n<p class=\"\">La log\u00edstica de este atentado tambi\u00e9n coincide con la empleada por el frente Carlos Pati\u00f1o, que suele atacar instalaciones militares y de polic\u00eda como parte de su guerra contra el Estado. En marzo de este a\u00f1o, por ejemplo,<a title=\"https:\/\/elpais.com\/america-colombia\/2025-03-28\/ocho-ataques-simultaneos-de-las-disidencias-asolan-al-cauca.html\" href=\"https:\/\/elpais.com\/america-colombia\/2025-03-28\/ocho-ataques-simultaneos-de-las-disidencias-asolan-al-cauca.html\" rel=\"\">\u00a0lanz\u00f3 ocho ataques simult\u00e1neos en diferentes puntos del Cauca<\/a>, incluyendo motobombas, ataques con r\u00e1fagas de fusil y drones con explosivos.<\/p>\n<p class=\"\">El pasado 10 de junio ya hab\u00edan asesinado a dos personas y herido a decenas con\u00a0<a title=\"https:\/\/elpais.com\/america-colombia\/2025-06-10\/una-serie-de-atentados-de-las-disidencias-de-las-farc-deja-al-menos-cuatro-muertos-en-el-suroccidente-de-colombia.html\" href=\"https:\/\/elpais.com\/america-colombia\/2025-06-10\/una-serie-de-atentados-de-las-disidencias-de-las-farc-deja-al-menos-cuatro-muertos-en-el-suroccidente-de-colombia.html\" rel=\"\">dos explosiones en la ciudad.<\/a>\u00a0La capital vallecaucana ya hab\u00eda estado bajo alerta. La ciudad fue sede de una gran conferencia clim\u00e1tica global, la COP16, a inicios del a\u00f1o pasado, y desde entonces surg\u00edan preocupaciones por su seguridad. Cali se encuentra en la franja suroccidental colombiana y es cercana al Cauca, un departamento en el que el conflicto armado no ha cesado, en medio de la alta presencia de cultivos de coca y la lucha por el control de las rutas del narcotr\u00e1fico en el ca\u00f1\u00f3n del Micay.\u00a0<a title=\"https:\/\/elpais.com\/america-colombia\/2024-10-18\/las-amenazas-de-las-disidencias-y-el-despliegue-militar-del-estado-las-demostraciones-de-fuerza-que-anteceden-a-la-cop16.html\" href=\"https:\/\/elpais.com\/america-colombia\/2024-10-18\/las-amenazas-de-las-disidencias-y-el-despliegue-militar-del-estado-las-demostraciones-de-fuerza-que-anteceden-a-la-cop16.html\" rel=\"\">La federaci\u00f3n de disidencias comandadas por Iv\u00e1n Mordisco, llamada Estado Mayor Central, amenaz\u00f3 directamente la cumbre,<\/a>\u00a0por lo que el Estado despleg\u00f3 entonces toda su fuerza militar y policial.<\/p>\n<p>El encuentro se realiz\u00f3 sin ataques, pero el atentado de este jueves pone de relieve las amenazas que se ciernen sobre la capital del departamento. El presidente Petro, en otro aparte de su mensaje, le pidi\u00f3 a la comunidad internacional que \u201cconsidere a la junta del narcotr\u00e1fico como una organizaci\u00f3n terrorista, y a sus bandas armadas en el Cauca, Guaviare, Antioquia y el Caribe colombiano\u201d. El mandatario ha se\u00f1alado que esta junta, con sede en Dub\u00e1i y en la que seg\u00fan \u00e9l se sientan narcotraficantes de varias nacionalidades, tambi\u00e9n estar\u00eda detr\u00e1s del atentado contra el senador Miguel Uribe Turbay. \u201cLa junta del narcotr\u00e1fico, heredera del bloque capital de los paramilitares, dirige las disidencias de Iv\u00e1n Mordisco, la Segunda Marquetalia y el Clan del Golfo\u201d, a\u00f1adi\u00f3 el mandatario.<\/p>\n<div class=\"pvc_clear\"><\/div>\n<p id=\"pvc_stats_29281\" class=\"pvc_stats all  \" data-element-id=\"29281\" style=\"\"><i class=\"pvc-stats-icon large\" aria-hidden=\"true\"><svg xmlns=\"http:\/\/www.w3.org\/2000\/svg\" version=\"1.0\" viewBox=\"0 0 502 315\" preserveAspectRatio=\"xMidYMid meet\"><g transform=\"translate(0,332) scale(0.1,-0.1)\" fill=\"\" stroke=\"none\"><path d=\"M2394 3279 l-29 -30 -3 -207 c-2 -182 0 -211 15 -242 39 -76 157 -76 196 0 15 31 17 60 15 243 l-3 209 -33 29 c-26 23 -41 29 -80 29 -41 0 -53 -5 -78 -31z\"\/><path d=\"M3085 3251 c-45 -19 -58 -50 -96 -229 -47 -217 -49 -260 -13 -295 52 -53 146 -42 177 20 16 31 87 366 87 410 0 70 -86 122 -155 94z\"\/><path d=\"M1751 3234 c-13 -9 -29 -31 -37 -50 -12 -29 -10 -49 21 -204 19 -94 39 -189 45 -210 14 -50 54 -80 110 -80 34 0 48 6 76 34 21 21 34 44 34 59 0 14 -18 113 -40 219 -37 178 -43 195 -70 221 -36 32 -101 37 -139 11z\"\/><path d=\"M1163 3073 c-36 -7 -73 -59 -73 -102 0 -56 133 -378 171 -413 34 -32 83 -37 129 -13 70 36 67 87 -16 290 -86 209 -89 214 -129 231 -35 14 -42 15 -82 7z\"\/><path d=\"M3689 3066 c-15 -9 -33 -30 -42 -48 -48 -103 -147 -355 -147 -375 0 -98 131 -148 192 -74 13 15 57 108 97 206 80 196 84 226 37 273 -30 30 -99 39 -137 18z\"\/><path d=\"M583 2784 c-38 -19 -67 -74 -58 -113 9 -42 211 -354 242 -373 16 -10 45 -18 66 -18 51 0 107 52 107 100 0 39 -1 41 -124 234 -80 126 -108 162 -133 173 -41 17 -61 16 -100 -3z\"\/><path d=\"M4250 2784 c-14 -9 -74 -91 -133 -183 -95 -150 -107 -173 -107 -213 0 -55 33 -94 87 -104 67 -13 90 8 211 198 130 202 137 225 78 284 -27 27 -42 34 -72 34 -22 0 -50 -8 -64 -16z\"\/><path d=\"M2275 2693 c-553 -48 -1095 -270 -1585 -649 -135 -104 -459 -423 -483 -476 -23 -49 -22 -139 2 -186 73 -142 361 -457 571 -626 285 -228 642 -407 990 -497 242 -63 336 -73 660 -74 310 0 370 5 595 52 535 111 1045 392 1455 803 122 121 250 273 275 326 19 41 19 137 0 174 -41 79 -309 363 -465 492 -447 370 -946 591 -1479 653 -113 14 -422 18 -536 8z m395 -428 c171 -34 330 -124 456 -258 112 -119 167 -219 211 -378 27 -96 24 -300 -5 -401 -72 -255 -236 -447 -474 -557 -132 -62 -201 -76 -368 -76 -167 0 -236 14 -368 76 -213 98 -373 271 -451 485 -162 444 86 934 547 1084 153 49 292 57 452 25z m909 -232 c222 -123 408 -262 593 -441 76 -74 138 -139 138 -144 0 -16 -233 -242 -330 -319 -155 -123 -309 -223 -461 -299 l-81 -41 32 46 c18 26 49 83 70 128 143 306 141 649 -6 957 -25 52 -61 116 -79 142 l-34 47 45 -20 c26 -10 76 -36 113 -56z m-2057 25 c-40 -58 -105 -190 -130 -263 -110 -324 -59 -707 132 -981 25 -35 42 -64 37 -64 -19 0 -241 119 -326 174 -188 122 -406 314 -532 468 l-58 71 108 103 c185 178 428 349 672 473 66 33 121 60 123 61 2 0 -10 -19 -26 -42z\"\/><path d=\"M2375 1950 c-198 -44 -350 -190 -395 -379 -18 -76 -8 -221 19 -290 114 -284 457 -406 731 -260 98 52 188 154 231 260 27 69 37 214 19 290 -38 163 -166 304 -326 360 -67 23 -215 33 -279 19z\"\/><\/g><\/svg><\/i> <img decoding=\"async\" width=\"16\" height=\"16\" alt=\"Loading\" src=\"https:\/\/esviafm.com\/wp-content\/plugins\/page-views-count\/ajax-loader-2x.gif\" border=0 \/><\/p>\n<div class=\"pvc_clear\"><\/div>\n","protected":false},"excerpt":{"rendered":"<p>Al menos seis personas han muerto y m\u00e1s de 60 han resultado heridas este jueves en un atentado terrorista en Cali, la tercera ciudad de Colombia. Unos desconocidos lanzaron dos cilindros bomba contra la base a\u00e9rea militar Marco Fidel Su\u00e1rez. Los objetos estallaron sobre la transitada carrera Octava, en medio de la poblaci\u00f3n civil. \u201cCali [&hellip;]<\/p>\n<div class=\"pvc_clear\"><\/div>\n<p id=\"pvc_stats_29281\" class=\"pvc_stats all  \" data-element-id=\"29281\" style=\"\"><i class=\"pvc-stats-icon large\" aria-hidden=\"true\"><svg xmlns=\"http:\/\/www.w3.org\/2000\/svg\" version=\"1.0\" viewBox=\"0 0 502 315\" preserveAspectRatio=\"xMidYMid meet\"><g transform=\"translate(0,332) scale(0.1,-0.1)\" fill=\"\" stroke=\"none\"><path d=\"M2394 3279 l-29 -30 -3 -207 c-2 -182 0 -211 15 -242 39 -76 157 -76 196 0 15 31 17 60 15 243 l-3 209 -33 29 c-26 23 -41 29 -80 29 -41 0 -53 -5 -78 -31z\"\/><path d=\"M3085 3251 c-45 -19 -58 -50 -96 -229 -47 -217 -49 -260 -13 -295 52 -53 146 -42 177 20 16 31 87 366 87 410 0 70 -86 122 -155 94z\"\/><path d=\"M1751 3234 c-13 -9 -29 -31 -37 -50 -12 -29 -10 -49 21 -204 19 -94 39 -189 45 -210 14 -50 54 -80 110 -80 34 0 48 6 76 34 21 21 34 44 34 59 0 14 -18 113 -40 219 -37 178 -43 195 -70 221 -36 32 -101 37 -139 11z\"\/><path d=\"M1163 3073 c-36 -7 -73 -59 -73 -102 0 -56 133 -378 171 -413 34 -32 83 -37 129 -13 70 36 67 87 -16 290 -86 209 -89 214 -129 231 -35 14 -42 15 -82 7z\"\/><path d=\"M3689 3066 c-15 -9 -33 -30 -42 -48 -48 -103 -147 -355 -147 -375 0 -98 131 -148 192 -74 13 15 57 108 97 206 80 196 84 226 37 273 -30 30 -99 39 -137 18z\"\/><path d=\"M583 2784 c-38 -19 -67 -74 -58 -113 9 -42 211 -354 242 -373 16 -10 45 -18 66 -18 51 0 107 52 107 100 0 39 -1 41 -124 234 -80 126 -108 162 -133 173 -41 17 -61 16 -100 -3z\"\/><path d=\"M4250 2784 c-14 -9 -74 -91 -133 -183 -95 -150 -107 -173 -107 -213 0 -55 33 -94 87 -104 67 -13 90 8 211 198 130 202 137 225 78 284 -27 27 -42 34 -72 34 -22 0 -50 -8 -64 -16z\"\/><path d=\"M2275 2693 c-553 -48 -1095 -270 -1585 -649 -135 -104 -459 -423 -483 -476 -23 -49 -22 -139 2 -186 73 -142 361 -457 571 -626 285 -228 642 -407 990 -497 242 -63 336 -73 660 -74 310 0 370 5 595 52 535 111 1045 392 1455 803 122 121 250 273 275 326 19 41 19 137 0 174 -41 79 -309 363 -465 492 -447 370 -946 591 -1479 653 -113 14 -422 18 -536 8z m395 -428 c171 -34 330 -124 456 -258 112 -119 167 -219 211 -378 27 -96 24 -300 -5 -401 -72 -255 -236 -447 -474 -557 -132 -62 -201 -76 -368 -76 -167 0 -236 14 -368 76 -213 98 -373 271 -451 485 -162 444 86 934 547 1084 153 49 292 57 452 25z m909 -232 c222 -123 408 -262 593 -441 76 -74 138 -139 138 -144 0 -16 -233 -242 -330 -319 -155 -123 -309 -223 -461 -299 l-81 -41 32 46 c18 26 49 83 70 128 143 306 141 649 -6 957 -25 52 -61 116 -79 142 l-34 47 45 -20 c26 -10 76 -36 113 -56z m-2057 25 c-40 -58 -105 -190 -130 -263 -110 -324 -59 -707 132 -981 25 -35 42 -64 37 -64 -19 0 -241 119 -326 174 -188 122 -406 314 -532 468 l-58 71 108 103 c185 178 428 349 672 473 66 33 121 60 123 61 2 0 -10 -19 -26 -42z\"\/><path d=\"M2375 1950 c-198 -44 -350 -190 -395 -379 -18 -76 -8 -221 19 -290 114 -284 457 -406 731 -260 98 52 188 154 231 260 27 69 37 214 19 290 -38 163 -166 304 -326 360 -67 23 -215 33 -279 19z\"\/><\/g><\/svg><\/i> <img decoding=\"async\" width=\"16\" height=\"16\" alt=\"Loading\" src=\"https:\/\/esviafm.com\/wp-content\/plugins\/page-views-count\/ajax-loader-2x.gif\" border=0 \/><\/p>\n<div class=\"pvc_clear\"><\/div>\n","protected":false},"author":5,"featured_media":0,"comment_status":"open","ping_status":"open","sticky":false,"template":"","format":"standard","meta":{"_et_pb_use_builder":"","_et_pb_old_content":"","_et_gb_content_width":"","footnotes":""},"categories":[17],"tags":[],"class_list":["post-29281","post","type-post","status-publish","format-standard","hentry","category-internacionales"],"_links":{"self":[{"href":"https:\/\/esviafm.com\/index.php\/wp-json\/wp\/v2\/posts\/29281","targetHints":{"allow":["GET"]}}],"collection":[{"href":"https:\/\/esviafm.com\/index.php\/wp-json\/wp\/v2\/posts"}],"about":[{"href":"https:\/\/esviafm.com\/index.php\/wp-json\/wp\/v2\/types\/post"}],"author":[{"embeddable":true,"href":"https:\/\/esviafm.com\/index.php\/wp-json\/wp\/v2\/users\/5"}],"replies":[{"embeddable":true,"href":"https:\/\/esviafm.com\/index.php\/wp-json\/wp\/v2\/comments?post=29281"}],"version-history":[{"count":1,"href":"https:\/\/esviafm.com\/index.php\/wp-json\/wp\/v2\/posts\/29281\/revisions"}],"predecessor-version":[{"id":29283,"href":"https:\/\/esviafm.com\/index.php\/wp-json\/wp\/v2\/posts\/29281\/revisions\/29283"}],"wp:attachment":[{"href":"https:\/\/esviafm.com\/index.php\/wp-json\/wp\/v2\/media?parent=29281"}],"wp:term":[{"taxonomy":"category","embeddable":true,"href":"https:\/\/esviafm.com\/index.php\/wp-json\/wp\/v2\/categories?post=29281"},{"taxonomy":"post_tag","embeddable":true,"href":"https:\/\/esviafm.com\/index.php\/wp-json\/wp\/v2\/tags?post=29281"}],"curies":[{"name":"wp","href":"https:\/\/api.w.org\/{rel}","templated":true}]}}