{"id":29260,"date":"2025-08-21T06:43:39","date_gmt":"2025-08-21T11:13:39","guid":{"rendered":"https:\/\/esviafm.com\/?p=29260"},"modified":"2025-08-21T06:43:39","modified_gmt":"2025-08-21T11:13:39","slug":"la-policia-de-brasil-dice-que-el-expresidente-jair-bolsonaro-planeaba-huir-a-argentina-para-pedir-asilo","status":"publish","type":"post","link":"https:\/\/esviafm.com\/index.php\/la-policia-de-brasil-dice-que-el-expresidente-jair-bolsonaro-planeaba-huir-a-argentina-para-pedir-asilo\/","title":{"rendered":"La polic\u00eda de Brasil dice que el expresidente Jair Bolsonaro planeaba huir a Argentina para pedir asilo"},"content":{"rendered":"<div class=\"source vossi-source inline-placeholder\" data-uri=\"es.cms.cnn.com\/_components\/source\/instances\/cmekq2onn003k26p2bjymcoqk@published\" data-component-name=\"source\" data-article-gutter=\"true\"><cite class=\"source__cite vossi-source__cite\">\u00a0<\/cite><\/div>\n<p class=\"paragraph inline-placeholder vossi-paragraph\" data-uri=\"es.cms.cnn.com\/_components\/paragraph\/instances\/cmekq2onn003l26p2fss1hwh5@published\" data-editable=\"text\" data-component-name=\"paragraph\" data-article-gutter=\"true\" data-analytics-observe=\"on\">La polic\u00eda federal de Brasil indic\u00f3 que los mensajes encontrados en el tel\u00e9fono del expresidente Jair Bolsonaro mostraban que en alg\u00fan momento quiso huir a Argentina y solicitar asilo pol\u00edtico, seg\u00fan documentos a los que The Associated Press tuvo acceso el mi\u00e9rcoles.<\/p>\n<p class=\"paragraph inline-placeholder vossi-paragraph\" data-uri=\"es.cms.cnn.com\/_components\/paragraph\/instances\/cmekq46pd0005356nmztvlema@published\" data-editable=\"text\" data-component-name=\"paragraph\" data-article-gutter=\"true\" data-analytics-observe=\"on\">Bolsonaro actualmente est\u00e1 a la espera de que el Supremo Tribunal Federal emita un fallo sobre un presunto intento de golpe de Estado y el mi\u00e9rcoles se enter\u00f3 de que podr\u00eda enfrentar otro caso despu\u00e9s de que la polic\u00eda acus\u00f3 formalmente al exmandatario y a uno de sus hijos, Eduardo Bolsonaro, de obstrucci\u00f3n de la justicia en relaci\u00f3n con su juicio pendiente.<\/p>\n<p class=\"paragraph inline-placeholder vossi-paragraph\" data-uri=\"es.cms.cnn.com\/_components\/paragraph\/instances\/cmekq4v9f000b356ndw4gye8q@published\" data-editable=\"text\" data-component-name=\"paragraph\" data-article-gutter=\"true\" data-analytics-observe=\"on\">AP tuvo acceso a la investigaci\u00f3n policial, intercambios de mensajes en aplicaciones, mensajes de voz y revis\u00f3 los documentos, los cuales fueron enviados al Supremo Tribunal Federal.<\/p>\n<p class=\"paragraph inline-placeholder vossi-paragraph\" data-uri=\"es.cms.cnn.com\/_components\/paragraph\/instances\/cmekq5mrm000d356n4yllm7jc@published\" data-editable=\"text\" data-component-name=\"paragraph\" data-article-gutter=\"true\" data-analytics-observe=\"on\">Investigadores de la polic\u00eda federal brasile\u00f1a indicaron en un informe de 170 p\u00e1ginas que Bolsonaro ten\u00eda un borrador de una solicitud de asilo pol\u00edtico al gobierno del presidente de Argentina, Javier Milei, fechada el 10 de febrero de 2024. El expresidente guard\u00f3 el documento dos d\u00edas despu\u00e9s de que las autoridades registraron su casa y oficina como parte de una investigaci\u00f3n sobre un presunto complot golpista.<\/p>\n<p class=\"paragraph inline-placeholder vossi-paragraph\" data-uri=\"es.cms.cnn.com\/_components\/paragraph\/instances\/cmekq5xdv000f356ncf2uqdyk@published\" data-editable=\"text\" data-component-name=\"paragraph\" data-article-gutter=\"true\" data-analytics-observe=\"on\">En una carta de 33 p\u00e1ginas dirigida a Milei, Bolsonaro afirm\u00f3 que es v\u00edctima de persecuci\u00f3n pol\u00edtica en Brasil.<\/p>\n<p class=\"paragraph inline-placeholder vossi-paragraph\" data-uri=\"es.cms.cnn.com\/_components\/paragraph\/instances\/cmekq6t36000h356njsxdh98w@published\" data-editable=\"text\" data-component-name=\"paragraph\" data-article-gutter=\"true\" data-analytics-observe=\"on\">\u201cYo, Jair Messias Bolsonaro, solicito asilo pol\u00edtico a su excelencia en la Rep\u00fablica de Argentina, de car\u00e1cter urgente, ya que me encuentro en una situaci\u00f3n de persecuci\u00f3n pol\u00edtica en Brasil y temo por mi vida\u201d, escribi\u00f3 el exgobernante brasile\u00f1o.<\/p>\n<div class=\"related-content related-content--article\" data-uri=\"es.cms.cnn.com\/_components\/related-content\/instances\/cmekqe11v0007356nr790r2yw@published\" data-component-name=\"related-content\" data-article-gutter=\"true\" data-analytics-observe=\"on\">\n<div class=\"related-content__image image__related-content\">\n<div class=\"image image__hide-placeholder image--eq-extra-small\" data-uri=\"es.cms.cnn.com\/_components\/image\/instances\/cmeezp4s5007728phgreceodc@published\" data-image-variation=\"image\" data-name=\"GettyImages-2224944061.jpg\" data-component-name=\"image\" data-observe-resizes=\"\" data-breakpoints=\"{&quot;image--eq-extra-small&quot;: 115, &quot;image--eq-small&quot;: 300, &quot;image--eq-large&quot;: 660}\" data-original-ratio=\"0.6667256324075712\" data-original-height=\"3769\" data-original-width=\"5653\" data-url=\"https:\/\/media.cnn.com\/api\/v1\/images\/stellar\/prod\/gettyimages-2224944061.jpg?c=original\" data-editable=\"settings\">\n<div class=\"image__container \" data-image-variation=\"image\" data-breakpoints=\"{&quot;image--eq-extra-small&quot;: 115, &quot;image--eq-small&quot;: 300, &quot;image--show-credits&quot;: 525}\"><picture class=\"image__picture\"><img fetchpriority=\"high\" fetchpriority=\"high\" decoding=\"async\" class=\"image__dam-img\" src=\"https:\/\/media.cnn.com\/api\/v1\/images\/stellar\/prod\/gettyimages-2224944061.jpg?c=16x9&amp;q=h_144,w_256,c_fill\" alt=\"El expresidente brasile\u00f1o Jair Bolsonaro observa mientras habla con la prensa tras serle implantado un dispositivo de monitoreo electr\u00f3nico en Brasilia el 18 de julio de 2025.\" width=\"5653\" height=\"3769\" \/><\/picture><\/div>\n<div class=\"image__metadata\"><\/div>\n<\/div>\n<\/div>\n<\/div>\n<p class=\"paragraph inline-placeholder vossi-paragraph\" data-uri=\"es.cms.cnn.com\/_components\/paragraph\/instances\/cmekq70gj000j356n9gvqouvj@published\" data-editable=\"text\" data-component-name=\"paragraph\" data-article-gutter=\"true\" data-analytics-observe=\"on\">El portavoz de la oficina de la presidencia de Argentina no respondi\u00f3 de inmediato a una solicitud de comentarios. Bolsonaro tampoco coment\u00f3 sobre la investigaci\u00f3n.<\/p>\n<p class=\"paragraph inline-placeholder vossi-paragraph\" data-uri=\"es.cms.cnn.com\/_components\/paragraph\/instances\/cmekq77b3000l356n7pnn6twb@published\" data-editable=\"text\" data-component-name=\"paragraph\" data-article-gutter=\"true\" data-analytics-observe=\"on\">El 12 de febrero, Bolsonaro supuestamente pas\u00f3 dos noches en la embajada de Hungr\u00eda en Brasilia, lo que aviv\u00f3 especulaciones entre los cr\u00edticos de que podr\u00eda haber estado intentando evitar el arresto.<\/p>\n<p class=\"paragraph inline-placeholder vossi-paragraph\" data-uri=\"es.cms.cnn.com\/_components\/paragraph\/instances\/cmekq7fco000n356ne3yvw3lz@published\" data-editable=\"text\" data-component-name=\"paragraph\" data-article-gutter=\"true\" data-analytics-observe=\"on\">Los investigadores de la polic\u00eda federal brasile\u00f1a tambi\u00e9n dijeron en su informe que la decisi\u00f3n de Bolsonaro de ignorar las medidas cautelares establecidas para su arresto domiciliario y difundir contenido a sus aliados \u201cbuscaba golpear directamente a las instituciones democr\u00e1ticas brasile\u00f1as, notablemente al Supremo Tribunal Federal e incluso al Congreso de Brasil\u201d.<\/p>\n<p class=\"paragraph inline-placeholder vossi-paragraph\" data-uri=\"es.cms.cnn.com\/_components\/paragraph\/instances\/cmekq8jht000p356nlb7uu33h@published\" data-editable=\"text\" data-component-name=\"paragraph\" data-article-gutter=\"true\" data-analytics-observe=\"on\">En lo referente a las acusaciones del mi\u00e9rcoles, Eduardo Bolsonaro dijo en un comunicado que \u201cnunca tuvo la intenci\u00f3n de interferir en ning\u00fan procedimiento en curso en Brasil\u201d. A\u00f1adi\u00f3 que las conversaciones con su padre que forman parte de la investigaci\u00f3n son \u201ccompletamente normales\u201d y su publicaci\u00f3n tiene un sesgo pol\u00edtico.<\/p>\n<p class=\"paragraph inline-placeholder vossi-paragraph\" data-uri=\"es.cms.cnn.com\/_components\/paragraph\/instances\/cmekq8t5l000r356nxc4sj5n1@published\" data-editable=\"text\" data-component-name=\"paragraph\" data-article-gutter=\"true\" data-analytics-observe=\"on\">Silas Malafaia, un pastor evang\u00e9lico y firme aliado de Bolsonaro, tambi\u00e9n fue objeto de la investigaci\u00f3n policial. Los investigadores confiscaron su pasaporte, pero no fue acusado formalmente de obstrucci\u00f3n de la justicia.<\/p>\n<p class=\"paragraph inline-placeholder vossi-paragraph\" data-uri=\"es.cms.cnn.com\/_components\/paragraph\/instances\/cmekq913b000t356ny7uek93c@published\" data-editable=\"text\" data-component-name=\"paragraph\" data-article-gutter=\"true\" data-analytics-observe=\"on\">Varios de los mensajes que Bolsonaro intercambi\u00f3 con su hijo muestran su inter\u00e9s en elogiar al presidente de Estados Unidos, Donald Trump, para influir en los procedimientos legales en Brasil. El mes pasado, Trump impuso aranceles del 50 % a algunas exportaciones brasile\u00f1as y asegur\u00f3 que el principal motivo de la medida fue el juicio contra Bolsonaro.<\/p>\n<p class=\"paragraph inline-placeholder vossi-paragraph\" data-uri=\"es.cms.cnn.com\/_components\/paragraph\/instances\/cmekq9c0k000v356nfmdwtc8c@published\" data-editable=\"text\" data-component-name=\"paragraph\" data-article-gutter=\"true\" data-analytics-observe=\"on\">\u201cNo tendr\u00e1s tiempo de revertir la situaci\u00f3n si el tipo te da la espalda. Todo aqu\u00ed es muy delicado, cada peque\u00f1a cosa te afecta\u201d, le dijo Eduardo Bolsonaro a su padre en uno de los intercambios.<\/p>\n<p class=\"paragraph inline-placeholder vossi-paragraph\" data-uri=\"es.cms.cnn.com\/_components\/paragraph\/instances\/cmekq9im7000x356negwiarbw@published\" data-editable=\"text\" data-component-name=\"paragraph\" data-article-gutter=\"true\" data-analytics-observe=\"off\">\u201cEn la situaci\u00f3n actual, ni siquiera necesitas preocuparte por la c\u00e1rcel; no te van a arrestar. Pero me temo que las cosas cambiar\u00e1n aqu\u00ed (en Estados Unidos). Incluso dentro de la Casa Blanca, hay personas que le dicen (a Trump): \u2018OK, ya perdimos Brasil. Sigamos adelante\u2019\u201d, se\u00f1al\u00f3 Eduardo Bolsonaro.<\/p>\n<p class=\"paragraph inline-placeholder vossi-paragraph\" data-uri=\"es.cms.cnn.com\/_components\/paragraph\/instances\/cmekqa70y0001356ni8othc60@published\" data-editable=\"text\" data-component-name=\"paragraph\" data-article-gutter=\"true\" data-analytics-observe=\"off\">Algunos intercambios, repletos de improperios, tambi\u00e9n dejan al descubierto algunas fricciones entre padre e hijo. Eduardo, quien se mud\u00f3 a Estados Unidos a principios de este a\u00f1o a pesar de tener un esca\u00f1o en el Congreso de Brasil, llama a su padre \u201cingrato\u201d por sus esfuerzos para influir a su favor en el Gobierno de Trump.<\/p>\n<p class=\"paragraph inline-placeholder vossi-paragraph\" data-uri=\"es.cms.cnn.com\/_components\/paragraph\/instances\/cmekqagul0003356npzbsx75q@published\" data-editable=\"text\" data-component-name=\"paragraph\" data-article-gutter=\"true\" data-analytics-observe=\"off\">\nEduardo Bolsonaro tambi\u00e9n le pide a su padre que \u201cAct\u00fae responsablemente\u201d para que \u00e9l no tenga que permanecer mucho m\u00e1s tiempo en Estados Unidos.<\/p>\n<div class=\"pvc_clear\"><\/div>\n<p id=\"pvc_stats_29260\" class=\"pvc_stats all  \" data-element-id=\"29260\" style=\"\"><i class=\"pvc-stats-icon large\" aria-hidden=\"true\"><svg xmlns=\"http:\/\/www.w3.org\/2000\/svg\" version=\"1.0\" viewBox=\"0 0 502 315\" preserveAspectRatio=\"xMidYMid meet\"><g transform=\"translate(0,332) scale(0.1,-0.1)\" fill=\"\" stroke=\"none\"><path d=\"M2394 3279 l-29 -30 -3 -207 c-2 -182 0 -211 15 -242 39 -76 157 -76 196 0 15 31 17 60 15 243 l-3 209 -33 29 c-26 23 -41 29 -80 29 -41 0 -53 -5 -78 -31z\"\/><path d=\"M3085 3251 c-45 -19 -58 -50 -96 -229 -47 -217 -49 -260 -13 -295 52 -53 146 -42 177 20 16 31 87 366 87 410 0 70 -86 122 -155 94z\"\/><path d=\"M1751 3234 c-13 -9 -29 -31 -37 -50 -12 -29 -10 -49 21 -204 19 -94 39 -189 45 -210 14 -50 54 -80 110 -80 34 0 48 6 76 34 21 21 34 44 34 59 0 14 -18 113 -40 219 -37 178 -43 195 -70 221 -36 32 -101 37 -139 11z\"\/><path d=\"M1163 3073 c-36 -7 -73 -59 -73 -102 0 -56 133 -378 171 -413 34 -32 83 -37 129 -13 70 36 67 87 -16 290 -86 209 -89 214 -129 231 -35 14 -42 15 -82 7z\"\/><path d=\"M3689 3066 c-15 -9 -33 -30 -42 -48 -48 -103 -147 -355 -147 -375 0 -98 131 -148 192 -74 13 15 57 108 97 206 80 196 84 226 37 273 -30 30 -99 39 -137 18z\"\/><path d=\"M583 2784 c-38 -19 -67 -74 -58 -113 9 -42 211 -354 242 -373 16 -10 45 -18 66 -18 51 0 107 52 107 100 0 39 -1 41 -124 234 -80 126 -108 162 -133 173 -41 17 -61 16 -100 -3z\"\/><path d=\"M4250 2784 c-14 -9 -74 -91 -133 -183 -95 -150 -107 -173 -107 -213 0 -55 33 -94 87 -104 67 -13 90 8 211 198 130 202 137 225 78 284 -27 27 -42 34 -72 34 -22 0 -50 -8 -64 -16z\"\/><path d=\"M2275 2693 c-553 -48 -1095 -270 -1585 -649 -135 -104 -459 -423 -483 -476 -23 -49 -22 -139 2 -186 73 -142 361 -457 571 -626 285 -228 642 -407 990 -497 242 -63 336 -73 660 -74 310 0 370 5 595 52 535 111 1045 392 1455 803 122 121 250 273 275 326 19 41 19 137 0 174 -41 79 -309 363 -465 492 -447 370 -946 591 -1479 653 -113 14 -422 18 -536 8z m395 -428 c171 -34 330 -124 456 -258 112 -119 167 -219 211 -378 27 -96 24 -300 -5 -401 -72 -255 -236 -447 -474 -557 -132 -62 -201 -76 -368 -76 -167 0 -236 14 -368 76 -213 98 -373 271 -451 485 -162 444 86 934 547 1084 153 49 292 57 452 25z m909 -232 c222 -123 408 -262 593 -441 76 -74 138 -139 138 -144 0 -16 -233 -242 -330 -319 -155 -123 -309 -223 -461 -299 l-81 -41 32 46 c18 26 49 83 70 128 143 306 141 649 -6 957 -25 52 -61 116 -79 142 l-34 47 45 -20 c26 -10 76 -36 113 -56z m-2057 25 c-40 -58 -105 -190 -130 -263 -110 -324 -59 -707 132 -981 25 -35 42 -64 37 -64 -19 0 -241 119 -326 174 -188 122 -406 314 -532 468 l-58 71 108 103 c185 178 428 349 672 473 66 33 121 60 123 61 2 0 -10 -19 -26 -42z\"\/><path d=\"M2375 1950 c-198 -44 -350 -190 -395 -379 -18 -76 -8 -221 19 -290 114 -284 457 -406 731 -260 98 52 188 154 231 260 27 69 37 214 19 290 -38 163 -166 304 -326 360 -67 23 -215 33 -279 19z\"\/><\/g><\/svg><\/i> <img decoding=\"async\" width=\"16\" height=\"16\" alt=\"Loading\" src=\"https:\/\/esviafm.com\/wp-content\/plugins\/page-views-count\/ajax-loader-2x.gif\" border=0 \/><\/p>\n<div class=\"pvc_clear\"><\/div>\n","protected":false},"excerpt":{"rendered":"<p>\u00a0 La polic\u00eda federal de Brasil indic\u00f3 que los mensajes encontrados en el tel\u00e9fono del expresidente Jair Bolsonaro mostraban que en alg\u00fan momento quiso huir a Argentina y solicitar asilo pol\u00edtico, seg\u00fan documentos a los que The Associated Press tuvo acceso el mi\u00e9rcoles. Bolsonaro actualmente est\u00e1 a la espera de que el Supremo Tribunal Federal [&hellip;]<\/p>\n<div class=\"pvc_clear\"><\/div>\n<p id=\"pvc_stats_29260\" class=\"pvc_stats all  \" data-element-id=\"29260\" style=\"\"><i class=\"pvc-stats-icon large\" aria-hidden=\"true\"><svg xmlns=\"http:\/\/www.w3.org\/2000\/svg\" version=\"1.0\" viewBox=\"0 0 502 315\" preserveAspectRatio=\"xMidYMid meet\"><g transform=\"translate(0,332) scale(0.1,-0.1)\" fill=\"\" stroke=\"none\"><path d=\"M2394 3279 l-29 -30 -3 -207 c-2 -182 0 -211 15 -242 39 -76 157 -76 196 0 15 31 17 60 15 243 l-3 209 -33 29 c-26 23 -41 29 -80 29 -41 0 -53 -5 -78 -31z\"\/><path d=\"M3085 3251 c-45 -19 -58 -50 -96 -229 -47 -217 -49 -260 -13 -295 52 -53 146 -42 177 20 16 31 87 366 87 410 0 70 -86 122 -155 94z\"\/><path d=\"M1751 3234 c-13 -9 -29 -31 -37 -50 -12 -29 -10 -49 21 -204 19 -94 39 -189 45 -210 14 -50 54 -80 110 -80 34 0 48 6 76 34 21 21 34 44 34 59 0 14 -18 113 -40 219 -37 178 -43 195 -70 221 -36 32 -101 37 -139 11z\"\/><path d=\"M1163 3073 c-36 -7 -73 -59 -73 -102 0 -56 133 -378 171 -413 34 -32 83 -37 129 -13 70 36 67 87 -16 290 -86 209 -89 214 -129 231 -35 14 -42 15 -82 7z\"\/><path d=\"M3689 3066 c-15 -9 -33 -30 -42 -48 -48 -103 -147 -355 -147 -375 0 -98 131 -148 192 -74 13 15 57 108 97 206 80 196 84 226 37 273 -30 30 -99 39 -137 18z\"\/><path d=\"M583 2784 c-38 -19 -67 -74 -58 -113 9 -42 211 -354 242 -373 16 -10 45 -18 66 -18 51 0 107 52 107 100 0 39 -1 41 -124 234 -80 126 -108 162 -133 173 -41 17 -61 16 -100 -3z\"\/><path d=\"M4250 2784 c-14 -9 -74 -91 -133 -183 -95 -150 -107 -173 -107 -213 0 -55 33 -94 87 -104 67 -13 90 8 211 198 130 202 137 225 78 284 -27 27 -42 34 -72 34 -22 0 -50 -8 -64 -16z\"\/><path d=\"M2275 2693 c-553 -48 -1095 -270 -1585 -649 -135 -104 -459 -423 -483 -476 -23 -49 -22 -139 2 -186 73 -142 361 -457 571 -626 285 -228 642 -407 990 -497 242 -63 336 -73 660 -74 310 0 370 5 595 52 535 111 1045 392 1455 803 122 121 250 273 275 326 19 41 19 137 0 174 -41 79 -309 363 -465 492 -447 370 -946 591 -1479 653 -113 14 -422 18 -536 8z m395 -428 c171 -34 330 -124 456 -258 112 -119 167 -219 211 -378 27 -96 24 -300 -5 -401 -72 -255 -236 -447 -474 -557 -132 -62 -201 -76 -368 -76 -167 0 -236 14 -368 76 -213 98 -373 271 -451 485 -162 444 86 934 547 1084 153 49 292 57 452 25z m909 -232 c222 -123 408 -262 593 -441 76 -74 138 -139 138 -144 0 -16 -233 -242 -330 -319 -155 -123 -309 -223 -461 -299 l-81 -41 32 46 c18 26 49 83 70 128 143 306 141 649 -6 957 -25 52 -61 116 -79 142 l-34 47 45 -20 c26 -10 76 -36 113 -56z m-2057 25 c-40 -58 -105 -190 -130 -263 -110 -324 -59 -707 132 -981 25 -35 42 -64 37 -64 -19 0 -241 119 -326 174 -188 122 -406 314 -532 468 l-58 71 108 103 c185 178 428 349 672 473 66 33 121 60 123 61 2 0 -10 -19 -26 -42z\"\/><path d=\"M2375 1950 c-198 -44 -350 -190 -395 -379 -18 -76 -8 -221 19 -290 114 -284 457 -406 731 -260 98 52 188 154 231 260 27 69 37 214 19 290 -38 163 -166 304 -326 360 -67 23 -215 33 -279 19z\"\/><\/g><\/svg><\/i> <img decoding=\"async\" width=\"16\" height=\"16\" alt=\"Loading\" src=\"https:\/\/esviafm.com\/wp-content\/plugins\/page-views-count\/ajax-loader-2x.gif\" border=0 \/><\/p>\n<div class=\"pvc_clear\"><\/div>\n","protected":false},"author":5,"featured_media":0,"comment_status":"open","ping_status":"open","sticky":false,"template":"","format":"standard","meta":{"_et_pb_use_builder":"","_et_pb_old_content":"","_et_gb_content_width":"","footnotes":""},"categories":[17],"tags":[],"class_list":["post-29260","post","type-post","status-publish","format-standard","hentry","category-internacionales"],"_links":{"self":[{"href":"https:\/\/esviafm.com\/index.php\/wp-json\/wp\/v2\/posts\/29260","targetHints":{"allow":["GET"]}}],"collection":[{"href":"https:\/\/esviafm.com\/index.php\/wp-json\/wp\/v2\/posts"}],"about":[{"href":"https:\/\/esviafm.com\/index.php\/wp-json\/wp\/v2\/types\/post"}],"author":[{"embeddable":true,"href":"https:\/\/esviafm.com\/index.php\/wp-json\/wp\/v2\/users\/5"}],"replies":[{"embeddable":true,"href":"https:\/\/esviafm.com\/index.php\/wp-json\/wp\/v2\/comments?post=29260"}],"version-history":[{"count":1,"href":"https:\/\/esviafm.com\/index.php\/wp-json\/wp\/v2\/posts\/29260\/revisions"}],"predecessor-version":[{"id":29262,"href":"https:\/\/esviafm.com\/index.php\/wp-json\/wp\/v2\/posts\/29260\/revisions\/29262"}],"wp:attachment":[{"href":"https:\/\/esviafm.com\/index.php\/wp-json\/wp\/v2\/media?parent=29260"}],"wp:term":[{"taxonomy":"category","embeddable":true,"href":"https:\/\/esviafm.com\/index.php\/wp-json\/wp\/v2\/categories?post=29260"},{"taxonomy":"post_tag","embeddable":true,"href":"https:\/\/esviafm.com\/index.php\/wp-json\/wp\/v2\/tags?post=29260"}],"curies":[{"name":"wp","href":"https:\/\/api.w.org\/{rel}","templated":true}]}}