{"id":29233,"date":"2025-08-20T06:55:02","date_gmt":"2025-08-20T11:25:02","guid":{"rendered":"https:\/\/esviafm.com\/?p=29233"},"modified":"2025-08-20T06:55:02","modified_gmt":"2025-08-20T11:25:02","slug":"chile-gestiona-extradicion-de-lider-del-tren-de-aragua-capturado-en-colombia","status":"publish","type":"post","link":"https:\/\/esviafm.com\/index.php\/chile-gestiona-extradicion-de-lider-del-tren-de-aragua-capturado-en-colombia\/","title":{"rendered":"Chile gestiona extradici\u00f3n de l\u00edder del Tren de Aragua capturado en Colombia"},"content":{"rendered":"<p>El\u00a0<strong>gobierno de Chile adelanta gestiones con la administraci\u00f3n de Gustavo Petro para solicitar la extradici\u00f3n del\u00a0<a href=\"https:\/\/www.elnacional.com\/2025\/08\/detuvieron-en-colombia-a-uno-de-los-integrantes-mas-buscados-del-tren-de-aragua-en-chile\/\" target=\"_blank\" rel=\"noreferrer noopener\">venezolano Alberto Carlos Mej\u00eda Hern\u00e1ndez, l\u00edder del Tren de Aragua<\/a><\/strong>, se\u00f1alado por la Justicia chilena como implicado en el asesinato de Jos\u00e9 Felipe Reyes Ossa, conocido como El Rey de Meiggs.<\/p>\n<p>El fugitivo fue capturado el s\u00e1bado 16 de agosto en Barrancabermeja, Santander, durante un operativo coordinado entre la Polic\u00eda Nacional de Colombia, la Oficina Central Nacional de Interpol y autoridades chilenas.<\/p>\n<h2 id=\"h-proceso-de-extradicion-de-lider-del-tren-de-aragua-en-marcha\" class=\"wp-block-heading\">Proceso de extradici\u00f3n de l\u00edder del Tren de Aragua en marcha<\/h2>\n<p>El ministro de Seguridad de Chile, Luis Cordero, destac\u00f3 la cooperaci\u00f3n internacional que permiti\u00f3 la detenci\u00f3n del criminal m\u00e1s buscado en territorio chileno y\u00a0<strong>confirm\u00f3 que el proceso de extradici\u00f3n ya est\u00e1 en curso.<\/strong><\/p>\n<p>\u201cLas experiencias previas con Colombia son expeditas. El requerimiento lo realiza el Ministerio P\u00fablico, se tramita a trav\u00e9s de la Canciller\u00eda y luego tiene tramitaci\u00f3n jurisdiccional. Esperamos que no se extienda m\u00e1s all\u00e1 de dos o tres meses\u201d, afirm\u00f3 en entrevista con el canal 24 Horas.<\/p>\n<p>Por el momento,\u00a0<strong>las autoridades colombianas no se han pronunciado oficialmente sobre el traslado del detenido.<\/strong><\/p>\n<h2 id=\"h-un-error-judicial-en-chile-lo-dejo-libre\" class=\"wp-block-heading\">Un error judicial en Chile lo dej\u00f3 libre<\/h2>\n<p>Mej\u00eda Hern\u00e1ndez se convirti\u00f3 en pr\u00f3fugo el 10 de julio de 2025, cuando\u00a0<strong>el Octavo Juzgado de Garant\u00eda de Santiago lo liber\u00f3 por error<\/strong>, apenas un d\u00eda despu\u00e9s de que se decretara prisi\u00f3n preventiva en su contra y de otros dos imputados.<\/p>\n<p>La Fiscal\u00eda investiga si la irregularidad fue producto de una falsificaci\u00f3n de documentos o manipulaci\u00f3n de los sistemas inform\u00e1ticos judiciales, lo que facilit\u00f3 la evasi\u00f3n. Al principio, las autoridades creyeron que podr\u00eda estar en Argentina o Per\u00fa, pero finalmente se confirm\u00f3 su presencia en Colombia.<\/p>\n<p>Un tatuaje identificado en cotejo con registros chilenos permiti\u00f3 confirmar la identidad del l\u00edder del Tren de Aragua, pese a que el delincuente hab\u00eda cambiado el color de su cabello para despistar a las autoridades.<\/p>\n<h2 id=\"h-crimen-de-el-rey-de-meiggs\" class=\"wp-block-heading\">Crimen de El Rey de Meiggs<\/h2>\n<p>El asesinato de Reyes Ossa, ocurrido el 19 de junio en \u00d1u\u00f1oa, Santiago,<strong>\u00a0habr\u00eda sido ejecutado por sicarios venezolanos<\/strong>\u00a0contratados presuntamente por Wilson Verdugo, conocido de la v\u00edctima, seg\u00fan revel\u00f3 Chilevisi\u00f3n.<\/p>\n<p>Durante la investigaci\u00f3n tambi\u00e9n surgi\u00f3 el nombre de Jorge Tom, empresario colombiano y fundador de Iguana Producciones. Sin embargo, la productora neg\u00f3 cualquier relaci\u00f3n con el crimen o con la v\u00edctima en un comunicado difundido por<em>\u00a0<\/em>T13.<\/p>\n<p>Las pesquisas en Chile identificaron a tres sospechosos, entre ellos Mej\u00eda Hern\u00e1ndez, quien\u00a0<strong>al momento de su captura en Colombia usaba una identidad falsa<\/strong>. Ahora queda a disposici\u00f3n de la Fiscal\u00eda General de la Naci\u00f3n para definir su extradici\u00f3n a Chile.<\/p>\n<div class=\"pvc_clear\"><\/div>\n<p id=\"pvc_stats_29233\" class=\"pvc_stats all  \" data-element-id=\"29233\" style=\"\"><i class=\"pvc-stats-icon large\" aria-hidden=\"true\"><svg xmlns=\"http:\/\/www.w3.org\/2000\/svg\" version=\"1.0\" viewBox=\"0 0 502 315\" preserveAspectRatio=\"xMidYMid meet\"><g transform=\"translate(0,332) scale(0.1,-0.1)\" fill=\"\" stroke=\"none\"><path d=\"M2394 3279 l-29 -30 -3 -207 c-2 -182 0 -211 15 -242 39 -76 157 -76 196 0 15 31 17 60 15 243 l-3 209 -33 29 c-26 23 -41 29 -80 29 -41 0 -53 -5 -78 -31z\"\/><path d=\"M3085 3251 c-45 -19 -58 -50 -96 -229 -47 -217 -49 -260 -13 -295 52 -53 146 -42 177 20 16 31 87 366 87 410 0 70 -86 122 -155 94z\"\/><path d=\"M1751 3234 c-13 -9 -29 -31 -37 -50 -12 -29 -10 -49 21 -204 19 -94 39 -189 45 -210 14 -50 54 -80 110 -80 34 0 48 6 76 34 21 21 34 44 34 59 0 14 -18 113 -40 219 -37 178 -43 195 -70 221 -36 32 -101 37 -139 11z\"\/><path d=\"M1163 3073 c-36 -7 -73 -59 -73 -102 0 -56 133 -378 171 -413 34 -32 83 -37 129 -13 70 36 67 87 -16 290 -86 209 -89 214 -129 231 -35 14 -42 15 -82 7z\"\/><path d=\"M3689 3066 c-15 -9 -33 -30 -42 -48 -48 -103 -147 -355 -147 -375 0 -98 131 -148 192 -74 13 15 57 108 97 206 80 196 84 226 37 273 -30 30 -99 39 -137 18z\"\/><path d=\"M583 2784 c-38 -19 -67 -74 -58 -113 9 -42 211 -354 242 -373 16 -10 45 -18 66 -18 51 0 107 52 107 100 0 39 -1 41 -124 234 -80 126 -108 162 -133 173 -41 17 -61 16 -100 -3z\"\/><path d=\"M4250 2784 c-14 -9 -74 -91 -133 -183 -95 -150 -107 -173 -107 -213 0 -55 33 -94 87 -104 67 -13 90 8 211 198 130 202 137 225 78 284 -27 27 -42 34 -72 34 -22 0 -50 -8 -64 -16z\"\/><path d=\"M2275 2693 c-553 -48 -1095 -270 -1585 -649 -135 -104 -459 -423 -483 -476 -23 -49 -22 -139 2 -186 73 -142 361 -457 571 -626 285 -228 642 -407 990 -497 242 -63 336 -73 660 -74 310 0 370 5 595 52 535 111 1045 392 1455 803 122 121 250 273 275 326 19 41 19 137 0 174 -41 79 -309 363 -465 492 -447 370 -946 591 -1479 653 -113 14 -422 18 -536 8z m395 -428 c171 -34 330 -124 456 -258 112 -119 167 -219 211 -378 27 -96 24 -300 -5 -401 -72 -255 -236 -447 -474 -557 -132 -62 -201 -76 -368 -76 -167 0 -236 14 -368 76 -213 98 -373 271 -451 485 -162 444 86 934 547 1084 153 49 292 57 452 25z m909 -232 c222 -123 408 -262 593 -441 76 -74 138 -139 138 -144 0 -16 -233 -242 -330 -319 -155 -123 -309 -223 -461 -299 l-81 -41 32 46 c18 26 49 83 70 128 143 306 141 649 -6 957 -25 52 -61 116 -79 142 l-34 47 45 -20 c26 -10 76 -36 113 -56z m-2057 25 c-40 -58 -105 -190 -130 -263 -110 -324 -59 -707 132 -981 25 -35 42 -64 37 -64 -19 0 -241 119 -326 174 -188 122 -406 314 -532 468 l-58 71 108 103 c185 178 428 349 672 473 66 33 121 60 123 61 2 0 -10 -19 -26 -42z\"\/><path d=\"M2375 1950 c-198 -44 -350 -190 -395 -379 -18 -76 -8 -221 19 -290 114 -284 457 -406 731 -260 98 52 188 154 231 260 27 69 37 214 19 290 -38 163 -166 304 -326 360 -67 23 -215 33 -279 19z\"\/><\/g><\/svg><\/i> <img decoding=\"async\" width=\"16\" height=\"16\" alt=\"Loading\" src=\"https:\/\/esviafm.com\/wp-content\/plugins\/page-views-count\/ajax-loader-2x.gif\" border=0 \/><\/p>\n<div class=\"pvc_clear\"><\/div>\n","protected":false},"excerpt":{"rendered":"<p>El\u00a0gobierno de Chile adelanta gestiones con la administraci\u00f3n de Gustavo Petro para solicitar la extradici\u00f3n del\u00a0venezolano Alberto Carlos Mej\u00eda Hern\u00e1ndez, l\u00edder del Tren de Aragua, se\u00f1alado por la Justicia chilena como implicado en el asesinato de Jos\u00e9 Felipe Reyes Ossa, conocido como El Rey de Meiggs. El fugitivo fue capturado el s\u00e1bado 16 de agosto [&hellip;]<\/p>\n<div class=\"pvc_clear\"><\/div>\n<p id=\"pvc_stats_29233\" class=\"pvc_stats all  \" data-element-id=\"29233\" style=\"\"><i class=\"pvc-stats-icon large\" aria-hidden=\"true\"><svg xmlns=\"http:\/\/www.w3.org\/2000\/svg\" version=\"1.0\" viewBox=\"0 0 502 315\" preserveAspectRatio=\"xMidYMid meet\"><g transform=\"translate(0,332) scale(0.1,-0.1)\" fill=\"\" stroke=\"none\"><path d=\"M2394 3279 l-29 -30 -3 -207 c-2 -182 0 -211 15 -242 39 -76 157 -76 196 0 15 31 17 60 15 243 l-3 209 -33 29 c-26 23 -41 29 -80 29 -41 0 -53 -5 -78 -31z\"\/><path d=\"M3085 3251 c-45 -19 -58 -50 -96 -229 -47 -217 -49 -260 -13 -295 52 -53 146 -42 177 20 16 31 87 366 87 410 0 70 -86 122 -155 94z\"\/><path d=\"M1751 3234 c-13 -9 -29 -31 -37 -50 -12 -29 -10 -49 21 -204 19 -94 39 -189 45 -210 14 -50 54 -80 110 -80 34 0 48 6 76 34 21 21 34 44 34 59 0 14 -18 113 -40 219 -37 178 -43 195 -70 221 -36 32 -101 37 -139 11z\"\/><path d=\"M1163 3073 c-36 -7 -73 -59 -73 -102 0 -56 133 -378 171 -413 34 -32 83 -37 129 -13 70 36 67 87 -16 290 -86 209 -89 214 -129 231 -35 14 -42 15 -82 7z\"\/><path d=\"M3689 3066 c-15 -9 -33 -30 -42 -48 -48 -103 -147 -355 -147 -375 0 -98 131 -148 192 -74 13 15 57 108 97 206 80 196 84 226 37 273 -30 30 -99 39 -137 18z\"\/><path d=\"M583 2784 c-38 -19 -67 -74 -58 -113 9 -42 211 -354 242 -373 16 -10 45 -18 66 -18 51 0 107 52 107 100 0 39 -1 41 -124 234 -80 126 -108 162 -133 173 -41 17 -61 16 -100 -3z\"\/><path d=\"M4250 2784 c-14 -9 -74 -91 -133 -183 -95 -150 -107 -173 -107 -213 0 -55 33 -94 87 -104 67 -13 90 8 211 198 130 202 137 225 78 284 -27 27 -42 34 -72 34 -22 0 -50 -8 -64 -16z\"\/><path d=\"M2275 2693 c-553 -48 -1095 -270 -1585 -649 -135 -104 -459 -423 -483 -476 -23 -49 -22 -139 2 -186 73 -142 361 -457 571 -626 285 -228 642 -407 990 -497 242 -63 336 -73 660 -74 310 0 370 5 595 52 535 111 1045 392 1455 803 122 121 250 273 275 326 19 41 19 137 0 174 -41 79 -309 363 -465 492 -447 370 -946 591 -1479 653 -113 14 -422 18 -536 8z m395 -428 c171 -34 330 -124 456 -258 112 -119 167 -219 211 -378 27 -96 24 -300 -5 -401 -72 -255 -236 -447 -474 -557 -132 -62 -201 -76 -368 -76 -167 0 -236 14 -368 76 -213 98 -373 271 -451 485 -162 444 86 934 547 1084 153 49 292 57 452 25z m909 -232 c222 -123 408 -262 593 -441 76 -74 138 -139 138 -144 0 -16 -233 -242 -330 -319 -155 -123 -309 -223 -461 -299 l-81 -41 32 46 c18 26 49 83 70 128 143 306 141 649 -6 957 -25 52 -61 116 -79 142 l-34 47 45 -20 c26 -10 76 -36 113 -56z m-2057 25 c-40 -58 -105 -190 -130 -263 -110 -324 -59 -707 132 -981 25 -35 42 -64 37 -64 -19 0 -241 119 -326 174 -188 122 -406 314 -532 468 l-58 71 108 103 c185 178 428 349 672 473 66 33 121 60 123 61 2 0 -10 -19 -26 -42z\"\/><path d=\"M2375 1950 c-198 -44 -350 -190 -395 -379 -18 -76 -8 -221 19 -290 114 -284 457 -406 731 -260 98 52 188 154 231 260 27 69 37 214 19 290 -38 163 -166 304 -326 360 -67 23 -215 33 -279 19z\"\/><\/g><\/svg><\/i> <img decoding=\"async\" width=\"16\" height=\"16\" alt=\"Loading\" src=\"https:\/\/esviafm.com\/wp-content\/plugins\/page-views-count\/ajax-loader-2x.gif\" border=0 \/><\/p>\n<div class=\"pvc_clear\"><\/div>\n","protected":false},"author":5,"featured_media":0,"comment_status":"open","ping_status":"open","sticky":false,"template":"","format":"standard","meta":{"_et_pb_use_builder":"","_et_pb_old_content":"","_et_gb_content_width":"","footnotes":""},"categories":[17],"tags":[],"class_list":["post-29233","post","type-post","status-publish","format-standard","hentry","category-internacionales"],"_links":{"self":[{"href":"https:\/\/esviafm.com\/index.php\/wp-json\/wp\/v2\/posts\/29233","targetHints":{"allow":["GET"]}}],"collection":[{"href":"https:\/\/esviafm.com\/index.php\/wp-json\/wp\/v2\/posts"}],"about":[{"href":"https:\/\/esviafm.com\/index.php\/wp-json\/wp\/v2\/types\/post"}],"author":[{"embeddable":true,"href":"https:\/\/esviafm.com\/index.php\/wp-json\/wp\/v2\/users\/5"}],"replies":[{"embeddable":true,"href":"https:\/\/esviafm.com\/index.php\/wp-json\/wp\/v2\/comments?post=29233"}],"version-history":[{"count":1,"href":"https:\/\/esviafm.com\/index.php\/wp-json\/wp\/v2\/posts\/29233\/revisions"}],"predecessor-version":[{"id":29235,"href":"https:\/\/esviafm.com\/index.php\/wp-json\/wp\/v2\/posts\/29233\/revisions\/29235"}],"wp:attachment":[{"href":"https:\/\/esviafm.com\/index.php\/wp-json\/wp\/v2\/media?parent=29233"}],"wp:term":[{"taxonomy":"category","embeddable":true,"href":"https:\/\/esviafm.com\/index.php\/wp-json\/wp\/v2\/categories?post=29233"},{"taxonomy":"post_tag","embeddable":true,"href":"https:\/\/esviafm.com\/index.php\/wp-json\/wp\/v2\/tags?post=29233"}],"curies":[{"name":"wp","href":"https:\/\/api.w.org\/{rel}","templated":true}]}}