{"id":29133,"date":"2025-08-15T06:58:14","date_gmt":"2025-08-15T11:28:14","guid":{"rendered":"https:\/\/esviafm.com\/?p=29133"},"modified":"2025-08-15T06:58:14","modified_gmt":"2025-08-15T11:28:14","slug":"estados-unidos-ordena-el-despliegue-de-militares-en-el-sur-del-caribe-para-combatir-al-narcotrafico","status":"publish","type":"post","link":"https:\/\/esviafm.com\/index.php\/estados-unidos-ordena-el-despliegue-de-militares-en-el-sur-del-caribe-para-combatir-al-narcotrafico\/","title":{"rendered":"Estados Unidos ordena el despliegue de militares en el sur del Caribe para combatir al narcotr\u00e1fico"},"content":{"rendered":"<div class=\"t-content__main-media\">\n<figure class=\"m-item-image m-item-image--16x9 m-item-image--has-caption\"><picture class=\"a-picture a-picture--16x9\"><img fetchpriority=\"high\" fetchpriority=\"high\" decoding=\"async\" class=\"a-img \" src=\"https:\/\/s.france24.com\/media\/display\/b226a33a-117d-11f0-aaef-005056bf30b7\/w:1280\/p:16x9\/2025-04-04T112852Z_1420870339_RC2ZQDAWR4GM_RTRMADP_3_NATO-DIPLOMACY.JPG\" sizes=\"(max-width: 1076px) 100vw, 1012px\" srcset=\"https:\/\/s.france24.com\/media\/display\/b226a33a-117d-11f0-aaef-005056bf30b7\/w:388\/p:16x9\/2025-04-04T112852Z_1420870339_RC2ZQDAWR4GM_RTRMADP_3_NATO-DIPLOMACY.JPG 388w,https:\/\/s.france24.com\/media\/display\/b226a33a-117d-11f0-aaef-005056bf30b7\/w:720\/p:16x9\/2025-04-04T112852Z_1420870339_RC2ZQDAWR4GM_RTRMADP_3_NATO-DIPLOMACY.JPG 720w,https:\/\/s.france24.com\/media\/display\/b226a33a-117d-11f0-aaef-005056bf30b7\/w:1024\/p:16x9\/2025-04-04T112852Z_1420870339_RC2ZQDAWR4GM_RTRMADP_3_NATO-DIPLOMACY.JPG 1024w,https:\/\/s.france24.com\/media\/display\/b226a33a-117d-11f0-aaef-005056bf30b7\/w:1280\/p:16x9\/2025-04-04T112852Z_1420870339_RC2ZQDAWR4GM_RTRMADP_3_NATO-DIPLOMACY.JPG 1280w\" alt=\"Archivo: el Secretario de Estado de EE.UU., Marco Rubio, habla con los periodistas en la sede de la OTAN en Bruselas, B\u00e9lgica, el 4 de abril de 2025.\" width=\"1280\" height=\"720\" \/><\/picture><figcaption class=\"a-figcaption\">Archivo: el Secretario de Estado de EE.UU., Marco Rubio, habla con los periodistas en la sede de la OTAN en Bruselas, B\u00e9lgica, el 4 de abril de 2025.\u00a0via REUTERS &#8211; Jacquelyn Martin<\/figcaption><div class=\"m-item-image__overlay-wrapper\"><\/div>\n<\/figure>\n<\/div>\n<div class=\"t-content__body u-clearfix\">\n<p>El Departamento de Defensa de\u00a0<a class=\"gtm-add-suggested-tag\" href=\"https:\/\/www.france24.com\/es\/tag\/estados-unidos\/\" target=\"_self\">Estados Unidos<\/a>\u00a0orden\u00f3 el despliegue de fuerzas a\u00e9reas y navales en el sur del mar Caribe como parte de una nueva pol\u00edtica del Gobierno de\u00a0<a class=\"gtm-add-suggested-tag\" href=\"https:\/\/www.france24.com\/es\/tag\/donald-trump\/\" target=\"_self\">Donald Trump<\/a>\u00a0que prev\u00e9 el uso de la fuerza militar contra c\u00e1rteles del\u00a0<a class=\"gtm-add-suggested-tag\" href=\"https:\/\/www.france24.com\/es\/tag\/narcotr%C3%A1fico\/\" target=\"_self\">narcotr\u00e1fico<\/a>, confirmaron dos fuentes a la agencia Reuters este jueves 14 de agosto. Informaci\u00f3n posteriormente ratificada por el secretario de Estado, Marco Rubio.<\/p>\n<p>El diario estadounidense &#8216;<a class=\"gtm-add-suggested-tag\" href=\"https:\/\/www.france24.com\/es\/tag\/the-new-york-times\/\" target=\"_self\">The New York Times<\/a>&#8216; revel\u00f3 el pasado 8 de agosto que el l\u00edder de la Casa Blanca hab\u00eda firmado en secreto una orden dirigida al\u00a0<a class=\"gtm-add-suggested-tag\" href=\"https:\/\/www.france24.com\/es\/tag\/pent%C3%A1gono\/\" target=\"_self\">Pent\u00e1gono<\/a>\u00a0para que implementara el uso de fuerza militar contra grupos que su Gobierno ha designado como organizaciones terroristas.<\/p>\n<p>\u00abLa decisi\u00f3n de implicar al Ej\u00e9rcito estadounidense en la lucha es el paso m\u00e1s agresivo dado hasta ahora en la intensificada campa\u00f1a del Gobierno contra los c\u00e1rteles (&#8230;)\u00a0La orden proporciona una base oficial para la posibilidad de operaciones militares directas en el mar y en suelo extranjero contra los c\u00e1rteles\u00bb, apunt\u00f3 el diario estadounidense.<\/p>\n<p>Seg\u00fan afirmaron este jueves a la agencia de noticias las dos fuentes del Pent\u00e1gono, el\u00a0<a class=\"gtm-add-suggested-tag\" href=\"https:\/\/www.france24.com\/es\/tag\/gobierno\/\" target=\"_self\">Gobierno<\/a>\u00a0estadounidense ha decidido autorizar el env\u00edo de tropas y naves al sur del\u00a0<a class=\"gtm-add-suggested-tag\" href=\"https:\/\/www.france24.com\/es\/tag\/caribe\/\" target=\"_self\">Caribe<\/a>, en un esfuerzo por combatir a grupos criminales a los que considera responsables del flujo de estupefacientes, especialmente\u00a0<a class=\"gtm-add-suggested-tag\" href=\"https:\/\/www.france24.com\/es\/tag\/coca%C3%ADna\/\" target=\"_self\">coca\u00edna<\/a>\u00a0y\u00a0<a class=\"gtm-add-suggested-tag\" href=\"https:\/\/www.france24.com\/es\/tag\/fentanilo\/\" target=\"_self\">fentanilo<\/a>, hacia\u00a0<a class=\"gtm-add-suggested-tag\" href=\"https:\/\/www.france24.com\/es\/tag\/estados-unidos\/\" target=\"_self\">Estados Unidos<\/a>.<\/p>\n<p><strong>La nueva directriz tendr\u00eda especial impacto en\u00a0<a class=\"gtm-add-suggested-tag\" href=\"https:\/\/www.france24.com\/es\/tag\/m%C3%A9xico\/\" target=\"_self\">M\u00e9xico<\/a>\u00a0y\u00a0<a class=\"gtm-add-suggested-tag\" href=\"https:\/\/www.france24.com\/es\/tag\/venezuela\/\" target=\"_self\">Venezuela<\/a>,\u00a0<\/strong>pa\u00edses donde Trump ha designado a c\u00e1rteles y grupos armandos dentro de sus fronteras como organizaciones criminales.<\/p>\n<p>El presidente Trump ha hecho de la lucha contra los carteles de la droga un objetivo central de su Administraci\u00f3n, parte de un esfuerzo m\u00e1s amplio para limitar la\u00a0<a class=\"gtm-add-suggested-tag\" href=\"https:\/\/www.france24.com\/es\/tag\/migraci%C3%B3n\/\" target=\"_self\">migraci\u00f3n<\/a>\u00a0y asegurar la frontera sur de\u00a0<a class=\"gtm-add-suggested-tag\" href=\"https:\/\/www.france24.com\/es\/tag\/estados-unidos\/\" target=\"_self\">Estados Unidos<\/a>.<\/p>\n<p>\u00abLos carteles han emprendido una campa\u00f1a de violencia y terror en todo el hemisferio occidental que no solo ha desestabilizado pa\u00edses de gran importancia para nuestros intereses nacionales, sino que tambi\u00e9n ha inundado a\u00a0<a class=\"gtm-add-suggested-tag\" href=\"https:\/\/www.france24.com\/es\/tag\/estados-unidos\/\" target=\"_self\">Estados Unidos<\/a>\u00a0con\u00a0<a class=\"gtm-add-suggested-tag\" href=\"https:\/\/www.france24.com\/es\/tag\/drogas\/\" target=\"_self\">drogas<\/a>\u00a0mortales, criminales violentos y\u00a0<a class=\"gtm-add-suggested-tag\" href=\"https:\/\/www.france24.com\/es\/tag\/pandillas\/\" target=\"_self\">pandillas<\/a>\u00a0viciosas\u00bb, indicaba una orden ejecutiva firmada por Trump a pocas horas de su investidura como presidente.<\/p>\n<p>El pasado febrero, la Administraci\u00f3n Trump impuso la calificaci\u00f3n como organizaciones terroristas globales al cartel de\u00a0<a class=\"gtm-add-suggested-tag\" href=\"https:\/\/www.france24.com\/es\/tag\/sinaloa\/\" target=\"_self\">Sinaloa<\/a>\u00a0de\u00a0<a class=\"gtm-add-suggested-tag\" href=\"https:\/\/www.france24.com\/es\/tag\/m%C3%A9xico\/\" target=\"_self\">M\u00e9xico<\/a>\u00a0junto a otras bandas de narcotraficantes, as\u00ed como al grupo criminal venezolano &#8216;<a class=\"gtm-add-suggested-tag\" href=\"https:\/\/www.france24.com\/es\/tag\/tren-de-aragua\/\" target=\"_self\">Tren de Aragua<\/a>&#8216;.<\/p>\n<p>El Gobierno federal tambi\u00e9n intensific\u00f3 el arresto y la deportaci\u00f3n de\u00a0supuestos miembros de estas bandas, muchas veces sin pruebas y sin el debido proceso, seg\u00fan los abogados de los deportados y organizaciones que defienden los derechos civiles.<\/p>\n<div class=\"m-em-image\">\n<figure class=\"m-item-image m-item-image--original m-item-image--has-caption\"><picture class=\"a-picture a-picture--original\"><source srcset=\"https:\/\/s.france24.com\/media\/display\/48071de4-ef0f-11ef-90e9-005056a90284\/w:246\/AP25021036840123.webp 246w,https:\/\/s.france24.com\/media\/display\/48071de4-ef0f-11ef-90e9-005056a90284\/w:388\/AP25021036840123.webp 388w,https:\/\/s.france24.com\/media\/display\/48071de4-ef0f-11ef-90e9-005056a90284\/w:720\/AP25021036840123.webp 720w,https:\/\/s.france24.com\/media\/display\/48071de4-ef0f-11ef-90e9-005056a90284\/w:980\/AP25021036840123.webp 980w\" type=\"image\/webp\" sizes=\"(max-width: 1023px) calc(100vw - 32px), (min-width: 1024px) 850px\" \/><img decoding=\"async\" class=\"a-img \" src=\"https:\/\/s.france24.com\/media\/display\/48071de4-ef0f-11ef-90e9-005056a90284\/w:980\/AP25021036840123.jpg\" sizes=\"(max-width: 1023px) calc(100vw - 32px), (min-width: 1024px) 850px\" srcset=\"https:\/\/s.france24.com\/media\/display\/48071de4-ef0f-11ef-90e9-005056a90284\/w:246\/AP25021036840123.jpg 246w,https:\/\/s.france24.com\/media\/display\/48071de4-ef0f-11ef-90e9-005056a90284\/w:388\/AP25021036840123.jpg 388w,https:\/\/s.france24.com\/media\/display\/48071de4-ef0f-11ef-90e9-005056a90284\/w:720\/AP25021036840123.jpg 720w,https:\/\/s.france24.com\/media\/display\/48071de4-ef0f-11ef-90e9-005056a90284\/w:980\/AP25021036840123.jpg 980w\" alt=\"El presidente Donald Trump firma una orden ejecutiva relativa a los c\u00e1rteles en el Despacho Oval de la Casa Blanca, el lunes 20 de enero de 2025, en Washington.\" data-ll-status=\"native\" \/><\/picture><figcaption class=\"a-figcaption\">El presidente Donald Trump firma una orden ejecutiva relativa a los c\u00e1rteles en el Despacho Oval de la Casa Blanca, el lunes 20 de enero de 2025, en Washington.\u00a0\u00a9 Evan Vucci, AP<\/figcaption><div class=\"m-item-image__overlay-wrapper\"><\/div>\n<\/figure>\n<\/div>\n<p>\u00abLas actividades de los carteles amenazan la seguridad del pueblo estadounidense, la seguridad de EE.UU. y la estabilidad del orden internacional en el hemisferio occidental\u00bb, se le\u00eda en la decisi\u00f3n presidencial, en la que se daba al Departamento de Estado 14 d\u00edas para emitir una recomencaci\u00f3n.<\/p>\n<p>La orden dar\u00eda al Gobierno estadounidense facultades para ordenar operaciones fuera de su territorio contra estos grupos.\u00a0\u00abEste despliegue tiene como objetivo abordar las amenazas a la seguridad nacional de\u00a0<a class=\"gtm-add-suggested-tag\" href=\"https:\/\/www.france24.com\/es\/tag\/estados-unidos\/\" target=\"_self\">Estados Unidos<\/a> procedentes de organizaciones narcoterroristas especialmente designadas en la regi\u00f3n\u00bb, asegur\u00f3 una de las fuentes.<\/p>\n<h2><strong>M\u00e1s presi\u00f3n sobre Maduro y Venezuela<\/strong><\/h2>\n<p>El\u00a0<a class=\"gtm-add-suggested-tag\" href=\"https:\/\/www.france24.com\/es\/tag\/gobierno\/\" target=\"_self\">Gobierno<\/a>\u00a0de\u00a0<a class=\"gtm-add-suggested-tag\" href=\"https:\/\/www.france24.com\/es\/tag\/donald-trump\/\" target=\"_self\">Donald Trump<\/a>\u00a0ofreci\u00f3 el pasado jueves 7 de agosto una recompensa de 50 millones de d\u00f3lares por informaci\u00f3n que conduzca al arresto de\u00a0<a class=\"gtm-add-suggested-tag\" href=\"https:\/\/www.france24.com\/es\/tag\/nicol%C3%A1s-maduro\/\" target=\"_self\">Nicol\u00e1s Maduro<\/a>, a quien acusa de ser el l\u00edder de una organizaci\u00f3n criminal, conocida como el c\u00e1rtel de los Soles y de colaborar con otros grupos delictivos como el &#8216;<a class=\"gtm-add-suggested-tag\" href=\"https:\/\/www.france24.com\/es\/tag\/tren-de-aragua\/\" target=\"_self\">Tren de Aragua<\/a>&#8216; y el cartel de\u00a0<a class=\"gtm-add-suggested-tag\" href=\"https:\/\/www.france24.com\/es\/tag\/sinaloa\/\" target=\"_self\">Sinaloa<\/a>.<\/p>\n<p>Hace dos semanas, el Gobierno estadounidense incluy\u00f3 al cartel de los Soles en la lista de grupos terroristas globales (conocida como\u00a0<em>Foreign Terrorist Organizations<\/em>, o FTO), y afirm\u00f3 que ese grupo est\u00e1 dirigido por Maduro y otros altos cargos de su Gobierno.<\/p>\n<p>En un video publicado en X, la fiscal general estadounidense,\u00a0<a class=\"gtm-add-suggested-tag\" href=\"https:\/\/www.france24.com\/es\/tag\/pam-bondi\/\" target=\"_self\">Pam Bondi<\/a>, describi\u00f3 la recompensa como \u00abhist\u00f3rica\u00bb y calific\u00f3 a Maduro como uno de los mayores narcotraficantes del mundo y una amenaza para la seguridad nacional de\u00a0<a class=\"gtm-add-suggested-tag\" href=\"https:\/\/www.france24.com\/es\/tag\/estados-unidos\/\" target=\"_self\">Estados Unidos<\/a>.<\/p>\n<div id=\"em-WBMZ328233-F24-ES-20250814\" class=\"m-em-flash\">\n<blockquote class=\"twitter-tweet\">\n<p dir=\"ltr\" lang=\"en\">Today,\u00a0<a href=\"https:\/\/twitter.com\/TheJusticeDept?ref_src=twsrc%5Etfw\">@TheJusticeDept<\/a>\u00a0and\u00a0<a href=\"https:\/\/twitter.com\/StateDept?ref_src=twsrc%5Etfw\">@StateDept<\/a>\u00a0are announcing a $50 MILLION REWARD for information leading to the arrest of Nicol\u00e1s Maduro.\u00a0<a href=\"https:\/\/t.co\/D8LNqjS9yk\">pic.twitter.com\/D8LNqjS9yk<\/a><\/p>\n<p>\u2014 Attorney General Pamela Bondi (@AGPamBondi)\u00a0<a href=\"https:\/\/twitter.com\/AGPamBondi\/status\/1953583017353466306?ref_src=twsrc%5Etfw\">August 7, 2025<\/a><\/p><\/blockquote>\n<\/div>\n<p>\u00abMaduro utiliza organizaciones terroristas extranjeras como\u00a0<a class=\"gtm-add-suggested-tag\" href=\"https:\/\/www.france24.com\/es\/tag\/sinaloa\/\" target=\"_self\">Sinaloa<\/a>\u00a0y el cartel del Sol para introducir\u00a0<a class=\"gtm-add-suggested-tag\" href=\"https:\/\/www.france24.com\/es\/tag\/drogas\/\" target=\"_self\">drogas<\/a>\u00a0letales y\u00a0<a class=\"gtm-add-suggested-tag\" href=\"https:\/\/www.france24.com\/es\/tag\/violencia\/\" target=\"_self\">violencia<\/a>\u00a0en nuestro pa\u00eds\u00bb, indic\u00f3.<\/p>\n<p>Adem\u00e1s, la fiscal estadounidense anunci\u00f3 que hasta la fecha, \u00abla Administraci\u00f3n de Control de Drogas (<a class=\"gtm-add-suggested-tag\" href=\"https:\/\/www.france24.com\/es\/tag\/dea\/\" target=\"_self\">DEA<\/a>) ha incautado 30 toneladas de\u00a0<a class=\"gtm-add-suggested-tag\" href=\"https:\/\/www.france24.com\/es\/tag\/coca%C3%ADna\/\" target=\"_self\">coca\u00edna<\/a>\u00a0vinculadas con Maduro y sus socios\u00bb, con casi siete toneladas vinculadas al mandatario venezolano, \u00ablo que representa una fuente principal de ingresos para los carteles con sede en\u00a0<a class=\"gtm-add-suggested-tag\" href=\"https:\/\/www.france24.com\/es\/tag\/venezuela\/\" target=\"_self\">Venezuela<\/a>\u00a0y\u00a0<a class=\"gtm-add-suggested-tag\" href=\"https:\/\/www.france24.com\/es\/tag\/m%C3%A9xico\/\" target=\"_self\">M\u00e9xico<\/a>\u00ab.<\/p>\n<p>Las declaraciones de la fiscal general de EE. UU. han sido secundadas por el secretario de Estado,\u00a0<a class=\"gtm-add-suggested-tag\" href=\"https:\/\/www.france24.com\/es\/tag\/marco-rubio\/\" target=\"_self\">Marco Rubio<\/a>, quien tambi\u00e9n ha cuestionado la legitimidad de Maduro en el cargo, afirmando que el pa\u00eds est\u00e1 dirigido por un grupo criminal.<\/p>\n<p>\u00abMaduro no es el presidente de\u00a0<a class=\"gtm-add-suggested-tag\" href=\"https:\/\/www.france24.com\/es\/tag\/venezuela\/\" target=\"_self\">Venezuela<\/a>\u00a0y su r\u00e9gimen no es el gobierno leg\u00edtimo. \u00a0Maduro es el jefe del cartel de Los Soles, una organizaci\u00f3n narcoterrorista que se ha apoderado de un pa\u00eds. \u00a0Y est\u00e1 acusado de introducir drogas en\u00a0<a class=\"gtm-add-suggested-tag\" href=\"https:\/\/www.france24.com\/es\/tag\/estados-unidos\/\" target=\"_self\">Estados Unidos<\/a>\u00ab, afirm\u00f3 Rubio el 27 de julio en un mensaje en la red social X.<\/p>\n<p>El Gobierno de\u00a0<a class=\"gtm-add-suggested-tag\" href=\"https:\/\/www.france24.com\/es\/tag\/venezuela\/\" target=\"_self\">Venezuela<\/a>\u00a0ha reaccionado con llamados a la unidad nacional y descartando la legalidad de las acciones estadounidenses.\u00a0El ministro del Interior y Justicia y secretario general del\u00a0<a class=\"gtm-add-suggested-tag\" href=\"https:\/\/www.france24.com\/es\/tag\/partido-socialista\/\" target=\"_self\">Partido Socialista<\/a>\u00a0Unido de\u00a0<a class=\"gtm-add-suggested-tag\" href=\"https:\/\/www.france24.com\/es\/tag\/venezuela\/\" target=\"_self\">Venezuela<\/a>\u00a0(PSUV),\u00a0<a class=\"gtm-add-suggested-tag\" href=\"https:\/\/www.france24.com\/es\/tag\/diosdado-cabello\/\" target=\"_self\">Diosdado Cabello<\/a>, as\u00ed como y la vicepresidenta de la Administraci\u00f3n de Maduro,\u00a0<a class=\"gtm-add-suggested-tag\" href=\"https:\/\/www.france24.com\/es\/tag\/delcy-rodr%C3%ADguez\/\" target=\"_self\">Delcy Rodr\u00edguez<\/a>, pidieron unidad despu\u00e9s de conocerse las recientes medidas de\u00a0<a class=\"gtm-add-suggested-tag\" href=\"https:\/\/www.france24.com\/es\/tag\/estados-unidos\/\" target=\"_self\">Estados Unidos<\/a>\u00a0contra Maduro.<\/p>\n<p>Durante su programa de televisi\u00f3n &#8216;Con El Mazo Dando&#8217;, Cabello hizo un llamado a la \u00ablealtad nacional y a la unidad patri\u00f3tica\u00bb y se refiri\u00f3 a las medidas estadounidenses como \u00abarremetidas del imperialismo\u00bb.<\/p>\n<p>Por su parte,\u00a0Rodr\u00edguez calific\u00f3 las declaraciones de Trump, sobre la posibilidad de enviar tropas contra carteles de\u00a0<a class=\"gtm-add-suggested-tag\" href=\"https:\/\/www.france24.com\/es\/tag\/drogas\/\" target=\"_self\">drogas<\/a>, como \u00abamenazas directas de intervenci\u00f3n militar\u00bb y acus\u00f3 a Washington de tener una \u00abobsesi\u00f3n\u00bb por mantener el control del hemisferio.<\/p>\n<\/div>\n<div class=\"pvc_clear\"><\/div>\n<p id=\"pvc_stats_29133\" class=\"pvc_stats all  \" data-element-id=\"29133\" style=\"\"><i class=\"pvc-stats-icon large\" aria-hidden=\"true\"><svg xmlns=\"http:\/\/www.w3.org\/2000\/svg\" version=\"1.0\" viewBox=\"0 0 502 315\" preserveAspectRatio=\"xMidYMid meet\"><g transform=\"translate(0,332) scale(0.1,-0.1)\" fill=\"\" stroke=\"none\"><path d=\"M2394 3279 l-29 -30 -3 -207 c-2 -182 0 -211 15 -242 39 -76 157 -76 196 0 15 31 17 60 15 243 l-3 209 -33 29 c-26 23 -41 29 -80 29 -41 0 -53 -5 -78 -31z\"\/><path d=\"M3085 3251 c-45 -19 -58 -50 -96 -229 -47 -217 -49 -260 -13 -295 52 -53 146 -42 177 20 16 31 87 366 87 410 0 70 -86 122 -155 94z\"\/><path d=\"M1751 3234 c-13 -9 -29 -31 -37 -50 -12 -29 -10 -49 21 -204 19 -94 39 -189 45 -210 14 -50 54 -80 110 -80 34 0 48 6 76 34 21 21 34 44 34 59 0 14 -18 113 -40 219 -37 178 -43 195 -70 221 -36 32 -101 37 -139 11z\"\/><path d=\"M1163 3073 c-36 -7 -73 -59 -73 -102 0 -56 133 -378 171 -413 34 -32 83 -37 129 -13 70 36 67 87 -16 290 -86 209 -89 214 -129 231 -35 14 -42 15 -82 7z\"\/><path d=\"M3689 3066 c-15 -9 -33 -30 -42 -48 -48 -103 -147 -355 -147 -375 0 -98 131 -148 192 -74 13 15 57 108 97 206 80 196 84 226 37 273 -30 30 -99 39 -137 18z\"\/><path d=\"M583 2784 c-38 -19 -67 -74 -58 -113 9 -42 211 -354 242 -373 16 -10 45 -18 66 -18 51 0 107 52 107 100 0 39 -1 41 -124 234 -80 126 -108 162 -133 173 -41 17 -61 16 -100 -3z\"\/><path d=\"M4250 2784 c-14 -9 -74 -91 -133 -183 -95 -150 -107 -173 -107 -213 0 -55 33 -94 87 -104 67 -13 90 8 211 198 130 202 137 225 78 284 -27 27 -42 34 -72 34 -22 0 -50 -8 -64 -16z\"\/><path d=\"M2275 2693 c-553 -48 -1095 -270 -1585 -649 -135 -104 -459 -423 -483 -476 -23 -49 -22 -139 2 -186 73 -142 361 -457 571 -626 285 -228 642 -407 990 -497 242 -63 336 -73 660 -74 310 0 370 5 595 52 535 111 1045 392 1455 803 122 121 250 273 275 326 19 41 19 137 0 174 -41 79 -309 363 -465 492 -447 370 -946 591 -1479 653 -113 14 -422 18 -536 8z m395 -428 c171 -34 330 -124 456 -258 112 -119 167 -219 211 -378 27 -96 24 -300 -5 -401 -72 -255 -236 -447 -474 -557 -132 -62 -201 -76 -368 -76 -167 0 -236 14 -368 76 -213 98 -373 271 -451 485 -162 444 86 934 547 1084 153 49 292 57 452 25z m909 -232 c222 -123 408 -262 593 -441 76 -74 138 -139 138 -144 0 -16 -233 -242 -330 -319 -155 -123 -309 -223 -461 -299 l-81 -41 32 46 c18 26 49 83 70 128 143 306 141 649 -6 957 -25 52 -61 116 -79 142 l-34 47 45 -20 c26 -10 76 -36 113 -56z m-2057 25 c-40 -58 -105 -190 -130 -263 -110 -324 -59 -707 132 -981 25 -35 42 -64 37 -64 -19 0 -241 119 -326 174 -188 122 -406 314 -532 468 l-58 71 108 103 c185 178 428 349 672 473 66 33 121 60 123 61 2 0 -10 -19 -26 -42z\"\/><path d=\"M2375 1950 c-198 -44 -350 -190 -395 -379 -18 -76 -8 -221 19 -290 114 -284 457 -406 731 -260 98 52 188 154 231 260 27 69 37 214 19 290 -38 163 -166 304 -326 360 -67 23 -215 33 -279 19z\"\/><\/g><\/svg><\/i> <img decoding=\"async\" width=\"16\" height=\"16\" alt=\"Loading\" src=\"https:\/\/esviafm.com\/wp-content\/plugins\/page-views-count\/ajax-loader-2x.gif\" border=0 \/><\/p>\n<div class=\"pvc_clear\"><\/div>\n","protected":false},"excerpt":{"rendered":"<p>Archivo: el Secretario de Estado de EE.UU., Marco Rubio, habla con los periodistas en la sede de la OTAN en Bruselas, B\u00e9lgica, el 4 de abril de 2025.\u00a0via REUTERS &#8211; Jacquelyn Martin El Departamento de Defensa de\u00a0Estados Unidos\u00a0orden\u00f3 el despliegue de fuerzas a\u00e9reas y navales en el sur del mar Caribe como parte de una [&hellip;]<\/p>\n<div class=\"pvc_clear\"><\/div>\n<p id=\"pvc_stats_29133\" class=\"pvc_stats all  \" data-element-id=\"29133\" style=\"\"><i class=\"pvc-stats-icon large\" aria-hidden=\"true\"><svg xmlns=\"http:\/\/www.w3.org\/2000\/svg\" version=\"1.0\" viewBox=\"0 0 502 315\" preserveAspectRatio=\"xMidYMid meet\"><g transform=\"translate(0,332) scale(0.1,-0.1)\" fill=\"\" stroke=\"none\"><path d=\"M2394 3279 l-29 -30 -3 -207 c-2 -182 0 -211 15 -242 39 -76 157 -76 196 0 15 31 17 60 15 243 l-3 209 -33 29 c-26 23 -41 29 -80 29 -41 0 -53 -5 -78 -31z\"\/><path d=\"M3085 3251 c-45 -19 -58 -50 -96 -229 -47 -217 -49 -260 -13 -295 52 -53 146 -42 177 20 16 31 87 366 87 410 0 70 -86 122 -155 94z\"\/><path d=\"M1751 3234 c-13 -9 -29 -31 -37 -50 -12 -29 -10 -49 21 -204 19 -94 39 -189 45 -210 14 -50 54 -80 110 -80 34 0 48 6 76 34 21 21 34 44 34 59 0 14 -18 113 -40 219 -37 178 -43 195 -70 221 -36 32 -101 37 -139 11z\"\/><path d=\"M1163 3073 c-36 -7 -73 -59 -73 -102 0 -56 133 -378 171 -413 34 -32 83 -37 129 -13 70 36 67 87 -16 290 -86 209 -89 214 -129 231 -35 14 -42 15 -82 7z\"\/><path d=\"M3689 3066 c-15 -9 -33 -30 -42 -48 -48 -103 -147 -355 -147 -375 0 -98 131 -148 192 -74 13 15 57 108 97 206 80 196 84 226 37 273 -30 30 -99 39 -137 18z\"\/><path d=\"M583 2784 c-38 -19 -67 -74 -58 -113 9 -42 211 -354 242 -373 16 -10 45 -18 66 -18 51 0 107 52 107 100 0 39 -1 41 -124 234 -80 126 -108 162 -133 173 -41 17 -61 16 -100 -3z\"\/><path d=\"M4250 2784 c-14 -9 -74 -91 -133 -183 -95 -150 -107 -173 -107 -213 0 -55 33 -94 87 -104 67 -13 90 8 211 198 130 202 137 225 78 284 -27 27 -42 34 -72 34 -22 0 -50 -8 -64 -16z\"\/><path d=\"M2275 2693 c-553 -48 -1095 -270 -1585 -649 -135 -104 -459 -423 -483 -476 -23 -49 -22 -139 2 -186 73 -142 361 -457 571 -626 285 -228 642 -407 990 -497 242 -63 336 -73 660 -74 310 0 370 5 595 52 535 111 1045 392 1455 803 122 121 250 273 275 326 19 41 19 137 0 174 -41 79 -309 363 -465 492 -447 370 -946 591 -1479 653 -113 14 -422 18 -536 8z m395 -428 c171 -34 330 -124 456 -258 112 -119 167 -219 211 -378 27 -96 24 -300 -5 -401 -72 -255 -236 -447 -474 -557 -132 -62 -201 -76 -368 -76 -167 0 -236 14 -368 76 -213 98 -373 271 -451 485 -162 444 86 934 547 1084 153 49 292 57 452 25z m909 -232 c222 -123 408 -262 593 -441 76 -74 138 -139 138 -144 0 -16 -233 -242 -330 -319 -155 -123 -309 -223 -461 -299 l-81 -41 32 46 c18 26 49 83 70 128 143 306 141 649 -6 957 -25 52 -61 116 -79 142 l-34 47 45 -20 c26 -10 76 -36 113 -56z m-2057 25 c-40 -58 -105 -190 -130 -263 -110 -324 -59 -707 132 -981 25 -35 42 -64 37 -64 -19 0 -241 119 -326 174 -188 122 -406 314 -532 468 l-58 71 108 103 c185 178 428 349 672 473 66 33 121 60 123 61 2 0 -10 -19 -26 -42z\"\/><path d=\"M2375 1950 c-198 -44 -350 -190 -395 -379 -18 -76 -8 -221 19 -290 114 -284 457 -406 731 -260 98 52 188 154 231 260 27 69 37 214 19 290 -38 163 -166 304 -326 360 -67 23 -215 33 -279 19z\"\/><\/g><\/svg><\/i> <img decoding=\"async\" width=\"16\" height=\"16\" alt=\"Loading\" src=\"https:\/\/esviafm.com\/wp-content\/plugins\/page-views-count\/ajax-loader-2x.gif\" border=0 \/><\/p>\n<div class=\"pvc_clear\"><\/div>\n","protected":false},"author":5,"featured_media":0,"comment_status":"open","ping_status":"open","sticky":false,"template":"","format":"standard","meta":{"_et_pb_use_builder":"","_et_pb_old_content":"","_et_gb_content_width":"","footnotes":""},"categories":[17],"tags":[],"class_list":["post-29133","post","type-post","status-publish","format-standard","hentry","category-internacionales"],"_links":{"self":[{"href":"https:\/\/esviafm.com\/index.php\/wp-json\/wp\/v2\/posts\/29133","targetHints":{"allow":["GET"]}}],"collection":[{"href":"https:\/\/esviafm.com\/index.php\/wp-json\/wp\/v2\/posts"}],"about":[{"href":"https:\/\/esviafm.com\/index.php\/wp-json\/wp\/v2\/types\/post"}],"author":[{"embeddable":true,"href":"https:\/\/esviafm.com\/index.php\/wp-json\/wp\/v2\/users\/5"}],"replies":[{"embeddable":true,"href":"https:\/\/esviafm.com\/index.php\/wp-json\/wp\/v2\/comments?post=29133"}],"version-history":[{"count":1,"href":"https:\/\/esviafm.com\/index.php\/wp-json\/wp\/v2\/posts\/29133\/revisions"}],"predecessor-version":[{"id":29135,"href":"https:\/\/esviafm.com\/index.php\/wp-json\/wp\/v2\/posts\/29133\/revisions\/29135"}],"wp:attachment":[{"href":"https:\/\/esviafm.com\/index.php\/wp-json\/wp\/v2\/media?parent=29133"}],"wp:term":[{"taxonomy":"category","embeddable":true,"href":"https:\/\/esviafm.com\/index.php\/wp-json\/wp\/v2\/categories?post=29133"},{"taxonomy":"post_tag","embeddable":true,"href":"https:\/\/esviafm.com\/index.php\/wp-json\/wp\/v2\/tags?post=29133"}],"curies":[{"name":"wp","href":"https:\/\/api.w.org\/{rel}","templated":true}]}}