{"id":29126,"date":"2025-08-15T06:51:33","date_gmt":"2025-08-15T11:21:33","guid":{"rendered":"https:\/\/esviafm.com\/?p=29126"},"modified":"2025-08-15T06:51:33","modified_gmt":"2025-08-15T11:21:33","slug":"los-incendios-que-asolan-espana-en-imagenes","status":"publish","type":"post","link":"https:\/\/esviafm.com\/index.php\/los-incendios-que-asolan-espana-en-imagenes\/","title":{"rendered":"Los incendios que asolan Espa\u00f1a, en im\u00e1genes"},"content":{"rendered":"<article class=\"artBox \">Los\u00a0<a href=\"https:\/\/amp.rtve.es\/noticias\/20250814\/espana-combate-ola-incendios-cuarto-dia-intensidad-triangulo-zamora-ourense-leon\/16697465.shtml\" target=\"_blank\" rel=\"noopener\">incendios forestales que arrasan parte de Espa\u00f1a<\/a>\u00a0siguen descontrolados en varias zonas del pa\u00eds.\u00a0<a href=\"https:\/\/amp.rtve.es\/noticias\/20250813\/espana-decena-fuegos-activos-muertos-heridos-miles-evacuados\/16696426.shtml\" target=\"_blank\" rel=\"noopener\">Tres personas han muerto<\/a>\u00a0por estos fuegos, dos en Castilla y Le\u00f3n y uno en Madrid. La Guardia Civil<a href=\"https:\/\/amp.rtve.es\/noticias\/20250814\/20-anos-carcel-vidas-humanas-peligro-castigo-provocar-incendio\/16695937.shtml\" target=\"_blank\" rel=\"noopener\">\u00a0ha detenido a varias personas<\/a>\u00a0como presuntos autores de los incendios en\u00a0<strong>\u00c1vila, M\u00e1laga, Ourense y Zamora<\/strong>.<\/p>\n<figure class=\"incluBox\">\n<div class=\"mediaBox imageBox\"><span class=\"ima\"><img decoding=\"async\" class=\"i-amphtml-fill-content i-amphtml-replaced-content\" src=\"https:\/\/img.rtve.es\/imagenes\/va-verano-espana-se-han-detenido-menos-a-25-personas-por-incendios-forestales\/01755251193689.jpg\" alt=\"En lo que va de verano, en Espa\u00f1a se han detenido al menos a 25 personas por incendios forestales.\" \/><\/span><\/div><figcaption>En lo que va de verano, en Espa\u00f1a se han detenido al menos a 25 personas por incendios forestales.\u00a0<span class=\"signs\"><em>GUARDIA CIVIL<\/em><\/span><\/p>\n<\/figcaption><\/figure>\n<p>La ola de incendios forestales ha causado\u00a0<strong>una decena de heridos<\/strong>\u00a0y ha dejado tras de s\u00ed\u00a0<strong>miles de hect\u00e1reas quemadas.\u00a0<\/strong>S\u00f3lo en en lo que llevamos de\u00a0<a href=\"https:\/\/amp.rtve.es\/noticias\/20250812\/incendios-espana-superan-agosto-superficie-quemada-2024\/16693719.shtml\" target=\"_blank\" rel=\"noopener\">agosto se ha superado toda la superficie forestal abrasada en el a\u00f1o 2024<\/a>.<\/p>\n<p><strong>Castilla y Le\u00f3n, Galicia y Extremadura<\/strong>\u00a0combaten las llamas que devoran parte de sus territorios. Dada la intensidad de los incendios en el\u00a0<strong>tri\u00e1ngulo de Zamora, Le\u00f3n y Ourense<\/strong>,\u00a0<a href=\"https:\/\/amp.rtve.es\/noticias\/20250814\/renfe-alta-velocidad-madrid-galicia-incendio-ourense\/16696853.shtml\" target=\"_blank\" rel=\"noopener\">Renfe ha suspendido la circulaci\u00f3n ferroviaria<\/a>\u00a0por segundo d\u00eda consecutivo\u00a0<strong>entre Madrid y Galicia<\/strong>.<\/p>\n<figure class=\"incluBox\">\n<div class=\"mediaBox imageBox\"><span class=\"ima\"><img decoding=\"async\" class=\"i-amphtml-fill-content i-amphtml-replaced-content\" src=\"https:\/\/img.rtve.es\/imagenes\/carretera-cortada-por-llamas-del-incendio-a-gudina-ourense-este-jueves\/01755251661725.jpg\" alt=\"Carretera cortada por las llamas del incendio de A Gudi\u00f1a (Ourense), este jueves.\" \/><\/span><\/div><figcaption>Carretera cortada por las llamas del incendio de A Gudi\u00f1a (Ourense), este jueves.\u00a0<span class=\"signs\"><em>EFE \/ SXENICK<\/em><\/span><\/p>\n<\/figcaption><\/figure>\n<p>Hay varias\u00a0<a href=\"https:\/\/www.dgt.es\/estaticos\/movilidad\/CarreterasCortadasIncendios.pdf\" target=\"_blank\" rel=\"noopener\">carreteras afectadas por los incendios<\/a>\u00a0y la\u00a0<strong>DGT recomienda consultar<\/strong>\u00a0el estado de las mismas antes de emprender un viaje aprovechando el\u00a0<strong>ardiente puente del 15 de agosto<\/strong>\u00a0con\u00a0<a href=\"https:\/\/amp.rtve.es\/noticias\/20250815\/tiempo-del-fin-semana-del-15-agosto-espana-todas-comunidades-aviso-por-altas-temperaturas\/16696945.shtml\" target=\"_blank\" rel=\"noopener\">todas las comunidades en aviso por altas temperaturas<\/a>.<\/p>\n<h3 class=\"ladillo\">Castilla y Le\u00f3n<\/h3>\n<p>La jornada de este viernes, 15 de agosto, comienza con<strong>\u00a018 incendios activos<\/strong>\u00a0en la Comunidad castellano y leonesa, de los cuales nueve se encuentran en \u00cdndice de Gravedad Potencial (IGR) 2 en las provincias de\u00a0<strong>Zamora, Salamanca y Le\u00f3n<\/strong>, mientras que tres alcanzan el nivel 1 en\u00a0<strong>Le\u00f3n y Palencia<\/strong>.<\/p>\n<figure class=\"incluBox\">\n<div class=\"mediaBox imageBox\"><span class=\"ima\"><img decoding=\"async\" class=\"i-amphtml-fill-content i-amphtml-replaced-content\" src=\"https:\/\/img.rtve.es\/imagenes\/varios-bomberos-tratan-extinguir-fuego-minambres-valduerna-leon\/01755251916070.jpg\" alt=\"Varios bomberos tratan de extinguir un fuego en Mi\u00f1ambres de la Valduerna, Le\u00f3n\" \/><\/span><\/div><figcaption>Varios bomberos tratan de extinguir un fuego en Mi\u00f1ambres de la Valduerna, Le\u00f3n.\u00a0<span class=\"signs\"><em>EUROPA PRESS \/ FERNANDO OTERO<\/em><\/span><\/p>\n<\/figcaption><\/figure>\n<p>Un total de\u00a0<strong>7.859 personas<\/strong>, de\u00a0<strong>34 localidades leonesas<\/strong>, han sido evacuadas debido al avance del incendio forestal de\u00a0<strong>Molezuelas de la Caballeda-Castrocalb\u00f3n<\/strong>, que se origin\u00f3 el pasado domingo en Zamora y pas\u00f3 a la provincia de Le\u00f3n, seg\u00fan la \u00faltima actualizaci\u00f3n de datos ofrecida por la Delegaci\u00f3n Territorial de la Junta. Muchas de las personas desalojadas han sido\u00a0<strong>ubicadas en los diferentes albergues<\/strong>\u00a0puestos en marcha por Cruz Roja Le\u00f3n en las localidades de\u00a0<strong>La Ba\u00f1eza y Astorga<\/strong>.<\/p>\n<figure class=\"incluBox\">\n<div class=\"mediaBox imageBox\"><span class=\"ima\"><img decoding=\"async\" class=\"i-amphtml-fill-content i-amphtml-replaced-content\" src=\"https:\/\/img.rtve.es\/imagenes\/vecinos-evacuados-por-fuego-abejera-zamora\/01755252084415.jpg\" alt=\"Vecinos evacuados por el fuego en Abejera, Zamora.\" \/><\/span><\/div><figcaption>Vecinos evacuados por el fuego en Abejera, Zamora.\u00a0<span class=\"signs\"><em>EFE \/ MARIAM A. MONTESINOS<\/em><\/span><\/p>\n<\/figcaption><\/figure>\n<p>Los\u00a0<strong>1.350 vecinos y veraneantes de Porto (Zamora)<\/strong>\u00a0que fueron desalojados por el incendio que ha entrado en la provincia de Zamora desde Ourense han pasado la<strong>\u00a0noche del jueves al viernes desperdigados<\/strong>\u00a0por distintos municipios zamoranos, algunos incluso haciendo noche en Braganza (Portugal), la mayor\u00eda quitando horas de sue\u00f1o y todos<strong>\u00a0pendientes del avance del fuego<\/strong>.<\/p>\n<figure class=\"incluBox\">\n<div class=\"mediaBox imageBox\"><span class=\"ima\"><img decoding=\"async\" class=\"i-amphtml-fill-content i-amphtml-replaced-content\" src=\"https:\/\/img.rtve.es\/imagenes\/brigadista-observa-evolucion-del-incendio-ourense-a-punto-llegar-a-castromil-zamora\/01755252446477.jpg\" alt=\"Un brigadista observa la evoluci\u00f3n del incendio de Ourense a punto de llegar a Castromil, en Zamora.\" \/><\/span><\/div><figcaption>Un brigadista observa la evoluci\u00f3n del incendio de Ourense a punto de llegar a Castromil, en Zamora.\u00a0<span class=\"signs\"><em>EFE \/ MARIAM A. MONTESINOS<\/em><\/span><\/p>\n<\/figcaption><\/figure>\n<p>La situaci\u00f3n del<strong>\u00a0incendio procedente de Ourense<\/strong>\u00a0que amenaza a la zona de la Alta Sanabria y que mantiene desalojados a 218 vecinos de las localidades zamoranas de\u00a0<strong>Castromil, P\u00edas, Barjacoba, Villanueva de la Sierra y Porto\u00a0<\/strong>en<strong>\u00a0Puebla de Sanabria,\u00a0<\/strong>seg\u00fan ha indicado el delegado territorial de la Junta en la provincia, Fernando Prada,\u00a0<strong>los incendios de Puercas y de Molezuelas (Zamora) est\u00e1n \u00abpr\u00e1cticamente controlados\u00bb<\/strong>\u00a0y conf\u00eda en que ambos puedan bajar de nivel en las pr\u00f3ximas horas, particularmente el de la zona de Aliste.<\/p>\n<figure class=\"incluBox\">\n<div class=\"mediaBox imageBox\"><span class=\"ima\"><img decoding=\"async\" class=\"i-amphtml-fill-content i-amphtml-replaced-content\" src=\"https:\/\/img.rtve.es\/imagenes\/comunicacion-masiva-emergencia-a-traves-telefonos-moviles-alert-porto-zamora\/01755252921842.jpg\" alt=\"Comunicaci\u00f3n masiva de emergencia a trav\u00e9s de los tel\u00e9fonos m\u00f3viles Es-Alert en Porto (Zamora)\" \/><\/span><\/div><figcaption>Comunicaci\u00f3n masiva de emergencia a trav\u00e9s de los tel\u00e9fonos m\u00f3viles Es-Alert en Porto (Zamora).\u00a0<span class=\"signs\"><em>EFE \/ ALBERTO FERRERAS<\/em><\/span><\/p>\n<\/figcaption><\/figure>\n<p>El uso del sistema de\u00a0<strong>comunicaci\u00f3n masiva\u00a0<\/strong>de una emergencia a trav\u00e9s de los tel\u00e9fonos m\u00f3viles\u00a0<strong>Es-Alert<\/strong>\u00a0ha sido utilizado este jueves para convencer a un millar de vecinos de Porto, en Zamora, de que abandonaran sus hogares por el\u00a0<strong>incendio<\/strong>\u00a0que desde la provincia de Ourense ha llegado a la de Zamora.<\/p>\n<h3 class=\"ladillo\">Galicia<\/h3>\n<p>La ola de incendios ha dejado otra noche dura en Ourense con pueblos a\u00fan confinados en\u00a0<strong>Monterrei, O\u00edmbra y Cualedro.\u00a0<\/strong>El 112 ha informado que durante esta noche del jueves al viernes han sido\u00a0<strong>evacuadas unas siete personas<\/strong>\u00a0en Flariz (Monterrei) y desde Zamora se trasladaba que\u00a0<strong>cientos de personas<\/strong>\u00a0hab\u00edan tenido que abandonar sus casas debido a un fuego que salt\u00f3 a la provincia de Castilla y Le\u00f3n por la tarde.<\/p>\n<figure class=\"incluBox\">\n<div class=\"mediaBox imageBox\"><span class=\"ima\"><img decoding=\"async\" class=\"i-amphtml-fill-content i-amphtml-replaced-content\" src=\"https:\/\/img.rtve.es\/imagenes\/bomberos-forestales-tratan-extinguir-fuego-a-14-agosto-2025-monterrei-ourense\/01755253515832.jpg\" alt=\"Bomberos forestales de Galicia tratan de extinguir el fuego a 14 de agosto de 2025, en Monterrei, Ourense.\" \/><\/span><\/div><figcaption>Bomberos forestales de Galicia tratan de extinguir el fuego a 14 de agosto de 2025, en Monterrei, Ourense.\u00a0<span class=\"signs\"><em>EUROPA PRESS \/ ROSA VEIGA<\/em><\/span><\/p>\n<\/figcaption><\/figure>\n<p>El servicio de emergencias gallego ha actualizado la informaci\u00f3n esta ma\u00f1ana con un parte en el que constata que\u00a0<strong>se mantiene el confinamiento<\/strong>\u00a0en los pueblos de\u00a0<strong>A Madalena (Monterrei), As Casas dos Montes (O\u00edmbra) y Rebordondo (Cualedro)<\/strong>.<\/p>\n<figure class=\"incluBox\">\n<div class=\"mediaBox imageBox\"><span class=\"ima\"><img decoding=\"async\" class=\"i-amphtml-fill-content i-amphtml-replaced-content\" src=\"https:\/\/img.rtve.es\/imagenes\/bomberos-forestales-tratan-extinguir-fuego-noche-del-jueves-viernes-vences-monterrei-ourense\/01755253362585.jpg\" alt=\"Bomberos forestales tratan de extinguir el fuego la noche del jueves al viernes en Vences, Monterrei, Ourense.\" \/><\/span><\/div><figcaption>Bomberos forestales tratan de extinguir el fuego la noche del jueves al viernes en Vences, Monterrei, Ourense.\u00a0<span class=\"signs\"><em>EUROPA PRESS \/ ROSA VEIGA<\/em><\/span><\/p>\n<\/figcaption><\/figure>\n<p>Los\u00a0<strong>incendios<\/strong>\u00a0<strong>sin control<\/strong>\u00a0que arrasan Galicia, especialmente en la provincia de Ourense que mantiene la situaci\u00f3n 2, ascienden ya hasta las\u00a0<strong>28.590 hect\u00e1reas calcinadas<\/strong>. El fuego que afecta a\u00a0<strong>Chandrexa de Queixa<\/strong>, donde se unieron en un \u00fanico incendio los focos de\u00a0<strong>Requeixo y Parafita,<\/strong>\u00a0arrasa ya 11.000 hect\u00e1reas y es el\u00a0<strong>segundo mayor de la historia de Galicia\u00a0<\/strong>desde que hay registros, al superar el de Valdeorras (10.500 hect\u00e1reas) de la ola de 2022, en el que se produjo el de m\u00e1s magnitud: el de O Courel (Lugo), con 11.800 hect\u00e1reas.<\/p>\n<figure class=\"incluBox\">\n<div class=\"mediaBox imageBox\"><span class=\"ima\"><img decoding=\"async\" class=\"i-amphtml-fill-content i-amphtml-replaced-content\" src=\"https:\/\/img.rtve.es\/imagenes\/persona-lucha-contra-llamas-del-incendio-a-gudina-ourense\/01755253673327.jpg\" alt=\"Una persona lucha contra las llamas del incendio de A Gudi\u00f1a (Ourense),\" \/><\/span><\/div><figcaption>Una persona lucha contra las llamas del incendio de A Gudi\u00f1a (Ourense),\u00a0<span class=\"signs\"><em>EFE \/ SXENICK<\/em><\/span><\/p>\n<\/figcaption><\/figure>\n<figure class=\"incluBox\">\n<div class=\"mediaBox imageBox\"><span class=\"ima\"><img decoding=\"async\" class=\"i-amphtml-fill-content i-amphtml-replaced-content\" src=\"https:\/\/img.rtve.es\/imagenes\/varias-personas-luchan-contra-llamas-del-incendio-a-gudina-ourense-este-jueves\/01755253826762.jpg\" alt=\"Varias personas luchan contra las llamas del incendio de A Gudi\u00f1a (Ourense), este jueves.\" \/><\/span><\/div><figcaption>Varias personas luchan contra las llamas del incendio de A Gudi\u00f1a (Ourense), este jueves.\u00a0<span class=\"signs\"><em>EFE \/ SXENICK<\/em><\/span><\/p>\n<\/figcaption><\/figure>\n<figure class=\"incluBox\">\n<div class=\"mediaBox imageBox\"><span class=\"ima\"><img decoding=\"async\" class=\"i-amphtml-fill-content i-amphtml-replaced-content\" src=\"https:\/\/img.rtve.es\/imagenes\/bomberos-tratan-sofocar-incendio-construccion-localidad-a-caridade-municipio-monterrei-ourense\/01755254056392.jpg\" alt=\"Los bomberos tratan de sofocar un incendio en una construcci\u00f3n en la localidad de A Caridade, en el municipio de Monterrei (Ourense).\" \/><\/span><\/div><figcaption>Los bomberos tratan de sofocar un incendio en una construcci\u00f3n en la localidad de A Caridade, en el municipio de Monterrei (Ourense).\u00a0<span class=\"signs\"><em>EFE \/ BRAIS LORENZO<\/em><\/span><\/p>\n<\/figcaption><\/figure>\n<p>Zamora y Ourense atraviesan horas cr\u00edticas con\u00a0<strong>incendios<\/strong>\u00a0<strong>forestales<\/strong>\u00a0que avanzan sin control, que en conjunto podr\u00edan haber quemado ya m\u00e1s de 50.000 hect\u00e1reas que han da\u00f1ado pueblos y que mantienen desalojados a miles de vecinos de medio centenar de localidades. Tambi\u00e9n siguen ardiendo otras zonas de Espa\u00f1a, como Castilla-La Mancha, Extremadura y la Comunidad Valenciana.<\/p>\n<h3 class=\"ladillo\">Extremadura<\/h3>\n<p>En la regi\u00f3n extreme\u00f1a hay este viernes\u00a0<strong>seis incendios activos\u00a0<\/strong>y preocupa el del Pallares (Badajoz), con 2.500 hect\u00e1reas afectadas Se mantienen las medidas de evacuaci\u00f3n y confinamiento para el incendio de Jarilla (C\u00e1ceres).<\/p>\n<figure class=\"incluBox\">\n<div class=\"mediaBox imageBox\"><span class=\"ima\"><img decoding=\"async\" class=\"i-amphtml-fill-content i-amphtml-replaced-content\" src=\"https:\/\/img.rtve.es\/imagenes\/incendio-se-origino-jarilla-continua-avanzando-sin-control-despues-cuatro-dias\/01755254243038.jpg\" alt=\"El incendio que se origin\u00f3 en Jarilla contin\u00faa avanzando sin control despu\u00e9s de cuatro d\u00edas.\" \/><\/span><\/div><figcaption>El incendio que se origin\u00f3 en Jarilla contin\u00faa avanzando sin control despu\u00e9s de cuatro d\u00edas.\u00a0<span class=\"signs\"><em>EUROPA PRESS \/ CARLOS CRIADO<\/em><\/span><\/p>\n<\/figcaption><\/figure>\n<p>La comunidad aut\u00f3noma de Extremadura tiene en estos momentos seis incendios activos y preocupa \u00abespecialmente\u00bb el de Pallares (Badajoz), con 2.500 hect\u00e1reas afectadas, y al que se ha incorporado una secci\u00f3n de la UME para apoyar las labores de extinci\u00f3n.<\/p>\n<figure class=\"incluBox\">\n<div class=\"mediaBox imageBox\"><span class=\"ima\"><img decoding=\"async\" class=\"i-amphtml-fill-content i-amphtml-replaced-content\" src=\"https:\/\/img.rtve.es\/imagenes\/miembros-unidad-militar-emergencias-ume-este-jueves-localidad-granja-caceres\/01755254423827.jpg\" alt=\"Miembros de la Unidad Militar de Emergencias (UME) este jueves en la localidad de La Granja (C\u00e1ceres).\" \/><\/span><\/div><figcaption>Miembros de la Unidad Militar de Emergencias (UME) este jueves en la localidad de La Granja (C\u00e1ceres).\u00a0<span class=\"signs\"><em>EFE \/ EDUARDO PALOMO<\/em><\/span><\/p>\n<\/figcaption><\/figure>\n<p>la Unidad Militar de Emergencias (<strong>UME<\/strong>) he llegado a Extremadura para combatir el incendio forestal que se declar\u00f3 este martes en la localidad cacere\u00f1a de Jarilla, que sigue actualmente sin control y ha alcanzado ya las 4.800 hect\u00e1reas quemadas, en un per\u00edmetro de 46 kil\u00f3metros.<\/p>\n<p>La Unidad Militar de Emergencias (UME) tiene a 1.300 militares en ataque directo contra doce incendios repartidos por toda Espa\u00f1a y a otros 2.100 en misiones de apoyo, que est\u00e1n utilizando un total de 440 medios. As\u00ed lo ha detallado la unidad militar a trav\u00e9s de un mensaje en la red social X.<\/p>\n<div><iframe class=\"i-amphtml-fill-content\" title=\"Twitter\" src=\"https:\/\/d-2267622590417466965.ampproject.net\/2507172035000\/frame.html\" name=\"{&quot;host&quot;:&quot;d-2267622590417466965.ampproject.net&quot;,&quot;bootstrap&quot;:&quot;https:\/\/3p.ampproject.net\/2507172035000\/vendor\/twitter.js&quot;,&quot;type&quot;:&quot;twitter&quot;,&quot;count&quot;:1,&quot;attributes&quot;:{&quot;lang&quot;:&quot;es&quot;,&quot;tweetid&quot;:&quot;1956237849155510447&quot;,&quot;width&quot;:400,&quot;height&quot;:225,&quot;_context&quot;:{&quot;ampcontextVersion&quot;:&quot;2507172035000&quot;,&quot;ampcontextFilepath&quot;:&quot;https:\/\/3p.ampproject.net\/2507172035000\/ampcontext-v0.js&quot;,&quot;sourceUrl&quot;:&quot;https:\/\/amp.rtve.es\/noticias\/20250815\/espana-arde-imagenes\/16697817.shtml&quot;,&quot;referrer&quot;:&quot;&quot;,&quot;canonicalUrl&quot;:&quot;https:\/\/www.rtve.es\/noticias\/20250815\/espana-arde-imagenes\/16697817.shtml&quot;,&quot;pageViewId&quot;:&quot;5832&quot;,&quot;location&quot;:{&quot;href&quot;:&quot;https:\/\/amp.rtve.es\/noticias\/20250815\/espana-arde-imagenes\/16697817.shtml&quot;},&quot;startTime&quot;:1755256861245,&quot;tagName&quot;:&quot;AMP-TWITTER&quot;,&quot;mode&quot;:{&quot;localDev&quot;:false,&quot;development&quot;:false,&quot;esm&quot;:false,&quot;test&quot;:false,&quot;rtvVersion&quot;:&quot;012507172035000&quot;},&quot;canary&quot;:false,&quot;hidden&quot;:false,&quot;initialLayoutRect&quot;:{&quot;left&quot;:376,&quot;top&quot;:8496,&quot;width&quot;:600,&quot;height&quot;:338},&quot;domFingerprint&quot;:&quot;1820150940&quot;,&quot;experimentToggles&quot;:{&quot;canary&quot;:false,&quot;a4aProfilingRate&quot;:false,&quot;doubleclickSraExp&quot;:false,&quot;doubleclickSraReportExcludedBlock&quot;:false,&quot;flexAdSlots&quot;:false,&quot;flexible-bitrate&quot;:false,&quot;ios-fixed-no-transfer&quot;:false,&quot;story-ad-placements&quot;:false,&quot;story-disable-animations-first-page&quot;:true,&quot;story-load-inactive-outside-viewport&quot;:true,&quot;amp-sticky-ad-to-amp-ad-v4&quot;:false,&quot;story-video-cache-apply-audio&quot;:false,&quot;amp-story-subscriptions&quot;:true,&quot;interaction-to-next-paint&quot;:true,&quot;amp-story-first-page-max-bitrate&quot;:false,&quot;story-load-first-page-only&quot;:true,&quot;story-ad-page-outlink&quot;:false,&quot;amp-geo-ssr&quot;:true,&quot;story-remote-localization&quot;:true,&quot;attribution-reporting&quot;:false},&quot;sentinel&quot;:&quot;0-38008064543898428812&quot;},&quot;type&quot;:&quot;twitter&quot;}}\" width=\"400\" height=\"225\" scrolling=\"no\" sandbox=\"allow-top-navigation-by-user-activation allow-popups-to-escape-sandbox allow-forms allow-modals allow-pointer-lock allow-popups allow-same-origin allow-scripts\" allowfullscreen=\"allowfullscreen\" data-amp-3p-sentinel=\"0-38008064543898428812\" data-mce-fragment=\"1\"><\/iframe><\/div>\n<p>En concreto, la UME est\u00e1 desplegada en Cangas del Narcea (Asturias), Yeres (Le\u00f3n), Molezuelas de la Carballeda (Zamora), Puercas (Zamora), Requeixo-Chandrexa de Queixa (Ourense), Maceda (Ourense), O\u00edmbra (Ourense), A Mezquita (Ourense), Larouco (Ourense), Jarilla (C\u00e1ceres), Llerena (Badajoz) y Teresa de Cofrentes (Valencia).<\/p>\n<\/article>\n<aside class=\"relBox\">\n<h2 class=\"maintitle\">Elementos Relacionados<\/h2>\n<div class=\"mediaBox\"><span class=\"ima f16x9\"><img decoding=\"async\" class=\"i-amphtml-fill-content i-amphtml-replaced-content\" src=\"https:\/\/img.rtve.es\/n\/mapa-incendios-espana-ultima-hora_16607069.jpg\" alt=\"Mapa de los incendios en Espa\u00f1a: la ola de agosto acumula 20 grandes fuegos y m\u00e1s de 115.000 hect\u00e1reas quemadas\" \/><\/span><\/div>\n<p><a href=\"https:\/\/amp.rtve.es\/noticias\/20250603\/mapa-incendios-espana-ultima-hora\/16607069.shtml\" target=\"_blank\" rel=\"noopener\"><span class=\"maintitle\">Mapa de los incendios en Espa\u00f1a: la ola de agosto acumula 20 grandes fuegos y m\u00e1s de 115.000 hect\u00e1reas quemadas<\/span><\/a><\/p>\n<div class=\"mediaBox\"><span class=\"ima f16x9\"><img decoding=\"async\" class=\"i-amphtml-fill-content i-amphtml-replaced-content\" src=\"https:\/\/img.rtve.es\/n\/reto-coordinar-voluntarios-incendios-peligro-casa-no-participe_16695700.jpg\" alt=\"El reto de coordinar a voluntarios en incendios: &quot;\u00bfC\u00f3mo le dices a alguien que ve en peligro su casa que no participe?&quot;\" \/><\/span><\/div>\n<p><a href=\"https:\/\/amp.rtve.es\/noticias\/20250814\/reto-coordinar-voluntarios-incendios-peligro-casa-no-participe\/16695700.shtml\" target=\"_blank\" rel=\"noopener\"><span class=\"maintitle\">El reto de coordinar a voluntarios en incendios: \u00ab\u00bfC\u00f3mo le dices a alguien que ve en peligro su casa que no participe?\u00bb<\/span><\/a><\/p>\n<div class=\"mediaBox\"><span class=\"ima f16x9\"><img decoding=\"async\" class=\"i-amphtml-fill-content i-amphtml-replaced-content\" src=\"https:\/\/img.rtve.es\/n\/20-anos-carcel-vidas-humanas-peligro-castigo-provocar-incendio_16695937.jpg\" alt=\"Hasta 20 a\u00f1os de c\u00e1rcel si hay vidas humanas en peligro: el castigo por provocar un incendio forestal\" \/><\/span><\/div>\n<p><a href=\"https:\/\/amp.rtve.es\/noticias\/20250814\/20-anos-carcel-vidas-humanas-peligro-castigo-provocar-incendio\/16695937.shtml\" target=\"_blank\" rel=\"noopener\"><span class=\"maintitle\">Hasta 20 a\u00f1os de c\u00e1rcel si hay vidas humanas en peligro: el castigo por provocar un incendio forestal<\/span><\/a><\/p>\n<div class=\"mediaBox\"><span class=\"ima f16x9\"><img decoding=\"async\" class=\"i-amphtml-fill-content i-amphtml-replaced-content\" src=\"https:\/\/img.rtve.es\/n\/incendios-espana-superan-agosto-superficie-quemada-2024_16693719.jpg\" alt=\"Los incendios en Espa\u00f1a hasta agosto superan toda la superficie forestal quemada en 2024\" \/><\/span><\/div>\n<p><a href=\"https:\/\/amp.rtve.es\/noticias\/20250812\/incendios-espana-superan-agosto-superficie-quemada-2024\/16693719.shtml\" target=\"_blank\" rel=\"noopener\"><span class=\"maintitle\">Los incendios en Espa\u00f1a hasta agosto superan toda la superficie forestal quemada en 2024<\/span><\/a><\/p>\n<div class=\"mediaBox\"><span class=\"ima f16x9\"><img decoding=\"async\" class=\"i-amphtml-fill-content i-amphtml-replaced-content\" src=\"https:\/\/img.rtve.es\/n\/como-actuar-correctamente-incendio-lugares-seguros-acciones-evitar_16694551.jpg\" alt=\"C\u00f3mo actuar correctamente si est\u00e1s cerca de un incendio: lugares seguros y acciones que debes evitar\" \/><\/span><\/div>\n<p><a href=\"https:\/\/amp.rtve.es\/noticias\/20250812\/como-actuar-correctamente-incendio-lugares-seguros-acciones-evitar\/16694551.shtml\" target=\"_blank\" rel=\"noopener\"><span class=\"maintitle\">C\u00f3mo actuar correctamente si est\u00e1s cerca de un incendio: lugares seguros y acciones que debes evitar<\/span><\/a><\/aside>\n<div class=\"pvc_clear\"><\/div>\n<p id=\"pvc_stats_29126\" class=\"pvc_stats all  \" data-element-id=\"29126\" style=\"\"><i class=\"pvc-stats-icon large\" aria-hidden=\"true\"><svg xmlns=\"http:\/\/www.w3.org\/2000\/svg\" version=\"1.0\" viewBox=\"0 0 502 315\" preserveAspectRatio=\"xMidYMid meet\"><g transform=\"translate(0,332) scale(0.1,-0.1)\" fill=\"\" stroke=\"none\"><path d=\"M2394 3279 l-29 -30 -3 -207 c-2 -182 0 -211 15 -242 39 -76 157 -76 196 0 15 31 17 60 15 243 l-3 209 -33 29 c-26 23 -41 29 -80 29 -41 0 -53 -5 -78 -31z\"\/><path d=\"M3085 3251 c-45 -19 -58 -50 -96 -229 -47 -217 -49 -260 -13 -295 52 -53 146 -42 177 20 16 31 87 366 87 410 0 70 -86 122 -155 94z\"\/><path d=\"M1751 3234 c-13 -9 -29 -31 -37 -50 -12 -29 -10 -49 21 -204 19 -94 39 -189 45 -210 14 -50 54 -80 110 -80 34 0 48 6 76 34 21 21 34 44 34 59 0 14 -18 113 -40 219 -37 178 -43 195 -70 221 -36 32 -101 37 -139 11z\"\/><path d=\"M1163 3073 c-36 -7 -73 -59 -73 -102 0 -56 133 -378 171 -413 34 -32 83 -37 129 -13 70 36 67 87 -16 290 -86 209 -89 214 -129 231 -35 14 -42 15 -82 7z\"\/><path d=\"M3689 3066 c-15 -9 -33 -30 -42 -48 -48 -103 -147 -355 -147 -375 0 -98 131 -148 192 -74 13 15 57 108 97 206 80 196 84 226 37 273 -30 30 -99 39 -137 18z\"\/><path d=\"M583 2784 c-38 -19 -67 -74 -58 -113 9 -42 211 -354 242 -373 16 -10 45 -18 66 -18 51 0 107 52 107 100 0 39 -1 41 -124 234 -80 126 -108 162 -133 173 -41 17 -61 16 -100 -3z\"\/><path d=\"M4250 2784 c-14 -9 -74 -91 -133 -183 -95 -150 -107 -173 -107 -213 0 -55 33 -94 87 -104 67 -13 90 8 211 198 130 202 137 225 78 284 -27 27 -42 34 -72 34 -22 0 -50 -8 -64 -16z\"\/><path d=\"M2275 2693 c-553 -48 -1095 -270 -1585 -649 -135 -104 -459 -423 -483 -476 -23 -49 -22 -139 2 -186 73 -142 361 -457 571 -626 285 -228 642 -407 990 -497 242 -63 336 -73 660 -74 310 0 370 5 595 52 535 111 1045 392 1455 803 122 121 250 273 275 326 19 41 19 137 0 174 -41 79 -309 363 -465 492 -447 370 -946 591 -1479 653 -113 14 -422 18 -536 8z m395 -428 c171 -34 330 -124 456 -258 112 -119 167 -219 211 -378 27 -96 24 -300 -5 -401 -72 -255 -236 -447 -474 -557 -132 -62 -201 -76 -368 -76 -167 0 -236 14 -368 76 -213 98 -373 271 -451 485 -162 444 86 934 547 1084 153 49 292 57 452 25z m909 -232 c222 -123 408 -262 593 -441 76 -74 138 -139 138 -144 0 -16 -233 -242 -330 -319 -155 -123 -309 -223 -461 -299 l-81 -41 32 46 c18 26 49 83 70 128 143 306 141 649 -6 957 -25 52 -61 116 -79 142 l-34 47 45 -20 c26 -10 76 -36 113 -56z m-2057 25 c-40 -58 -105 -190 -130 -263 -110 -324 -59 -707 132 -981 25 -35 42 -64 37 -64 -19 0 -241 119 -326 174 -188 122 -406 314 -532 468 l-58 71 108 103 c185 178 428 349 672 473 66 33 121 60 123 61 2 0 -10 -19 -26 -42z\"\/><path d=\"M2375 1950 c-198 -44 -350 -190 -395 -379 -18 -76 -8 -221 19 -290 114 -284 457 -406 731 -260 98 52 188 154 231 260 27 69 37 214 19 290 -38 163 -166 304 -326 360 -67 23 -215 33 -279 19z\"\/><\/g><\/svg><\/i> <img decoding=\"async\" width=\"16\" height=\"16\" alt=\"Loading\" src=\"https:\/\/esviafm.com\/wp-content\/plugins\/page-views-count\/ajax-loader-2x.gif\" border=0 \/><\/p>\n<div class=\"pvc_clear\"><\/div>\n","protected":false},"excerpt":{"rendered":"<p>Los\u00a0incendios forestales que arrasan parte de Espa\u00f1a\u00a0siguen descontrolados en varias zonas del pa\u00eds.\u00a0Tres personas han muerto\u00a0por estos fuegos, dos en Castilla y Le\u00f3n y uno en Madrid. La Guardia Civil\u00a0ha detenido a varias personas\u00a0como presuntos autores de los incendios en\u00a0\u00c1vila, M\u00e1laga, Ourense y Zamora. En lo que va de verano, en Espa\u00f1a se han detenido [&hellip;]<\/p>\n<div class=\"pvc_clear\"><\/div>\n<p id=\"pvc_stats_29126\" class=\"pvc_stats all  \" data-element-id=\"29126\" style=\"\"><i class=\"pvc-stats-icon large\" aria-hidden=\"true\"><svg xmlns=\"http:\/\/www.w3.org\/2000\/svg\" version=\"1.0\" viewBox=\"0 0 502 315\" preserveAspectRatio=\"xMidYMid meet\"><g transform=\"translate(0,332) scale(0.1,-0.1)\" fill=\"\" stroke=\"none\"><path d=\"M2394 3279 l-29 -30 -3 -207 c-2 -182 0 -211 15 -242 39 -76 157 -76 196 0 15 31 17 60 15 243 l-3 209 -33 29 c-26 23 -41 29 -80 29 -41 0 -53 -5 -78 -31z\"\/><path d=\"M3085 3251 c-45 -19 -58 -50 -96 -229 -47 -217 -49 -260 -13 -295 52 -53 146 -42 177 20 16 31 87 366 87 410 0 70 -86 122 -155 94z\"\/><path d=\"M1751 3234 c-13 -9 -29 -31 -37 -50 -12 -29 -10 -49 21 -204 19 -94 39 -189 45 -210 14 -50 54 -80 110 -80 34 0 48 6 76 34 21 21 34 44 34 59 0 14 -18 113 -40 219 -37 178 -43 195 -70 221 -36 32 -101 37 -139 11z\"\/><path d=\"M1163 3073 c-36 -7 -73 -59 -73 -102 0 -56 133 -378 171 -413 34 -32 83 -37 129 -13 70 36 67 87 -16 290 -86 209 -89 214 -129 231 -35 14 -42 15 -82 7z\"\/><path d=\"M3689 3066 c-15 -9 -33 -30 -42 -48 -48 -103 -147 -355 -147 -375 0 -98 131 -148 192 -74 13 15 57 108 97 206 80 196 84 226 37 273 -30 30 -99 39 -137 18z\"\/><path d=\"M583 2784 c-38 -19 -67 -74 -58 -113 9 -42 211 -354 242 -373 16 -10 45 -18 66 -18 51 0 107 52 107 100 0 39 -1 41 -124 234 -80 126 -108 162 -133 173 -41 17 -61 16 -100 -3z\"\/><path d=\"M4250 2784 c-14 -9 -74 -91 -133 -183 -95 -150 -107 -173 -107 -213 0 -55 33 -94 87 -104 67 -13 90 8 211 198 130 202 137 225 78 284 -27 27 -42 34 -72 34 -22 0 -50 -8 -64 -16z\"\/><path d=\"M2275 2693 c-553 -48 -1095 -270 -1585 -649 -135 -104 -459 -423 -483 -476 -23 -49 -22 -139 2 -186 73 -142 361 -457 571 -626 285 -228 642 -407 990 -497 242 -63 336 -73 660 -74 310 0 370 5 595 52 535 111 1045 392 1455 803 122 121 250 273 275 326 19 41 19 137 0 174 -41 79 -309 363 -465 492 -447 370 -946 591 -1479 653 -113 14 -422 18 -536 8z m395 -428 c171 -34 330 -124 456 -258 112 -119 167 -219 211 -378 27 -96 24 -300 -5 -401 -72 -255 -236 -447 -474 -557 -132 -62 -201 -76 -368 -76 -167 0 -236 14 -368 76 -213 98 -373 271 -451 485 -162 444 86 934 547 1084 153 49 292 57 452 25z m909 -232 c222 -123 408 -262 593 -441 76 -74 138 -139 138 -144 0 -16 -233 -242 -330 -319 -155 -123 -309 -223 -461 -299 l-81 -41 32 46 c18 26 49 83 70 128 143 306 141 649 -6 957 -25 52 -61 116 -79 142 l-34 47 45 -20 c26 -10 76 -36 113 -56z m-2057 25 c-40 -58 -105 -190 -130 -263 -110 -324 -59 -707 132 -981 25 -35 42 -64 37 -64 -19 0 -241 119 -326 174 -188 122 -406 314 -532 468 l-58 71 108 103 c185 178 428 349 672 473 66 33 121 60 123 61 2 0 -10 -19 -26 -42z\"\/><path d=\"M2375 1950 c-198 -44 -350 -190 -395 -379 -18 -76 -8 -221 19 -290 114 -284 457 -406 731 -260 98 52 188 154 231 260 27 69 37 214 19 290 -38 163 -166 304 -326 360 -67 23 -215 33 -279 19z\"\/><\/g><\/svg><\/i> <img decoding=\"async\" width=\"16\" height=\"16\" alt=\"Loading\" src=\"https:\/\/esviafm.com\/wp-content\/plugins\/page-views-count\/ajax-loader-2x.gif\" border=0 \/><\/p>\n<div class=\"pvc_clear\"><\/div>\n","protected":false},"author":5,"featured_media":0,"comment_status":"open","ping_status":"open","sticky":false,"template":"","format":"standard","meta":{"_et_pb_use_builder":"","_et_pb_old_content":"","_et_gb_content_width":"","footnotes":""},"categories":[17],"tags":[],"class_list":["post-29126","post","type-post","status-publish","format-standard","hentry","category-internacionales"],"_links":{"self":[{"href":"https:\/\/esviafm.com\/index.php\/wp-json\/wp\/v2\/posts\/29126","targetHints":{"allow":["GET"]}}],"collection":[{"href":"https:\/\/esviafm.com\/index.php\/wp-json\/wp\/v2\/posts"}],"about":[{"href":"https:\/\/esviafm.com\/index.php\/wp-json\/wp\/v2\/types\/post"}],"author":[{"embeddable":true,"href":"https:\/\/esviafm.com\/index.php\/wp-json\/wp\/v2\/users\/5"}],"replies":[{"embeddable":true,"href":"https:\/\/esviafm.com\/index.php\/wp-json\/wp\/v2\/comments?post=29126"}],"version-history":[{"count":1,"href":"https:\/\/esviafm.com\/index.php\/wp-json\/wp\/v2\/posts\/29126\/revisions"}],"predecessor-version":[{"id":29128,"href":"https:\/\/esviafm.com\/index.php\/wp-json\/wp\/v2\/posts\/29126\/revisions\/29128"}],"wp:attachment":[{"href":"https:\/\/esviafm.com\/index.php\/wp-json\/wp\/v2\/media?parent=29126"}],"wp:term":[{"taxonomy":"category","embeddable":true,"href":"https:\/\/esviafm.com\/index.php\/wp-json\/wp\/v2\/categories?post=29126"},{"taxonomy":"post_tag","embeddable":true,"href":"https:\/\/esviafm.com\/index.php\/wp-json\/wp\/v2\/tags?post=29126"}],"curies":[{"name":"wp","href":"https:\/\/api.w.org\/{rel}","templated":true}]}}