{"id":29095,"date":"2025-08-14T07:23:42","date_gmt":"2025-08-14T11:53:42","guid":{"rendered":"https:\/\/esviafm.com\/?p=29095"},"modified":"2025-08-14T07:23:42","modified_gmt":"2025-08-14T11:53:42","slug":"gustavo-petro-denuncia-penalmente-a-alvaro-leyva-y-sugiere-que-instigo-el-asesinato-de-miguel-uribe","status":"publish","type":"post","link":"https:\/\/esviafm.com\/index.php\/gustavo-petro-denuncia-penalmente-a-alvaro-leyva-y-sugiere-que-instigo-el-asesinato-de-miguel-uribe\/","title":{"rendered":"Gustavo Petro denuncia penalmente a \u00c1lvaro Leyva y sugiere que \u201cinstig\u00f3\u201d el asesinato de Miguel Uribe"},"content":{"rendered":"<h2 class=\"a_st\">El presidente, a trav\u00e9s de su apoderado, se\u00f1ala a su exministro de marcar un ambiente que valida la violencia pol\u00edtica y de cometer delitos como la instigaci\u00f3n a delinquir, la conspiraci\u00f3n y la calumnia<\/h2>\n<p class=\"\">El presidente de Colombia, Gustavo Petro, ha interpuesto una denuncia penal ante la Fiscal\u00eda contra su excanciller \u00c1lvaro Leyva por los delitos de conspiraci\u00f3n, instigaci\u00f3n a delinquir, menoscabo de la integridad nacional, calumnia e injuria. En la denuncia, interpuesta el 2 de julio y cuyo contenido ha sido difundido este mi\u00e9rcoles, el apoderado del jefe del Estado esgrime la hip\u00f3tesis de que el primer ministro de Relaciones Exteriores de Petro \u201cinstig\u00f3\u201d el\u00a0<a title=\"https:\/\/elpais.com\/america-colombia\/2025-08-11\/muere-miguel-uribe-turbay-senador-y-candidato-presidencial-colombiano-tras-el-atentado-que-sufrio-en-bogota.html\" href=\"https:\/\/elpais.com\/america-colombia\/2025-08-11\/muere-miguel-uribe-turbay-senador-y-candidato-presidencial-colombiano-tras-el-atentado-que-sufrio-en-bogota.html\" rel=\"\">asesinato del senador opositor Miguel Uribe Turbay<\/a>. Seg\u00fan el documento firmado por el abogado Alejandro Carranza, Leyva ten\u00eda contacto directo con la disidencia de las extintas FARC comandada por Iv\u00e1n M\u00e1rquez, a la que se le atribuye el ataque contra el congresista.<\/p>\n<p class=\"\">Espec\u00edficamente, en el apartado en que hace referencia al delito de instigaci\u00f3n a delinquir, el abogado del presidente afirma que Leyva construy\u00f3 una \u201cnarrativa de alta carga emocional, simb\u00f3lica y pol\u00edtica\u201d para mostrar a Petro como una persona incapacitada mentalmente para ejercer la Presidencia. \u201cEn uno de sus textos, incluso lleg\u00f3 a sugerir que \u2018una tragedia pod\u00eda ocurrir\u2019 como consecuencia de las palabras del presidente, lo cual insin\u00faa una profec\u00eda autocumplida que predispone material y discursivamente a un contexto de confrontaci\u00f3n\u201d, a\u00f1ade el documento. Carranza cita la jurisprudencia de la Corte Suprema de Justicia, que indica que un discurso instigador \u201cpuede materializarse en contextos pol\u00edticos cuando genera un entorno de validaci\u00f3n del delito como mecanismo leg\u00edtimo de acci\u00f3n pol\u00edtica\u201d.<\/p>\n<p class=\"\">Seg\u00fan Carranza, los hechos que siguieron a los comentarios de Leyva refuerzan su hip\u00f3tesis de la instigaci\u00f3n a cometer un crimen. \u201cA las semanas de la carta en la que Leyva insin\u00faa la posibilidad de una tragedia, el senador Miguel Uribe Turbay [\u2026] fue v\u00edctima de un atentado atribuido a la disidencia de las FARC comandada por\u00a0<a title=\"https:\/\/elpais.com\/america\/2024-05-11\/el-lider-guerrillero-ivan-marquez-reaparece-tras-ser-dado-por-muerto-con-un-video-en-apoyo-a-la-constituyente-de-petro.html\" href=\"https:\/\/elpais.com\/america\/2024-05-11\/el-lider-guerrillero-ivan-marquez-reaparece-tras-ser-dado-por-muerto-con-un-video-en-apoyo-a-la-constituyente-de-petro.html\" rel=\"\">Iv\u00e1n M\u00e1rquez<\/a>\u201d. Leyva, sigue el documento, ten\u00eda contacto directo con el jefe disidente. \u201cEste nexo, aunque no permite imputaci\u00f3n directa por autor\u00eda, s\u00ed justifica la hip\u00f3tesis de instigaci\u00f3n como modalidad aut\u00f3noma de intervenci\u00f3n punible\u201d. En otras palabras, la denuncia no afirma que Leyva haya participado en el asesinato, sino que sus palabras crearon un ambiente que valida una violencia pol\u00edtica que se concret\u00f3 en ese crimen.<\/p>\n<p class=\"\">Leyva y Petro, que remaron en la misma direcci\u00f3n para legar al Gobierno en 2022, tuvieron una ruptura que se volvi\u00f3 definitiva el pasado 23 de abril, cuando el excanciller, un pol\u00edtico veterano de estirpe conservadora,\u00a0<a title=\"https:\/\/elpais.com\/america-colombia\/2025-04-23\/el-excanciller-alvaro-leyva-arremete-contra-petro-en-paris-pude-confirmar-que-usted-tenia-el-problema-de-la-drogadiccion.html\" href=\"https:\/\/elpais.com\/america-colombia\/2025-04-23\/el-excanciller-alvaro-leyva-arremete-contra-petro-en-paris-pude-confirmar-que-usted-tenia-el-problema-de-la-drogadiccion.html\" rel=\"\">public\u00f3 una carta abierta<\/a>\u00a0en que se\u00f1ala sin pruebas al presidente de tener graves problemas de drogadicci\u00f3n que, seg\u00fan \u00e9l, est\u00e1n detr\u00e1s de las ausencias del mandatario en varios actos dentro y fuera del pa\u00eds. El 6 de mayo, se reafirm\u00f3 en sus se\u00f1alamientos y lleg\u00f3 a afirmar que el presidente \u201cest\u00e1 enfermo\u201d.<\/p>\n<p class=\"\">El 29 de junio siguiente,\u00a0<a title=\"https:\/\/elpais.com\/america-colombia\/2025-06-29\/alvaro-leyva-busco-en-estados-unidos-la-complicidad-de-trump-para-tumbar-a-petro.html\" href=\"https:\/\/elpais.com\/america-colombia\/2025-06-29\/alvaro-leyva-busco-en-estados-unidos-la-complicidad-de-trump-para-tumbar-a-petro.html\" rel=\"\">este diario public\u00f3 unos audios<\/a>, mencionados por el abogado Carranza en la denuncia, en los que se revela que Leyva busc\u00f3 apoyos en Estados Unidos para derrocar al presidente Petro y poner a la vicepresidenta Francia M\u00e1rquez en su lugar. Seg\u00fan esos documentos, el excanciller habl\u00f3 con actores \u201carmados y no armados\u201d, en referencia al ELN y al Clan del Golfo, y mencion\u00f3 a la precandidata Victoria D\u00e1vila de estar en el complot, algo que la experiodista ha desmentido. Leyva, incluso, quiso involucrar al Gobierno de Estados Unidos para hacer una presi\u00f3n internacional, algo que finalmente nunca ocurri\u00f3.<\/p>\n<p class=\"\">Luego de esa revelaci\u00f3n, Petro ha buscado la manera de rebatir las afirmaciones de su otrora \u00edntimo aliado. A principios de agosto, en una comparecencia judicial, Carranza confront\u00f3 al exministro al preguntarle si tiene pruebas de que el presidente consume drogas. El excanciller reconoci\u00f3 que no. El di\u00e1logo transcurri\u00f3 as\u00ed:<\/p>\n<p class=\"\">-\u00bfVio en alguna ocasi\u00f3n al presidente consumir alguna sustancia alucin\u00f3gena? Resp\u00f3ndame s\u00ed o no \u2013le pidi\u00f3 Carranza-.<\/p>\n<p class=\"\">-Yo no tengo por qu\u00e9 contestar as\u00ed. Soy testigo del consumo de licor no controlado, como en Chile.<\/p>\n<p class=\"\">-Esa no es la pregunta. \u00bfCoca\u00edna, opio, marihuana? Conteste.<\/p>\n<p class=\"\">-En el caso de La Guajira hay testigos -insisti\u00f3 Leyva-.<\/p>\n<p class=\"\">-No, usted, si lo vio usted, se\u00f1or Leyva, un hombre valiente. (&#8230;). \u00bfLo vio consumir droga?<\/p>\n<p class=\"\">-No, directamente no. Claro que no.<\/p>\n<p class=\"\">Despu\u00e9s de la publicaci\u00f3n de los audios y de las comparecencias judiciales a las que ha tenido que asistir, Leyva no ha vuelto a hacer publicaciones contra el presidente en sus redes sociales, el canal que eligi\u00f3 para difundir sus escritos. Tampoco ha hecho comentarios p\u00fablicos sobre la denuncia penal en su contra.<\/p>\n<div class=\"pvc_clear\"><\/div>\n<p id=\"pvc_stats_29095\" class=\"pvc_stats all  \" data-element-id=\"29095\" style=\"\"><i class=\"pvc-stats-icon large\" aria-hidden=\"true\"><svg xmlns=\"http:\/\/www.w3.org\/2000\/svg\" version=\"1.0\" viewBox=\"0 0 502 315\" preserveAspectRatio=\"xMidYMid meet\"><g transform=\"translate(0,332) scale(0.1,-0.1)\" fill=\"\" stroke=\"none\"><path d=\"M2394 3279 l-29 -30 -3 -207 c-2 -182 0 -211 15 -242 39 -76 157 -76 196 0 15 31 17 60 15 243 l-3 209 -33 29 c-26 23 -41 29 -80 29 -41 0 -53 -5 -78 -31z\"\/><path d=\"M3085 3251 c-45 -19 -58 -50 -96 -229 -47 -217 -49 -260 -13 -295 52 -53 146 -42 177 20 16 31 87 366 87 410 0 70 -86 122 -155 94z\"\/><path d=\"M1751 3234 c-13 -9 -29 -31 -37 -50 -12 -29 -10 -49 21 -204 19 -94 39 -189 45 -210 14 -50 54 -80 110 -80 34 0 48 6 76 34 21 21 34 44 34 59 0 14 -18 113 -40 219 -37 178 -43 195 -70 221 -36 32 -101 37 -139 11z\"\/><path d=\"M1163 3073 c-36 -7 -73 -59 -73 -102 0 -56 133 -378 171 -413 34 -32 83 -37 129 -13 70 36 67 87 -16 290 -86 209 -89 214 -129 231 -35 14 -42 15 -82 7z\"\/><path d=\"M3689 3066 c-15 -9 -33 -30 -42 -48 -48 -103 -147 -355 -147 -375 0 -98 131 -148 192 -74 13 15 57 108 97 206 80 196 84 226 37 273 -30 30 -99 39 -137 18z\"\/><path d=\"M583 2784 c-38 -19 -67 -74 -58 -113 9 -42 211 -354 242 -373 16 -10 45 -18 66 -18 51 0 107 52 107 100 0 39 -1 41 -124 234 -80 126 -108 162 -133 173 -41 17 -61 16 -100 -3z\"\/><path d=\"M4250 2784 c-14 -9 -74 -91 -133 -183 -95 -150 -107 -173 -107 -213 0 -55 33 -94 87 -104 67 -13 90 8 211 198 130 202 137 225 78 284 -27 27 -42 34 -72 34 -22 0 -50 -8 -64 -16z\"\/><path d=\"M2275 2693 c-553 -48 -1095 -270 -1585 -649 -135 -104 -459 -423 -483 -476 -23 -49 -22 -139 2 -186 73 -142 361 -457 571 -626 285 -228 642 -407 990 -497 242 -63 336 -73 660 -74 310 0 370 5 595 52 535 111 1045 392 1455 803 122 121 250 273 275 326 19 41 19 137 0 174 -41 79 -309 363 -465 492 -447 370 -946 591 -1479 653 -113 14 -422 18 -536 8z m395 -428 c171 -34 330 -124 456 -258 112 -119 167 -219 211 -378 27 -96 24 -300 -5 -401 -72 -255 -236 -447 -474 -557 -132 -62 -201 -76 -368 -76 -167 0 -236 14 -368 76 -213 98 -373 271 -451 485 -162 444 86 934 547 1084 153 49 292 57 452 25z m909 -232 c222 -123 408 -262 593 -441 76 -74 138 -139 138 -144 0 -16 -233 -242 -330 -319 -155 -123 -309 -223 -461 -299 l-81 -41 32 46 c18 26 49 83 70 128 143 306 141 649 -6 957 -25 52 -61 116 -79 142 l-34 47 45 -20 c26 -10 76 -36 113 -56z m-2057 25 c-40 -58 -105 -190 -130 -263 -110 -324 -59 -707 132 -981 25 -35 42 -64 37 -64 -19 0 -241 119 -326 174 -188 122 -406 314 -532 468 l-58 71 108 103 c185 178 428 349 672 473 66 33 121 60 123 61 2 0 -10 -19 -26 -42z\"\/><path d=\"M2375 1950 c-198 -44 -350 -190 -395 -379 -18 -76 -8 -221 19 -290 114 -284 457 -406 731 -260 98 52 188 154 231 260 27 69 37 214 19 290 -38 163 -166 304 -326 360 -67 23 -215 33 -279 19z\"\/><\/g><\/svg><\/i> <img decoding=\"async\" width=\"16\" height=\"16\" alt=\"Loading\" src=\"https:\/\/esviafm.com\/wp-content\/plugins\/page-views-count\/ajax-loader-2x.gif\" border=0 \/><\/p>\n<div class=\"pvc_clear\"><\/div>\n","protected":false},"excerpt":{"rendered":"<p>El presidente, a trav\u00e9s de su apoderado, se\u00f1ala a su exministro de marcar un ambiente que valida la violencia pol\u00edtica y de cometer delitos como la instigaci\u00f3n a delinquir, la conspiraci\u00f3n y la calumnia El presidente de Colombia, Gustavo Petro, ha interpuesto una denuncia penal ante la Fiscal\u00eda contra su excanciller \u00c1lvaro Leyva por los [&hellip;]<\/p>\n<div class=\"pvc_clear\"><\/div>\n<p id=\"pvc_stats_29095\" class=\"pvc_stats all  \" data-element-id=\"29095\" style=\"\"><i class=\"pvc-stats-icon large\" aria-hidden=\"true\"><svg xmlns=\"http:\/\/www.w3.org\/2000\/svg\" version=\"1.0\" viewBox=\"0 0 502 315\" preserveAspectRatio=\"xMidYMid meet\"><g transform=\"translate(0,332) scale(0.1,-0.1)\" fill=\"\" stroke=\"none\"><path d=\"M2394 3279 l-29 -30 -3 -207 c-2 -182 0 -211 15 -242 39 -76 157 -76 196 0 15 31 17 60 15 243 l-3 209 -33 29 c-26 23 -41 29 -80 29 -41 0 -53 -5 -78 -31z\"\/><path d=\"M3085 3251 c-45 -19 -58 -50 -96 -229 -47 -217 -49 -260 -13 -295 52 -53 146 -42 177 20 16 31 87 366 87 410 0 70 -86 122 -155 94z\"\/><path d=\"M1751 3234 c-13 -9 -29 -31 -37 -50 -12 -29 -10 -49 21 -204 19 -94 39 -189 45 -210 14 -50 54 -80 110 -80 34 0 48 6 76 34 21 21 34 44 34 59 0 14 -18 113 -40 219 -37 178 -43 195 -70 221 -36 32 -101 37 -139 11z\"\/><path d=\"M1163 3073 c-36 -7 -73 -59 -73 -102 0 -56 133 -378 171 -413 34 -32 83 -37 129 -13 70 36 67 87 -16 290 -86 209 -89 214 -129 231 -35 14 -42 15 -82 7z\"\/><path d=\"M3689 3066 c-15 -9 -33 -30 -42 -48 -48 -103 -147 -355 -147 -375 0 -98 131 -148 192 -74 13 15 57 108 97 206 80 196 84 226 37 273 -30 30 -99 39 -137 18z\"\/><path d=\"M583 2784 c-38 -19 -67 -74 -58 -113 9 -42 211 -354 242 -373 16 -10 45 -18 66 -18 51 0 107 52 107 100 0 39 -1 41 -124 234 -80 126 -108 162 -133 173 -41 17 -61 16 -100 -3z\"\/><path d=\"M4250 2784 c-14 -9 -74 -91 -133 -183 -95 -150 -107 -173 -107 -213 0 -55 33 -94 87 -104 67 -13 90 8 211 198 130 202 137 225 78 284 -27 27 -42 34 -72 34 -22 0 -50 -8 -64 -16z\"\/><path d=\"M2275 2693 c-553 -48 -1095 -270 -1585 -649 -135 -104 -459 -423 -483 -476 -23 -49 -22 -139 2 -186 73 -142 361 -457 571 -626 285 -228 642 -407 990 -497 242 -63 336 -73 660 -74 310 0 370 5 595 52 535 111 1045 392 1455 803 122 121 250 273 275 326 19 41 19 137 0 174 -41 79 -309 363 -465 492 -447 370 -946 591 -1479 653 -113 14 -422 18 -536 8z m395 -428 c171 -34 330 -124 456 -258 112 -119 167 -219 211 -378 27 -96 24 -300 -5 -401 -72 -255 -236 -447 -474 -557 -132 -62 -201 -76 -368 -76 -167 0 -236 14 -368 76 -213 98 -373 271 -451 485 -162 444 86 934 547 1084 153 49 292 57 452 25z m909 -232 c222 -123 408 -262 593 -441 76 -74 138 -139 138 -144 0 -16 -233 -242 -330 -319 -155 -123 -309 -223 -461 -299 l-81 -41 32 46 c18 26 49 83 70 128 143 306 141 649 -6 957 -25 52 -61 116 -79 142 l-34 47 45 -20 c26 -10 76 -36 113 -56z m-2057 25 c-40 -58 -105 -190 -130 -263 -110 -324 -59 -707 132 -981 25 -35 42 -64 37 -64 -19 0 -241 119 -326 174 -188 122 -406 314 -532 468 l-58 71 108 103 c185 178 428 349 672 473 66 33 121 60 123 61 2 0 -10 -19 -26 -42z\"\/><path d=\"M2375 1950 c-198 -44 -350 -190 -395 -379 -18 -76 -8 -221 19 -290 114 -284 457 -406 731 -260 98 52 188 154 231 260 27 69 37 214 19 290 -38 163 -166 304 -326 360 -67 23 -215 33 -279 19z\"\/><\/g><\/svg><\/i> <img decoding=\"async\" width=\"16\" height=\"16\" alt=\"Loading\" src=\"https:\/\/esviafm.com\/wp-content\/plugins\/page-views-count\/ajax-loader-2x.gif\" border=0 \/><\/p>\n<div class=\"pvc_clear\"><\/div>\n","protected":false},"author":5,"featured_media":0,"comment_status":"open","ping_status":"open","sticky":false,"template":"","format":"standard","meta":{"_et_pb_use_builder":"","_et_pb_old_content":"","_et_gb_content_width":"","footnotes":""},"categories":[17],"tags":[],"class_list":["post-29095","post","type-post","status-publish","format-standard","hentry","category-internacionales"],"_links":{"self":[{"href":"https:\/\/esviafm.com\/index.php\/wp-json\/wp\/v2\/posts\/29095","targetHints":{"allow":["GET"]}}],"collection":[{"href":"https:\/\/esviafm.com\/index.php\/wp-json\/wp\/v2\/posts"}],"about":[{"href":"https:\/\/esviafm.com\/index.php\/wp-json\/wp\/v2\/types\/post"}],"author":[{"embeddable":true,"href":"https:\/\/esviafm.com\/index.php\/wp-json\/wp\/v2\/users\/5"}],"replies":[{"embeddable":true,"href":"https:\/\/esviafm.com\/index.php\/wp-json\/wp\/v2\/comments?post=29095"}],"version-history":[{"count":1,"href":"https:\/\/esviafm.com\/index.php\/wp-json\/wp\/v2\/posts\/29095\/revisions"}],"predecessor-version":[{"id":29097,"href":"https:\/\/esviafm.com\/index.php\/wp-json\/wp\/v2\/posts\/29095\/revisions\/29097"}],"wp:attachment":[{"href":"https:\/\/esviafm.com\/index.php\/wp-json\/wp\/v2\/media?parent=29095"}],"wp:term":[{"taxonomy":"category","embeddable":true,"href":"https:\/\/esviafm.com\/index.php\/wp-json\/wp\/v2\/categories?post=29095"},{"taxonomy":"post_tag","embeddable":true,"href":"https:\/\/esviafm.com\/index.php\/wp-json\/wp\/v2\/tags?post=29095"}],"curies":[{"name":"wp","href":"https:\/\/api.w.org\/{rel}","templated":true}]}}