{"id":29070,"date":"2025-08-13T07:58:17","date_gmt":"2025-08-13T12:28:17","guid":{"rendered":"https:\/\/esviafm.com\/?p=29070"},"modified":"2025-08-13T07:58:17","modified_gmt":"2025-08-13T12:28:17","slug":"petro-pidio-reunion-de-cancilleres-de-america-latina-ante-supuestas-amenazas-de-estados-unidos-pase-lo-que-pase","status":"publish","type":"post","link":"https:\/\/esviafm.com\/index.php\/petro-pidio-reunion-de-cancilleres-de-america-latina-ante-supuestas-amenazas-de-estados-unidos-pase-lo-que-pase\/","title":{"rendered":"Petro pidi\u00f3 reuni\u00f3n de cancilleres de Am\u00e9rica Latina ante supuestas amenazas de Estados Unidos: \u201cPase lo que pase\u201d"},"content":{"rendered":"<p class=\"paragraph\">El presidente Gustavo Petro solicit\u00f3 a los ministros y ministras de Relaciones Exteriores de Am\u00e9rica Latina unirse para defender a sus pa\u00edses ante la posibilidad de que Estados Unidos utilice sus tropas para destruir a grupos criminales de esos territorios. El presidente afirm\u00f3 que entre sus planes estar\u00edan los bombardeos.<\/p>\n<p class=\"paragraph\">\u201cLo peor que se puede hacer es entregarle poder al narcotr\u00e1fico, y en Am\u00e9rica Latina cada vez m\u00e1s tiene poder.<b>\u00a0Y eso no se quita bombardeando, bombardean es al joven que, por no tener dinero, se mete por malos caminos<\/b>, pero lo que necesita es oportunidades, no bombas en su cabeza\u201d, explic\u00f3 el jefe de Estado durante la Ceremonia de Ascenso de Generales en la Escuela de Cadetes General Santander de la Polic\u00eda, llevada a cabo el 12 de agosto de 2025.<\/p>\n<p class=\"paragraph\">En ese sentido, inst\u00f3 a los cancilleres de Latinoam\u00e9rica a encontrarse y dialogar sobre el actual panorama, que se centra en una orden secreta que presuntamente habr\u00eda dado Donald Trump al Pent\u00e1gono para atacar a organizaciones criminales ligadas al narcotr\u00e1fico. Entre ellas est\u00e1 el Ej\u00e9rcito de Liberaci\u00f3n Nacional (ELN), la Segunda Marquetalia, las disidencias de las Farc y el Tren de Aragua, que operan en Colombia y otros pa\u00edses latinoamericanos.<\/p>\n<div>\n<div class=\"amp_visual_image\"><img decoding=\"async\" class=\"i-amphtml-fill-content i-amphtml-replaced-content\" src=\"https:\/\/www.infobae.com\/resizer\/v2\/4EYFJDGAAJHP5G7BO74BKP7A7I.JPG?auth=b9a73ef8f6e1af3ecfcff551078b34230c8682bda4498f3609e686bc689be874&amp;smart=true&amp;width=350&amp;height=233&amp;quality=85\" sizes=\"(max-width: 1366px) 1366px, 100vw\" srcset=\"https:\/\/www.infobae.com\/resizer\/v2\/4EYFJDGAAJHP5G7BO74BKP7A7I.JPG?auth=b9a73ef8f6e1af3ecfcff551078b34230c8682bda4498f3609e686bc689be874&amp;smart=true&amp;width=350&amp;height=233&amp;quality=85 350w, https:\/\/www.infobae.com\/resizer\/v2\/4EYFJDGAAJHP5G7BO74BKP7A7I.JPG?auth=b9a73ef8f6e1af3ecfcff551078b34230c8682bda4498f3609e686bc689be874&amp;smart=true&amp;width=420&amp;height=280&amp;quality=85 420w, https:\/\/www.infobae.com\/resizer\/v2\/4EYFJDGAAJHP5G7BO74BKP7A7I.JPG?auth=b9a73ef8f6e1af3ecfcff551078b34230c8682bda4498f3609e686bc689be874&amp;smart=true&amp;width=577&amp;height=384&amp;quality=85 577w, https:\/\/www.infobae.com\/resizer\/v2\/4EYFJDGAAJHP5G7BO74BKP7A7I.JPG?auth=b9a73ef8f6e1af3ecfcff551078b34230c8682bda4498f3609e686bc689be874&amp;smart=true&amp;width=768&amp;height=512&amp;quality=85 768w, https:\/\/www.infobae.com\/resizer\/v2\/4EYFJDGAAJHP5G7BO74BKP7A7I.JPG?auth=b9a73ef8f6e1af3ecfcff551078b34230c8682bda4498f3609e686bc689be874&amp;smart=true&amp;width=992&amp;height=661&amp;quality=85 992w\" alt=\"El presidente de Estados Unidos,\" data-amp-auto-lightbox-disable=\"true\" data-hero=\"true\" \/>El presidente de Estados Unidos, Donald Trump, habla durante una rueda de prensa sobre el despliegue de agentes federales en Washington para reforzar la presencia policial local, en la Sala de Prensa de la Casa Blanca, en Washington D.C., Estados Unidos. 11 de agosto de 2025. REUTERS\/Jonathan Ernst<\/div>\n<\/div>\n<div>\n<div class=\"hide-only-es\">\n<div class=\"inline_2 ad-wrapper ad-mobile amp ad-amp\"><\/div>\n<\/div>\n<\/div>\n<p class=\"paragraph\">\u201c\u00bfPor qu\u00e9 hablan de bombardear? \u00bfEs que aprendieron mucho en Gaza matando ni\u00f1os? (\u2026). Nosotros no traicionamos la bandera. Es bandera de soberan\u00eda y es bandera de libertad, pase lo que pase.\u00a0<b>Por eso los ministros, cancilleres de Am\u00e9rica Latina, tienen que reunirse lo m\u00e1s pronto posible, porque nos han amenazado<\/b>\u201d, indic\u00f3 el presidente.<\/p>\n<p class=\"paragraph\">El primer mandatario relacion\u00f3 la situaci\u00f3n con el genocidio que se est\u00e1 perpetrando en la Franja de Gaza, donde m\u00e1s de 60.000 personas han muerto por la escalada de violencia generada por tropas israel\u00edes. El pa\u00eds de Medio Oriente ha estado atacando el territorio bajo el argumento de que debe defenderse del grupo terrorista palestino Hamas, pero en medio de sus operaciones militares han muertos miles de civiles, entre ellos, ni\u00f1os y ni\u00f1as.<\/p>\n<p class=\"paragraph\">As\u00ed las cosas,<b>\u00a0Petro insisti\u00f3 en que \u00e9l, como mandatario de Colombia, ha enfrentado el narcotr\u00e1fico, siendo este un objetivo com\u00fan con Estados Unidos<\/b>. Sin embargo, aclar\u00f3 que no comparte los m\u00e9todos implementados por el Gobierno norteamericano para acabar con la problem\u00e1tica, puesto que, seg\u00fan explic\u00f3, cientos de ciudadanos de Am\u00e9rica Latina, y sobre todo de Colombia, han muerto en medio de esa lucha.<\/p>\n<div>\n<div class=\"amp_visual_image\"><img decoding=\"async\" class=\"i-amphtml-fill-content i-amphtml-replaced-content\" src=\"https:\/\/www.infobae.com\/resizer\/v2\/ODFAKOCE65DWLMWEJJXEO6RUDE.jpeg?auth=6cbd2e1b4ef40679b34187d2e279a5ae4aa0c441d4848c567b9f768453ccf562&amp;smart=true&amp;width=350&amp;height=263&amp;quality=85\" sizes=\"(max-width: 1366px) 1366px, 100vw\" srcset=\"https:\/\/www.infobae.com\/resizer\/v2\/ODFAKOCE65DWLMWEJJXEO6RUDE.jpeg?auth=6cbd2e1b4ef40679b34187d2e279a5ae4aa0c441d4848c567b9f768453ccf562&amp;smart=true&amp;width=350&amp;height=263&amp;quality=85 350w, https:\/\/www.infobae.com\/resizer\/v2\/ODFAKOCE65DWLMWEJJXEO6RUDE.jpeg?auth=6cbd2e1b4ef40679b34187d2e279a5ae4aa0c441d4848c567b9f768453ccf562&amp;smart=true&amp;width=420&amp;height=315&amp;quality=85 420w, https:\/\/www.infobae.com\/resizer\/v2\/ODFAKOCE65DWLMWEJJXEO6RUDE.jpeg?auth=6cbd2e1b4ef40679b34187d2e279a5ae4aa0c441d4848c567b9f768453ccf562&amp;smart=true&amp;width=577&amp;height=433&amp;quality=85 577w, https:\/\/www.infobae.com\/resizer\/v2\/ODFAKOCE65DWLMWEJJXEO6RUDE.jpeg?auth=6cbd2e1b4ef40679b34187d2e279a5ae4aa0c441d4848c567b9f768453ccf562&amp;smart=true&amp;width=768&amp;height=576&amp;quality=85 768w, https:\/\/www.infobae.com\/resizer\/v2\/ODFAKOCE65DWLMWEJJXEO6RUDE.jpeg?auth=6cbd2e1b4ef40679b34187d2e279a5ae4aa0c441d4848c567b9f768453ccf562&amp;smart=true&amp;width=992&amp;height=744&amp;quality=85 992w\" alt=\"El presidente Gustavo Petro asegur\u00f3\" data-amp-auto-lightbox-disable=\"true\" data-hero=\"true\" \/>El presidente Gustavo Petro asegur\u00f3 que durante su administraci\u00f3n ha luchado contra el narcotr\u00e1fico &#8211; cr\u00e9dito @PedroSanchezCol\/X<\/div>\n<\/div>\n<p class=\"paragraph\">En ese sentido, precis\u00f3 que, desconociendo los esfuerzos del Gobierno por acabar con el narcotr\u00e1fico, se estar\u00eda buscando atacar el territorio, bajo la premisa de que se debe enfrentar militarmente a los carteles que tambi\u00e9n afectan a la poblaci\u00f3n estadounidense.<\/p>\n<p class=\"paragraph\">\u201c<b>El narcotr\u00e1fico lo conozco hasta donde podemos y he dado batallas contra \u00e9l, no porque est\u00e9 de acuerdo con la pol\u00edtica antinarc\u00f3ticos de los Estados Unidos<\/b>, porque me parece equivocada y hace que mueran gratuitamente los latinoamericanos. Y para ellos les va peor\u201d, advirti\u00f3.<\/p>\n<div class=\"headline-wrapper\">\n<h2 class=\"header headline-class-h2\">Polo Polo respald\u00f3 posibles acciones militares de Estados Unidos<\/h2>\n<\/div>\n<p class=\"paragraph\">Contrario a lo que piensa el jefe de Estado colombiano, hay congresistas que consideran que la posible intervenci\u00f3n de Estados Unidos en el problema es necesaria, ante la presunta inacci\u00f3n del Gobierno nacional en la lucha contra el narcotr\u00e1fico. As\u00ed lo explic\u00f3 el representante a la C\u00e1mara Miguel Polo Polo en su cuenta de X:<\/p>\n<p class=\"paragraph\">\u201c<b>El presidente de Colombia es tan inservible e incompetente que le toca a un presidente extranjero solucionar los graves problemas de inseguridad\u00a0<\/b>y terrorismo que vive nuestro pa\u00eds\u201d, asever\u00f3.<\/p>\n<p class=\"paragraph\">De acuerdo con el congresista, el primer mandatario estar\u00eda evitando hacer frente a la criminalidad bajo el argumento de que en los territorios donde haya ni\u00f1os no se permite ning\u00fan bombardeo. Por eso, advirti\u00f3 una supuesta complicidad del presidente con las organizaciones armadas.<\/p>\n<div>\n<div class=\"amp_visual_image\"><img decoding=\"async\" class=\"i-amphtml-fill-content i-amphtml-replaced-content\" src=\"https:\/\/www.infobae.com\/resizer\/v2\/LRY26JAICRBA5MSC2HDFC7GKX4.png?auth=2c00d25d5f2c16de1029ce02de0cc79e98cc36408ca53eaca379fbc17abde610&amp;smart=true&amp;width=350&amp;height=183&amp;quality=85\" sizes=\"(max-width: 1366px) 1366px, 100vw\" srcset=\"https:\/\/www.infobae.com\/resizer\/v2\/LRY26JAICRBA5MSC2HDFC7GKX4.png?auth=2c00d25d5f2c16de1029ce02de0cc79e98cc36408ca53eaca379fbc17abde610&amp;smart=true&amp;width=350&amp;height=183&amp;quality=85 350w, https:\/\/www.infobae.com\/resizer\/v2\/LRY26JAICRBA5MSC2HDFC7GKX4.png?auth=2c00d25d5f2c16de1029ce02de0cc79e98cc36408ca53eaca379fbc17abde610&amp;smart=true&amp;width=420&amp;height=220&amp;quality=85 420w, https:\/\/www.infobae.com\/resizer\/v2\/LRY26JAICRBA5MSC2HDFC7GKX4.png?auth=2c00d25d5f2c16de1029ce02de0cc79e98cc36408ca53eaca379fbc17abde610&amp;smart=true&amp;width=577&amp;height=302&amp;quality=85 577w, https:\/\/www.infobae.com\/resizer\/v2\/LRY26JAICRBA5MSC2HDFC7GKX4.png?auth=2c00d25d5f2c16de1029ce02de0cc79e98cc36408ca53eaca379fbc17abde610&amp;smart=true&amp;width=768&amp;height=402&amp;quality=85 768w, https:\/\/www.infobae.com\/resizer\/v2\/LRY26JAICRBA5MSC2HDFC7GKX4.png?auth=2c00d25d5f2c16de1029ce02de0cc79e98cc36408ca53eaca379fbc17abde610&amp;smart=true&amp;width=992&amp;height=520&amp;quality=85 992w\" alt=\"El congresista Miguel Polo Polo\" data-amp-auto-lightbox-disable=\"true\" data-hero=\"true\" \/><\/div>\n<\/div>\n<div class=\"pvc_clear\"><\/div>\n<p id=\"pvc_stats_29070\" class=\"pvc_stats all  \" data-element-id=\"29070\" style=\"\"><i class=\"pvc-stats-icon large\" aria-hidden=\"true\"><svg xmlns=\"http:\/\/www.w3.org\/2000\/svg\" version=\"1.0\" viewBox=\"0 0 502 315\" preserveAspectRatio=\"xMidYMid meet\"><g transform=\"translate(0,332) scale(0.1,-0.1)\" fill=\"\" stroke=\"none\"><path d=\"M2394 3279 l-29 -30 -3 -207 c-2 -182 0 -211 15 -242 39 -76 157 -76 196 0 15 31 17 60 15 243 l-3 209 -33 29 c-26 23 -41 29 -80 29 -41 0 -53 -5 -78 -31z\"\/><path d=\"M3085 3251 c-45 -19 -58 -50 -96 -229 -47 -217 -49 -260 -13 -295 52 -53 146 -42 177 20 16 31 87 366 87 410 0 70 -86 122 -155 94z\"\/><path d=\"M1751 3234 c-13 -9 -29 -31 -37 -50 -12 -29 -10 -49 21 -204 19 -94 39 -189 45 -210 14 -50 54 -80 110 -80 34 0 48 6 76 34 21 21 34 44 34 59 0 14 -18 113 -40 219 -37 178 -43 195 -70 221 -36 32 -101 37 -139 11z\"\/><path d=\"M1163 3073 c-36 -7 -73 -59 -73 -102 0 -56 133 -378 171 -413 34 -32 83 -37 129 -13 70 36 67 87 -16 290 -86 209 -89 214 -129 231 -35 14 -42 15 -82 7z\"\/><path d=\"M3689 3066 c-15 -9 -33 -30 -42 -48 -48 -103 -147 -355 -147 -375 0 -98 131 -148 192 -74 13 15 57 108 97 206 80 196 84 226 37 273 -30 30 -99 39 -137 18z\"\/><path d=\"M583 2784 c-38 -19 -67 -74 -58 -113 9 -42 211 -354 242 -373 16 -10 45 -18 66 -18 51 0 107 52 107 100 0 39 -1 41 -124 234 -80 126 -108 162 -133 173 -41 17 -61 16 -100 -3z\"\/><path d=\"M4250 2784 c-14 -9 -74 -91 -133 -183 -95 -150 -107 -173 -107 -213 0 -55 33 -94 87 -104 67 -13 90 8 211 198 130 202 137 225 78 284 -27 27 -42 34 -72 34 -22 0 -50 -8 -64 -16z\"\/><path d=\"M2275 2693 c-553 -48 -1095 -270 -1585 -649 -135 -104 -459 -423 -483 -476 -23 -49 -22 -139 2 -186 73 -142 361 -457 571 -626 285 -228 642 -407 990 -497 242 -63 336 -73 660 -74 310 0 370 5 595 52 535 111 1045 392 1455 803 122 121 250 273 275 326 19 41 19 137 0 174 -41 79 -309 363 -465 492 -447 370 -946 591 -1479 653 -113 14 -422 18 -536 8z m395 -428 c171 -34 330 -124 456 -258 112 -119 167 -219 211 -378 27 -96 24 -300 -5 -401 -72 -255 -236 -447 -474 -557 -132 -62 -201 -76 -368 -76 -167 0 -236 14 -368 76 -213 98 -373 271 -451 485 -162 444 86 934 547 1084 153 49 292 57 452 25z m909 -232 c222 -123 408 -262 593 -441 76 -74 138 -139 138 -144 0 -16 -233 -242 -330 -319 -155 -123 -309 -223 -461 -299 l-81 -41 32 46 c18 26 49 83 70 128 143 306 141 649 -6 957 -25 52 -61 116 -79 142 l-34 47 45 -20 c26 -10 76 -36 113 -56z m-2057 25 c-40 -58 -105 -190 -130 -263 -110 -324 -59 -707 132 -981 25 -35 42 -64 37 -64 -19 0 -241 119 -326 174 -188 122 -406 314 -532 468 l-58 71 108 103 c185 178 428 349 672 473 66 33 121 60 123 61 2 0 -10 -19 -26 -42z\"\/><path d=\"M2375 1950 c-198 -44 -350 -190 -395 -379 -18 -76 -8 -221 19 -290 114 -284 457 -406 731 -260 98 52 188 154 231 260 27 69 37 214 19 290 -38 163 -166 304 -326 360 -67 23 -215 33 -279 19z\"\/><\/g><\/svg><\/i> <img decoding=\"async\" width=\"16\" height=\"16\" alt=\"Loading\" src=\"https:\/\/esviafm.com\/wp-content\/plugins\/page-views-count\/ajax-loader-2x.gif\" border=0 \/><\/p>\n<div class=\"pvc_clear\"><\/div>\n","protected":false},"excerpt":{"rendered":"<p>El presidente Gustavo Petro solicit\u00f3 a los ministros y ministras de Relaciones Exteriores de Am\u00e9rica Latina unirse para defender a sus pa\u00edses ante la posibilidad de que Estados Unidos utilice sus tropas para destruir a grupos criminales de esos territorios. El presidente afirm\u00f3 que entre sus planes estar\u00edan los bombardeos. \u201cLo peor que se puede [&hellip;]<\/p>\n<div class=\"pvc_clear\"><\/div>\n<p id=\"pvc_stats_29070\" class=\"pvc_stats all  \" data-element-id=\"29070\" style=\"\"><i class=\"pvc-stats-icon large\" aria-hidden=\"true\"><svg xmlns=\"http:\/\/www.w3.org\/2000\/svg\" version=\"1.0\" viewBox=\"0 0 502 315\" preserveAspectRatio=\"xMidYMid meet\"><g transform=\"translate(0,332) scale(0.1,-0.1)\" fill=\"\" stroke=\"none\"><path d=\"M2394 3279 l-29 -30 -3 -207 c-2 -182 0 -211 15 -242 39 -76 157 -76 196 0 15 31 17 60 15 243 l-3 209 -33 29 c-26 23 -41 29 -80 29 -41 0 -53 -5 -78 -31z\"\/><path d=\"M3085 3251 c-45 -19 -58 -50 -96 -229 -47 -217 -49 -260 -13 -295 52 -53 146 -42 177 20 16 31 87 366 87 410 0 70 -86 122 -155 94z\"\/><path d=\"M1751 3234 c-13 -9 -29 -31 -37 -50 -12 -29 -10 -49 21 -204 19 -94 39 -189 45 -210 14 -50 54 -80 110 -80 34 0 48 6 76 34 21 21 34 44 34 59 0 14 -18 113 -40 219 -37 178 -43 195 -70 221 -36 32 -101 37 -139 11z\"\/><path d=\"M1163 3073 c-36 -7 -73 -59 -73 -102 0 -56 133 -378 171 -413 34 -32 83 -37 129 -13 70 36 67 87 -16 290 -86 209 -89 214 -129 231 -35 14 -42 15 -82 7z\"\/><path d=\"M3689 3066 c-15 -9 -33 -30 -42 -48 -48 -103 -147 -355 -147 -375 0 -98 131 -148 192 -74 13 15 57 108 97 206 80 196 84 226 37 273 -30 30 -99 39 -137 18z\"\/><path d=\"M583 2784 c-38 -19 -67 -74 -58 -113 9 -42 211 -354 242 -373 16 -10 45 -18 66 -18 51 0 107 52 107 100 0 39 -1 41 -124 234 -80 126 -108 162 -133 173 -41 17 -61 16 -100 -3z\"\/><path d=\"M4250 2784 c-14 -9 -74 -91 -133 -183 -95 -150 -107 -173 -107 -213 0 -55 33 -94 87 -104 67 -13 90 8 211 198 130 202 137 225 78 284 -27 27 -42 34 -72 34 -22 0 -50 -8 -64 -16z\"\/><path d=\"M2275 2693 c-553 -48 -1095 -270 -1585 -649 -135 -104 -459 -423 -483 -476 -23 -49 -22 -139 2 -186 73 -142 361 -457 571 -626 285 -228 642 -407 990 -497 242 -63 336 -73 660 -74 310 0 370 5 595 52 535 111 1045 392 1455 803 122 121 250 273 275 326 19 41 19 137 0 174 -41 79 -309 363 -465 492 -447 370 -946 591 -1479 653 -113 14 -422 18 -536 8z m395 -428 c171 -34 330 -124 456 -258 112 -119 167 -219 211 -378 27 -96 24 -300 -5 -401 -72 -255 -236 -447 -474 -557 -132 -62 -201 -76 -368 -76 -167 0 -236 14 -368 76 -213 98 -373 271 -451 485 -162 444 86 934 547 1084 153 49 292 57 452 25z m909 -232 c222 -123 408 -262 593 -441 76 -74 138 -139 138 -144 0 -16 -233 -242 -330 -319 -155 -123 -309 -223 -461 -299 l-81 -41 32 46 c18 26 49 83 70 128 143 306 141 649 -6 957 -25 52 -61 116 -79 142 l-34 47 45 -20 c26 -10 76 -36 113 -56z m-2057 25 c-40 -58 -105 -190 -130 -263 -110 -324 -59 -707 132 -981 25 -35 42 -64 37 -64 -19 0 -241 119 -326 174 -188 122 -406 314 -532 468 l-58 71 108 103 c185 178 428 349 672 473 66 33 121 60 123 61 2 0 -10 -19 -26 -42z\"\/><path d=\"M2375 1950 c-198 -44 -350 -190 -395 -379 -18 -76 -8 -221 19 -290 114 -284 457 -406 731 -260 98 52 188 154 231 260 27 69 37 214 19 290 -38 163 -166 304 -326 360 -67 23 -215 33 -279 19z\"\/><\/g><\/svg><\/i> <img decoding=\"async\" width=\"16\" height=\"16\" alt=\"Loading\" src=\"https:\/\/esviafm.com\/wp-content\/plugins\/page-views-count\/ajax-loader-2x.gif\" border=0 \/><\/p>\n<div class=\"pvc_clear\"><\/div>\n","protected":false},"author":5,"featured_media":0,"comment_status":"open","ping_status":"open","sticky":false,"template":"","format":"standard","meta":{"_et_pb_use_builder":"","_et_pb_old_content":"","_et_gb_content_width":"","footnotes":""},"categories":[17],"tags":[],"class_list":["post-29070","post","type-post","status-publish","format-standard","hentry","category-internacionales"],"_links":{"self":[{"href":"https:\/\/esviafm.com\/index.php\/wp-json\/wp\/v2\/posts\/29070","targetHints":{"allow":["GET"]}}],"collection":[{"href":"https:\/\/esviafm.com\/index.php\/wp-json\/wp\/v2\/posts"}],"about":[{"href":"https:\/\/esviafm.com\/index.php\/wp-json\/wp\/v2\/types\/post"}],"author":[{"embeddable":true,"href":"https:\/\/esviafm.com\/index.php\/wp-json\/wp\/v2\/users\/5"}],"replies":[{"embeddable":true,"href":"https:\/\/esviafm.com\/index.php\/wp-json\/wp\/v2\/comments?post=29070"}],"version-history":[{"count":1,"href":"https:\/\/esviafm.com\/index.php\/wp-json\/wp\/v2\/posts\/29070\/revisions"}],"predecessor-version":[{"id":29072,"href":"https:\/\/esviafm.com\/index.php\/wp-json\/wp\/v2\/posts\/29070\/revisions\/29072"}],"wp:attachment":[{"href":"https:\/\/esviafm.com\/index.php\/wp-json\/wp\/v2\/media?parent=29070"}],"wp:term":[{"taxonomy":"category","embeddable":true,"href":"https:\/\/esviafm.com\/index.php\/wp-json\/wp\/v2\/categories?post=29070"},{"taxonomy":"post_tag","embeddable":true,"href":"https:\/\/esviafm.com\/index.php\/wp-json\/wp\/v2\/tags?post=29070"}],"curies":[{"name":"wp","href":"https:\/\/api.w.org\/{rel}","templated":true}]}}