{"id":29039,"date":"2025-08-12T07:13:26","date_gmt":"2025-08-12T11:43:26","guid":{"rendered":"https:\/\/esviafm.com\/?p=29039"},"modified":"2025-08-12T07:13:26","modified_gmt":"2025-08-12T11:43:26","slug":"muere-miguel-uribe-precandidato-presidencial-colombiano-baleado-en-un-mitin-hace-dos-meses","status":"publish","type":"post","link":"https:\/\/esviafm.com\/index.php\/muere-miguel-uribe-precandidato-presidencial-colombiano-baleado-en-un-mitin-hace-dos-meses\/","title":{"rendered":"Muere Miguel Uribe, precandidato presidencial colombiano baleado en un mitin hace dos meses"},"content":{"rendered":"<p><span class=\"dateline\">BOGOT\u00c1\u00a0\u2014\u00a0<\/span>Miguel Uribe Turbay, el senador y precandidato presidencial colombiano que fue\u00a0<a class=\"link\" href=\"https:\/\/apnews.com\/article\/colombia-atentado-uribe-b8ffc546a7f7e59c46fbd42ea52ed180\" target=\"_blank\" rel=\"noopener\">baleado en un mitin pol\u00edtico<\/a>\u00a0hace poco m\u00e1s de dos meses en un ataque que sacudi\u00f3 al pa\u00eds, falleci\u00f3 el lunes en el hospital, inform\u00f3 su esposa. Ten\u00eda 39 a\u00f1os.<\/p>\n<p>\u201cDescansa en paz amor de mi vida, yo cuidar\u00e9 a nuestros hijos\u201d, indic\u00f3 Mar\u00eda Claudia Tarazona, la mujer de Uribe Turbay, en un mensaje en Instagram en el que confirm\u00f3 su muerte. \u201cPido a Dios que me muestre el camino para aprender a vivir sin ti\u201d.<\/p>\n<div class=\"enhancement\" data-click=\"enhancement\" data-align-center=\"\">\n<figure class=\"figure\"><picture><source srcset=\"https:\/\/ca-times.brightspotcdn.com\/dims4\/default\/3b357f1\/2147483647\/strip\/true\/crop\/1024x683+0+0\/resize\/320x213!\/format\/webp\/quality\/75\/?url=https%3A%2F%2Fcalifornia-times-brightspot.s3.amazonaws.com%2F0a%2Fc9%2F2bd7933e49a89b6503c31cdf7b1e%2Fap25223532526826.jpg 320w,https:\/\/ca-times.brightspotcdn.com\/dims4\/default\/9c08b59\/2147483647\/strip\/true\/crop\/1024x683+0+0\/resize\/568x379!\/format\/webp\/quality\/75\/?url=https%3A%2F%2Fcalifornia-times-brightspot.s3.amazonaws.com%2F0a%2Fc9%2F2bd7933e49a89b6503c31cdf7b1e%2Fap25223532526826.jpg 568w,https:\/\/ca-times.brightspotcdn.com\/dims4\/default\/925dbee\/2147483647\/strip\/true\/crop\/1024x683+0+0\/resize\/768x512!\/format\/webp\/quality\/75\/?url=https%3A%2F%2Fcalifornia-times-brightspot.s3.amazonaws.com%2F0a%2Fc9%2F2bd7933e49a89b6503c31cdf7b1e%2Fap25223532526826.jpg 768w,https:\/\/ca-times.brightspotcdn.com\/dims4\/default\/2a04469\/2147483647\/strip\/true\/crop\/1024x683+0+0\/resize\/1024x683!\/format\/webp\/quality\/75\/?url=https%3A%2F%2Fcalifornia-times-brightspot.s3.amazonaws.com%2F0a%2Fc9%2F2bd7933e49a89b6503c31cdf7b1e%2Fap25223532526826.jpg 1024w,https:\/\/ca-times.brightspotcdn.com\/dims4\/default\/68745c5\/2147483647\/strip\/true\/crop\/1024x683+0+0\/resize\/1200x800!\/format\/webp\/quality\/75\/?url=https%3A%2F%2Fcalifornia-times-brightspot.s3.amazonaws.com%2F0a%2Fc9%2F2bd7933e49a89b6503c31cdf7b1e%2Fap25223532526826.jpg 1200w\" type=\"image\/webp\" sizes=\"100vw\" \/><img fetchpriority=\"high\" fetchpriority=\"high\" decoding=\"async\" class=\"image\" src=\"https:\/\/ca-times.brightspotcdn.com\/dims4\/default\/fdf2c91\/2147483647\/strip\/true\/crop\/1024x683+0+0\/resize\/1200x800!\/quality\/75\/?url=https%3A%2F%2Fcalifornia-times-brightspot.s3.amazonaws.com%2F0a%2Fc9%2F2bd7933e49a89b6503c31cdf7b1e%2Fap25223532526826.jpg\" sizes=\"100vw\" srcset=\"https:\/\/ca-times.brightspotcdn.com\/dims4\/default\/8e8ea12\/2147483647\/strip\/true\/crop\/1024x683+0+0\/resize\/320x213!\/quality\/75\/?url=https%3A%2F%2Fcalifornia-times-brightspot.s3.amazonaws.com%2F0a%2Fc9%2F2bd7933e49a89b6503c31cdf7b1e%2Fap25223532526826.jpg 320w,https:\/\/ca-times.brightspotcdn.com\/dims4\/default\/46f5f60\/2147483647\/strip\/true\/crop\/1024x683+0+0\/resize\/568x379!\/quality\/75\/?url=https%3A%2F%2Fcalifornia-times-brightspot.s3.amazonaws.com%2F0a%2Fc9%2F2bd7933e49a89b6503c31cdf7b1e%2Fap25223532526826.jpg 568w,https:\/\/ca-times.brightspotcdn.com\/dims4\/default\/8dcb042\/2147483647\/strip\/true\/crop\/1024x683+0+0\/resize\/768x512!\/quality\/75\/?url=https%3A%2F%2Fcalifornia-times-brightspot.s3.amazonaws.com%2F0a%2Fc9%2F2bd7933e49a89b6503c31cdf7b1e%2Fap25223532526826.jpg 768w,https:\/\/ca-times.brightspotcdn.com\/dims4\/default\/d09d80c\/2147483647\/strip\/true\/crop\/1024x683+0+0\/resize\/1024x683!\/quality\/75\/?url=https%3A%2F%2Fcalifornia-times-brightspot.s3.amazonaws.com%2F0a%2Fc9%2F2bd7933e49a89b6503c31cdf7b1e%2Fap25223532526826.jpg 1024w,https:\/\/ca-times.brightspotcdn.com\/dims4\/default\/fdf2c91\/2147483647\/strip\/true\/crop\/1024x683+0+0\/resize\/1200x800!\/quality\/75\/?url=https%3A%2F%2Fcalifornia-times-brightspot.s3.amazonaws.com%2F0a%2Fc9%2F2bd7933e49a89b6503c31cdf7b1e%2Fap25223532526826.jpg 1200w\" alt=\"El Dr. Adolfo Llinas anuncia la muerte del senador\" width=\"1200\" height=\"800\" \/><\/picture><\/figure>\n<p>Uribe Turbay permaneci\u00f3 m\u00e1s de dos meses en estado sumamente grave y con\u00a0<a class=\"link\" href=\"https:\/\/apnews.com\/article\/colombia-senador-precandidato-presidencial-miguel-uribe-turbay-atentado-5a1cf16a6ff09410dfc6ef069cf8c731\" target=\"_blank\" rel=\"noopener\">pron\u00f3stico reservado tras ser intervenido quir\u00fargicamente<\/a>\u00a0de emergencia varias veces. La cl\u00ednica Fundaci\u00f3n Santa Fe de Bogot\u00e1 detall\u00f3 en un comunicado que el precandidato muri\u00f3 a la 1:56 de la madrugada del lunes, sin dar m\u00e1s detalles.<\/p>\n<p>El pol\u00edtico fue baleado cuando hac\u00eda campa\u00f1a en el occidente de la capital colombiana, pese a estar custodiado por personal de seguridad.<\/p>\n<div class=\"enhancement\" data-click=\"enhancement\" data-align-center=\"\">\n<figure class=\"figure\"><picture><source srcset=\"https:\/\/ca-times.brightspotcdn.com\/dims4\/default\/82eb1a2\/2147483647\/strip\/true\/crop\/1024x683+0+0\/resize\/320x213!\/format\/webp\/quality\/75\/?url=https%3A%2F%2Fcalifornia-times-brightspot.s3.amazonaws.com%2F81%2F28%2F5e0136724081b99ea28ede25498c%2Fap25223533544768.jpg 320w,https:\/\/ca-times.brightspotcdn.com\/dims4\/default\/a3ae034\/2147483647\/strip\/true\/crop\/1024x683+0+0\/resize\/568x379!\/format\/webp\/quality\/75\/?url=https%3A%2F%2Fcalifornia-times-brightspot.s3.amazonaws.com%2F81%2F28%2F5e0136724081b99ea28ede25498c%2Fap25223533544768.jpg 568w,https:\/\/ca-times.brightspotcdn.com\/dims4\/default\/41c1316\/2147483647\/strip\/true\/crop\/1024x683+0+0\/resize\/768x512!\/format\/webp\/quality\/75\/?url=https%3A%2F%2Fcalifornia-times-brightspot.s3.amazonaws.com%2F81%2F28%2F5e0136724081b99ea28ede25498c%2Fap25223533544768.jpg 768w,https:\/\/ca-times.brightspotcdn.com\/dims4\/default\/5b3a68d\/2147483647\/strip\/true\/crop\/1024x683+0+0\/resize\/1024x683!\/format\/webp\/quality\/75\/?url=https%3A%2F%2Fcalifornia-times-brightspot.s3.amazonaws.com%2F81%2F28%2F5e0136724081b99ea28ede25498c%2Fap25223533544768.jpg 1024w,https:\/\/ca-times.brightspotcdn.com\/dims4\/default\/cebebd4\/2147483647\/strip\/true\/crop\/1024x683+0+0\/resize\/1200x800!\/format\/webp\/quality\/75\/?url=https%3A%2F%2Fcalifornia-times-brightspot.s3.amazonaws.com%2F81%2F28%2F5e0136724081b99ea28ede25498c%2Fap25223533544768.jpg 1200w\" type=\"image\/webp\" sizes=\"100vw\" \/><img decoding=\"async\" class=\"image\" src=\"https:\/\/ca-times.brightspotcdn.com\/dims4\/default\/7d8c238\/2147483647\/strip\/true\/crop\/1024x683+0+0\/resize\/1200x800!\/quality\/75\/?url=https%3A%2F%2Fcalifornia-times-brightspot.s3.amazonaws.com%2F81%2F28%2F5e0136724081b99ea28ede25498c%2Fap25223533544768.jpg\" sizes=\"100vw\" srcset=\"https:\/\/ca-times.brightspotcdn.com\/dims4\/default\/858a582\/2147483647\/strip\/true\/crop\/1024x683+0+0\/resize\/320x213!\/quality\/75\/?url=https%3A%2F%2Fcalifornia-times-brightspot.s3.amazonaws.com%2F81%2F28%2F5e0136724081b99ea28ede25498c%2Fap25223533544768.jpg 320w,https:\/\/ca-times.brightspotcdn.com\/dims4\/default\/ff16aa4\/2147483647\/strip\/true\/crop\/1024x683+0+0\/resize\/568x379!\/quality\/75\/?url=https%3A%2F%2Fcalifornia-times-brightspot.s3.amazonaws.com%2F81%2F28%2F5e0136724081b99ea28ede25498c%2Fap25223533544768.jpg 568w,https:\/\/ca-times.brightspotcdn.com\/dims4\/default\/4b2684f\/2147483647\/strip\/true\/crop\/1024x683+0+0\/resize\/768x512!\/quality\/75\/?url=https%3A%2F%2Fcalifornia-times-brightspot.s3.amazonaws.com%2F81%2F28%2F5e0136724081b99ea28ede25498c%2Fap25223533544768.jpg 768w,https:\/\/ca-times.brightspotcdn.com\/dims4\/default\/bad4e4a\/2147483647\/strip\/true\/crop\/1024x683+0+0\/resize\/1024x683!\/quality\/75\/?url=https%3A%2F%2Fcalifornia-times-brightspot.s3.amazonaws.com%2F81%2F28%2F5e0136724081b99ea28ede25498c%2Fap25223533544768.jpg 1024w,https:\/\/ca-times.brightspotcdn.com\/dims4\/default\/7d8c238\/2147483647\/strip\/true\/crop\/1024x683+0+0\/resize\/1200x800!\/quality\/75\/?url=https%3A%2F%2Fcalifornia-times-brightspot.s3.amazonaws.com%2F81%2F28%2F5e0136724081b99ea28ede25498c%2Fap25223533544768.jpg 1200w\" alt=\"Una mujer reza en un altar construido\" width=\"1200\" height=\"800\" \/><\/picture>\n<div class=\"figure-content\">\n<div class=\"figure-caption\">Una mujer reza en un altar construido en el lugar donde el senador opositor Miguel Uribe fue atacado a tiros durante un mitin pol\u00edtico despu\u00e9s del anuncio de su muerte, en Bogot\u00e1, Colombia, el lunes 11 de agosto de 2025.<\/div>\n<\/div>\n<\/figure>\n<\/div>\n<p>El ataque, que qued\u00f3 grabado en video, conmocion\u00f3 a un pa\u00eds que record\u00f3 las oscuras \u00e9pocas en las que candidatos presidenciales y figuras de alto nivel eran secuestrados o asesinados por c\u00e1rteles del narcotr\u00e1fico y grupos insurgentes en las d\u00e9cadas de 1980 y 1990.<\/p>\n<p>Uribe Turbay era uno de los candidatos m\u00e1s cr\u00edticos al actual gobierno y en octubre del a\u00f1o pasado hab\u00eda anunciado su aspiraci\u00f3n presidencial. Engrosaba la lista de precandidatos que intentan reemplazar en el poder a Gustavo Petro, el primer izquierdista en gobernar Colombia, en las elecciones de mayo de 2026.<\/p>\n<p>El presidente colombiano lament\u00f3 que en un gobierno \u201camante de la vida\u201d ocurriera el atentado e indic\u00f3 que su administraci\u00f3n no ha perseguido a ning\u00fan opositor. \u201cNos duele la muerte de Miguel como si fuera de los nuestros. Es una derrota\u201d, dijo en X.<\/p>\n<div class=\"enhancement\" data-click=\"enhancement\" data-align-center=\"\">\n<figure class=\"figure\"><picture><source srcset=\"https:\/\/ca-times.brightspotcdn.com\/dims4\/default\/7dc26b0\/2147483647\/strip\/true\/crop\/1024x683+0+0\/resize\/320x213!\/format\/webp\/quality\/75\/?url=https%3A%2F%2Fcalifornia-times-brightspot.s3.amazonaws.com%2F73%2F25%2Fe04ee6e649ac8125ae7109925715%2Fap25224125786362.jpg 320w,https:\/\/ca-times.brightspotcdn.com\/dims4\/default\/e508a3d\/2147483647\/strip\/true\/crop\/1024x683+0+0\/resize\/568x379!\/format\/webp\/quality\/75\/?url=https%3A%2F%2Fcalifornia-times-brightspot.s3.amazonaws.com%2F73%2F25%2Fe04ee6e649ac8125ae7109925715%2Fap25224125786362.jpg 568w,https:\/\/ca-times.brightspotcdn.com\/dims4\/default\/3d41b45\/2147483647\/strip\/true\/crop\/1024x683+0+0\/resize\/768x512!\/format\/webp\/quality\/75\/?url=https%3A%2F%2Fcalifornia-times-brightspot.s3.amazonaws.com%2F73%2F25%2Fe04ee6e649ac8125ae7109925715%2Fap25224125786362.jpg 768w,https:\/\/ca-times.brightspotcdn.com\/dims4\/default\/4ab4b74\/2147483647\/strip\/true\/crop\/1024x683+0+0\/resize\/1024x683!\/format\/webp\/quality\/75\/?url=https%3A%2F%2Fcalifornia-times-brightspot.s3.amazonaws.com%2F73%2F25%2Fe04ee6e649ac8125ae7109925715%2Fap25224125786362.jpg 1024w,https:\/\/ca-times.brightspotcdn.com\/dims4\/default\/ca6b57a\/2147483647\/strip\/true\/crop\/1024x683+0+0\/resize\/1200x800!\/format\/webp\/quality\/75\/?url=https%3A%2F%2Fcalifornia-times-brightspot.s3.amazonaws.com%2F73%2F25%2Fe04ee6e649ac8125ae7109925715%2Fap25224125786362.jpg 1200w\" type=\"image\/webp\" sizes=\"100vw\" \/><img decoding=\"async\" class=\"image\" src=\"https:\/\/ca-times.brightspotcdn.com\/dims4\/default\/c621dda\/2147483647\/strip\/true\/crop\/1024x683+0+0\/resize\/1200x800!\/quality\/75\/?url=https%3A%2F%2Fcalifornia-times-brightspot.s3.amazonaws.com%2F73%2F25%2Fe04ee6e649ac8125ae7109925715%2Fap25224125786362.jpg\" sizes=\"100vw\" srcset=\"https:\/\/ca-times.brightspotcdn.com\/dims4\/default\/bd19d8a\/2147483647\/strip\/true\/crop\/1024x683+0+0\/resize\/320x213!\/quality\/75\/?url=https%3A%2F%2Fcalifornia-times-brightspot.s3.amazonaws.com%2F73%2F25%2Fe04ee6e649ac8125ae7109925715%2Fap25224125786362.jpg 320w,https:\/\/ca-times.brightspotcdn.com\/dims4\/default\/786ffac\/2147483647\/strip\/true\/crop\/1024x683+0+0\/resize\/568x379!\/quality\/75\/?url=https%3A%2F%2Fcalifornia-times-brightspot.s3.amazonaws.com%2F73%2F25%2Fe04ee6e649ac8125ae7109925715%2Fap25224125786362.jpg 568w,https:\/\/ca-times.brightspotcdn.com\/dims4\/default\/ade4f89\/2147483647\/strip\/true\/crop\/1024x683+0+0\/resize\/768x512!\/quality\/75\/?url=https%3A%2F%2Fcalifornia-times-brightspot.s3.amazonaws.com%2F73%2F25%2Fe04ee6e649ac8125ae7109925715%2Fap25224125786362.jpg 768w,https:\/\/ca-times.brightspotcdn.com\/dims4\/default\/6f90c96\/2147483647\/strip\/true\/crop\/1024x683+0+0\/resize\/1024x683!\/quality\/75\/?url=https%3A%2F%2Fcalifornia-times-brightspot.s3.amazonaws.com%2F73%2F25%2Fe04ee6e649ac8125ae7109925715%2Fap25224125786362.jpg 1024w,https:\/\/ca-times.brightspotcdn.com\/dims4\/default\/c621dda\/2147483647\/strip\/true\/crop\/1024x683+0+0\/resize\/1200x800!\/quality\/75\/?url=https%3A%2F%2Fcalifornia-times-brightspot.s3.amazonaws.com%2F73%2F25%2Fe04ee6e649ac8125ae7109925715%2Fap25224125786362.jpg 1200w\" alt=\"El f\u00e9retro del precandidato presidencial y senador opositor de Colombia Miguel Uribe,\" width=\"1200\" height=\"800\" \/><\/picture>\n<div class=\"figure-content\">\n<div class=\"figure-caption\">El f\u00e9retro del precandidato presidencial y senador opositor de Colombia Miguel Uribe, quien falleci\u00f3 a causa de las heridas sufridas al recibir un disparo durante un mitin pol\u00edtico, es trasladado al Congreso en Bogot\u00e1, Colombia, el lunes 11 de agosto de 2025.<\/div>\n<div class=\"figure-credit\">(Fernando Vergara\/AP)<\/div>\n<\/div>\n<\/figure>\n<\/div>\n<h2 id=\"heredero-de-un-linaje-politico\" class=\"subhead\">Heredero de un linaje pol\u00edtico<\/h2>\n<p>Naci\u00f3 en 1986 en la capital colombiana en el\u00a0<a class=\"link\" href=\"https:\/\/apnews.com\/article\/colombia-ataque-senador-aspirante-presidencial-56bcb62a940a4e4161eac95d369478e7\" target=\"_blank\" rel=\"noopener\">seno de una familia de larga tradici\u00f3n pol\u00edtica<\/a>. Su abuelo, Julio C\u00e9sar Turbay Ayala, fue presidente de Colombia entre 1978 y 1982. Su padre, Miguel Uribe Londo\u00f1o, es un pol\u00edtico conservador que lleg\u00f3 al Consejo de Bogot\u00e1 y al Senado en 1990.<\/p>\n<p>Su madre, Diana Turbay, fue una prol\u00edfica periodista secuestrada en 1990 por \u201cLos extraditables\u201d, un grupo de narcotraficantes encabezado por el capo Pablo Escobar que se opon\u00edan a la extradici\u00f3n a Estados Unidos. Turbay muri\u00f3 en 1991 durante un rescate policial, cuando Uribe Turbay era un ni\u00f1o de 5 a\u00f1os.<\/p>\n<p>\u201cSi mi mam\u00e1 estuvo dispuesta a dar su vida por una causa, c\u00f3mo no voy a hacer yo lo mismo en la vida y en la pol\u00edtica\u201d, declar\u00f3 Uribe Turbay el a\u00f1o pasado en una entrevista con la periodista Eva Rey.<\/p>\n<div class=\"enhancement\" data-click=\"enhancement\" data-align-center=\"\">\n<figure class=\"figure\"><picture><source srcset=\"https:\/\/ca-times.brightspotcdn.com\/dims4\/default\/92f7a20\/2147483647\/strip\/true\/crop\/1024x683+0+0\/resize\/320x213!\/format\/webp\/quality\/75\/?url=https%3A%2F%2Fcalifornia-times-brightspot.s3.amazonaws.com%2F5c%2Fc2%2Ff940f445446cb3d02917a61554f6%2Fap25223534455528.jpg 320w,https:\/\/ca-times.brightspotcdn.com\/dims4\/default\/b0bc71f\/2147483647\/strip\/true\/crop\/1024x683+0+0\/resize\/568x379!\/format\/webp\/quality\/75\/?url=https%3A%2F%2Fcalifornia-times-brightspot.s3.amazonaws.com%2F5c%2Fc2%2Ff940f445446cb3d02917a61554f6%2Fap25223534455528.jpg 568w,https:\/\/ca-times.brightspotcdn.com\/dims4\/default\/6cabd27\/2147483647\/strip\/true\/crop\/1024x683+0+0\/resize\/768x512!\/format\/webp\/quality\/75\/?url=https%3A%2F%2Fcalifornia-times-brightspot.s3.amazonaws.com%2F5c%2Fc2%2Ff940f445446cb3d02917a61554f6%2Fap25223534455528.jpg 768w,https:\/\/ca-times.brightspotcdn.com\/dims4\/default\/063e41a\/2147483647\/strip\/true\/crop\/1024x683+0+0\/resize\/1024x683!\/format\/webp\/quality\/75\/?url=https%3A%2F%2Fcalifornia-times-brightspot.s3.amazonaws.com%2F5c%2Fc2%2Ff940f445446cb3d02917a61554f6%2Fap25223534455528.jpg 1024w,https:\/\/ca-times.brightspotcdn.com\/dims4\/default\/a96cce8\/2147483647\/strip\/true\/crop\/1024x683+0+0\/resize\/1200x800!\/format\/webp\/quality\/75\/?url=https%3A%2F%2Fcalifornia-times-brightspot.s3.amazonaws.com%2F5c%2Fc2%2Ff940f445446cb3d02917a61554f6%2Fap25223534455528.jpg 1200w\" type=\"image\/webp\" sizes=\"100vw\" \/><img loading=\"lazy\" loading=\"lazy\" decoding=\"async\" class=\"image\" src=\"https:\/\/ca-times.brightspotcdn.com\/dims4\/default\/038b6e4\/2147483647\/strip\/true\/crop\/1024x683+0+0\/resize\/1200x800!\/quality\/75\/?url=https%3A%2F%2Fcalifornia-times-brightspot.s3.amazonaws.com%2F5c%2Fc2%2Ff940f445446cb3d02917a61554f6%2Fap25223534455528.jpg\" sizes=\"auto, 100vw\" srcset=\"https:\/\/ca-times.brightspotcdn.com\/dims4\/default\/e39a593\/2147483647\/strip\/true\/crop\/1024x683+0+0\/resize\/320x213!\/quality\/75\/?url=https%3A%2F%2Fcalifornia-times-brightspot.s3.amazonaws.com%2F5c%2Fc2%2Ff940f445446cb3d02917a61554f6%2Fap25223534455528.jpg 320w,https:\/\/ca-times.brightspotcdn.com\/dims4\/default\/87584fd\/2147483647\/strip\/true\/crop\/1024x683+0+0\/resize\/568x379!\/quality\/75\/?url=https%3A%2F%2Fcalifornia-times-brightspot.s3.amazonaws.com%2F5c%2Fc2%2Ff940f445446cb3d02917a61554f6%2Fap25223534455528.jpg 568w,https:\/\/ca-times.brightspotcdn.com\/dims4\/default\/6983628\/2147483647\/strip\/true\/crop\/1024x683+0+0\/resize\/768x512!\/quality\/75\/?url=https%3A%2F%2Fcalifornia-times-brightspot.s3.amazonaws.com%2F5c%2Fc2%2Ff940f445446cb3d02917a61554f6%2Fap25223534455528.jpg 768w,https:\/\/ca-times.brightspotcdn.com\/dims4\/default\/0f1096f\/2147483647\/strip\/true\/crop\/1024x683+0+0\/resize\/1024x683!\/quality\/75\/?url=https%3A%2F%2Fcalifornia-times-brightspot.s3.amazonaws.com%2F5c%2Fc2%2Ff940f445446cb3d02917a61554f6%2Fap25223534455528.jpg 1024w,https:\/\/ca-times.brightspotcdn.com\/dims4\/default\/038b6e4\/2147483647\/strip\/true\/crop\/1024x683+0+0\/resize\/1200x800!\/quality\/75\/?url=https%3A%2F%2Fcalifornia-times-brightspot.s3.amazonaws.com%2F5c%2Fc2%2Ff940f445446cb3d02917a61554f6%2Fap25223534455528.jpg 1200w\" alt=\"Una fotograf\u00eda del senador opositor Miguel Uribe\" width=\"1200\" height=\"800\" \/><\/picture>\n<div class=\"figure-content\">\n<div class=\"figure-caption\">Una fotograf\u00eda del senador opositor Miguel Uribe es colocada en su esca\u00f1o en el Congreso en Bogot\u00e1, Colombia, el lunes 11 de agosto de 2025, despu\u00e9s de su muerte m\u00e1s de dos meses despu\u00e9s de recibir un disparo durante un mitin pol\u00edtico.<\/div>\n<div class=\"figure-credit\">(Fernando Vergara\/AP)<\/div>\n<\/div>\n<\/figure>\n<\/div>\n<p>Su abuela Nydia Quintero, ex primera dama, falleci\u00f3 semanas despu\u00e9s de que el senador Uribe Turbay fuera baleado. Dirigi\u00f3 una fundaci\u00f3n dedicada a ayudar a la poblaci\u00f3n m\u00e1s vulnerable.<\/p>\n<p>Abogado de profesi\u00f3n y con una maestr\u00eda en administraci\u00f3n p\u00fablica por la Universidad de Harvard, Uribe Turbay fue elegido concejal de Bogot\u00e1 con s\u00f3lo 26 a\u00f1os y luego nombrado secretario de Gobierno de la misma ciudad. En 2022 se convirti\u00f3 en el senador m\u00e1s votado de Colombia por el partido Centro Democr\u00e1tico que lidera el expresidente \u00c1lvaro Uribe V\u00e9lez (2002-2010), con quien no ten\u00eda ning\u00fan parentesco.<\/p>\n<p>\u201cEl mal todo lo destruye, mataron la esperanza. Que la lucha de Miguel sea luz que ilumine el camino correcto de Colombia\u201d, lament\u00f3 Uribe en la red social X.<\/p>\n<p>Tambi\u00e9n manifestaron sus condolencias congresistas colombianos; la vicepresidenta, Francia M\u00e1rquez; el expresidente y Nobel de Paz Juan Manuel Santos y el secretario de Estado estadounidense, Marco Rubio.<\/p>\n<div class=\"enhancement\" data-click=\"enhancement\" data-align-center=\"\">\n<figure class=\"figure\"><picture><source srcset=\"https:\/\/ca-times.brightspotcdn.com\/dims4\/default\/c5a5449\/2147483647\/strip\/true\/crop\/1024x682+0+0\/resize\/320x213!\/format\/webp\/quality\/75\/?url=https%3A%2F%2Fcalifornia-times-brightspot.s3.amazonaws.com%2F39%2Fc3%2F74fcb6b84c95a7bf93623638a613%2Fap25224129447492.jpg 320w,https:\/\/ca-times.brightspotcdn.com\/dims4\/default\/2eb4c7f\/2147483647\/strip\/true\/crop\/1024x682+0+0\/resize\/568x378!\/format\/webp\/quality\/75\/?url=https%3A%2F%2Fcalifornia-times-brightspot.s3.amazonaws.com%2F39%2Fc3%2F74fcb6b84c95a7bf93623638a613%2Fap25224129447492.jpg 568w,https:\/\/ca-times.brightspotcdn.com\/dims4\/default\/cf17232\/2147483647\/strip\/true\/crop\/1024x682+0+0\/resize\/768x511!\/format\/webp\/quality\/75\/?url=https%3A%2F%2Fcalifornia-times-brightspot.s3.amazonaws.com%2F39%2Fc3%2F74fcb6b84c95a7bf93623638a613%2Fap25224129447492.jpg 768w,https:\/\/ca-times.brightspotcdn.com\/dims4\/default\/87e6a8b\/2147483647\/strip\/true\/crop\/1024x682+0+0\/resize\/1024x682!\/format\/webp\/quality\/75\/?url=https%3A%2F%2Fcalifornia-times-brightspot.s3.amazonaws.com%2F39%2Fc3%2F74fcb6b84c95a7bf93623638a613%2Fap25224129447492.jpg 1024w,https:\/\/ca-times.brightspotcdn.com\/dims4\/default\/4ab9e0e\/2147483647\/strip\/true\/crop\/1024x682+0+0\/resize\/1200x799!\/format\/webp\/quality\/75\/?url=https%3A%2F%2Fcalifornia-times-brightspot.s3.amazonaws.com%2F39%2Fc3%2F74fcb6b84c95a7bf93623638a613%2Fap25224129447492.jpg 1200w\" type=\"image\/webp\" sizes=\"100vw\" \/><img loading=\"lazy\" loading=\"lazy\" decoding=\"async\" class=\"image\" src=\"https:\/\/ca-times.brightspotcdn.com\/dims4\/default\/aca0898\/2147483647\/strip\/true\/crop\/1024x682+0+0\/resize\/1200x799!\/quality\/75\/?url=https%3A%2F%2Fcalifornia-times-brightspot.s3.amazonaws.com%2F39%2Fc3%2F74fcb6b84c95a7bf93623638a613%2Fap25224129447492.jpg\" sizes=\"auto, 100vw\" srcset=\"https:\/\/ca-times.brightspotcdn.com\/dims4\/default\/34b8722\/2147483647\/strip\/true\/crop\/1024x682+0+0\/resize\/320x213!\/quality\/75\/?url=https%3A%2F%2Fcalifornia-times-brightspot.s3.amazonaws.com%2F39%2Fc3%2F74fcb6b84c95a7bf93623638a613%2Fap25224129447492.jpg 320w,https:\/\/ca-times.brightspotcdn.com\/dims4\/default\/9e7763b\/2147483647\/strip\/true\/crop\/1024x682+0+0\/resize\/568x378!\/quality\/75\/?url=https%3A%2F%2Fcalifornia-times-brightspot.s3.amazonaws.com%2F39%2Fc3%2F74fcb6b84c95a7bf93623638a613%2Fap25224129447492.jpg 568w,https:\/\/ca-times.brightspotcdn.com\/dims4\/default\/bc6abbb\/2147483647\/strip\/true\/crop\/1024x682+0+0\/resize\/768x511!\/quality\/75\/?url=https%3A%2F%2Fcalifornia-times-brightspot.s3.amazonaws.com%2F39%2Fc3%2F74fcb6b84c95a7bf93623638a613%2Fap25224129447492.jpg 768w,https:\/\/ca-times.brightspotcdn.com\/dims4\/default\/ed40c2c\/2147483647\/strip\/true\/crop\/1024x682+0+0\/resize\/1024x682!\/quality\/75\/?url=https%3A%2F%2Fcalifornia-times-brightspot.s3.amazonaws.com%2F39%2Fc3%2F74fcb6b84c95a7bf93623638a613%2Fap25224129447492.jpg 1024w,https:\/\/ca-times.brightspotcdn.com\/dims4\/default\/aca0898\/2147483647\/strip\/true\/crop\/1024x682+0+0\/resize\/1200x799!\/quality\/75\/?url=https%3A%2F%2Fcalifornia-times-brightspot.s3.amazonaws.com%2F39%2Fc3%2F74fcb6b84c95a7bf93623638a613%2Fap25224129447492.jpg 1200w\" alt=\"Un trabajador iza la bandera a media asta en el Congreso de Bogot\u00e1\" width=\"1200\" height=\"799\" \/><\/picture>\n<div class=\"figure-content\">\n<div class=\"figure-caption\">Un trabajador iza la bandera a media asta en el Congreso de Bogot\u00e1, Colombia, el lunes 11 de agosto de 2025 tras el anuncio de la muerte del senador opositor y precandidato a la presidencia Miguel Uribe, m\u00e1s de dos meses despu\u00e9s de que fuera baleado durante un mitin de campa\u00f1a.<\/div>\n<\/div>\n<\/figure>\n<\/div>\n<p>\u201cEstados Unidos se solidariza con su familia y el pueblo colombiano, tanto en su duelo como exigiendo justicia para los responsables\u201d, indic\u00f3 Rubio en X.<\/p>\n<p>Con su aspiraci\u00f3n presidencial buscaba dar un salto y convertirse en el presidente m\u00e1s joven del pa\u00eds a sus 39 a\u00f1os, aunque no estaba en la lista de favoritos en una campa\u00f1a a\u00fan en ciernes.<\/p>\n<h2 id=\"el-ataque-en-un-mitin\" class=\"subhead\">El ataque en un mitin<\/h2>\n<p>El s\u00e1bado 7 de junio el senador recorri\u00f3 el barrio Modelia en Fontib\u00f3n, una localidad del occidente de Bogot\u00e1, y se detuvo en un parque para dar un discurso sobre la salud mental y las condiciones de trabajo para la poblaci\u00f3n con discapacidad. Entonces recibi\u00f3 varios disparos, uno de ellos en la cabeza.<\/p>\n<div class=\"enhancement\" data-click=\"enhancement\" data-align-center=\"\">\n<figure class=\"figure\"><picture><source srcset=\"https:\/\/ca-times.brightspotcdn.com\/dims4\/default\/f967dd1\/2147483647\/strip\/true\/crop\/1024x683+0+0\/resize\/320x213!\/format\/webp\/quality\/75\/?url=https%3A%2F%2Fcalifornia-times-brightspot.s3.amazonaws.com%2Fc6%2Fbe%2F7cc0459540df9c3e4f3e7d7fcec9%2Fap25224134763409.jpg 320w,https:\/\/ca-times.brightspotcdn.com\/dims4\/default\/94d0208\/2147483647\/strip\/true\/crop\/1024x683+0+0\/resize\/568x379!\/format\/webp\/quality\/75\/?url=https%3A%2F%2Fcalifornia-times-brightspot.s3.amazonaws.com%2Fc6%2Fbe%2F7cc0459540df9c3e4f3e7d7fcec9%2Fap25224134763409.jpg 568w,https:\/\/ca-times.brightspotcdn.com\/dims4\/default\/d568519\/2147483647\/strip\/true\/crop\/1024x683+0+0\/resize\/768x512!\/format\/webp\/quality\/75\/?url=https%3A%2F%2Fcalifornia-times-brightspot.s3.amazonaws.com%2Fc6%2Fbe%2F7cc0459540df9c3e4f3e7d7fcec9%2Fap25224134763409.jpg 768w,https:\/\/ca-times.brightspotcdn.com\/dims4\/default\/660201b\/2147483647\/strip\/true\/crop\/1024x683+0+0\/resize\/1024x683!\/format\/webp\/quality\/75\/?url=https%3A%2F%2Fcalifornia-times-brightspot.s3.amazonaws.com%2Fc6%2Fbe%2F7cc0459540df9c3e4f3e7d7fcec9%2Fap25224134763409.jpg 1024w,https:\/\/ca-times.brightspotcdn.com\/dims4\/default\/755b46c\/2147483647\/strip\/true\/crop\/1024x683+0+0\/resize\/1200x800!\/format\/webp\/quality\/75\/?url=https%3A%2F%2Fcalifornia-times-brightspot.s3.amazonaws.com%2Fc6%2Fbe%2F7cc0459540df9c3e4f3e7d7fcec9%2Fap25224134763409.jpg 1200w\" type=\"image\/webp\" sizes=\"100vw\" \/><img loading=\"lazy\" loading=\"lazy\" decoding=\"async\" class=\"image\" src=\"https:\/\/ca-times.brightspotcdn.com\/dims4\/default\/512fbd1\/2147483647\/strip\/true\/crop\/1024x683+0+0\/resize\/1200x800!\/quality\/75\/?url=https%3A%2F%2Fcalifornia-times-brightspot.s3.amazonaws.com%2Fc6%2Fbe%2F7cc0459540df9c3e4f3e7d7fcec9%2Fap25224134763409.jpg\" sizes=\"auto, 100vw\" srcset=\"https:\/\/ca-times.brightspotcdn.com\/dims4\/default\/d4a930b\/2147483647\/strip\/true\/crop\/1024x683+0+0\/resize\/320x213!\/quality\/75\/?url=https%3A%2F%2Fcalifornia-times-brightspot.s3.amazonaws.com%2Fc6%2Fbe%2F7cc0459540df9c3e4f3e7d7fcec9%2Fap25224134763409.jpg 320w,https:\/\/ca-times.brightspotcdn.com\/dims4\/default\/ef1cf97\/2147483647\/strip\/true\/crop\/1024x683+0+0\/resize\/568x379!\/quality\/75\/?url=https%3A%2F%2Fcalifornia-times-brightspot.s3.amazonaws.com%2Fc6%2Fbe%2F7cc0459540df9c3e4f3e7d7fcec9%2Fap25224134763409.jpg 568w,https:\/\/ca-times.brightspotcdn.com\/dims4\/default\/f380b28\/2147483647\/strip\/true\/crop\/1024x683+0+0\/resize\/768x512!\/quality\/75\/?url=https%3A%2F%2Fcalifornia-times-brightspot.s3.amazonaws.com%2Fc6%2Fbe%2F7cc0459540df9c3e4f3e7d7fcec9%2Fap25224134763409.jpg 768w,https:\/\/ca-times.brightspotcdn.com\/dims4\/default\/cccd606\/2147483647\/strip\/true\/crop\/1024x683+0+0\/resize\/1024x683!\/quality\/75\/?url=https%3A%2F%2Fcalifornia-times-brightspot.s3.amazonaws.com%2Fc6%2Fbe%2F7cc0459540df9c3e4f3e7d7fcec9%2Fap25224134763409.jpg 1024w,https:\/\/ca-times.brightspotcdn.com\/dims4\/default\/512fbd1\/2147483647\/strip\/true\/crop\/1024x683+0+0\/resize\/1200x800!\/quality\/75\/?url=https%3A%2F%2Fcalifornia-times-brightspot.s3.amazonaws.com%2Fc6%2Fbe%2F7cc0459540df9c3e4f3e7d7fcec9%2Fap25224134763409.jpg 1200w\" alt=\"Miguel Uribe, padre del precandidato a la presidencia\" width=\"1200\" height=\"800\" \/><\/picture>\n<div class=\"figure-content\">\n<div class=\"figure-caption\">Miguel Uribe, padre del precandidato a la presidencia de Colombia y senador opositor Miguel Uribe, llora junto al ata\u00fad de su hijo en el Congreso, en Bogot\u00e1, Colombia, el lunes 11 de agosto de 2025, tras la muerte del senador a causa de las heridas sufridas al recibir varios disparos durante un mitin pol\u00edtico.<\/div>\n<\/div>\n<\/figure>\n<\/div>\n<p>En el lugar fue detenido un sospechoso, un menor de 15 a\u00f1os cuya identidad no ha sido revelada, quien portaba una pistola Glock 9 mil\u00edmetros. Luego fueron\u00a0<a class=\"link\" href=\"https:\/\/apnews.com\/article\/colombia-precandidato-miguel-uribe-seguridad-cidh-cf9f83db677cebe9b8b4f8be16150016\" target=\"_blank\" rel=\"noopener\">arrestadas cinco personas que habr\u00edan participado en la log\u00edstica y ejecuci\u00f3n<\/a>\u00a0del ataque, entregando el arma al menor.<\/p>\n<h2 id=\"autoria-intelectual-de-la-agresion\" class=\"subhead\">Autor\u00eda intelectual de la agresi\u00f3n<\/h2>\n<p>La fiscal\u00eda investiga el m\u00f3vil del atentado e intenta determinar al autor o autores intelectuales. Hay varias hip\u00f3tesis, las cuales incluyen un golpe a la oposici\u00f3n, un intento de desestabilizar al pa\u00eds y una respuesta de grupos armados ilegales.<\/p>\n<p>El ministro de Defensa, Pedro S\u00e1nchez, indic\u00f3 el lunes a la prensa que una de las l\u00edneas de investigaci\u00f3n apunta a la presunta responsabilidad de la Segunda Marquetalia, una disidencia de las extinta guerrilla Fuerzas Armadas Revolucionarias de Colombia, que no se acogi\u00f3 al acuerdo de paz firmado con el Estado en 2016.<\/p>\n<p>S\u00e1nchez indic\u00f3 que la informaci\u00f3n proviene de la inteligencia militar, pero que no descarta ninguna otra l\u00ednea investigativa. Agreg\u00f3 que se confirma la reciente muerte de uno de sus cabecillas, alias \u201cZarco Aldinever\u201d que era sospechoso de estar involucrado en el asesinato del pol\u00edtico por razones que no precis\u00f3.<\/p>\n<p>La firma de abogados del precandidato denunci\u00f3 que \u00e9l no contaba con la protecci\u00f3n suficiente, pese a insistentes solicitudes de reforzarla. Petro ha dicho que el d\u00eda del ataque fue \u201cextra\u00f1amente\u201d disminuido el equipo de seguridad de Uribe.<\/p>\n<h2 id=\"un-asesinato-que-conmociono-a-colombia\" class=\"subhead\">Un asesinato que conmocion\u00f3 a Colombia<\/h2>\n<p>En un repudio de la sociedad al ataque, m\u00e1s de 70.000 personas marcharon vestidas de blanco y ondeando banderas de Colombia.\u00a0<a class=\"link\" href=\"https:\/\/apnews.com\/article\/colombia-uribe-turbay-atentado-marcha-violencia-4ad3f4307c1bfee8bbd8834b8acf3748\" target=\"_blank\" rel=\"noopener\">Se le denomin\u00f3 \u201cMarcha del silencio\u201d<\/a>, en una evocaci\u00f3n del nombre que us\u00f3 Jorge Eliecer Gait\u00e1n para una protesta en 1948. Gait\u00e1n fue asesinado cuando se perfilaba para ser presidente, un hecho que marc\u00f3 la historia del pa\u00eds.<\/p>\n<p>Tras el atentado, el gobierno prometi\u00f3 reforzar la seguridad de todos los precandidatos y pol\u00edticos de oposici\u00f3n. Algunos de ellos suspendieron temporalmente los mitines pol\u00edticos por miedo a ser atacados.<\/p>\n<div class=\"enhancement\" data-click=\"enhancement\" data-align-center=\"\">\n<figure class=\"figure\"><picture><source srcset=\"https:\/\/ca-times.brightspotcdn.com\/dims4\/default\/4fd3eca\/2147483647\/strip\/true\/crop\/1024x683+0+0\/resize\/320x213!\/format\/webp\/quality\/75\/?url=https%3A%2F%2Fcalifornia-times-brightspot.s3.amazonaws.com%2Fed%2F54%2F310a66a64274b0c63938f6e475a6%2Fap25224137277652.jpg 320w,https:\/\/ca-times.brightspotcdn.com\/dims4\/default\/4c1e2c1\/2147483647\/strip\/true\/crop\/1024x683+0+0\/resize\/568x379!\/format\/webp\/quality\/75\/?url=https%3A%2F%2Fcalifornia-times-brightspot.s3.amazonaws.com%2Fed%2F54%2F310a66a64274b0c63938f6e475a6%2Fap25224137277652.jpg 568w,https:\/\/ca-times.brightspotcdn.com\/dims4\/default\/40e34bd\/2147483647\/strip\/true\/crop\/1024x683+0+0\/resize\/768x512!\/format\/webp\/quality\/75\/?url=https%3A%2F%2Fcalifornia-times-brightspot.s3.amazonaws.com%2Fed%2F54%2F310a66a64274b0c63938f6e475a6%2Fap25224137277652.jpg 768w,https:\/\/ca-times.brightspotcdn.com\/dims4\/default\/37426e6\/2147483647\/strip\/true\/crop\/1024x683+0+0\/resize\/1024x683!\/format\/webp\/quality\/75\/?url=https%3A%2F%2Fcalifornia-times-brightspot.s3.amazonaws.com%2Fed%2F54%2F310a66a64274b0c63938f6e475a6%2Fap25224137277652.jpg 1024w,https:\/\/ca-times.brightspotcdn.com\/dims4\/default\/670ba69\/2147483647\/strip\/true\/crop\/1024x683+0+0\/resize\/1200x800!\/format\/webp\/quality\/75\/?url=https%3A%2F%2Fcalifornia-times-brightspot.s3.amazonaws.com%2Fed%2F54%2F310a66a64274b0c63938f6e475a6%2Fap25224137277652.jpg 1200w\" type=\"image\/webp\" sizes=\"100vw\" \/><img loading=\"lazy\" loading=\"lazy\" decoding=\"async\" class=\"image\" src=\"https:\/\/ca-times.brightspotcdn.com\/dims4\/default\/5aecd87\/2147483647\/strip\/true\/crop\/1024x683+0+0\/resize\/1200x800!\/quality\/75\/?url=https%3A%2F%2Fcalifornia-times-brightspot.s3.amazonaws.com%2Fed%2F54%2F310a66a64274b0c63938f6e475a6%2Fap25224137277652.jpg\" sizes=\"auto, 100vw\" srcset=\"https:\/\/ca-times.brightspotcdn.com\/dims4\/default\/8920278\/2147483647\/strip\/true\/crop\/1024x683+0+0\/resize\/320x213!\/quality\/75\/?url=https%3A%2F%2Fcalifornia-times-brightspot.s3.amazonaws.com%2Fed%2F54%2F310a66a64274b0c63938f6e475a6%2Fap25224137277652.jpg 320w,https:\/\/ca-times.brightspotcdn.com\/dims4\/default\/ddcbd87\/2147483647\/strip\/true\/crop\/1024x683+0+0\/resize\/568x379!\/quality\/75\/?url=https%3A%2F%2Fcalifornia-times-brightspot.s3.amazonaws.com%2Fed%2F54%2F310a66a64274b0c63938f6e475a6%2Fap25224137277652.jpg 568w,https:\/\/ca-times.brightspotcdn.com\/dims4\/default\/b4dd30f\/2147483647\/strip\/true\/crop\/1024x683+0+0\/resize\/768x512!\/quality\/75\/?url=https%3A%2F%2Fcalifornia-times-brightspot.s3.amazonaws.com%2Fed%2F54%2F310a66a64274b0c63938f6e475a6%2Fap25224137277652.jpg 768w,https:\/\/ca-times.brightspotcdn.com\/dims4\/default\/2a30663\/2147483647\/strip\/true\/crop\/1024x683+0+0\/resize\/1024x683!\/quality\/75\/?url=https%3A%2F%2Fcalifornia-times-brightspot.s3.amazonaws.com%2Fed%2F54%2F310a66a64274b0c63938f6e475a6%2Fap25224137277652.jpg 1024w,https:\/\/ca-times.brightspotcdn.com\/dims4\/default\/5aecd87\/2147483647\/strip\/true\/crop\/1024x683+0+0\/resize\/1200x800!\/quality\/75\/?url=https%3A%2F%2Fcalifornia-times-brightspot.s3.amazonaws.com%2Fed%2F54%2F310a66a64274b0c63938f6e475a6%2Fap25224137277652.jpg 1200w\" alt=\"Claudia Tarazona, esposa del senador opositor \" width=\"1200\" height=\"800\" \/><\/picture>\n<div class=\"figure-content\">\n<div class=\"figure-caption\">Claudia Tarazona, esposa del senador opositor y precandidato a la presidencia de Colombia Miguel Uribe, quien muri\u00f3 a causa de las heridas sufridas al recibir un disparo durante un mitin pol\u00edtico hace m\u00e1s de dos meses, llega al Congreso para asistir a una ceremonia en honor a su marido el lunes 11 de agosto de 2025 en Bogot\u00e1, Colombia.<\/div>\n<\/div>\n<\/figure>\n<\/div>\n<p>\u201cSu muerte deber\u00eda generar un espacio para bajar los \u00e1nimos, pero creo que puede tener el efecto contrario: se puede anticipar la animosidad entre las dos posturas radicales\u201d de izquierda y derecha, se\u00f1al\u00f3 a The Associated Press Javier Garay, doctor en Ciencia Pol\u00edtica y docente de la Universidad Externado de Colombia.<\/p>\n<p>Para el analista, Uribe Turbay ya \u201cse convirti\u00f3 en un s\u00edmbolo de la derecha colombiana\u201d, pero consider\u00f3 prematuro vaticinar si su muerte la fortalecer\u00e1, porque hay otras variables como la alta dispersi\u00f3n de candidatos que a\u00fan no muestran un bloque unido.<\/p>\n<p>La familia de Uribe Turbay fue acompa\u00f1ada durante varios d\u00edas por decenas de personas que, preocupadas por su salud, convirtieron el exterior de la cl\u00ednica en una especie de altar con flores y velas.<\/p>\n<p>Tarazona sol\u00eda acompa\u00f1ar las oraciones mirando a trav\u00e9s de un cristal y algunas veces hablaba en p\u00fablico para pedir que no cesaran de orar por su marido.<\/p>\n<p>La pareja se conoci\u00f3 cuando Uribe Turbay era aspirante al Consejo de Bogot\u00e1. Tarazona ten\u00eda tres hijas de su primer matrimonio, a quienes el pol\u00edtico ayud\u00f3 a criar y dec\u00eda querer como si fueran sus hijas. Juntos tuvieron un hijo en com\u00fan.<\/p>\n<p>\u201cNing\u00fan ni\u00f1o en Colombia deber\u00eda repetir la historia que est\u00e1 viviendo mi hijo hoy: contarle a sus 4 a\u00f1os que su pap\u00e1 sufri\u00f3 un disparo en la cabeza\u201d, dijo la esposa de Uribe Turbay tras el ataque.<\/p>\n<\/div>\n<div class=\"pvc_clear\"><\/div>\n<p id=\"pvc_stats_29039\" class=\"pvc_stats all  \" data-element-id=\"29039\" style=\"\"><i class=\"pvc-stats-icon large\" aria-hidden=\"true\"><svg xmlns=\"http:\/\/www.w3.org\/2000\/svg\" version=\"1.0\" viewBox=\"0 0 502 315\" preserveAspectRatio=\"xMidYMid meet\"><g transform=\"translate(0,332) scale(0.1,-0.1)\" fill=\"\" stroke=\"none\"><path d=\"M2394 3279 l-29 -30 -3 -207 c-2 -182 0 -211 15 -242 39 -76 157 -76 196 0 15 31 17 60 15 243 l-3 209 -33 29 c-26 23 -41 29 -80 29 -41 0 -53 -5 -78 -31z\"\/><path d=\"M3085 3251 c-45 -19 -58 -50 -96 -229 -47 -217 -49 -260 -13 -295 52 -53 146 -42 177 20 16 31 87 366 87 410 0 70 -86 122 -155 94z\"\/><path d=\"M1751 3234 c-13 -9 -29 -31 -37 -50 -12 -29 -10 -49 21 -204 19 -94 39 -189 45 -210 14 -50 54 -80 110 -80 34 0 48 6 76 34 21 21 34 44 34 59 0 14 -18 113 -40 219 -37 178 -43 195 -70 221 -36 32 -101 37 -139 11z\"\/><path d=\"M1163 3073 c-36 -7 -73 -59 -73 -102 0 -56 133 -378 171 -413 34 -32 83 -37 129 -13 70 36 67 87 -16 290 -86 209 -89 214 -129 231 -35 14 -42 15 -82 7z\"\/><path d=\"M3689 3066 c-15 -9 -33 -30 -42 -48 -48 -103 -147 -355 -147 -375 0 -98 131 -148 192 -74 13 15 57 108 97 206 80 196 84 226 37 273 -30 30 -99 39 -137 18z\"\/><path d=\"M583 2784 c-38 -19 -67 -74 -58 -113 9 -42 211 -354 242 -373 16 -10 45 -18 66 -18 51 0 107 52 107 100 0 39 -1 41 -124 234 -80 126 -108 162 -133 173 -41 17 -61 16 -100 -3z\"\/><path d=\"M4250 2784 c-14 -9 -74 -91 -133 -183 -95 -150 -107 -173 -107 -213 0 -55 33 -94 87 -104 67 -13 90 8 211 198 130 202 137 225 78 284 -27 27 -42 34 -72 34 -22 0 -50 -8 -64 -16z\"\/><path d=\"M2275 2693 c-553 -48 -1095 -270 -1585 -649 -135 -104 -459 -423 -483 -476 -23 -49 -22 -139 2 -186 73 -142 361 -457 571 -626 285 -228 642 -407 990 -497 242 -63 336 -73 660 -74 310 0 370 5 595 52 535 111 1045 392 1455 803 122 121 250 273 275 326 19 41 19 137 0 174 -41 79 -309 363 -465 492 -447 370 -946 591 -1479 653 -113 14 -422 18 -536 8z m395 -428 c171 -34 330 -124 456 -258 112 -119 167 -219 211 -378 27 -96 24 -300 -5 -401 -72 -255 -236 -447 -474 -557 -132 -62 -201 -76 -368 -76 -167 0 -236 14 -368 76 -213 98 -373 271 -451 485 -162 444 86 934 547 1084 153 49 292 57 452 25z m909 -232 c222 -123 408 -262 593 -441 76 -74 138 -139 138 -144 0 -16 -233 -242 -330 -319 -155 -123 -309 -223 -461 -299 l-81 -41 32 46 c18 26 49 83 70 128 143 306 141 649 -6 957 -25 52 -61 116 -79 142 l-34 47 45 -20 c26 -10 76 -36 113 -56z m-2057 25 c-40 -58 -105 -190 -130 -263 -110 -324 -59 -707 132 -981 25 -35 42 -64 37 -64 -19 0 -241 119 -326 174 -188 122 -406 314 -532 468 l-58 71 108 103 c185 178 428 349 672 473 66 33 121 60 123 61 2 0 -10 -19 -26 -42z\"\/><path d=\"M2375 1950 c-198 -44 -350 -190 -395 -379 -18 -76 -8 -221 19 -290 114 -284 457 -406 731 -260 98 52 188 154 231 260 27 69 37 214 19 290 -38 163 -166 304 -326 360 -67 23 -215 33 -279 19z\"\/><\/g><\/svg><\/i> <img loading=\"lazy\" loading=\"lazy\" decoding=\"async\" width=\"16\" height=\"16\" alt=\"Loading\" src=\"https:\/\/esviafm.com\/wp-content\/plugins\/page-views-count\/ajax-loader-2x.gif\" border=0 \/><\/p>\n<div class=\"pvc_clear\"><\/div>\n","protected":false},"excerpt":{"rendered":"<p>BOGOT\u00c1\u00a0\u2014\u00a0Miguel Uribe Turbay, el senador y precandidato presidencial colombiano que fue\u00a0baleado en un mitin pol\u00edtico\u00a0hace poco m\u00e1s de dos meses en un ataque que sacudi\u00f3 al pa\u00eds, falleci\u00f3 el lunes en el hospital, inform\u00f3 su esposa. Ten\u00eda 39 a\u00f1os. \u201cDescansa en paz amor de mi vida, yo cuidar\u00e9 a nuestros hijos\u201d, indic\u00f3 Mar\u00eda Claudia Tarazona, [&hellip;]<\/p>\n<div class=\"pvc_clear\"><\/div>\n<p id=\"pvc_stats_29039\" class=\"pvc_stats all  \" data-element-id=\"29039\" style=\"\"><i class=\"pvc-stats-icon large\" aria-hidden=\"true\"><svg xmlns=\"http:\/\/www.w3.org\/2000\/svg\" version=\"1.0\" viewBox=\"0 0 502 315\" preserveAspectRatio=\"xMidYMid meet\"><g transform=\"translate(0,332) scale(0.1,-0.1)\" fill=\"\" stroke=\"none\"><path d=\"M2394 3279 l-29 -30 -3 -207 c-2 -182 0 -211 15 -242 39 -76 157 -76 196 0 15 31 17 60 15 243 l-3 209 -33 29 c-26 23 -41 29 -80 29 -41 0 -53 -5 -78 -31z\"\/><path d=\"M3085 3251 c-45 -19 -58 -50 -96 -229 -47 -217 -49 -260 -13 -295 52 -53 146 -42 177 20 16 31 87 366 87 410 0 70 -86 122 -155 94z\"\/><path d=\"M1751 3234 c-13 -9 -29 -31 -37 -50 -12 -29 -10 -49 21 -204 19 -94 39 -189 45 -210 14 -50 54 -80 110 -80 34 0 48 6 76 34 21 21 34 44 34 59 0 14 -18 113 -40 219 -37 178 -43 195 -70 221 -36 32 -101 37 -139 11z\"\/><path d=\"M1163 3073 c-36 -7 -73 -59 -73 -102 0 -56 133 -378 171 -413 34 -32 83 -37 129 -13 70 36 67 87 -16 290 -86 209 -89 214 -129 231 -35 14 -42 15 -82 7z\"\/><path d=\"M3689 3066 c-15 -9 -33 -30 -42 -48 -48 -103 -147 -355 -147 -375 0 -98 131 -148 192 -74 13 15 57 108 97 206 80 196 84 226 37 273 -30 30 -99 39 -137 18z\"\/><path d=\"M583 2784 c-38 -19 -67 -74 -58 -113 9 -42 211 -354 242 -373 16 -10 45 -18 66 -18 51 0 107 52 107 100 0 39 -1 41 -124 234 -80 126 -108 162 -133 173 -41 17 -61 16 -100 -3z\"\/><path d=\"M4250 2784 c-14 -9 -74 -91 -133 -183 -95 -150 -107 -173 -107 -213 0 -55 33 -94 87 -104 67 -13 90 8 211 198 130 202 137 225 78 284 -27 27 -42 34 -72 34 -22 0 -50 -8 -64 -16z\"\/><path d=\"M2275 2693 c-553 -48 -1095 -270 -1585 -649 -135 -104 -459 -423 -483 -476 -23 -49 -22 -139 2 -186 73 -142 361 -457 571 -626 285 -228 642 -407 990 -497 242 -63 336 -73 660 -74 310 0 370 5 595 52 535 111 1045 392 1455 803 122 121 250 273 275 326 19 41 19 137 0 174 -41 79 -309 363 -465 492 -447 370 -946 591 -1479 653 -113 14 -422 18 -536 8z m395 -428 c171 -34 330 -124 456 -258 112 -119 167 -219 211 -378 27 -96 24 -300 -5 -401 -72 -255 -236 -447 -474 -557 -132 -62 -201 -76 -368 -76 -167 0 -236 14 -368 76 -213 98 -373 271 -451 485 -162 444 86 934 547 1084 153 49 292 57 452 25z m909 -232 c222 -123 408 -262 593 -441 76 -74 138 -139 138 -144 0 -16 -233 -242 -330 -319 -155 -123 -309 -223 -461 -299 l-81 -41 32 46 c18 26 49 83 70 128 143 306 141 649 -6 957 -25 52 -61 116 -79 142 l-34 47 45 -20 c26 -10 76 -36 113 -56z m-2057 25 c-40 -58 -105 -190 -130 -263 -110 -324 -59 -707 132 -981 25 -35 42 -64 37 -64 -19 0 -241 119 -326 174 -188 122 -406 314 -532 468 l-58 71 108 103 c185 178 428 349 672 473 66 33 121 60 123 61 2 0 -10 -19 -26 -42z\"\/><path d=\"M2375 1950 c-198 -44 -350 -190 -395 -379 -18 -76 -8 -221 19 -290 114 -284 457 -406 731 -260 98 52 188 154 231 260 27 69 37 214 19 290 -38 163 -166 304 -326 360 -67 23 -215 33 -279 19z\"\/><\/g><\/svg><\/i> <img loading=\"lazy\" decoding=\"async\" width=\"16\" height=\"16\" alt=\"Loading\" src=\"https:\/\/esviafm.com\/wp-content\/plugins\/page-views-count\/ajax-loader-2x.gif\" border=0 \/><\/p>\n<div class=\"pvc_clear\"><\/div>\n","protected":false},"author":5,"featured_media":0,"comment_status":"open","ping_status":"open","sticky":false,"template":"","format":"standard","meta":{"_et_pb_use_builder":"","_et_pb_old_content":"","_et_gb_content_width":"","footnotes":""},"categories":[17],"tags":[],"class_list":["post-29039","post","type-post","status-publish","format-standard","hentry","category-internacionales"],"_links":{"self":[{"href":"https:\/\/esviafm.com\/index.php\/wp-json\/wp\/v2\/posts\/29039","targetHints":{"allow":["GET"]}}],"collection":[{"href":"https:\/\/esviafm.com\/index.php\/wp-json\/wp\/v2\/posts"}],"about":[{"href":"https:\/\/esviafm.com\/index.php\/wp-json\/wp\/v2\/types\/post"}],"author":[{"embeddable":true,"href":"https:\/\/esviafm.com\/index.php\/wp-json\/wp\/v2\/users\/5"}],"replies":[{"embeddable":true,"href":"https:\/\/esviafm.com\/index.php\/wp-json\/wp\/v2\/comments?post=29039"}],"version-history":[{"count":1,"href":"https:\/\/esviafm.com\/index.php\/wp-json\/wp\/v2\/posts\/29039\/revisions"}],"predecessor-version":[{"id":29041,"href":"https:\/\/esviafm.com\/index.php\/wp-json\/wp\/v2\/posts\/29039\/revisions\/29041"}],"wp:attachment":[{"href":"https:\/\/esviafm.com\/index.php\/wp-json\/wp\/v2\/media?parent=29039"}],"wp:term":[{"taxonomy":"category","embeddable":true,"href":"https:\/\/esviafm.com\/index.php\/wp-json\/wp\/v2\/categories?post=29039"},{"taxonomy":"post_tag","embeddable":true,"href":"https:\/\/esviafm.com\/index.php\/wp-json\/wp\/v2\/tags?post=29039"}],"curies":[{"name":"wp","href":"https:\/\/api.w.org\/{rel}","templated":true}]}}