{"id":29036,"date":"2025-08-12T07:10:30","date_gmt":"2025-08-12T11:40:30","guid":{"rendered":"https:\/\/esviafm.com\/?p=29036"},"modified":"2025-08-12T07:10:31","modified_gmt":"2025-08-12T11:40:31","slug":"maria-claudia-tarazona-viuda-de-miguel-uribe-reacciono-al-mensaje-de-fernando-hakim-lucharon-a-su-altura","status":"publish","type":"post","link":"https:\/\/esviafm.com\/index.php\/maria-claudia-tarazona-viuda-de-miguel-uribe-reacciono-al-mensaje-de-fernando-hakim-lucharon-a-su-altura\/","title":{"rendered":"Mar\u00eda Claudia Tarazona, viuda de Miguel Uribe, reaccion\u00f3 al mensaje de Fernando Hakim: \u201cLucharon a su altura\u201d"},"content":{"rendered":"<p class=\"paragraph\">Mar\u00eda Claudia Tarazona, viuda de Miguel Uribe Turbay, fue la primera en confirmar la muerte del senador y precandidato a la Presidencia de la Rep\u00fablica para las elecciones de 2026.<\/p>\n<p class=\"paragraph\">Con un emotivo mensaje, la pareja del congresista despidi\u00f3 al pol\u00edtico que la acompa\u00f1\u00f3 durante a\u00f1os y estuvo siempre presente para sus hijos.<\/p>\n<div class=\"inline ad-wrapper amp ad-amp\"><\/div>\n<p class=\"paragraph\"><b>\u201cSiempre ser\u00e1s el amor de mi vida. Gracias por una vida llena de amor,\u00a0<\/b>gracias por ser un pap\u00e1 para las ni\u00f1as, el mejor pap\u00e1 para Alejandro. Pido a Dios me muestre el camino para aprender a vivir sin ti\u201d, fueron algunas de las palabras que dijo, minutos despu\u00e9s de confirmar que el reporte de los m\u00e9dicos era esperanzador.<\/p>\n<p class=\"paragraph\"><b>Ahora puede seguirnos en nuestro<\/b><i><b>\u00a0<\/b><\/i><a href=\"https:\/\/whatsapp.com\/channel\/0029Va4oNEALikgEL4Y8mb2K\" target=\"_blank\" rel=\"noopener noreferrer\"><i><b>WhatsApp Channel<\/b><\/i><\/a><b>\u00a0y en\u00a0<\/b><a href=\"https:\/\/www.facebook.com\/infobaecolombia\" target=\"_blank\" rel=\"noopener noreferrer\"><i><b>Facebook<\/b><\/i><\/a><b>.<\/b><\/p>\n<div>\n<div class=\"amp_visual_image\"><img decoding=\"async\" class=\"i-amphtml-fill-content i-amphtml-replaced-content\" src=\"https:\/\/www.infobae.com\/resizer\/v2\/Y6WKYZCFX5CKXC2YMNLSSRJXRY.jpeg?auth=f5b1e155e028653e8a32916fa5d9566aa9061b00e1e2323d8bf4cbe26a08c93b&amp;smart=true&amp;width=350&amp;height=527&amp;quality=85\" sizes=\"(max-width: 1366px) 1366px, 100vw\" srcset=\"https:\/\/www.infobae.com\/resizer\/v2\/Y6WKYZCFX5CKXC2YMNLSSRJXRY.jpeg?auth=f5b1e155e028653e8a32916fa5d9566aa9061b00e1e2323d8bf4cbe26a08c93b&amp;smart=true&amp;width=350&amp;height=527&amp;quality=85 350w, https:\/\/www.infobae.com\/resizer\/v2\/Y6WKYZCFX5CKXC2YMNLSSRJXRY.jpeg?auth=f5b1e155e028653e8a32916fa5d9566aa9061b00e1e2323d8bf4cbe26a08c93b&amp;smart=true&amp;width=420&amp;height=633&amp;quality=85 420w, https:\/\/www.infobae.com\/resizer\/v2\/Y6WKYZCFX5CKXC2YMNLSSRJXRY.jpeg?auth=f5b1e155e028653e8a32916fa5d9566aa9061b00e1e2323d8bf4cbe26a08c93b&amp;smart=true&amp;width=577&amp;height=869&amp;quality=85 577w, https:\/\/www.infobae.com\/resizer\/v2\/Y6WKYZCFX5CKXC2YMNLSSRJXRY.jpeg?auth=f5b1e155e028653e8a32916fa5d9566aa9061b00e1e2323d8bf4cbe26a08c93b&amp;smart=true&amp;width=768&amp;height=1157&amp;quality=85 768w, https:\/\/www.infobae.com\/resizer\/v2\/Y6WKYZCFX5CKXC2YMNLSSRJXRY.jpeg?auth=f5b1e155e028653e8a32916fa5d9566aa9061b00e1e2323d8bf4cbe26a08c93b&amp;smart=true&amp;width=992&amp;height=1495&amp;quality=85 992w\" alt=\"El neurocirujano que oper\u00f3 a\" data-amp-auto-lightbox-disable=\"true\" data-hero=\"true\" \/>El neurocirujano que oper\u00f3 a Miguel Uribe Turbay destac\u00f3 su fortaleza &#8211; cr\u00e9dito @fernandohakimneurocirujano\/IG<\/div>\n<\/div>\n<div>\n<div class=\"hide-only-es\">\n<div class=\"inline_2 ad-wrapper ad-mobile amp ad-amp\"><\/div>\n<\/div>\n<\/div>\n<p class=\"paragraph\">En redes sociales,\u00a0<b>el neurocirujano encargado de operar al senador tambi\u00e9n se pronunci\u00f3 con un emotivo mensaje en el que dec\u00eda que Uribe Turbay demostr\u00f3 fortaleza<\/b>\u00a0por querer salir adelante en su recuperaci\u00f3n y que jam\u00e1s lo olvidar\u00eda.<\/p>\n<p class=\"paragraph\"><b>\u201cHoy puedo decirles que Miguel Uribe Turbay fue un luchador \u00fanico. Nunca lo olvidar\u00e9\u201d,\u00a0<\/b>escribi\u00f3 en su cuenta de Instagram.<\/p>\n<p class=\"paragraph\">Un detalle que no pas\u00f3 desapercibido en la publicaci\u00f3n del neurocirujano Hakim fue el mensaje de agradecimiento de Mar\u00eda Claudia, en el que se\u00f1al\u00f3 que siempre estar\u00e1 agradecida por los cuidados y la atenci\u00f3n que le brind\u00f3 al congresista.<\/p>\n<p class=\"paragraph\"><b>\u201cQuerido doctor, t\u00fa y tu equipo lucharon a su altura, como Miguel hubiera querido&#8230; como \u00e9l mismo mostr\u00f3 el camino\u201d<\/b>, escribi\u00f3 en un breve texto.<\/p>\n<div>\n<div class=\"amp_visual_image\"><img decoding=\"async\" class=\"i-amphtml-fill-content i-amphtml-replaced-content\" src=\"https:\/\/www.infobae.com\/resizer\/v2\/75TA3FTUDRFQ3EQNC2QC3CIA4A.png?auth=0a078672b1a0d5a80f67525195530de00934840c68f43255fd99b3ddbbdc0a76&amp;smart=true&amp;width=350&amp;height=231&amp;quality=85\" sizes=\"(max-width: 1366px) 1366px, 100vw\" srcset=\"https:\/\/www.infobae.com\/resizer\/v2\/75TA3FTUDRFQ3EQNC2QC3CIA4A.png?auth=0a078672b1a0d5a80f67525195530de00934840c68f43255fd99b3ddbbdc0a76&amp;smart=true&amp;width=350&amp;height=231&amp;quality=85 350w, https:\/\/www.infobae.com\/resizer\/v2\/75TA3FTUDRFQ3EQNC2QC3CIA4A.png?auth=0a078672b1a0d5a80f67525195530de00934840c68f43255fd99b3ddbbdc0a76&amp;smart=true&amp;width=420&amp;height=277&amp;quality=85 420w, https:\/\/www.infobae.com\/resizer\/v2\/75TA3FTUDRFQ3EQNC2QC3CIA4A.png?auth=0a078672b1a0d5a80f67525195530de00934840c68f43255fd99b3ddbbdc0a76&amp;smart=true&amp;width=577&amp;height=381&amp;quality=85 577w, https:\/\/www.infobae.com\/resizer\/v2\/75TA3FTUDRFQ3EQNC2QC3CIA4A.png?auth=0a078672b1a0d5a80f67525195530de00934840c68f43255fd99b3ddbbdc0a76&amp;smart=true&amp;width=768&amp;height=507&amp;quality=85 768w, https:\/\/www.infobae.com\/resizer\/v2\/75TA3FTUDRFQ3EQNC2QC3CIA4A.png?auth=0a078672b1a0d5a80f67525195530de00934840c68f43255fd99b3ddbbdc0a76&amp;smart=true&amp;width=992&amp;height=654&amp;quality=85 992w\" alt=\"Mar\u00eda Claudia Tarazona agradeci\u00f3 al\" data-amp-auto-lightbox-disable=\"true\" data-hero=\"true\" \/>Mar\u00eda Claudia Tarazona agradeci\u00f3 al neurocirujano que oper\u00f3 a su fallecido esposo &#8211; cr\u00e9dito @fernandohakimneurocirujano\/IG<\/div>\n<\/div>\n<p class=\"paragraph\">Adem\u00e1s, Tarazona asegur\u00f3 que el especialista siempre estar\u00e1 en los corazones de la familia Uribe Turbay, afirmando que reconoc\u00eda el esfuerzo que le imprimi\u00f3 siempre a la atenci\u00f3n.<\/p>\n<p class=\"paragraph\">\u201c<b>Gracias infinitas, siempre tendr\u00e1s un lugar en nuestros corazones<\/b>\u201d, agreg\u00f3, acompa\u00f1ada de tres emojis de manos en posici\u00f3n de agradecimiento.<\/p>\n<p class=\"paragraph\">Es de recordar que, el 9 de agosto Mar\u00eda Claudia Tarazona hab\u00eda convocado a los colombianos a participar de un rosario para pedir por la recuperaci\u00f3n de Miguel Uribe Turbay. El santo rosario se llevar\u00eda a cabo el lunes 11 de agosto de 2025 a las 7:00 p. m. y ser\u00eda transmitido en vivo a trav\u00e9s del perfil de Mar\u00eda Claudia Tarazona en la red social.<\/p>\n<div>\n<div class=\"amp_visual_image\"><img decoding=\"async\" class=\"i-amphtml-fill-content i-amphtml-replaced-content\" src=\"https:\/\/www.infobae.com\/resizer\/v2\/VYHSDF7AKREFBFFE7DQYBPPAEY.png?auth=f300d2569fd588708ffd343ea23b081651bef34343acdf32d09d32e7bcf83517&amp;smart=true&amp;width=350&amp;height=183&amp;quality=85\" sizes=\"(max-width: 1366px) 1366px, 100vw\" srcset=\"https:\/\/www.infobae.com\/resizer\/v2\/VYHSDF7AKREFBFFE7DQYBPPAEY.png?auth=f300d2569fd588708ffd343ea23b081651bef34343acdf32d09d32e7bcf83517&amp;smart=true&amp;width=350&amp;height=183&amp;quality=85 350w, https:\/\/www.infobae.com\/resizer\/v2\/VYHSDF7AKREFBFFE7DQYBPPAEY.png?auth=f300d2569fd588708ffd343ea23b081651bef34343acdf32d09d32e7bcf83517&amp;smart=true&amp;width=420&amp;height=220&amp;quality=85 420w, https:\/\/www.infobae.com\/resizer\/v2\/VYHSDF7AKREFBFFE7DQYBPPAEY.png?auth=f300d2569fd588708ffd343ea23b081651bef34343acdf32d09d32e7bcf83517&amp;smart=true&amp;width=577&amp;height=302&amp;quality=85 577w, https:\/\/www.infobae.com\/resizer\/v2\/VYHSDF7AKREFBFFE7DQYBPPAEY.png?auth=f300d2569fd588708ffd343ea23b081651bef34343acdf32d09d32e7bcf83517&amp;smart=true&amp;width=768&amp;height=402&amp;quality=85 768w, https:\/\/www.infobae.com\/resizer\/v2\/VYHSDF7AKREFBFFE7DQYBPPAEY.png?auth=f300d2569fd588708ffd343ea23b081651bef34343acdf32d09d32e7bcf83517&amp;smart=true&amp;width=992&amp;height=520&amp;quality=85 992w\" alt=\"Mar\u00eda Claudia Tarazona, esposa de\" data-amp-auto-lightbox-disable=\"true\" data-hero=\"true\" \/>Mar\u00eda Claudia Tarazona, esposa de Miguel Uribe, convoc\u00f3 a la ciudadan\u00eda para hacer un rosario en favor de la salud del congresista &#8211; cr\u00e9dito @maclaudiat\/IG<\/div>\n<\/div>\n<p class=\"paragraph\">\u201c<b>Quiero convocar a todos los colombianos para unirnos a trav\u00e9s de la oraci\u00f3n y pedir por la uni\u00f3n y la paz de Colombia. Para Miguel su prop\u00f3sito y causa de vida es un pa\u00eds en paz<\/b>\u00a0y hoy \u00e9l nos necesita unidos para honrar su lucha y para pedir por su completa sanaci\u00f3n. Este lunes 11 a las 7:30 pm, un\u00e1monos para rezar el rosario, con fe y con esperanza para honrar la lucha de Miguel y para pedir por su completa sanaci\u00f3n\u201d, indic\u00f3 la pareja del congresista de la oposici\u00f3n.<\/p>\n<p class=\"paragraph\">Asimismo, en su cuenta de Instagram, la viuda de Miguel Uribe record\u00f3 que ya hab\u00edan pasado 8 semanas desde el d\u00eda en el que Uribe Turbay se encontraba haciendo un mitin en un parque del occidente de Bogot\u00e1, cuando fue baleado por un menor de edad.<\/p>\n<p class=\"paragraph\">En cortas frases clama a Dios para que este devuelva con ella y con sus hijos:\u00a0<b>\u201cYa han pasado dos meses. Gracias Dios, ay\u00fadame m\u00e1s. Amor lindo, me haces una falta tan grande que se me desgarra el alma. Vuelve a m\u00ed, perm\u00edteselo Dios<\/b>\u201d, conmoviendo a m\u00e1s de uno con la situaci\u00f3n y demostrando el amor que sent\u00eda por su esposo.<\/p>\n<div class=\"headline-wrapper\">\n<h2 class=\"header headline-class-h2\">Familia invita a la c\u00e1mara ardiente<\/h2>\n<\/div>\n<div>\n<div class=\"amp_visual_image\"><img decoding=\"async\" class=\"i-amphtml-fill-content i-amphtml-replaced-content\" src=\"https:\/\/www.infobae.com\/resizer\/v2\/WSEMG47RFNHL5F5LO74NQNFWSE.jpeg?auth=8da0338b303917f1a5f63761479c82430d15de92267136c633a2b1434523c1db&amp;smart=true&amp;width=350&amp;height=438&amp;quality=85\" sizes=\"(max-width: 1366px) 1366px, 100vw\" srcset=\"https:\/\/www.infobae.com\/resizer\/v2\/WSEMG47RFNHL5F5LO74NQNFWSE.jpeg?auth=8da0338b303917f1a5f63761479c82430d15de92267136c633a2b1434523c1db&amp;smart=true&amp;width=350&amp;height=438&amp;quality=85 350w, https:\/\/www.infobae.com\/resizer\/v2\/WSEMG47RFNHL5F5LO74NQNFWSE.jpeg?auth=8da0338b303917f1a5f63761479c82430d15de92267136c633a2b1434523c1db&amp;smart=true&amp;width=420&amp;height=525&amp;quality=85 420w, https:\/\/www.infobae.com\/resizer\/v2\/WSEMG47RFNHL5F5LO74NQNFWSE.jpeg?auth=8da0338b303917f1a5f63761479c82430d15de92267136c633a2b1434523c1db&amp;smart=true&amp;width=577&amp;height=721&amp;quality=85 577w, https:\/\/www.infobae.com\/resizer\/v2\/WSEMG47RFNHL5F5LO74NQNFWSE.jpeg?auth=8da0338b303917f1a5f63761479c82430d15de92267136c633a2b1434523c1db&amp;smart=true&amp;width=768&amp;height=960&amp;quality=85 768w, https:\/\/www.infobae.com\/resizer\/v2\/WSEMG47RFNHL5F5LO74NQNFWSE.jpeg?auth=8da0338b303917f1a5f63761479c82430d15de92267136c633a2b1434523c1db&amp;smart=true&amp;width=992&amp;height=1240&amp;quality=85 992w\" alt=\"Desde la tarde del lunes\" data-amp-auto-lightbox-disable=\"true\" data-hero=\"true\" \/>Desde la tarde del lunes 11 de agosto, el cuerpo del precandidato presidencial estar\u00e1 en c\u00e1mara ardiente. Las exequias se har\u00e1n el mi\u00e9rcoles 13 de agosto &#8211; cr\u00e9dito Redes sociales<\/div>\n<\/div>\n<p class=\"paragraph\">La familia del senador Miguel Uribe Turbay inform\u00f3 sobre los actos de despedida tras su fallecimiento.<\/p>\n<p class=\"paragraph\"><b>La c\u00e1mara ardiente se realizar\u00e1 el lunes 11 de agosto de 2025 a partir de las 4:00 p. m. en el Capitolio Nacional.<\/b><\/p>\n<div class=\"pvc_clear\"><\/div>\n<p id=\"pvc_stats_29036\" class=\"pvc_stats all  \" data-element-id=\"29036\" style=\"\"><i class=\"pvc-stats-icon large\" aria-hidden=\"true\"><svg xmlns=\"http:\/\/www.w3.org\/2000\/svg\" version=\"1.0\" viewBox=\"0 0 502 315\" preserveAspectRatio=\"xMidYMid meet\"><g transform=\"translate(0,332) scale(0.1,-0.1)\" fill=\"\" stroke=\"none\"><path d=\"M2394 3279 l-29 -30 -3 -207 c-2 -182 0 -211 15 -242 39 -76 157 -76 196 0 15 31 17 60 15 243 l-3 209 -33 29 c-26 23 -41 29 -80 29 -41 0 -53 -5 -78 -31z\"\/><path d=\"M3085 3251 c-45 -19 -58 -50 -96 -229 -47 -217 -49 -260 -13 -295 52 -53 146 -42 177 20 16 31 87 366 87 410 0 70 -86 122 -155 94z\"\/><path d=\"M1751 3234 c-13 -9 -29 -31 -37 -50 -12 -29 -10 -49 21 -204 19 -94 39 -189 45 -210 14 -50 54 -80 110 -80 34 0 48 6 76 34 21 21 34 44 34 59 0 14 -18 113 -40 219 -37 178 -43 195 -70 221 -36 32 -101 37 -139 11z\"\/><path d=\"M1163 3073 c-36 -7 -73 -59 -73 -102 0 -56 133 -378 171 -413 34 -32 83 -37 129 -13 70 36 67 87 -16 290 -86 209 -89 214 -129 231 -35 14 -42 15 -82 7z\"\/><path d=\"M3689 3066 c-15 -9 -33 -30 -42 -48 -48 -103 -147 -355 -147 -375 0 -98 131 -148 192 -74 13 15 57 108 97 206 80 196 84 226 37 273 -30 30 -99 39 -137 18z\"\/><path d=\"M583 2784 c-38 -19 -67 -74 -58 -113 9 -42 211 -354 242 -373 16 -10 45 -18 66 -18 51 0 107 52 107 100 0 39 -1 41 -124 234 -80 126 -108 162 -133 173 -41 17 -61 16 -100 -3z\"\/><path d=\"M4250 2784 c-14 -9 -74 -91 -133 -183 -95 -150 -107 -173 -107 -213 0 -55 33 -94 87 -104 67 -13 90 8 211 198 130 202 137 225 78 284 -27 27 -42 34 -72 34 -22 0 -50 -8 -64 -16z\"\/><path d=\"M2275 2693 c-553 -48 -1095 -270 -1585 -649 -135 -104 -459 -423 -483 -476 -23 -49 -22 -139 2 -186 73 -142 361 -457 571 -626 285 -228 642 -407 990 -497 242 -63 336 -73 660 -74 310 0 370 5 595 52 535 111 1045 392 1455 803 122 121 250 273 275 326 19 41 19 137 0 174 -41 79 -309 363 -465 492 -447 370 -946 591 -1479 653 -113 14 -422 18 -536 8z m395 -428 c171 -34 330 -124 456 -258 112 -119 167 -219 211 -378 27 -96 24 -300 -5 -401 -72 -255 -236 -447 -474 -557 -132 -62 -201 -76 -368 -76 -167 0 -236 14 -368 76 -213 98 -373 271 -451 485 -162 444 86 934 547 1084 153 49 292 57 452 25z m909 -232 c222 -123 408 -262 593 -441 76 -74 138 -139 138 -144 0 -16 -233 -242 -330 -319 -155 -123 -309 -223 -461 -299 l-81 -41 32 46 c18 26 49 83 70 128 143 306 141 649 -6 957 -25 52 -61 116 -79 142 l-34 47 45 -20 c26 -10 76 -36 113 -56z m-2057 25 c-40 -58 -105 -190 -130 -263 -110 -324 -59 -707 132 -981 25 -35 42 -64 37 -64 -19 0 -241 119 -326 174 -188 122 -406 314 -532 468 l-58 71 108 103 c185 178 428 349 672 473 66 33 121 60 123 61 2 0 -10 -19 -26 -42z\"\/><path d=\"M2375 1950 c-198 -44 -350 -190 -395 -379 -18 -76 -8 -221 19 -290 114 -284 457 -406 731 -260 98 52 188 154 231 260 27 69 37 214 19 290 -38 163 -166 304 -326 360 -67 23 -215 33 -279 19z\"\/><\/g><\/svg><\/i> <img decoding=\"async\" width=\"16\" height=\"16\" alt=\"Loading\" src=\"https:\/\/esviafm.com\/wp-content\/plugins\/page-views-count\/ajax-loader-2x.gif\" border=0 \/><\/p>\n<div class=\"pvc_clear\"><\/div>\n","protected":false},"excerpt":{"rendered":"<p>Mar\u00eda Claudia Tarazona, viuda de Miguel Uribe Turbay, fue la primera en confirmar la muerte del senador y precandidato a la Presidencia de la Rep\u00fablica para las elecciones de 2026. Con un emotivo mensaje, la pareja del congresista despidi\u00f3 al pol\u00edtico que la acompa\u00f1\u00f3 durante a\u00f1os y estuvo siempre presente para sus hijos. \u201cSiempre ser\u00e1s [&hellip;]<\/p>\n<div class=\"pvc_clear\"><\/div>\n<p id=\"pvc_stats_29036\" class=\"pvc_stats all  \" data-element-id=\"29036\" style=\"\"><i class=\"pvc-stats-icon large\" aria-hidden=\"true\"><svg xmlns=\"http:\/\/www.w3.org\/2000\/svg\" version=\"1.0\" viewBox=\"0 0 502 315\" preserveAspectRatio=\"xMidYMid meet\"><g transform=\"translate(0,332) scale(0.1,-0.1)\" fill=\"\" stroke=\"none\"><path d=\"M2394 3279 l-29 -30 -3 -207 c-2 -182 0 -211 15 -242 39 -76 157 -76 196 0 15 31 17 60 15 243 l-3 209 -33 29 c-26 23 -41 29 -80 29 -41 0 -53 -5 -78 -31z\"\/><path d=\"M3085 3251 c-45 -19 -58 -50 -96 -229 -47 -217 -49 -260 -13 -295 52 -53 146 -42 177 20 16 31 87 366 87 410 0 70 -86 122 -155 94z\"\/><path d=\"M1751 3234 c-13 -9 -29 -31 -37 -50 -12 -29 -10 -49 21 -204 19 -94 39 -189 45 -210 14 -50 54 -80 110 -80 34 0 48 6 76 34 21 21 34 44 34 59 0 14 -18 113 -40 219 -37 178 -43 195 -70 221 -36 32 -101 37 -139 11z\"\/><path d=\"M1163 3073 c-36 -7 -73 -59 -73 -102 0 -56 133 -378 171 -413 34 -32 83 -37 129 -13 70 36 67 87 -16 290 -86 209 -89 214 -129 231 -35 14 -42 15 -82 7z\"\/><path d=\"M3689 3066 c-15 -9 -33 -30 -42 -48 -48 -103 -147 -355 -147 -375 0 -98 131 -148 192 -74 13 15 57 108 97 206 80 196 84 226 37 273 -30 30 -99 39 -137 18z\"\/><path d=\"M583 2784 c-38 -19 -67 -74 -58 -113 9 -42 211 -354 242 -373 16 -10 45 -18 66 -18 51 0 107 52 107 100 0 39 -1 41 -124 234 -80 126 -108 162 -133 173 -41 17 -61 16 -100 -3z\"\/><path d=\"M4250 2784 c-14 -9 -74 -91 -133 -183 -95 -150 -107 -173 -107 -213 0 -55 33 -94 87 -104 67 -13 90 8 211 198 130 202 137 225 78 284 -27 27 -42 34 -72 34 -22 0 -50 -8 -64 -16z\"\/><path d=\"M2275 2693 c-553 -48 -1095 -270 -1585 -649 -135 -104 -459 -423 -483 -476 -23 -49 -22 -139 2 -186 73 -142 361 -457 571 -626 285 -228 642 -407 990 -497 242 -63 336 -73 660 -74 310 0 370 5 595 52 535 111 1045 392 1455 803 122 121 250 273 275 326 19 41 19 137 0 174 -41 79 -309 363 -465 492 -447 370 -946 591 -1479 653 -113 14 -422 18 -536 8z m395 -428 c171 -34 330 -124 456 -258 112 -119 167 -219 211 -378 27 -96 24 -300 -5 -401 -72 -255 -236 -447 -474 -557 -132 -62 -201 -76 -368 -76 -167 0 -236 14 -368 76 -213 98 -373 271 -451 485 -162 444 86 934 547 1084 153 49 292 57 452 25z m909 -232 c222 -123 408 -262 593 -441 76 -74 138 -139 138 -144 0 -16 -233 -242 -330 -319 -155 -123 -309 -223 -461 -299 l-81 -41 32 46 c18 26 49 83 70 128 143 306 141 649 -6 957 -25 52 -61 116 -79 142 l-34 47 45 -20 c26 -10 76 -36 113 -56z m-2057 25 c-40 -58 -105 -190 -130 -263 -110 -324 -59 -707 132 -981 25 -35 42 -64 37 -64 -19 0 -241 119 -326 174 -188 122 -406 314 -532 468 l-58 71 108 103 c185 178 428 349 672 473 66 33 121 60 123 61 2 0 -10 -19 -26 -42z\"\/><path d=\"M2375 1950 c-198 -44 -350 -190 -395 -379 -18 -76 -8 -221 19 -290 114 -284 457 -406 731 -260 98 52 188 154 231 260 27 69 37 214 19 290 -38 163 -166 304 -326 360 -67 23 -215 33 -279 19z\"\/><\/g><\/svg><\/i> <img decoding=\"async\" width=\"16\" height=\"16\" alt=\"Loading\" src=\"https:\/\/esviafm.com\/wp-content\/plugins\/page-views-count\/ajax-loader-2x.gif\" border=0 \/><\/p>\n<div class=\"pvc_clear\"><\/div>\n","protected":false},"author":5,"featured_media":0,"comment_status":"open","ping_status":"open","sticky":false,"template":"","format":"standard","meta":{"_et_pb_use_builder":"","_et_pb_old_content":"","_et_gb_content_width":"","footnotes":""},"categories":[17],"tags":[],"class_list":["post-29036","post","type-post","status-publish","format-standard","hentry","category-internacionales"],"_links":{"self":[{"href":"https:\/\/esviafm.com\/index.php\/wp-json\/wp\/v2\/posts\/29036","targetHints":{"allow":["GET"]}}],"collection":[{"href":"https:\/\/esviafm.com\/index.php\/wp-json\/wp\/v2\/posts"}],"about":[{"href":"https:\/\/esviafm.com\/index.php\/wp-json\/wp\/v2\/types\/post"}],"author":[{"embeddable":true,"href":"https:\/\/esviafm.com\/index.php\/wp-json\/wp\/v2\/users\/5"}],"replies":[{"embeddable":true,"href":"https:\/\/esviafm.com\/index.php\/wp-json\/wp\/v2\/comments?post=29036"}],"version-history":[{"count":1,"href":"https:\/\/esviafm.com\/index.php\/wp-json\/wp\/v2\/posts\/29036\/revisions"}],"predecessor-version":[{"id":29038,"href":"https:\/\/esviafm.com\/index.php\/wp-json\/wp\/v2\/posts\/29036\/revisions\/29038"}],"wp:attachment":[{"href":"https:\/\/esviafm.com\/index.php\/wp-json\/wp\/v2\/media?parent=29036"}],"wp:term":[{"taxonomy":"category","embeddable":true,"href":"https:\/\/esviafm.com\/index.php\/wp-json\/wp\/v2\/categories?post=29036"},{"taxonomy":"post_tag","embeddable":true,"href":"https:\/\/esviafm.com\/index.php\/wp-json\/wp\/v2\/tags?post=29036"}],"curies":[{"name":"wp","href":"https:\/\/api.w.org\/{rel}","templated":true}]}}