{"id":29027,"date":"2025-08-12T07:06:01","date_gmt":"2025-08-12T11:36:01","guid":{"rendered":"https:\/\/esviafm.com\/?p=29027"},"modified":"2025-08-12T07:06:01","modified_gmt":"2025-08-12T11:36:01","slug":"marco-rubio-exigio-justicia-por-el-crimen-del-candidato-presidencial-colombiano-miguel-uribe-turbay","status":"publish","type":"post","link":"https:\/\/esviafm.com\/index.php\/marco-rubio-exigio-justicia-por-el-crimen-del-candidato-presidencial-colombiano-miguel-uribe-turbay\/","title":{"rendered":"Marco Rubio exigi\u00f3 justicia por el crimen del candidato presidencial colombiano Miguel Uribe Turbay"},"content":{"rendered":"<p class=\"paragraph\">El secretario de Estado de EEUU, Marco Rubio, exigi\u00f3 justicia tras conocerse la\u00a0<a href=\"https:\/\/www.infobae.com\/colombia\/2025\/08\/11\/murio-el-senador-y-precandidato-presidencial-miguel-uribe-turbay\/\" target=\"_blank\" rel=\"noopener noreferrer\">muerte del candidato presidencial colombiano Miguel Uribe Turbay.<\/a><\/p>\n<p class=\"paragraph\">El pol\u00edtico norteamericano asegur\u00f3 en su publicaci\u00f3n que\u00a0<b>\u201cEstados Unidos se solidariza con su familia, el pueblo colombiano, tanto en el duelo como en la exigencia de justicia para los responsables\u201d<\/b>.<\/p>\n<div class=\"inline ad-wrapper amp ad-amp\"><\/div>\n<p class=\"paragraph\">El senador de la Rep\u00fablica y precandidato presidencial, muri\u00f3 en la madrugada de este lunes en la Fundaci\u00f3n Santa Fe de\u00a0<b>Bogot\u00e1\u00a0<\/b>tras complicaciones derivadas del atentado que sufri\u00f3 el pasado 7 de junio durante un acto pol\u00edtico en la capital.<\/p>\n<div>\n<div class=\"amp_visual_image\"><img decoding=\"async\" class=\"i-amphtml-fill-content i-amphtml-replaced-content\" src=\"https:\/\/www.infobae.com\/resizer\/v2\/2TRGPQ373BDJVNWBSP2NURI47M.jpg?auth=35570b1b7bb0446d1b92b77b1258e9f6e804c9b8de714111cd3a52b41d797ece&amp;smart=true&amp;width=350&amp;height=120&amp;quality=85\" sizes=\"(max-width: 1366px) 1366px, 100vw\" srcset=\"https:\/\/www.infobae.com\/resizer\/v2\/2TRGPQ373BDJVNWBSP2NURI47M.jpg?auth=35570b1b7bb0446d1b92b77b1258e9f6e804c9b8de714111cd3a52b41d797ece&amp;smart=true&amp;width=350&amp;height=120&amp;quality=85 350w, https:\/\/www.infobae.com\/resizer\/v2\/2TRGPQ373BDJVNWBSP2NURI47M.jpg?auth=35570b1b7bb0446d1b92b77b1258e9f6e804c9b8de714111cd3a52b41d797ece&amp;smart=true&amp;width=420&amp;height=144&amp;quality=85 420w, https:\/\/www.infobae.com\/resizer\/v2\/2TRGPQ373BDJVNWBSP2NURI47M.jpg?auth=35570b1b7bb0446d1b92b77b1258e9f6e804c9b8de714111cd3a52b41d797ece&amp;smart=true&amp;width=577&amp;height=198&amp;quality=85 577w, https:\/\/www.infobae.com\/resizer\/v2\/2TRGPQ373BDJVNWBSP2NURI47M.jpg?auth=35570b1b7bb0446d1b92b77b1258e9f6e804c9b8de714111cd3a52b41d797ece&amp;smart=true&amp;width=768&amp;height=264&amp;quality=85 768w, https:\/\/www.infobae.com\/resizer\/v2\/2TRGPQ373BDJVNWBSP2NURI47M.jpg?auth=35570b1b7bb0446d1b92b77b1258e9f6e804c9b8de714111cd3a52b41d797ece&amp;smart=true&amp;width=992&amp;height=341&amp;quality=85 992w\" alt=\"Tweet de Marco Rubio tras\" data-amp-auto-lightbox-disable=\"true\" data-hero=\"true\" \/>Tweet de Marco Rubio tras conocerse la muerte de Uribe.<\/div>\n<\/div>\n<p class=\"paragraph\">Uribe Turbay, de 38 a\u00f1os, permaneci\u00f3 durante m\u00e1s de dos meses en estado cr\u00edtico luego de recibir varios impactos de bala, uno de ellos en la cabeza, mientras saludaba a simpatizantes en un evento de campa\u00f1a.<\/p>\n<div>\n<div class=\"hide-only-es\">\n<div class=\"inline_2 ad-wrapper ad-mobile amp ad-amp\"><\/div>\n<\/div>\n<\/div>\n<p class=\"paragraph\">Desde entonces, su evoluci\u00f3n present\u00f3 breves momentos de mejor\u00eda, que incluso permitieron el inicio de una fase de neurorehabilitaci\u00f3n, pero su salud se deterior\u00f3 nuevamente en los \u00faltimos d\u00edas debido a una hemorragia en el sistema nervioso central.<\/p>\n<p class=\"paragraph\">Por su parte, el Secretario Adjunto del Departamento de Estado, Christopher Landau, expres\u00f3 \u201cAl igual que muchos otros en los Estados Unidos que se preocupan profundamente por Colombia,\u00a0<b>env\u00edo mis condolencias a su familia y al pueblo colombiano y hago un llamado a las autoridades colombianas para una resoluci\u00f3n r\u00e1pida y transparente de este asesinato pol\u00edtico\u00bb<\/b>.<\/p>\n<div>\n<div class=\"amp_visual_image\"><img decoding=\"async\" class=\"i-amphtml-fill-content i-amphtml-replaced-content\" src=\"https:\/\/www.infobae.com\/resizer\/v2\/G57JPV4TQFBFVNU527JFMM4DTY.jpg?auth=6e83e16698cbf60617e983b2a58cc34e076ff27567557c5d8921190c3d2df87d&amp;smart=true&amp;width=350&amp;height=308&amp;quality=85\" sizes=\"(max-width: 1366px) 1366px, 100vw\" srcset=\"https:\/\/www.infobae.com\/resizer\/v2\/G57JPV4TQFBFVNU527JFMM4DTY.jpg?auth=6e83e16698cbf60617e983b2a58cc34e076ff27567557c5d8921190c3d2df87d&amp;smart=true&amp;width=350&amp;height=308&amp;quality=85 350w, https:\/\/www.infobae.com\/resizer\/v2\/G57JPV4TQFBFVNU527JFMM4DTY.jpg?auth=6e83e16698cbf60617e983b2a58cc34e076ff27567557c5d8921190c3d2df87d&amp;smart=true&amp;width=420&amp;height=370&amp;quality=85 420w, https:\/\/www.infobae.com\/resizer\/v2\/G57JPV4TQFBFVNU527JFMM4DTY.jpg?auth=6e83e16698cbf60617e983b2a58cc34e076ff27567557c5d8921190c3d2df87d&amp;smart=true&amp;width=577&amp;height=508&amp;quality=85 577w, https:\/\/www.infobae.com\/resizer\/v2\/G57JPV4TQFBFVNU527JFMM4DTY.jpg?auth=6e83e16698cbf60617e983b2a58cc34e076ff27567557c5d8921190c3d2df87d&amp;smart=true&amp;width=768&amp;height=676&amp;quality=85 768w, https:\/\/www.infobae.com\/resizer\/v2\/G57JPV4TQFBFVNU527JFMM4DTY.jpg?auth=6e83e16698cbf60617e983b2a58cc34e076ff27567557c5d8921190c3d2df87d&amp;smart=true&amp;width=992&amp;height=874&amp;quality=85 992w\" alt=\"Tweet de Christopher Landau.\n\n\" data-amp-auto-lightbox-disable=\"true\" data-hero=\"true\" \/>Tweet de Christopher Landau.<\/div>\n<\/div>\n<p class=\"paragraph\">\u201cQue Dios descanse el alma de este valiente hombre\u201d, finaliz\u00f3 en su mensaje en X.<\/p>\n<div class=\"headline-wrapper\">\n<h2 class=\"header headline-class-h2\">El mensaje de su esposa tras la p\u00e9rdida<\/h2>\n<\/div>\n<p class=\"paragraph\"><b>La muerte del congresista fue confirmada minutos antes de que su esposa, Mar\u00eda Claudia Tarazona<\/b>, compartiera un emotivo mensaje en redes sociales. En \u00e9l, public\u00f3 una foto junto a su esposo y dedic\u00f3 unas palabras que resonaron entre sus seguidores:<\/p>\n<p class=\"paragraph\"><b>\u201cSiempre ser\u00e1s el amor de mi vida. Gracias por una vida llena de amor, gracias por ser un pap\u00e1 para las ni\u00f1as, el mejor pap\u00e1 para Alejandro.<\/b>\u00a0Pido a Dios me muestre el camino para aprender a vivir sin ti. Nuestro amor trasciende este plano f\u00edsico. Esp\u00e9rame, que cuando cumpla mi promesa con nuestros hijos, ir\u00e9 a buscarte y tendremos nuestra segunda oportunidad. Descansa en paz amor de mi vida, yo cuidar\u00e9 a nuestros hijos\u201d.<\/p>\n<div>\n<div class=\"amp_visual_image\"><img decoding=\"async\" class=\"i-amphtml-fill-content i-amphtml-replaced-content\" src=\"https:\/\/www.infobae.com\/resizer\/v2\/KV7QSKAK3JDJ5LGXAB6PWEXCUQ.JPG?auth=04bb8fc9779c7490054b25e048abb4023a5536705313af6340bc59ad94d3536a&amp;smart=true&amp;width=350&amp;height=263&amp;quality=85\" sizes=\"(max-width: 1366px) 1366px, 100vw\" srcset=\"https:\/\/www.infobae.com\/resizer\/v2\/KV7QSKAK3JDJ5LGXAB6PWEXCUQ.JPG?auth=04bb8fc9779c7490054b25e048abb4023a5536705313af6340bc59ad94d3536a&amp;smart=true&amp;width=350&amp;height=263&amp;quality=85 350w, https:\/\/www.infobae.com\/resizer\/v2\/KV7QSKAK3JDJ5LGXAB6PWEXCUQ.JPG?auth=04bb8fc9779c7490054b25e048abb4023a5536705313af6340bc59ad94d3536a&amp;smart=true&amp;width=420&amp;height=316&amp;quality=85 420w, https:\/\/www.infobae.com\/resizer\/v2\/KV7QSKAK3JDJ5LGXAB6PWEXCUQ.JPG?auth=04bb8fc9779c7490054b25e048abb4023a5536705313af6340bc59ad94d3536a&amp;smart=true&amp;width=577&amp;height=434&amp;quality=85 577w, https:\/\/www.infobae.com\/resizer\/v2\/KV7QSKAK3JDJ5LGXAB6PWEXCUQ.JPG?auth=04bb8fc9779c7490054b25e048abb4023a5536705313af6340bc59ad94d3536a&amp;smart=true&amp;width=768&amp;height=578&amp;quality=85 768w, https:\/\/www.infobae.com\/resizer\/v2\/KV7QSKAK3JDJ5LGXAB6PWEXCUQ.JPG?auth=04bb8fc9779c7490054b25e048abb4023a5536705313af6340bc59ad94d3536a&amp;smart=true&amp;width=992&amp;height=746&amp;quality=85 992w\" alt=\"Su esposa, Mar\u00eda Claudia Tarazona\" data-amp-auto-lightbox-disable=\"true\" data-hero=\"true\" \/>Su esposa, Mar\u00eda Claudia Tarazona public\u00f3 una foto junto a su esposo y dedic\u00f3 unas palabras que resonaron entre sus seguidores. &#8211; cr\u00e9dito Instagram @maclaudiat<\/div>\n<\/div>\n<p class=\"paragraph\">Uribe deja un hijo peque\u00f1o y a tres adolescentes hijas de su esposa, que acogi\u00f3 como propias.<\/p>\n<div class=\"headline-wrapper\">\n<h2 class=\"header headline-class-h2\">El atentado<\/h2>\n<\/div>\n<p class=\"paragraph\">El 7 de junio, durante un mitin en un barrio popular de Bogot\u00e1, un<b>\u00a0sicario de 15 a\u00f1os<\/b>\u00a0le dispar\u00f3 tres veces, sin que se conozcan los motivos.\u00a0<b>Dos de las balas impactaron su cabeza<\/b>.<\/p>\n<p class=\"paragraph\">Las autoridades han capturado a seis sospechosos relacionados con el ataque, incluido el pistolero. Entre los arrestados se encuentra\u00a0<b>Elder Jos\u00e9 Arteaga Hern\u00e1ndez, conocido como \u201cEl Coste\u00f1o\u201d<\/b>, supuesto cerebro log\u00edstico del ataque y por quien las autoridades iniciaron una cacer\u00eda nacional en las semanas posteriores.<\/p>\n<div>\n<div class=\"amp_visual_image\"><img decoding=\"async\" class=\"i-amphtml-fill-content i-amphtml-replaced-content\" src=\"https:\/\/www.infobae.com\/resizer\/v2\/YE6HYMIKNZDHHGBBRY7LHMDSDU.JPG?auth=3e150f2833420eeaa522c05c950215565df54866c9ef8897e3e4454e88d244d0&amp;smart=true&amp;width=350&amp;height=233&amp;quality=85\" sizes=\"(max-width: 1366px) 1366px, 100vw\" srcset=\"https:\/\/www.infobae.com\/resizer\/v2\/YE6HYMIKNZDHHGBBRY7LHMDSDU.JPG?auth=3e150f2833420eeaa522c05c950215565df54866c9ef8897e3e4454e88d244d0&amp;smart=true&amp;width=350&amp;height=233&amp;quality=85 350w, https:\/\/www.infobae.com\/resizer\/v2\/YE6HYMIKNZDHHGBBRY7LHMDSDU.JPG?auth=3e150f2833420eeaa522c05c950215565df54866c9ef8897e3e4454e88d244d0&amp;smart=true&amp;width=420&amp;height=280&amp;quality=85 420w, https:\/\/www.infobae.com\/resizer\/v2\/YE6HYMIKNZDHHGBBRY7LHMDSDU.JPG?auth=3e150f2833420eeaa522c05c950215565df54866c9ef8897e3e4454e88d244d0&amp;smart=true&amp;width=577&amp;height=385&amp;quality=85 577w, https:\/\/www.infobae.com\/resizer\/v2\/YE6HYMIKNZDHHGBBRY7LHMDSDU.JPG?auth=3e150f2833420eeaa522c05c950215565df54866c9ef8897e3e4454e88d244d0&amp;smart=true&amp;width=768&amp;height=512&amp;quality=85 768w, https:\/\/www.infobae.com\/resizer\/v2\/YE6HYMIKNZDHHGBBRY7LHMDSDU.JPG?auth=3e150f2833420eeaa522c05c950215565df54866c9ef8897e3e4454e88d244d0&amp;smart=true&amp;width=992&amp;height=661&amp;quality=85 992w\" alt=\"Una mujer pasa junto a\" data-amp-auto-lightbox-disable=\"true\" data-hero=\"true\" \/>Una mujer pasa junto a un mural en apoyo al senador colombiano Miguel Uribe Turbay, quien hab\u00eda estado hospitalizado desde que recibi\u00f3 un disparo en la cabeza el 7 de junio durante un evento de campa\u00f1a, despu\u00e9s de su muerte, en Bogot\u00e1, Colombia, el 11 de agosto de 2025. REUTERS\/Luisa Gonzalez<\/div>\n<\/div>\n<p class=\"paragraph\">La semana pasada el director de la polic\u00eda colombiana, Carlos Fernando Triana, dijo que \u201cmuy seguramente la Segunda Marquetelia\u201d, una disidencia guerrillera fundada por el hist\u00f3rico l\u00edder de las FARC Iv\u00e1n M\u00e1rquez, est\u00e1 detr\u00e1s de la planificaci\u00f3n del ataque.<\/p>\n<p class=\"paragraph\">Las autoridades sospechan que M\u00e1rquez y quien fuera su segundo al mando, alias Zarco Aldinever, est\u00e1n muertos, aunque esas versiones no han sido confirmadas.<\/p>\n<div class=\"pvc_clear\"><\/div>\n<p id=\"pvc_stats_29027\" class=\"pvc_stats all  \" data-element-id=\"29027\" style=\"\"><i class=\"pvc-stats-icon large\" aria-hidden=\"true\"><svg xmlns=\"http:\/\/www.w3.org\/2000\/svg\" version=\"1.0\" viewBox=\"0 0 502 315\" preserveAspectRatio=\"xMidYMid meet\"><g transform=\"translate(0,332) scale(0.1,-0.1)\" fill=\"\" stroke=\"none\"><path d=\"M2394 3279 l-29 -30 -3 -207 c-2 -182 0 -211 15 -242 39 -76 157 -76 196 0 15 31 17 60 15 243 l-3 209 -33 29 c-26 23 -41 29 -80 29 -41 0 -53 -5 -78 -31z\"\/><path d=\"M3085 3251 c-45 -19 -58 -50 -96 -229 -47 -217 -49 -260 -13 -295 52 -53 146 -42 177 20 16 31 87 366 87 410 0 70 -86 122 -155 94z\"\/><path d=\"M1751 3234 c-13 -9 -29 -31 -37 -50 -12 -29 -10 -49 21 -204 19 -94 39 -189 45 -210 14 -50 54 -80 110 -80 34 0 48 6 76 34 21 21 34 44 34 59 0 14 -18 113 -40 219 -37 178 -43 195 -70 221 -36 32 -101 37 -139 11z\"\/><path d=\"M1163 3073 c-36 -7 -73 -59 -73 -102 0 -56 133 -378 171 -413 34 -32 83 -37 129 -13 70 36 67 87 -16 290 -86 209 -89 214 -129 231 -35 14 -42 15 -82 7z\"\/><path d=\"M3689 3066 c-15 -9 -33 -30 -42 -48 -48 -103 -147 -355 -147 -375 0 -98 131 -148 192 -74 13 15 57 108 97 206 80 196 84 226 37 273 -30 30 -99 39 -137 18z\"\/><path d=\"M583 2784 c-38 -19 -67 -74 -58 -113 9 -42 211 -354 242 -373 16 -10 45 -18 66 -18 51 0 107 52 107 100 0 39 -1 41 -124 234 -80 126 -108 162 -133 173 -41 17 -61 16 -100 -3z\"\/><path d=\"M4250 2784 c-14 -9 -74 -91 -133 -183 -95 -150 -107 -173 -107 -213 0 -55 33 -94 87 -104 67 -13 90 8 211 198 130 202 137 225 78 284 -27 27 -42 34 -72 34 -22 0 -50 -8 -64 -16z\"\/><path d=\"M2275 2693 c-553 -48 -1095 -270 -1585 -649 -135 -104 -459 -423 -483 -476 -23 -49 -22 -139 2 -186 73 -142 361 -457 571 -626 285 -228 642 -407 990 -497 242 -63 336 -73 660 -74 310 0 370 5 595 52 535 111 1045 392 1455 803 122 121 250 273 275 326 19 41 19 137 0 174 -41 79 -309 363 -465 492 -447 370 -946 591 -1479 653 -113 14 -422 18 -536 8z m395 -428 c171 -34 330 -124 456 -258 112 -119 167 -219 211 -378 27 -96 24 -300 -5 -401 -72 -255 -236 -447 -474 -557 -132 -62 -201 -76 -368 -76 -167 0 -236 14 -368 76 -213 98 -373 271 -451 485 -162 444 86 934 547 1084 153 49 292 57 452 25z m909 -232 c222 -123 408 -262 593 -441 76 -74 138 -139 138 -144 0 -16 -233 -242 -330 -319 -155 -123 -309 -223 -461 -299 l-81 -41 32 46 c18 26 49 83 70 128 143 306 141 649 -6 957 -25 52 -61 116 -79 142 l-34 47 45 -20 c26 -10 76 -36 113 -56z m-2057 25 c-40 -58 -105 -190 -130 -263 -110 -324 -59 -707 132 -981 25 -35 42 -64 37 -64 -19 0 -241 119 -326 174 -188 122 -406 314 -532 468 l-58 71 108 103 c185 178 428 349 672 473 66 33 121 60 123 61 2 0 -10 -19 -26 -42z\"\/><path d=\"M2375 1950 c-198 -44 -350 -190 -395 -379 -18 -76 -8 -221 19 -290 114 -284 457 -406 731 -260 98 52 188 154 231 260 27 69 37 214 19 290 -38 163 -166 304 -326 360 -67 23 -215 33 -279 19z\"\/><\/g><\/svg><\/i> <img decoding=\"async\" width=\"16\" height=\"16\" alt=\"Loading\" src=\"https:\/\/esviafm.com\/wp-content\/plugins\/page-views-count\/ajax-loader-2x.gif\" border=0 \/><\/p>\n<div class=\"pvc_clear\"><\/div>\n","protected":false},"excerpt":{"rendered":"<p>El secretario de Estado de EEUU, Marco Rubio, exigi\u00f3 justicia tras conocerse la\u00a0muerte del candidato presidencial colombiano Miguel Uribe Turbay. El pol\u00edtico norteamericano asegur\u00f3 en su publicaci\u00f3n que\u00a0\u201cEstados Unidos se solidariza con su familia, el pueblo colombiano, tanto en el duelo como en la exigencia de justicia para los responsables\u201d. El senador de la Rep\u00fablica [&hellip;]<\/p>\n<div class=\"pvc_clear\"><\/div>\n<p id=\"pvc_stats_29027\" class=\"pvc_stats all  \" data-element-id=\"29027\" style=\"\"><i class=\"pvc-stats-icon large\" aria-hidden=\"true\"><svg xmlns=\"http:\/\/www.w3.org\/2000\/svg\" version=\"1.0\" viewBox=\"0 0 502 315\" preserveAspectRatio=\"xMidYMid meet\"><g transform=\"translate(0,332) scale(0.1,-0.1)\" fill=\"\" stroke=\"none\"><path d=\"M2394 3279 l-29 -30 -3 -207 c-2 -182 0 -211 15 -242 39 -76 157 -76 196 0 15 31 17 60 15 243 l-3 209 -33 29 c-26 23 -41 29 -80 29 -41 0 -53 -5 -78 -31z\"\/><path d=\"M3085 3251 c-45 -19 -58 -50 -96 -229 -47 -217 -49 -260 -13 -295 52 -53 146 -42 177 20 16 31 87 366 87 410 0 70 -86 122 -155 94z\"\/><path d=\"M1751 3234 c-13 -9 -29 -31 -37 -50 -12 -29 -10 -49 21 -204 19 -94 39 -189 45 -210 14 -50 54 -80 110 -80 34 0 48 6 76 34 21 21 34 44 34 59 0 14 -18 113 -40 219 -37 178 -43 195 -70 221 -36 32 -101 37 -139 11z\"\/><path d=\"M1163 3073 c-36 -7 -73 -59 -73 -102 0 -56 133 -378 171 -413 34 -32 83 -37 129 -13 70 36 67 87 -16 290 -86 209 -89 214 -129 231 -35 14 -42 15 -82 7z\"\/><path d=\"M3689 3066 c-15 -9 -33 -30 -42 -48 -48 -103 -147 -355 -147 -375 0 -98 131 -148 192 -74 13 15 57 108 97 206 80 196 84 226 37 273 -30 30 -99 39 -137 18z\"\/><path d=\"M583 2784 c-38 -19 -67 -74 -58 -113 9 -42 211 -354 242 -373 16 -10 45 -18 66 -18 51 0 107 52 107 100 0 39 -1 41 -124 234 -80 126 -108 162 -133 173 -41 17 -61 16 -100 -3z\"\/><path d=\"M4250 2784 c-14 -9 -74 -91 -133 -183 -95 -150 -107 -173 -107 -213 0 -55 33 -94 87 -104 67 -13 90 8 211 198 130 202 137 225 78 284 -27 27 -42 34 -72 34 -22 0 -50 -8 -64 -16z\"\/><path d=\"M2275 2693 c-553 -48 -1095 -270 -1585 -649 -135 -104 -459 -423 -483 -476 -23 -49 -22 -139 2 -186 73 -142 361 -457 571 -626 285 -228 642 -407 990 -497 242 -63 336 -73 660 -74 310 0 370 5 595 52 535 111 1045 392 1455 803 122 121 250 273 275 326 19 41 19 137 0 174 -41 79 -309 363 -465 492 -447 370 -946 591 -1479 653 -113 14 -422 18 -536 8z m395 -428 c171 -34 330 -124 456 -258 112 -119 167 -219 211 -378 27 -96 24 -300 -5 -401 -72 -255 -236 -447 -474 -557 -132 -62 -201 -76 -368 -76 -167 0 -236 14 -368 76 -213 98 -373 271 -451 485 -162 444 86 934 547 1084 153 49 292 57 452 25z m909 -232 c222 -123 408 -262 593 -441 76 -74 138 -139 138 -144 0 -16 -233 -242 -330 -319 -155 -123 -309 -223 -461 -299 l-81 -41 32 46 c18 26 49 83 70 128 143 306 141 649 -6 957 -25 52 -61 116 -79 142 l-34 47 45 -20 c26 -10 76 -36 113 -56z m-2057 25 c-40 -58 -105 -190 -130 -263 -110 -324 -59 -707 132 -981 25 -35 42 -64 37 -64 -19 0 -241 119 -326 174 -188 122 -406 314 -532 468 l-58 71 108 103 c185 178 428 349 672 473 66 33 121 60 123 61 2 0 -10 -19 -26 -42z\"\/><path d=\"M2375 1950 c-198 -44 -350 -190 -395 -379 -18 -76 -8 -221 19 -290 114 -284 457 -406 731 -260 98 52 188 154 231 260 27 69 37 214 19 290 -38 163 -166 304 -326 360 -67 23 -215 33 -279 19z\"\/><\/g><\/svg><\/i> <img decoding=\"async\" width=\"16\" height=\"16\" alt=\"Loading\" src=\"https:\/\/esviafm.com\/wp-content\/plugins\/page-views-count\/ajax-loader-2x.gif\" border=0 \/><\/p>\n<div class=\"pvc_clear\"><\/div>\n","protected":false},"author":5,"featured_media":0,"comment_status":"open","ping_status":"open","sticky":false,"template":"","format":"standard","meta":{"_et_pb_use_builder":"","_et_pb_old_content":"","_et_gb_content_width":"","footnotes":""},"categories":[17],"tags":[],"class_list":["post-29027","post","type-post","status-publish","format-standard","hentry","category-internacionales"],"_links":{"self":[{"href":"https:\/\/esviafm.com\/index.php\/wp-json\/wp\/v2\/posts\/29027","targetHints":{"allow":["GET"]}}],"collection":[{"href":"https:\/\/esviafm.com\/index.php\/wp-json\/wp\/v2\/posts"}],"about":[{"href":"https:\/\/esviafm.com\/index.php\/wp-json\/wp\/v2\/types\/post"}],"author":[{"embeddable":true,"href":"https:\/\/esviafm.com\/index.php\/wp-json\/wp\/v2\/users\/5"}],"replies":[{"embeddable":true,"href":"https:\/\/esviafm.com\/index.php\/wp-json\/wp\/v2\/comments?post=29027"}],"version-history":[{"count":1,"href":"https:\/\/esviafm.com\/index.php\/wp-json\/wp\/v2\/posts\/29027\/revisions"}],"predecessor-version":[{"id":29029,"href":"https:\/\/esviafm.com\/index.php\/wp-json\/wp\/v2\/posts\/29027\/revisions\/29029"}],"wp:attachment":[{"href":"https:\/\/esviafm.com\/index.php\/wp-json\/wp\/v2\/media?parent=29027"}],"wp:term":[{"taxonomy":"category","embeddable":true,"href":"https:\/\/esviafm.com\/index.php\/wp-json\/wp\/v2\/categories?post=29027"},{"taxonomy":"post_tag","embeddable":true,"href":"https:\/\/esviafm.com\/index.php\/wp-json\/wp\/v2\/tags?post=29027"}],"curies":[{"name":"wp","href":"https:\/\/api.w.org\/{rel}","templated":true}]}}