{"id":27974,"date":"2025-07-07T06:59:43","date_gmt":"2025-07-07T11:29:43","guid":{"rendered":"https:\/\/esviafm.com\/?p=27974"},"modified":"2025-07-07T06:59:43","modified_gmt":"2025-07-07T11:29:43","slug":"cumbre-de-los-brics-arrancara-en-rio-de-janeiro-enfocada-en-consolidar-la-voz-comun-del-sur-global","status":"publish","type":"post","link":"https:\/\/esviafm.com\/index.php\/cumbre-de-los-brics-arrancara-en-rio-de-janeiro-enfocada-en-consolidar-la-voz-comun-del-sur-global\/","title":{"rendered":"Cumbre de los Brics arrancar\u00e1 en R\u00edo de Janeiro enfocada en consolidar la voz com\u00fan del Sur Global"},"content":{"rendered":"<p>Este domingo arrancar\u00e1 formalmente en la ciudad de\u00a0<strong>R\u00edo de Janeiro<\/strong>\u00a0la<strong>\u00a0Cumbre de los Brics\u00a0<\/strong>con la\u00a0<strong>presencia de jefes de Estado, ministros y asesores de los pa\u00edses miembros<\/strong>, adem\u00e1s de delegaciones invitadas<\/p>\n<p><strong>La cita\u00a0<\/strong>en la localidad brasile\u00f1a, que\u00a0<strong>pasa por ser la m\u00e1s relevante de los Brics en 2025<\/strong>, se celebrar\u00e1 en el Museo de Arte Moderno (MAM) hasta el lunes 7 de julio.<\/p>\n<p><strong>Esta cumbre<\/strong>\u00a0ser\u00e1 especialmente relevante, ya que\u00a0<strong>marcar\u00e1 la consolidaci\u00f3n del bloque ampliado del grupo econ\u00f3mico\u00a0<\/strong>y la oportunidad para que\u00a0<strong>Brasil refuerce su liderazgo regional y global<\/strong>.<\/p>\n<p><strong>Consolidar una voz com\u00fan del Sur Global\u00a0<\/strong>en temas estrat\u00e9gicos como la\u00a0<strong>gobernanza tecnol\u00f3gica<\/strong>,\u00a0<strong>la salud, el financiamiento clim\u00e1tico y la reforma del sistema multilateral<\/strong>, son unos de los o<strong>bjetivos claros de la cumbre<\/strong>.<\/p>\n<p>Por su parte, como presidente de los Brics,\u00a0<strong>Brasil se centra\u00a0<\/strong>en el tema del \u00ab<strong>fortalecimiento de la cooperaci\u00f3n del Sur Global para una gobernanza m\u00e1s inclusiva y sostenible<\/strong>\u00bb.<\/p>\n<p>Varios de los\u00a0<strong>jefes de Estado del bloque han confirmado la asistencia a la cumbre<\/strong>.\u00a0<strong>Rusia estar\u00e1 representada por su canciller<\/strong>, Sergu\u00e9i Lavrov, mientras que el\u00a0<strong>presidente ruso, Vlad\u00edmir Putin, participar\u00e1 a trav\u00e9s de videoconferencia<\/strong>\u00a0en la sesi\u00f3n plenaria de la cumbre.<\/p>\n<p>La\u00a0<strong>delegaci\u00f3n china<\/strong>\u00a0la encabezar\u00e1 el\u00a0<strong>primer ministro, Li Qiang<\/strong>, y por Egipto acudir\u00e1n representantes de alto nivel.<\/p>\n<p><strong>El grupo<\/strong>\u00a0originalmente\u00a0<strong>formado por Brasil, Rusia, la India, China y Sud\u00e1frica, ha engrosado sus filas en los \u00faltimos a\u00f1os<\/strong>.<\/p>\n<p><strong>A los pa\u00edses fundadores se suman<\/strong>\u00a0en la actualidad, adem\u00e1s de<strong>\u00a0Ir\u00e1n<\/strong>, pa\u00edses como<strong>\u00a0Arabia Saudita, Egipto, Etiop\u00eda, Emiratos \u00c1rabes Unidos e Indonesia<\/strong>. Naciones como\u00a0<strong>Bielorrusia, Bolivia, Kazajist\u00e1n, Cuba, Malasia, Nigeria, Tailandia, Uganda y Uzbekist\u00e1n figuran como socios del grupo<\/strong>.<\/p>\n<p>La\u00a0<strong>Cumbre de los Brics en Brasil\u00a0<\/strong>marcar\u00e1 un cambio hist\u00f3rico ya que el\u00a0<strong>bloque busca convertirse en un eje central del orden mundial<\/strong>,\u00a0<strong>desafiando la hegemon\u00eda occidental<\/strong>\u00a0y las reglas impuestas desde el siglo XX.<\/p>\n<p><strong>Tras recientes conflictos globales<\/strong>\u00a0y crisis en la OTAN, los\u00a0<strong>Brics se consolidan como potencia econ\u00f3mica, diplom\u00e1tica y civilizacional,<\/strong>\u00a0con iniciativas propias como el\u00a0<strong>Nuevo Banco de Desarrollo y una moneda alternativa al d\u00f3lar.<\/strong><\/p>\n<p>En la Cumbre de los Brics 2025, los<strong>\u00a0movimientos sociales, sindicatos, acad\u00e9micos y organizaciones civiles<\/strong>\u00a0de los diez pa\u00edses miembros del bloque<strong>\u00a0contar\u00e1n con un espacio<\/strong>\u00a0oficial para\u00a0<strong>presentar sus agendas<\/strong>\u00a0directamente a los\u00a0<strong>jefes de estado asistentes a la cita<\/strong>.<\/p>\n<p>La<strong>\u00a0iniciativa tendr\u00e1 lugar este domingo durante la sesi\u00f3n plenaria de la cumbre\u00a0<\/strong>que se celebrar\u00e1 bajo la presidencia brasile\u00f1a del grupo.<\/p>\n<p>El\u00a0<strong>Consejo Popular del Brics<\/strong>\u00a0o\u00a0<strong>Consejo de los Pueblos logr\u00f3 su reconocimiento formal como \u00f3rgano consultivo tras la Declaraci\u00f3n de Kaz\u00e1n en 2024<\/strong>, donde los l\u00edderes del bloque aceptaron institucionalizar la participaci\u00f3n de la sociedad civil en sus decisiones.<\/p>\n<div class=\"pvc_clear\"><\/div>\n<p id=\"pvc_stats_27974\" class=\"pvc_stats all  \" data-element-id=\"27974\" style=\"\"><i class=\"pvc-stats-icon large\" aria-hidden=\"true\"><svg xmlns=\"http:\/\/www.w3.org\/2000\/svg\" version=\"1.0\" viewBox=\"0 0 502 315\" preserveAspectRatio=\"xMidYMid meet\"><g transform=\"translate(0,332) scale(0.1,-0.1)\" fill=\"\" stroke=\"none\"><path d=\"M2394 3279 l-29 -30 -3 -207 c-2 -182 0 -211 15 -242 39 -76 157 -76 196 0 15 31 17 60 15 243 l-3 209 -33 29 c-26 23 -41 29 -80 29 -41 0 -53 -5 -78 -31z\"\/><path d=\"M3085 3251 c-45 -19 -58 -50 -96 -229 -47 -217 -49 -260 -13 -295 52 -53 146 -42 177 20 16 31 87 366 87 410 0 70 -86 122 -155 94z\"\/><path d=\"M1751 3234 c-13 -9 -29 -31 -37 -50 -12 -29 -10 -49 21 -204 19 -94 39 -189 45 -210 14 -50 54 -80 110 -80 34 0 48 6 76 34 21 21 34 44 34 59 0 14 -18 113 -40 219 -37 178 -43 195 -70 221 -36 32 -101 37 -139 11z\"\/><path d=\"M1163 3073 c-36 -7 -73 -59 -73 -102 0 -56 133 -378 171 -413 34 -32 83 -37 129 -13 70 36 67 87 -16 290 -86 209 -89 214 -129 231 -35 14 -42 15 -82 7z\"\/><path d=\"M3689 3066 c-15 -9 -33 -30 -42 -48 -48 -103 -147 -355 -147 -375 0 -98 131 -148 192 -74 13 15 57 108 97 206 80 196 84 226 37 273 -30 30 -99 39 -137 18z\"\/><path d=\"M583 2784 c-38 -19 -67 -74 -58 -113 9 -42 211 -354 242 -373 16 -10 45 -18 66 -18 51 0 107 52 107 100 0 39 -1 41 -124 234 -80 126 -108 162 -133 173 -41 17 -61 16 -100 -3z\"\/><path d=\"M4250 2784 c-14 -9 -74 -91 -133 -183 -95 -150 -107 -173 -107 -213 0 -55 33 -94 87 -104 67 -13 90 8 211 198 130 202 137 225 78 284 -27 27 -42 34 -72 34 -22 0 -50 -8 -64 -16z\"\/><path d=\"M2275 2693 c-553 -48 -1095 -270 -1585 -649 -135 -104 -459 -423 -483 -476 -23 -49 -22 -139 2 -186 73 -142 361 -457 571 -626 285 -228 642 -407 990 -497 242 -63 336 -73 660 -74 310 0 370 5 595 52 535 111 1045 392 1455 803 122 121 250 273 275 326 19 41 19 137 0 174 -41 79 -309 363 -465 492 -447 370 -946 591 -1479 653 -113 14 -422 18 -536 8z m395 -428 c171 -34 330 -124 456 -258 112 -119 167 -219 211 -378 27 -96 24 -300 -5 -401 -72 -255 -236 -447 -474 -557 -132 -62 -201 -76 -368 -76 -167 0 -236 14 -368 76 -213 98 -373 271 -451 485 -162 444 86 934 547 1084 153 49 292 57 452 25z m909 -232 c222 -123 408 -262 593 -441 76 -74 138 -139 138 -144 0 -16 -233 -242 -330 -319 -155 -123 -309 -223 -461 -299 l-81 -41 32 46 c18 26 49 83 70 128 143 306 141 649 -6 957 -25 52 -61 116 -79 142 l-34 47 45 -20 c26 -10 76 -36 113 -56z m-2057 25 c-40 -58 -105 -190 -130 -263 -110 -324 -59 -707 132 -981 25 -35 42 -64 37 -64 -19 0 -241 119 -326 174 -188 122 -406 314 -532 468 l-58 71 108 103 c185 178 428 349 672 473 66 33 121 60 123 61 2 0 -10 -19 -26 -42z\"\/><path d=\"M2375 1950 c-198 -44 -350 -190 -395 -379 -18 -76 -8 -221 19 -290 114 -284 457 -406 731 -260 98 52 188 154 231 260 27 69 37 214 19 290 -38 163 -166 304 -326 360 -67 23 -215 33 -279 19z\"\/><\/g><\/svg><\/i> <img decoding=\"async\" width=\"16\" height=\"16\" alt=\"Loading\" src=\"https:\/\/esviafm.com\/wp-content\/plugins\/page-views-count\/ajax-loader-2x.gif\" border=0 \/><\/p>\n<div class=\"pvc_clear\"><\/div>\n","protected":false},"excerpt":{"rendered":"<p>Este domingo arrancar\u00e1 formalmente en la ciudad de\u00a0R\u00edo de Janeiro\u00a0la\u00a0Cumbre de los Brics\u00a0con la\u00a0presencia de jefes de Estado, ministros y asesores de los pa\u00edses miembros, adem\u00e1s de delegaciones invitadas La cita\u00a0en la localidad brasile\u00f1a, que\u00a0pasa por ser la m\u00e1s relevante de los Brics en 2025, se celebrar\u00e1 en el Museo de Arte Moderno (MAM) hasta [&hellip;]<\/p>\n<div class=\"pvc_clear\"><\/div>\n<p id=\"pvc_stats_27974\" class=\"pvc_stats all  \" data-element-id=\"27974\" style=\"\"><i class=\"pvc-stats-icon large\" aria-hidden=\"true\"><svg xmlns=\"http:\/\/www.w3.org\/2000\/svg\" version=\"1.0\" viewBox=\"0 0 502 315\" preserveAspectRatio=\"xMidYMid meet\"><g transform=\"translate(0,332) scale(0.1,-0.1)\" fill=\"\" stroke=\"none\"><path d=\"M2394 3279 l-29 -30 -3 -207 c-2 -182 0 -211 15 -242 39 -76 157 -76 196 0 15 31 17 60 15 243 l-3 209 -33 29 c-26 23 -41 29 -80 29 -41 0 -53 -5 -78 -31z\"\/><path d=\"M3085 3251 c-45 -19 -58 -50 -96 -229 -47 -217 -49 -260 -13 -295 52 -53 146 -42 177 20 16 31 87 366 87 410 0 70 -86 122 -155 94z\"\/><path d=\"M1751 3234 c-13 -9 -29 -31 -37 -50 -12 -29 -10 -49 21 -204 19 -94 39 -189 45 -210 14 -50 54 -80 110 -80 34 0 48 6 76 34 21 21 34 44 34 59 0 14 -18 113 -40 219 -37 178 -43 195 -70 221 -36 32 -101 37 -139 11z\"\/><path d=\"M1163 3073 c-36 -7 -73 -59 -73 -102 0 -56 133 -378 171 -413 34 -32 83 -37 129 -13 70 36 67 87 -16 290 -86 209 -89 214 -129 231 -35 14 -42 15 -82 7z\"\/><path d=\"M3689 3066 c-15 -9 -33 -30 -42 -48 -48 -103 -147 -355 -147 -375 0 -98 131 -148 192 -74 13 15 57 108 97 206 80 196 84 226 37 273 -30 30 -99 39 -137 18z\"\/><path d=\"M583 2784 c-38 -19 -67 -74 -58 -113 9 -42 211 -354 242 -373 16 -10 45 -18 66 -18 51 0 107 52 107 100 0 39 -1 41 -124 234 -80 126 -108 162 -133 173 -41 17 -61 16 -100 -3z\"\/><path d=\"M4250 2784 c-14 -9 -74 -91 -133 -183 -95 -150 -107 -173 -107 -213 0 -55 33 -94 87 -104 67 -13 90 8 211 198 130 202 137 225 78 284 -27 27 -42 34 -72 34 -22 0 -50 -8 -64 -16z\"\/><path d=\"M2275 2693 c-553 -48 -1095 -270 -1585 -649 -135 -104 -459 -423 -483 -476 -23 -49 -22 -139 2 -186 73 -142 361 -457 571 -626 285 -228 642 -407 990 -497 242 -63 336 -73 660 -74 310 0 370 5 595 52 535 111 1045 392 1455 803 122 121 250 273 275 326 19 41 19 137 0 174 -41 79 -309 363 -465 492 -447 370 -946 591 -1479 653 -113 14 -422 18 -536 8z m395 -428 c171 -34 330 -124 456 -258 112 -119 167 -219 211 -378 27 -96 24 -300 -5 -401 -72 -255 -236 -447 -474 -557 -132 -62 -201 -76 -368 -76 -167 0 -236 14 -368 76 -213 98 -373 271 -451 485 -162 444 86 934 547 1084 153 49 292 57 452 25z m909 -232 c222 -123 408 -262 593 -441 76 -74 138 -139 138 -144 0 -16 -233 -242 -330 -319 -155 -123 -309 -223 -461 -299 l-81 -41 32 46 c18 26 49 83 70 128 143 306 141 649 -6 957 -25 52 -61 116 -79 142 l-34 47 45 -20 c26 -10 76 -36 113 -56z m-2057 25 c-40 -58 -105 -190 -130 -263 -110 -324 -59 -707 132 -981 25 -35 42 -64 37 -64 -19 0 -241 119 -326 174 -188 122 -406 314 -532 468 l-58 71 108 103 c185 178 428 349 672 473 66 33 121 60 123 61 2 0 -10 -19 -26 -42z\"\/><path d=\"M2375 1950 c-198 -44 -350 -190 -395 -379 -18 -76 -8 -221 19 -290 114 -284 457 -406 731 -260 98 52 188 154 231 260 27 69 37 214 19 290 -38 163 -166 304 -326 360 -67 23 -215 33 -279 19z\"\/><\/g><\/svg><\/i> <img decoding=\"async\" width=\"16\" height=\"16\" alt=\"Loading\" src=\"https:\/\/esviafm.com\/wp-content\/plugins\/page-views-count\/ajax-loader-2x.gif\" border=0 \/><\/p>\n<div class=\"pvc_clear\"><\/div>\n","protected":false},"author":1,"featured_media":0,"comment_status":"open","ping_status":"open","sticky":false,"template":"","format":"standard","meta":{"_et_pb_use_builder":"","_et_pb_old_content":"","_et_gb_content_width":"","footnotes":""},"categories":[1],"tags":[],"class_list":["post-27974","post","type-post","status-publish","format-standard","hentry","category-sin-categoria"],"_links":{"self":[{"href":"https:\/\/esviafm.com\/index.php\/wp-json\/wp\/v2\/posts\/27974","targetHints":{"allow":["GET"]}}],"collection":[{"href":"https:\/\/esviafm.com\/index.php\/wp-json\/wp\/v2\/posts"}],"about":[{"href":"https:\/\/esviafm.com\/index.php\/wp-json\/wp\/v2\/types\/post"}],"author":[{"embeddable":true,"href":"https:\/\/esviafm.com\/index.php\/wp-json\/wp\/v2\/users\/1"}],"replies":[{"embeddable":true,"href":"https:\/\/esviafm.com\/index.php\/wp-json\/wp\/v2\/comments?post=27974"}],"version-history":[{"count":1,"href":"https:\/\/esviafm.com\/index.php\/wp-json\/wp\/v2\/posts\/27974\/revisions"}],"predecessor-version":[{"id":27976,"href":"https:\/\/esviafm.com\/index.php\/wp-json\/wp\/v2\/posts\/27974\/revisions\/27976"}],"wp:attachment":[{"href":"https:\/\/esviafm.com\/index.php\/wp-json\/wp\/v2\/media?parent=27974"}],"wp:term":[{"taxonomy":"category","embeddable":true,"href":"https:\/\/esviafm.com\/index.php\/wp-json\/wp\/v2\/categories?post=27974"},{"taxonomy":"post_tag","embeddable":true,"href":"https:\/\/esviafm.com\/index.php\/wp-json\/wp\/v2\/tags?post=27974"}],"curies":[{"name":"wp","href":"https:\/\/api.w.org\/{rel}","templated":true}]}}