{"id":27179,"date":"2025-06-13T09:06:00","date_gmt":"2025-06-13T13:36:00","guid":{"rendered":"https:\/\/esviafm.com\/?p=27179"},"modified":"2025-06-13T09:06:00","modified_gmt":"2025-06-13T13:36:00","slug":"hollywood-contra-trump-celebridades-alzan-su-voz-contra-las-redadas","status":"publish","type":"post","link":"https:\/\/esviafm.com\/index.php\/hollywood-contra-trump-celebridades-alzan-su-voz-contra-las-redadas\/","title":{"rendered":"Hollywood contra Trump: celebridades alzan su voz contra las redadas"},"content":{"rendered":"<p><strong>Celebridades de Hollywood como Kim Kardashian, Eva Longoria o Katy Perry<\/strong>\u00a0y artistas hispanos que abarcan desde Pedro Pascal a Gloria Estefan<strong>\u00a0han mostrado en los \u00faltimos d\u00edas su apoyo a las protestas contra las\u00a0<a href=\"https:\/\/www.elnacional.com\/bbc-news-mundo\/la-tormenta-perfecta-que-generan-las-redadas-de-trump\/\" target=\"_blank\" rel=\"noopener\">redadas migratorias del presidente de Estados Unidos<\/a><\/strong>, Donald Trump.<\/p>\n<p>La estrella televisiva\u00a0<strong>Kim Kardashian fue una de las \u00faltimas en tildar las redadas del Servicio de Inmigraci\u00f3n de Estados Unidos (ICE) en Los \u00c1ngeles como \u00abinhumanas\u00bb<\/strong>\u00a0y en defender la contribuci\u00f3n de los inmigrantes a la sociedad estadounidense.<\/p>\n<p>\u00abCreciendo en Los \u00c1ngeles,\u00a0<strong>he visto cu\u00e1n profundamente los inmigrantes est\u00e1n integrados en el tejido de esta ciudad<\/strong>. Son nuestros vecinos, amigos, compa\u00f1eros de clase y trabajo, y familiares\u00bb, comparti\u00f3 en un texto difundido en sus redes sociales.<\/p>\n<p><strong>Un mensaje similar transmiti\u00f3 la cantante estadounidense Katy Perry<\/strong>, en el que se pregunt\u00f3 c\u00f3mo \u00abuna ciudad construida sobre el trabajo, la historia y la cultura mexicanas dar un giro y criminalizar a las mismas personas que la moldearon\u00bb.<\/p>\n<p><strong>Phinneas O\u2019Connell, ganador de un Grammy y hermano de la cantante Billie Eilish, no solo ha mostrado su rechazo a las pol\u00edticas de Trump,\u00a0<\/strong>sino que adem\u00e1s relat\u00f3 que el pasado fin de semana estuvo presente en las masivas protestas de Los \u00c1ngeles.<\/p>\n<p>\u00ab<strong>Arrojaron gases lacrim\u00f3genos casi de inmediato contra la protesta, que era muy pac\u00edfica<\/strong>, en el centro. Est\u00e1n incitando esto\u00bb, escribi\u00f3 el cantante estadounidense en sus redes, seg\u00fan recoge\u00a0<em>The Independent<\/em>.<\/p>\n<p><strong>Mark Ruffalo, una de las voces m\u00e1s cr\u00edticas con Trump, tambi\u00e9n ha criticado en sus redes sociales la actuaci\u00f3n del Gobierno frente a las manifestaciones<\/strong>\u00a0y destac\u00f3 la desigualdad de clases que encubren las deportaciones.<\/p>\n<h2><b>La comunidad hispana clama al cielo contra Trump<\/b><\/h2>\n<p><strong>Los artistas con ra\u00edces hispanas han alzado la voz contra las redadas y se han posicionado en favor de los manifestantes<\/strong>\u00a0que protestas de manera pac\u00edficas desde hace seis d\u00edas en la ciudad californiana.<\/p>\n<p>Es el caso de\u00a0<strong>Eva Longoria, de ra\u00edces hispanomexicanas, que en un video compartido en sus redes sociales llam\u00f3 a tener m\u00e1s compasi\u00f3n<\/strong>\u00a0por la gente que migra a otros pa\u00edses en busca de una vida mejor.<\/p>\n<p>\u00abTodos estamos de acuerdo en que nadie quiere criminales en nuestro pa\u00eds (\u2026) pero no es lo que est\u00e1 pasando.\u00a0<strong>Estas redadas est\u00e1n sucediendo en fiestas de cumplea\u00f1os, en graduaciones, en tiendas\u2026 esos no son criminales<\/strong>\u00ab, dijo la actriz.<\/p>\n<p>Tambi\u00e9n el querido actor chileno-estadounidense\u00a0<strong>Pedro Pascal comparti\u00f3 un video en el que se ve a varias personas sujetando banderas de diferentes pa\u00edses de Latinoam\u00e9rica<\/strong>, defendiendo a un Los \u00c1ngeles que fue construido \u00abpor lo mejor de Estados Unidos\u00bb.<\/p>\n<p>\u00abNo son criminales, son el coraz\u00f3n de Los \u00c1ngeles\u00bb, destacan las im\u00e1genes.<\/p>\n<p>La cantante\u00a0<strong>Chiquis Rivera, hija de la fallecida estrella Jenni Rivera, realiz\u00f3 un video en vivo con una abogada experta para informar acerca de los derechos de las personas migrantes en Estados Unidos.<\/strong><\/p>\n<p>La cantante cubano-estadounidense\u00a0<strong>Gloria Estefan expres\u00f3 su preocupaci\u00f3n por la \u00abp\u00e9rdida de humanidad\u00bb con las pol\u00edticas migratorias.<\/strong>\u00a0\u00abNo reconozco a mi pa\u00eds\u00bb, lament\u00f3 la cantante, al recordar el momento en el que presenci\u00f3 un operativo en el que los funcionarios del Gobierno estadounidense separaban a una madre de su beb\u00e9.<\/p>\n<div class=\"pvc_clear\"><\/div>\n<p id=\"pvc_stats_27179\" class=\"pvc_stats all  \" data-element-id=\"27179\" style=\"\"><i class=\"pvc-stats-icon large\" aria-hidden=\"true\"><svg xmlns=\"http:\/\/www.w3.org\/2000\/svg\" version=\"1.0\" viewBox=\"0 0 502 315\" preserveAspectRatio=\"xMidYMid meet\"><g transform=\"translate(0,332) scale(0.1,-0.1)\" fill=\"\" stroke=\"none\"><path d=\"M2394 3279 l-29 -30 -3 -207 c-2 -182 0 -211 15 -242 39 -76 157 -76 196 0 15 31 17 60 15 243 l-3 209 -33 29 c-26 23 -41 29 -80 29 -41 0 -53 -5 -78 -31z\"\/><path d=\"M3085 3251 c-45 -19 -58 -50 -96 -229 -47 -217 -49 -260 -13 -295 52 -53 146 -42 177 20 16 31 87 366 87 410 0 70 -86 122 -155 94z\"\/><path d=\"M1751 3234 c-13 -9 -29 -31 -37 -50 -12 -29 -10 -49 21 -204 19 -94 39 -189 45 -210 14 -50 54 -80 110 -80 34 0 48 6 76 34 21 21 34 44 34 59 0 14 -18 113 -40 219 -37 178 -43 195 -70 221 -36 32 -101 37 -139 11z\"\/><path d=\"M1163 3073 c-36 -7 -73 -59 -73 -102 0 -56 133 -378 171 -413 34 -32 83 -37 129 -13 70 36 67 87 -16 290 -86 209 -89 214 -129 231 -35 14 -42 15 -82 7z\"\/><path d=\"M3689 3066 c-15 -9 -33 -30 -42 -48 -48 -103 -147 -355 -147 -375 0 -98 131 -148 192 -74 13 15 57 108 97 206 80 196 84 226 37 273 -30 30 -99 39 -137 18z\"\/><path d=\"M583 2784 c-38 -19 -67 -74 -58 -113 9 -42 211 -354 242 -373 16 -10 45 -18 66 -18 51 0 107 52 107 100 0 39 -1 41 -124 234 -80 126 -108 162 -133 173 -41 17 -61 16 -100 -3z\"\/><path d=\"M4250 2784 c-14 -9 -74 -91 -133 -183 -95 -150 -107 -173 -107 -213 0 -55 33 -94 87 -104 67 -13 90 8 211 198 130 202 137 225 78 284 -27 27 -42 34 -72 34 -22 0 -50 -8 -64 -16z\"\/><path d=\"M2275 2693 c-553 -48 -1095 -270 -1585 -649 -135 -104 -459 -423 -483 -476 -23 -49 -22 -139 2 -186 73 -142 361 -457 571 -626 285 -228 642 -407 990 -497 242 -63 336 -73 660 -74 310 0 370 5 595 52 535 111 1045 392 1455 803 122 121 250 273 275 326 19 41 19 137 0 174 -41 79 -309 363 -465 492 -447 370 -946 591 -1479 653 -113 14 -422 18 -536 8z m395 -428 c171 -34 330 -124 456 -258 112 -119 167 -219 211 -378 27 -96 24 -300 -5 -401 -72 -255 -236 -447 -474 -557 -132 -62 -201 -76 -368 -76 -167 0 -236 14 -368 76 -213 98 -373 271 -451 485 -162 444 86 934 547 1084 153 49 292 57 452 25z m909 -232 c222 -123 408 -262 593 -441 76 -74 138 -139 138 -144 0 -16 -233 -242 -330 -319 -155 -123 -309 -223 -461 -299 l-81 -41 32 46 c18 26 49 83 70 128 143 306 141 649 -6 957 -25 52 -61 116 -79 142 l-34 47 45 -20 c26 -10 76 -36 113 -56z m-2057 25 c-40 -58 -105 -190 -130 -263 -110 -324 -59 -707 132 -981 25 -35 42 -64 37 -64 -19 0 -241 119 -326 174 -188 122 -406 314 -532 468 l-58 71 108 103 c185 178 428 349 672 473 66 33 121 60 123 61 2 0 -10 -19 -26 -42z\"\/><path d=\"M2375 1950 c-198 -44 -350 -190 -395 -379 -18 -76 -8 -221 19 -290 114 -284 457 -406 731 -260 98 52 188 154 231 260 27 69 37 214 19 290 -38 163 -166 304 -326 360 -67 23 -215 33 -279 19z\"\/><\/g><\/svg><\/i> <img decoding=\"async\" width=\"16\" height=\"16\" alt=\"Loading\" src=\"https:\/\/esviafm.com\/wp-content\/plugins\/page-views-count\/ajax-loader-2x.gif\" border=0 \/><\/p>\n<div class=\"pvc_clear\"><\/div>\n","protected":false},"excerpt":{"rendered":"<p>Celebridades de Hollywood como Kim Kardashian, Eva Longoria o Katy Perry\u00a0y artistas hispanos que abarcan desde Pedro Pascal a Gloria Estefan\u00a0han mostrado en los \u00faltimos d\u00edas su apoyo a las protestas contra las\u00a0redadas migratorias del presidente de Estados Unidos, Donald Trump. La estrella televisiva\u00a0Kim Kardashian fue una de las \u00faltimas en tildar las redadas del [&hellip;]<\/p>\n<div class=\"pvc_clear\"><\/div>\n<p id=\"pvc_stats_27179\" class=\"pvc_stats all  \" data-element-id=\"27179\" style=\"\"><i class=\"pvc-stats-icon large\" aria-hidden=\"true\"><svg xmlns=\"http:\/\/www.w3.org\/2000\/svg\" version=\"1.0\" viewBox=\"0 0 502 315\" preserveAspectRatio=\"xMidYMid meet\"><g transform=\"translate(0,332) scale(0.1,-0.1)\" fill=\"\" stroke=\"none\"><path d=\"M2394 3279 l-29 -30 -3 -207 c-2 -182 0 -211 15 -242 39 -76 157 -76 196 0 15 31 17 60 15 243 l-3 209 -33 29 c-26 23 -41 29 -80 29 -41 0 -53 -5 -78 -31z\"\/><path d=\"M3085 3251 c-45 -19 -58 -50 -96 -229 -47 -217 -49 -260 -13 -295 52 -53 146 -42 177 20 16 31 87 366 87 410 0 70 -86 122 -155 94z\"\/><path d=\"M1751 3234 c-13 -9 -29 -31 -37 -50 -12 -29 -10 -49 21 -204 19 -94 39 -189 45 -210 14 -50 54 -80 110 -80 34 0 48 6 76 34 21 21 34 44 34 59 0 14 -18 113 -40 219 -37 178 -43 195 -70 221 -36 32 -101 37 -139 11z\"\/><path d=\"M1163 3073 c-36 -7 -73 -59 -73 -102 0 -56 133 -378 171 -413 34 -32 83 -37 129 -13 70 36 67 87 -16 290 -86 209 -89 214 -129 231 -35 14 -42 15 -82 7z\"\/><path d=\"M3689 3066 c-15 -9 -33 -30 -42 -48 -48 -103 -147 -355 -147 -375 0 -98 131 -148 192 -74 13 15 57 108 97 206 80 196 84 226 37 273 -30 30 -99 39 -137 18z\"\/><path d=\"M583 2784 c-38 -19 -67 -74 -58 -113 9 -42 211 -354 242 -373 16 -10 45 -18 66 -18 51 0 107 52 107 100 0 39 -1 41 -124 234 -80 126 -108 162 -133 173 -41 17 -61 16 -100 -3z\"\/><path d=\"M4250 2784 c-14 -9 -74 -91 -133 -183 -95 -150 -107 -173 -107 -213 0 -55 33 -94 87 -104 67 -13 90 8 211 198 130 202 137 225 78 284 -27 27 -42 34 -72 34 -22 0 -50 -8 -64 -16z\"\/><path d=\"M2275 2693 c-553 -48 -1095 -270 -1585 -649 -135 -104 -459 -423 -483 -476 -23 -49 -22 -139 2 -186 73 -142 361 -457 571 -626 285 -228 642 -407 990 -497 242 -63 336 -73 660 -74 310 0 370 5 595 52 535 111 1045 392 1455 803 122 121 250 273 275 326 19 41 19 137 0 174 -41 79 -309 363 -465 492 -447 370 -946 591 -1479 653 -113 14 -422 18 -536 8z m395 -428 c171 -34 330 -124 456 -258 112 -119 167 -219 211 -378 27 -96 24 -300 -5 -401 -72 -255 -236 -447 -474 -557 -132 -62 -201 -76 -368 -76 -167 0 -236 14 -368 76 -213 98 -373 271 -451 485 -162 444 86 934 547 1084 153 49 292 57 452 25z m909 -232 c222 -123 408 -262 593 -441 76 -74 138 -139 138 -144 0 -16 -233 -242 -330 -319 -155 -123 -309 -223 -461 -299 l-81 -41 32 46 c18 26 49 83 70 128 143 306 141 649 -6 957 -25 52 -61 116 -79 142 l-34 47 45 -20 c26 -10 76 -36 113 -56z m-2057 25 c-40 -58 -105 -190 -130 -263 -110 -324 -59 -707 132 -981 25 -35 42 -64 37 -64 -19 0 -241 119 -326 174 -188 122 -406 314 -532 468 l-58 71 108 103 c185 178 428 349 672 473 66 33 121 60 123 61 2 0 -10 -19 -26 -42z\"\/><path d=\"M2375 1950 c-198 -44 -350 -190 -395 -379 -18 -76 -8 -221 19 -290 114 -284 457 -406 731 -260 98 52 188 154 231 260 27 69 37 214 19 290 -38 163 -166 304 -326 360 -67 23 -215 33 -279 19z\"\/><\/g><\/svg><\/i> <img decoding=\"async\" width=\"16\" height=\"16\" alt=\"Loading\" src=\"https:\/\/esviafm.com\/wp-content\/plugins\/page-views-count\/ajax-loader-2x.gif\" border=0 \/><\/p>\n<div class=\"pvc_clear\"><\/div>\n","protected":false},"author":1,"featured_media":0,"comment_status":"open","ping_status":"open","sticky":false,"template":"","format":"standard","meta":{"_et_pb_use_builder":"","_et_pb_old_content":"","_et_gb_content_width":"","footnotes":""},"categories":[7],"tags":[],"class_list":["post-27179","post","type-post","status-publish","format-standard","hentry","category-farandula"],"_links":{"self":[{"href":"https:\/\/esviafm.com\/index.php\/wp-json\/wp\/v2\/posts\/27179","targetHints":{"allow":["GET"]}}],"collection":[{"href":"https:\/\/esviafm.com\/index.php\/wp-json\/wp\/v2\/posts"}],"about":[{"href":"https:\/\/esviafm.com\/index.php\/wp-json\/wp\/v2\/types\/post"}],"author":[{"embeddable":true,"href":"https:\/\/esviafm.com\/index.php\/wp-json\/wp\/v2\/users\/1"}],"replies":[{"embeddable":true,"href":"https:\/\/esviafm.com\/index.php\/wp-json\/wp\/v2\/comments?post=27179"}],"version-history":[{"count":1,"href":"https:\/\/esviafm.com\/index.php\/wp-json\/wp\/v2\/posts\/27179\/revisions"}],"predecessor-version":[{"id":27181,"href":"https:\/\/esviafm.com\/index.php\/wp-json\/wp\/v2\/posts\/27179\/revisions\/27181"}],"wp:attachment":[{"href":"https:\/\/esviafm.com\/index.php\/wp-json\/wp\/v2\/media?parent=27179"}],"wp:term":[{"taxonomy":"category","embeddable":true,"href":"https:\/\/esviafm.com\/index.php\/wp-json\/wp\/v2\/categories?post=27179"},{"taxonomy":"post_tag","embeddable":true,"href":"https:\/\/esviafm.com\/index.php\/wp-json\/wp\/v2\/tags?post=27179"}],"curies":[{"name":"wp","href":"https:\/\/api.w.org\/{rel}","templated":true}]}}