{"id":27167,"date":"2025-06-13T08:58:43","date_gmt":"2025-06-13T13:28:43","guid":{"rendered":"https:\/\/esviafm.com\/?p=27167"},"modified":"2025-06-13T08:58:43","modified_gmt":"2025-06-13T13:28:43","slug":"el-sistema-anuncia-primera-edicion-del-salon-de-arte-jose-antonio-abreu","status":"publish","type":"post","link":"https:\/\/esviafm.com\/index.php\/el-sistema-anuncia-primera-edicion-del-salon-de-arte-jose-antonio-abreu\/","title":{"rendered":"El Sistema anuncia primera edici\u00f3n del Sal\u00f3n de Arte Jos\u00e9 Antonio Abreu"},"content":{"rendered":"<p>El Sistema Nacional de Orquestas y Coros Juveniles e Infantiles de Venezuela, en el marco de la celebraci\u00f3n de su 50 Aniversario,\u00a0<a href=\"https:\/\/www.elnacional.com\/venezuela\/sanar-en-venezuela-la-resiliencia-colectiva-en-tiempos-de-autoritarismo\/\">anunci\u00f3 la primera edici\u00f3n<\/a>\u00a0del Sal\u00f3n Jos\u00e9 Antonio Abreu, que lleva por nombre \u201cConjunciones. Ritmo y composici\u00f3n en el arte contempor\u00e1neo\u201d.<\/p>\n<p>A partir del 30 de noviembre un grupo heterog\u00e9neo de 28 artistas, de entre 22 y 42 a\u00f1os, provenientes de diversos estados del pa\u00eds, exponentes del arte en cer\u00e1mica, la escultura, el arte en 3D, fot\u00f3grafos y performistas, podr\u00e1n exponer en los espacios abiertos del Centro Nacional de Acci\u00f3n Social por la M\u00fasica, cumpliendo con el objetivo de honrar la memoria del maestro Jos\u00e9 Antonio Abreu.<\/p>\n<p>\u201cEl maestro Abreu sent\u00eda amor por todas las artes, y su deseo era generar un concierto entre todas las iniciativas art\u00edsticas que pudieran exponer belleza, entre ellas las pl\u00e1sticas. Por eso creemos que crear un espacio para j\u00f3venes artistas venezolanos que hagan obras inspiradas en El Sistema, en su 50 aniversario, es una de las tantas formas de honrarlo, m\u00e1s a\u00fan cuando servir\u00e1 de plataforma no solo para el mill\u00f3n trescientos mil ni\u00f1os y j\u00f3venes que formamos, sino tambi\u00e9n para estos j\u00f3venes y talentosos artistas pl\u00e1sticos venezolanos\u201d, asegur\u00f3 el director ejecutivo de El Sistema, Eduardo M\u00e9ndez.<\/p>\n<h2>Honrar a Abreu, fundador de El Sistema<\/h2>\n<p>Por su parte, Ana Cecilia Abreu, directiva de El Sistema y hermana del maestro Abreu, expres\u00f3 el agradecimiento de la familia por esta iniciativa que permitir\u00e1 no solo honrar el legado del fundador de El Sistema, sino de exponer el arte de j\u00f3venes venezolanos junto a la de grandes y reconocidos artistas como los maestros Carlos Cruz Diez y Jes\u00fas Soto.<\/p>\n<p>La curadora Tahia Rivero, expresidenta de la Fundaci\u00f3n Museo Alejandro Otero, explic\u00f3 que en las \u00faltimas semanas los 28 artistas han tenido la oportunidad de visitar los n\u00facleos de formaci\u00f3n y compartir con profesores y m\u00fasicos para experimentar personalmente El Sistema e inspirarse para realizar sus obras. \u201cHa sido un privilegio para nosotros conocer la dimensi\u00f3n no solo musical sino social de El Sistema. Nos ha revelado un pa\u00eds que no conoc\u00edamos. Este Sal\u00f3n va a enriquecer el camino que abrieron Soto y Cruz Diez en el Centro Nacional de Acci\u00f3n Social por la M\u00fasica y tendr\u00e1 el tenor del arte contempor\u00e1neo con una alta carga simb\u00f3lica\u201d.<\/p>\n<p>Por su parte, la tambi\u00e9n curadora del Sal\u00f3n de Arte Jos\u00e9 Antonio Abreu, Sagrario Berti, investigadora de la cultura visual contempor\u00e1nea, destac\u00f3 la importancia de brindar \u201cun espacio a los ni\u00f1os y j\u00f3venes del pa\u00eds, en especial a quienes integran El Sistema, para entrar en contacto con obras visuales alineadas con el arte musical que ellos hacen\u201d.<\/p>\n<p>El\u00edas Cresp\u00edn, primer latinoamericano en exponer una obra en el museo de Louvre,\u00a0<a href=\"https:\/\/www.instagram.com\/elsistema_\/?hl=es\">tambi\u00e9n agradeci\u00f3<\/a>\u00a0a El Sistema \u201cla posibilidad que brindar\u00e1 a los artistas j\u00f3venes venezolanos de motivar e inspirar a varias generaciones de artistas por venir, que ver\u00e1n este Sal\u00f3n como el norte para mostrar su expresi\u00f3n al resto del mundo\u201d y se comprometi\u00f3 en proyectar su trabajo.<\/p>\n<p>Todos invitaron a disfrutar de este concierto de las artes en Venezuela a partir del 30 de noviembre de 2025 en el Centro Nacional de Acci\u00f3n Social por la m\u00fasica con las obras de esta primera edici\u00f3n que estar\u00e1n disponibles hasta 2026 y que forman parte de la celebraci\u00f3n del 50 Aniversario de El Sistema, que hasta la fecha suma exitosas giras internacionales, la Expo El Sistema, Vive El Sistema Fest y que continuar\u00e1 con sorpresas durante todo el 2025.<\/p>\n<div class=\"pvc_clear\"><\/div>\n<p id=\"pvc_stats_27167\" class=\"pvc_stats all  \" data-element-id=\"27167\" style=\"\"><i class=\"pvc-stats-icon large\" aria-hidden=\"true\"><svg xmlns=\"http:\/\/www.w3.org\/2000\/svg\" version=\"1.0\" viewBox=\"0 0 502 315\" preserveAspectRatio=\"xMidYMid meet\"><g transform=\"translate(0,332) scale(0.1,-0.1)\" fill=\"\" stroke=\"none\"><path d=\"M2394 3279 l-29 -30 -3 -207 c-2 -182 0 -211 15 -242 39 -76 157 -76 196 0 15 31 17 60 15 243 l-3 209 -33 29 c-26 23 -41 29 -80 29 -41 0 -53 -5 -78 -31z\"\/><path d=\"M3085 3251 c-45 -19 -58 -50 -96 -229 -47 -217 -49 -260 -13 -295 52 -53 146 -42 177 20 16 31 87 366 87 410 0 70 -86 122 -155 94z\"\/><path d=\"M1751 3234 c-13 -9 -29 -31 -37 -50 -12 -29 -10 -49 21 -204 19 -94 39 -189 45 -210 14 -50 54 -80 110 -80 34 0 48 6 76 34 21 21 34 44 34 59 0 14 -18 113 -40 219 -37 178 -43 195 -70 221 -36 32 -101 37 -139 11z\"\/><path d=\"M1163 3073 c-36 -7 -73 -59 -73 -102 0 -56 133 -378 171 -413 34 -32 83 -37 129 -13 70 36 67 87 -16 290 -86 209 -89 214 -129 231 -35 14 -42 15 -82 7z\"\/><path d=\"M3689 3066 c-15 -9 -33 -30 -42 -48 -48 -103 -147 -355 -147 -375 0 -98 131 -148 192 -74 13 15 57 108 97 206 80 196 84 226 37 273 -30 30 -99 39 -137 18z\"\/><path d=\"M583 2784 c-38 -19 -67 -74 -58 -113 9 -42 211 -354 242 -373 16 -10 45 -18 66 -18 51 0 107 52 107 100 0 39 -1 41 -124 234 -80 126 -108 162 -133 173 -41 17 -61 16 -100 -3z\"\/><path d=\"M4250 2784 c-14 -9 -74 -91 -133 -183 -95 -150 -107 -173 -107 -213 0 -55 33 -94 87 -104 67 -13 90 8 211 198 130 202 137 225 78 284 -27 27 -42 34 -72 34 -22 0 -50 -8 -64 -16z\"\/><path d=\"M2275 2693 c-553 -48 -1095 -270 -1585 -649 -135 -104 -459 -423 -483 -476 -23 -49 -22 -139 2 -186 73 -142 361 -457 571 -626 285 -228 642 -407 990 -497 242 -63 336 -73 660 -74 310 0 370 5 595 52 535 111 1045 392 1455 803 122 121 250 273 275 326 19 41 19 137 0 174 -41 79 -309 363 -465 492 -447 370 -946 591 -1479 653 -113 14 -422 18 -536 8z m395 -428 c171 -34 330 -124 456 -258 112 -119 167 -219 211 -378 27 -96 24 -300 -5 -401 -72 -255 -236 -447 -474 -557 -132 -62 -201 -76 -368 -76 -167 0 -236 14 -368 76 -213 98 -373 271 -451 485 -162 444 86 934 547 1084 153 49 292 57 452 25z m909 -232 c222 -123 408 -262 593 -441 76 -74 138 -139 138 -144 0 -16 -233 -242 -330 -319 -155 -123 -309 -223 -461 -299 l-81 -41 32 46 c18 26 49 83 70 128 143 306 141 649 -6 957 -25 52 -61 116 -79 142 l-34 47 45 -20 c26 -10 76 -36 113 -56z m-2057 25 c-40 -58 -105 -190 -130 -263 -110 -324 -59 -707 132 -981 25 -35 42 -64 37 -64 -19 0 -241 119 -326 174 -188 122 -406 314 -532 468 l-58 71 108 103 c185 178 428 349 672 473 66 33 121 60 123 61 2 0 -10 -19 -26 -42z\"\/><path d=\"M2375 1950 c-198 -44 -350 -190 -395 -379 -18 -76 -8 -221 19 -290 114 -284 457 -406 731 -260 98 52 188 154 231 260 27 69 37 214 19 290 -38 163 -166 304 -326 360 -67 23 -215 33 -279 19z\"\/><\/g><\/svg><\/i> <img decoding=\"async\" width=\"16\" height=\"16\" alt=\"Loading\" src=\"https:\/\/esviafm.com\/wp-content\/plugins\/page-views-count\/ajax-loader-2x.gif\" border=0 \/><\/p>\n<div class=\"pvc_clear\"><\/div>\n","protected":false},"excerpt":{"rendered":"<p>El Sistema Nacional de Orquestas y Coros Juveniles e Infantiles de Venezuela, en el marco de la celebraci\u00f3n de su 50 Aniversario,\u00a0anunci\u00f3 la primera edici\u00f3n\u00a0del Sal\u00f3n Jos\u00e9 Antonio Abreu, que lleva por nombre \u201cConjunciones. Ritmo y composici\u00f3n en el arte contempor\u00e1neo\u201d. A partir del 30 de noviembre un grupo heterog\u00e9neo de 28 artistas, de entre [&hellip;]<\/p>\n<div class=\"pvc_clear\"><\/div>\n<p id=\"pvc_stats_27167\" class=\"pvc_stats all  \" data-element-id=\"27167\" style=\"\"><i class=\"pvc-stats-icon large\" aria-hidden=\"true\"><svg xmlns=\"http:\/\/www.w3.org\/2000\/svg\" version=\"1.0\" viewBox=\"0 0 502 315\" preserveAspectRatio=\"xMidYMid meet\"><g transform=\"translate(0,332) scale(0.1,-0.1)\" fill=\"\" stroke=\"none\"><path d=\"M2394 3279 l-29 -30 -3 -207 c-2 -182 0 -211 15 -242 39 -76 157 -76 196 0 15 31 17 60 15 243 l-3 209 -33 29 c-26 23 -41 29 -80 29 -41 0 -53 -5 -78 -31z\"\/><path d=\"M3085 3251 c-45 -19 -58 -50 -96 -229 -47 -217 -49 -260 -13 -295 52 -53 146 -42 177 20 16 31 87 366 87 410 0 70 -86 122 -155 94z\"\/><path d=\"M1751 3234 c-13 -9 -29 -31 -37 -50 -12 -29 -10 -49 21 -204 19 -94 39 -189 45 -210 14 -50 54 -80 110 -80 34 0 48 6 76 34 21 21 34 44 34 59 0 14 -18 113 -40 219 -37 178 -43 195 -70 221 -36 32 -101 37 -139 11z\"\/><path d=\"M1163 3073 c-36 -7 -73 -59 -73 -102 0 -56 133 -378 171 -413 34 -32 83 -37 129 -13 70 36 67 87 -16 290 -86 209 -89 214 -129 231 -35 14 -42 15 -82 7z\"\/><path d=\"M3689 3066 c-15 -9 -33 -30 -42 -48 -48 -103 -147 -355 -147 -375 0 -98 131 -148 192 -74 13 15 57 108 97 206 80 196 84 226 37 273 -30 30 -99 39 -137 18z\"\/><path d=\"M583 2784 c-38 -19 -67 -74 -58 -113 9 -42 211 -354 242 -373 16 -10 45 -18 66 -18 51 0 107 52 107 100 0 39 -1 41 -124 234 -80 126 -108 162 -133 173 -41 17 -61 16 -100 -3z\"\/><path d=\"M4250 2784 c-14 -9 -74 -91 -133 -183 -95 -150 -107 -173 -107 -213 0 -55 33 -94 87 -104 67 -13 90 8 211 198 130 202 137 225 78 284 -27 27 -42 34 -72 34 -22 0 -50 -8 -64 -16z\"\/><path d=\"M2275 2693 c-553 -48 -1095 -270 -1585 -649 -135 -104 -459 -423 -483 -476 -23 -49 -22 -139 2 -186 73 -142 361 -457 571 -626 285 -228 642 -407 990 -497 242 -63 336 -73 660 -74 310 0 370 5 595 52 535 111 1045 392 1455 803 122 121 250 273 275 326 19 41 19 137 0 174 -41 79 -309 363 -465 492 -447 370 -946 591 -1479 653 -113 14 -422 18 -536 8z m395 -428 c171 -34 330 -124 456 -258 112 -119 167 -219 211 -378 27 -96 24 -300 -5 -401 -72 -255 -236 -447 -474 -557 -132 -62 -201 -76 -368 -76 -167 0 -236 14 -368 76 -213 98 -373 271 -451 485 -162 444 86 934 547 1084 153 49 292 57 452 25z m909 -232 c222 -123 408 -262 593 -441 76 -74 138 -139 138 -144 0 -16 -233 -242 -330 -319 -155 -123 -309 -223 -461 -299 l-81 -41 32 46 c18 26 49 83 70 128 143 306 141 649 -6 957 -25 52 -61 116 -79 142 l-34 47 45 -20 c26 -10 76 -36 113 -56z m-2057 25 c-40 -58 -105 -190 -130 -263 -110 -324 -59 -707 132 -981 25 -35 42 -64 37 -64 -19 0 -241 119 -326 174 -188 122 -406 314 -532 468 l-58 71 108 103 c185 178 428 349 672 473 66 33 121 60 123 61 2 0 -10 -19 -26 -42z\"\/><path d=\"M2375 1950 c-198 -44 -350 -190 -395 -379 -18 -76 -8 -221 19 -290 114 -284 457 -406 731 -260 98 52 188 154 231 260 27 69 37 214 19 290 -38 163 -166 304 -326 360 -67 23 -215 33 -279 19z\"\/><\/g><\/svg><\/i> <img decoding=\"async\" width=\"16\" height=\"16\" alt=\"Loading\" src=\"https:\/\/esviafm.com\/wp-content\/plugins\/page-views-count\/ajax-loader-2x.gif\" border=0 \/><\/p>\n<div class=\"pvc_clear\"><\/div>\n","protected":false},"author":1,"featured_media":0,"comment_status":"open","ping_status":"open","sticky":false,"template":"","format":"standard","meta":{"_et_pb_use_builder":"","_et_pb_old_content":"","_et_gb_content_width":"","footnotes":""},"categories":[7],"tags":[],"class_list":["post-27167","post","type-post","status-publish","format-standard","hentry","category-farandula"],"_links":{"self":[{"href":"https:\/\/esviafm.com\/index.php\/wp-json\/wp\/v2\/posts\/27167","targetHints":{"allow":["GET"]}}],"collection":[{"href":"https:\/\/esviafm.com\/index.php\/wp-json\/wp\/v2\/posts"}],"about":[{"href":"https:\/\/esviafm.com\/index.php\/wp-json\/wp\/v2\/types\/post"}],"author":[{"embeddable":true,"href":"https:\/\/esviafm.com\/index.php\/wp-json\/wp\/v2\/users\/1"}],"replies":[{"embeddable":true,"href":"https:\/\/esviafm.com\/index.php\/wp-json\/wp\/v2\/comments?post=27167"}],"version-history":[{"count":1,"href":"https:\/\/esviafm.com\/index.php\/wp-json\/wp\/v2\/posts\/27167\/revisions"}],"predecessor-version":[{"id":27169,"href":"https:\/\/esviafm.com\/index.php\/wp-json\/wp\/v2\/posts\/27167\/revisions\/27169"}],"wp:attachment":[{"href":"https:\/\/esviafm.com\/index.php\/wp-json\/wp\/v2\/media?parent=27167"}],"wp:term":[{"taxonomy":"category","embeddable":true,"href":"https:\/\/esviafm.com\/index.php\/wp-json\/wp\/v2\/categories?post=27167"},{"taxonomy":"post_tag","embeddable":true,"href":"https:\/\/esviafm.com\/index.php\/wp-json\/wp\/v2\/tags?post=27167"}],"curies":[{"name":"wp","href":"https:\/\/api.w.org\/{rel}","templated":true}]}}