{"id":26199,"date":"2025-05-28T13:40:01","date_gmt":"2025-05-28T18:10:01","guid":{"rendered":"https:\/\/esviafm.com\/?p=26199"},"modified":"2025-05-28T13:40:01","modified_gmt":"2025-05-28T18:10:01","slug":"denuncian-brutal-requisa-contra-presos-politicos-en-la-carcel-de-ramo-verde","status":"publish","type":"post","link":"https:\/\/esviafm.com\/index.php\/denuncian-brutal-requisa-contra-presos-politicos-en-la-carcel-de-ramo-verde\/","title":{"rendered":"Denuncian brutal requisa contra presos pol\u00edticos en la c\u00e1rcel de Ramo Verde"},"content":{"rendered":"<p>Tamara Suju, abogada y defensora de derechos humanos, denunci\u00f3 que en horas de la madrugada de este mi\u00e9rcoles 28 de mayo\u00a0<strong>se llev\u00f3 a cabo una brutal requisa y destrucci\u00f3n de las instalaciones de la\u00a0<a href=\"https:\/\/www.elnacional.com\/venezuela\/denuncian-que-adolescente-fue-obligada-a-desnudarse-en-requisa-en-ramo-verde\/\" target=\"_blank\" rel=\"noopener\">c\u00e1rcel militar de Ramo Verde<\/a><\/strong><a href=\"https:\/\/www.elnacional.com\/venezuela\/denuncian-que-adolescente-fue-obligada-a-desnudarse-en-requisa-en-ramo-verde\/\">, ubicada en Los Teques, estado Miranda<\/a>, en la que se encuentran\u00a0numerosos presos pol\u00edticos.<\/p>\n<p>A trav\u00e9s de redes sociales, Suju detall\u00f3 que durante la requisa, encabezada por el directorio del penal, los funcionarios entraron con martillos, cinceles, mandarrias, escopetas y equipos antimot\u00edn.<\/p>\n<p>Durante el operativo, los oficiales\u00a0<strong>rompieron las cer\u00e1micas de los ba\u00f1os, lavamanos y urinarios<\/strong>. Adem\u00e1s, en varios cuartos\u00a0<strong>destrozaron colchones, las paredes, pisos, da\u00f1aron electrodom\u00e9sticos, tomacorrientes, cableado el\u00e9ctrico y botaron al suelo alimentos<\/strong>\u00a0que con esfuerzo env\u00edan las familias, entre otras cosas.<\/p>\n<p>Suju tambi\u00e9n denunci\u00f3 que\u00a0<strong>los reclusos fueron desnudados y forzados a realizar ejercicios f\u00edsicos<\/strong>\u00a0en condiciones degradantes.<\/p>\n<p>\u00abEn la celda de aislamiento no cabe un preso m\u00e1s\u00bb, a\u00f1adi\u00f3 la defensora de los derechos humanos.<\/p>\n<div class=\"twitter-tweet twitter-tweet-rendered\"><iframe id=\"twitter-widget-0\" class=\"\" title=\"X Post\" src=\"https:\/\/platform.twitter.com\/embed\/Tweet.html?creatorScreenName=https%3A%2F%2Ftwitter.com%2FElNacionalWeb&amp;dnt=true&amp;embedId=twitter-widget-0&amp;features=eyJ0ZndfdGltZWxpbmVfbGlzdCI6eyJidWNrZXQiOltdLCJ2ZXJzaW9uIjpudWxsfSwidGZ3X2ZvbGxvd2VyX2NvdW50X3N1bnNldCI6eyJidWNrZXQiOnRydWUsInZlcnNpb24iOm51bGx9LCJ0ZndfdHdlZXRfZWRpdF9iYWNrZW5kIjp7ImJ1Y2tldCI6Im9uIiwidmVyc2lvbiI6bnVsbH0sInRmd19yZWZzcmNfc2Vzc2lvbiI6eyJidWNrZXQiOiJvbiIsInZlcnNpb24iOm51bGx9LCJ0ZndfZm9zbnJfc29mdF9pbnRlcnZlbnRpb25zX2VuYWJsZWQiOnsiYnVja2V0Ijoib24iLCJ2ZXJzaW9uIjpudWxsfSwidGZ3X21peGVkX21lZGlhXzE1ODk3Ijp7ImJ1Y2tldCI6InRyZWF0bWVudCIsInZlcnNpb24iOm51bGx9LCJ0ZndfZXhwZXJpbWVudHNfY29va2llX2V4cGlyYXRpb24iOnsiYnVja2V0IjoxMjA5NjAwLCJ2ZXJzaW9uIjpudWxsfSwidGZ3X3Nob3dfYmlyZHdhdGNoX3Bpdm90c19lbmFibGVkIjp7ImJ1Y2tldCI6Im9uIiwidmVyc2lvbiI6bnVsbH0sInRmd19kdXBsaWNhdGVfc2NyaWJlc190b19zZXR0aW5ncyI6eyJidWNrZXQiOiJvbiIsInZlcnNpb24iOm51bGx9LCJ0ZndfdXNlX3Byb2ZpbGVfaW1hZ2Vfc2hhcGVfZW5hYmxlZCI6eyJidWNrZXQiOiJvbiIsInZlcnNpb24iOm51bGx9LCJ0ZndfdmlkZW9faGxzX2R5bmFtaWNfbWFuaWZlc3RzXzE1MDgyIjp7ImJ1Y2tldCI6InRydWVfYml0cmF0ZSIsInZlcnNpb24iOm51bGx9LCJ0ZndfbGVnYWN5X3RpbWVsaW5lX3N1bnNldCI6eyJidWNrZXQiOnRydWUsInZlcnNpb24iOm51bGx9LCJ0ZndfdHdlZXRfZWRpdF9mcm9udGVuZCI6eyJidWNrZXQiOiJvbiIsInZlcnNpb24iOm51bGx9fQ%3D%3D&amp;frame=false&amp;hideCard=false&amp;hideThread=false&amp;id=1927635189171114388&amp;lang=es&amp;origin=https%3A%2F%2Fwww.elnacional.com%2Fvenezuela%2Fdenuncian-brutal-requisa-contra-presos-politicos-en-la-carcel-de-ramo-verde%2F&amp;sessionId=70fe5434b2be31a59cba35a51f56991ad8a8a1e8&amp;siteScreenName=ElNacionalWeb&amp;theme=light&amp;widgetsVersion=2615f7e52b7e0%3A1702314776716&amp;width=500px\" frameborder=\"0\" scrolling=\"no\" allowfullscreen=\"allowfullscreen\" data-tweet-id=\"1927635189171114388\" data-mce-fragment=\"1\"><\/iframe><\/div>\n<div><\/div>\n<h2>Requisas violentas en la c\u00e1rcel de Ramo Verde<\/h2>\n<p>La denuncia se suma a una serie de reportes sobre condiciones precarias y violaciones de derechos humanos en centros de detenci\u00f3n del pa\u00eds, en particular en aquellos donde se encuentran los considerados presos pol\u00edticos.<\/p>\n<p>En diciembre del a\u00f1o pasado, otra\u00a0<a href=\"https:\/\/www.elnacional.com\/venezuela\/seis-presos-heridos-de-bala-tres-en-la-cabeza-balance-de-la-incursion-de-los-cuerpos-de-seguridad-en-la-carcel-de-ramo-verde\/\" target=\"_blank\" rel=\"noopener\">v<\/a><a href=\"https:\/\/www.elnacional.com\/venezuela\/seis-presos-heridos-de-bala-tres-en-la-cabeza-balance-de-la-incursion-de-los-cuerpos-de-seguridad-en-la-carcel-de-ramo-verde\/\" target=\"_blank\" rel=\"noopener\">iolenta incursi\u00f3n de los organismos de seguridad del Estado en la c\u00e1rcel de Ramo Verde<\/a>\u00a0dej\u00f3 como resultado<strong> seis presos heridos de bala, tres de ellos en la cabeza.\u00a0<\/strong><\/p>\n<p>En esa ocasi\u00f3n, familiares de los detenidos tambi\u00e9n denunciaron que durante la\u00a0revisi\u00f3n de las celdas, los funcionarios militares destruyeron las pertenencias de los privados de libertad, incluyendo\u00a0alimentos, televisores, neveras y cocinas el\u00e9ctricas en las que ellos pod\u00edan preparar sus propias comidas.<\/p>\n<p>Tras la molestia de los reclusos, que comenzaron a protestar ante la arbitraria revisi\u00f3n, los guardias comenzaron a disparar a quemarropa en contra de los detenidos, quienes se encontraban esposados, lo que dej\u00f3 a varios de ellos heridos.<\/p>\n<p>Los familiares consideraron en ese entonces que la violenta requisa pudo haber sido en represalia a los videos difundidos una semana antes en la red social X por el reportero gr\u00e1fico Jes\u00fas Medina Ezaine, quien durante su detenci\u00f3n en la c\u00e1rcel de Ramo Verde grab\u00f3 testimonio de algunos detenidos en los que se denunciaban las torturas y los tratos crueles e inhumanos a los que hab\u00eda sido sometidos, mencionando, especialmente, a funcionarios de la Guardia Nacional Bolivariana.<\/p>\n<div class=\"pvc_clear\"><\/div>\n<p id=\"pvc_stats_26199\" class=\"pvc_stats all  \" data-element-id=\"26199\" style=\"\"><i class=\"pvc-stats-icon large\" aria-hidden=\"true\"><svg xmlns=\"http:\/\/www.w3.org\/2000\/svg\" version=\"1.0\" viewBox=\"0 0 502 315\" preserveAspectRatio=\"xMidYMid meet\"><g transform=\"translate(0,332) scale(0.1,-0.1)\" fill=\"\" stroke=\"none\"><path d=\"M2394 3279 l-29 -30 -3 -207 c-2 -182 0 -211 15 -242 39 -76 157 -76 196 0 15 31 17 60 15 243 l-3 209 -33 29 c-26 23 -41 29 -80 29 -41 0 -53 -5 -78 -31z\"\/><path d=\"M3085 3251 c-45 -19 -58 -50 -96 -229 -47 -217 -49 -260 -13 -295 52 -53 146 -42 177 20 16 31 87 366 87 410 0 70 -86 122 -155 94z\"\/><path d=\"M1751 3234 c-13 -9 -29 -31 -37 -50 -12 -29 -10 -49 21 -204 19 -94 39 -189 45 -210 14 -50 54 -80 110 -80 34 0 48 6 76 34 21 21 34 44 34 59 0 14 -18 113 -40 219 -37 178 -43 195 -70 221 -36 32 -101 37 -139 11z\"\/><path d=\"M1163 3073 c-36 -7 -73 -59 -73 -102 0 -56 133 -378 171 -413 34 -32 83 -37 129 -13 70 36 67 87 -16 290 -86 209 -89 214 -129 231 -35 14 -42 15 -82 7z\"\/><path d=\"M3689 3066 c-15 -9 -33 -30 -42 -48 -48 -103 -147 -355 -147 -375 0 -98 131 -148 192 -74 13 15 57 108 97 206 80 196 84 226 37 273 -30 30 -99 39 -137 18z\"\/><path d=\"M583 2784 c-38 -19 -67 -74 -58 -113 9 -42 211 -354 242 -373 16 -10 45 -18 66 -18 51 0 107 52 107 100 0 39 -1 41 -124 234 -80 126 -108 162 -133 173 -41 17 -61 16 -100 -3z\"\/><path d=\"M4250 2784 c-14 -9 -74 -91 -133 -183 -95 -150 -107 -173 -107 -213 0 -55 33 -94 87 -104 67 -13 90 8 211 198 130 202 137 225 78 284 -27 27 -42 34 -72 34 -22 0 -50 -8 -64 -16z\"\/><path d=\"M2275 2693 c-553 -48 -1095 -270 -1585 -649 -135 -104 -459 -423 -483 -476 -23 -49 -22 -139 2 -186 73 -142 361 -457 571 -626 285 -228 642 -407 990 -497 242 -63 336 -73 660 -74 310 0 370 5 595 52 535 111 1045 392 1455 803 122 121 250 273 275 326 19 41 19 137 0 174 -41 79 -309 363 -465 492 -447 370 -946 591 -1479 653 -113 14 -422 18 -536 8z m395 -428 c171 -34 330 -124 456 -258 112 -119 167 -219 211 -378 27 -96 24 -300 -5 -401 -72 -255 -236 -447 -474 -557 -132 -62 -201 -76 -368 -76 -167 0 -236 14 -368 76 -213 98 -373 271 -451 485 -162 444 86 934 547 1084 153 49 292 57 452 25z m909 -232 c222 -123 408 -262 593 -441 76 -74 138 -139 138 -144 0 -16 -233 -242 -330 -319 -155 -123 -309 -223 -461 -299 l-81 -41 32 46 c18 26 49 83 70 128 143 306 141 649 -6 957 -25 52 -61 116 -79 142 l-34 47 45 -20 c26 -10 76 -36 113 -56z m-2057 25 c-40 -58 -105 -190 -130 -263 -110 -324 -59 -707 132 -981 25 -35 42 -64 37 -64 -19 0 -241 119 -326 174 -188 122 -406 314 -532 468 l-58 71 108 103 c185 178 428 349 672 473 66 33 121 60 123 61 2 0 -10 -19 -26 -42z\"\/><path d=\"M2375 1950 c-198 -44 -350 -190 -395 -379 -18 -76 -8 -221 19 -290 114 -284 457 -406 731 -260 98 52 188 154 231 260 27 69 37 214 19 290 -38 163 -166 304 -326 360 -67 23 -215 33 -279 19z\"\/><\/g><\/svg><\/i> <img decoding=\"async\" width=\"16\" height=\"16\" alt=\"Loading\" src=\"https:\/\/esviafm.com\/wp-content\/plugins\/page-views-count\/ajax-loader-2x.gif\" border=0 \/><\/p>\n<div class=\"pvc_clear\"><\/div>\n","protected":false},"excerpt":{"rendered":"<p>Tamara Suju, abogada y defensora de derechos humanos, denunci\u00f3 que en horas de la madrugada de este mi\u00e9rcoles 28 de mayo\u00a0se llev\u00f3 a cabo una brutal requisa y destrucci\u00f3n de las instalaciones de la\u00a0c\u00e1rcel militar de Ramo Verde, ubicada en Los Teques, estado Miranda, en la que se encuentran\u00a0numerosos presos pol\u00edticos. A trav\u00e9s de redes [&hellip;]<\/p>\n<div class=\"pvc_clear\"><\/div>\n<p id=\"pvc_stats_26199\" class=\"pvc_stats all  \" data-element-id=\"26199\" style=\"\"><i class=\"pvc-stats-icon large\" aria-hidden=\"true\"><svg xmlns=\"http:\/\/www.w3.org\/2000\/svg\" version=\"1.0\" viewBox=\"0 0 502 315\" preserveAspectRatio=\"xMidYMid meet\"><g transform=\"translate(0,332) scale(0.1,-0.1)\" fill=\"\" stroke=\"none\"><path d=\"M2394 3279 l-29 -30 -3 -207 c-2 -182 0 -211 15 -242 39 -76 157 -76 196 0 15 31 17 60 15 243 l-3 209 -33 29 c-26 23 -41 29 -80 29 -41 0 -53 -5 -78 -31z\"\/><path d=\"M3085 3251 c-45 -19 -58 -50 -96 -229 -47 -217 -49 -260 -13 -295 52 -53 146 -42 177 20 16 31 87 366 87 410 0 70 -86 122 -155 94z\"\/><path d=\"M1751 3234 c-13 -9 -29 -31 -37 -50 -12 -29 -10 -49 21 -204 19 -94 39 -189 45 -210 14 -50 54 -80 110 -80 34 0 48 6 76 34 21 21 34 44 34 59 0 14 -18 113 -40 219 -37 178 -43 195 -70 221 -36 32 -101 37 -139 11z\"\/><path d=\"M1163 3073 c-36 -7 -73 -59 -73 -102 0 -56 133 -378 171 -413 34 -32 83 -37 129 -13 70 36 67 87 -16 290 -86 209 -89 214 -129 231 -35 14 -42 15 -82 7z\"\/><path d=\"M3689 3066 c-15 -9 -33 -30 -42 -48 -48 -103 -147 -355 -147 -375 0 -98 131 -148 192 -74 13 15 57 108 97 206 80 196 84 226 37 273 -30 30 -99 39 -137 18z\"\/><path d=\"M583 2784 c-38 -19 -67 -74 -58 -113 9 -42 211 -354 242 -373 16 -10 45 -18 66 -18 51 0 107 52 107 100 0 39 -1 41 -124 234 -80 126 -108 162 -133 173 -41 17 -61 16 -100 -3z\"\/><path d=\"M4250 2784 c-14 -9 -74 -91 -133 -183 -95 -150 -107 -173 -107 -213 0 -55 33 -94 87 -104 67 -13 90 8 211 198 130 202 137 225 78 284 -27 27 -42 34 -72 34 -22 0 -50 -8 -64 -16z\"\/><path d=\"M2275 2693 c-553 -48 -1095 -270 -1585 -649 -135 -104 -459 -423 -483 -476 -23 -49 -22 -139 2 -186 73 -142 361 -457 571 -626 285 -228 642 -407 990 -497 242 -63 336 -73 660 -74 310 0 370 5 595 52 535 111 1045 392 1455 803 122 121 250 273 275 326 19 41 19 137 0 174 -41 79 -309 363 -465 492 -447 370 -946 591 -1479 653 -113 14 -422 18 -536 8z m395 -428 c171 -34 330 -124 456 -258 112 -119 167 -219 211 -378 27 -96 24 -300 -5 -401 -72 -255 -236 -447 -474 -557 -132 -62 -201 -76 -368 -76 -167 0 -236 14 -368 76 -213 98 -373 271 -451 485 -162 444 86 934 547 1084 153 49 292 57 452 25z m909 -232 c222 -123 408 -262 593 -441 76 -74 138 -139 138 -144 0 -16 -233 -242 -330 -319 -155 -123 -309 -223 -461 -299 l-81 -41 32 46 c18 26 49 83 70 128 143 306 141 649 -6 957 -25 52 -61 116 -79 142 l-34 47 45 -20 c26 -10 76 -36 113 -56z m-2057 25 c-40 -58 -105 -190 -130 -263 -110 -324 -59 -707 132 -981 25 -35 42 -64 37 -64 -19 0 -241 119 -326 174 -188 122 -406 314 -532 468 l-58 71 108 103 c185 178 428 349 672 473 66 33 121 60 123 61 2 0 -10 -19 -26 -42z\"\/><path d=\"M2375 1950 c-198 -44 -350 -190 -395 -379 -18 -76 -8 -221 19 -290 114 -284 457 -406 731 -260 98 52 188 154 231 260 27 69 37 214 19 290 -38 163 -166 304 -326 360 -67 23 -215 33 -279 19z\"\/><\/g><\/svg><\/i> <img decoding=\"async\" width=\"16\" height=\"16\" alt=\"Loading\" src=\"https:\/\/esviafm.com\/wp-content\/plugins\/page-views-count\/ajax-loader-2x.gif\" border=0 \/><\/p>\n<div class=\"pvc_clear\"><\/div>\n","protected":false},"author":1,"featured_media":0,"comment_status":"open","ping_status":"open","sticky":false,"template":"","format":"standard","meta":{"_et_pb_use_builder":"","_et_pb_old_content":"","_et_gb_content_width":"","footnotes":""},"categories":[1],"tags":[],"class_list":["post-26199","post","type-post","status-publish","format-standard","hentry","category-sin-categoria"],"_links":{"self":[{"href":"https:\/\/esviafm.com\/index.php\/wp-json\/wp\/v2\/posts\/26199","targetHints":{"allow":["GET"]}}],"collection":[{"href":"https:\/\/esviafm.com\/index.php\/wp-json\/wp\/v2\/posts"}],"about":[{"href":"https:\/\/esviafm.com\/index.php\/wp-json\/wp\/v2\/types\/post"}],"author":[{"embeddable":true,"href":"https:\/\/esviafm.com\/index.php\/wp-json\/wp\/v2\/users\/1"}],"replies":[{"embeddable":true,"href":"https:\/\/esviafm.com\/index.php\/wp-json\/wp\/v2\/comments?post=26199"}],"version-history":[{"count":1,"href":"https:\/\/esviafm.com\/index.php\/wp-json\/wp\/v2\/posts\/26199\/revisions"}],"predecessor-version":[{"id":26201,"href":"https:\/\/esviafm.com\/index.php\/wp-json\/wp\/v2\/posts\/26199\/revisions\/26201"}],"wp:attachment":[{"href":"https:\/\/esviafm.com\/index.php\/wp-json\/wp\/v2\/media?parent=26199"}],"wp:term":[{"taxonomy":"category","embeddable":true,"href":"https:\/\/esviafm.com\/index.php\/wp-json\/wp\/v2\/categories?post=26199"},{"taxonomy":"post_tag","embeddable":true,"href":"https:\/\/esviafm.com\/index.php\/wp-json\/wp\/v2\/tags?post=26199"}],"curies":[{"name":"wp","href":"https:\/\/api.w.org\/{rel}","templated":true}]}}