{"id":26128,"date":"2025-05-27T14:27:11","date_gmt":"2025-05-27T18:57:11","guid":{"rendered":"https:\/\/esviafm.com\/?p=26128"},"modified":"2025-05-27T14:27:11","modified_gmt":"2025-05-27T18:57:11","slug":"lamine-yamal-sello-millonario-contrato-con-el-barcelona-hasta-el-2031","status":"publish","type":"post","link":"https:\/\/esviafm.com\/index.php\/lamine-yamal-sello-millonario-contrato-con-el-barcelona-hasta-el-2031\/","title":{"rendered":"Lamine Yamal sell\u00f3 millonario contrato con el Barcelona hasta el 2031"},"content":{"rendered":"<p>El delantero Lamine Yamal Nasraoui Ebana (Esplugues de Llobregat, Barcelona, 2007) ha ampliado su contrato con el Barcelona hasta el 30 de junio de 2031, seg\u00fan ha anunciado este martes el club espa\u00f1ol.<\/p>\n<p>De esta manera, el Barcelona ata para los pr\u00f3ximos seis a\u00f1os a su gran estrella, que el pr\u00f3ximo 13 de julio cumplir\u00e1 18 a\u00f1os y este curso se ha convertido en la gran irrupci\u00f3n del f\u00fatbol mundial y ha sido una de las piezas fundamentales del triplete nacional -Liga, Copa del Rey y Supercopa de Espa\u00f1a- conseguido por el equipo de Hansi Flick.<\/p>\n<p>El anterior contrato de Lamine Yamal expiraba en junio de 2026, el m\u00e1ximo permitido para un juvenil, la categor\u00eda que por edad le correspond\u00eda entonces al jugador.<\/p>\n<p>La cl\u00e1usula de rescisi\u00f3n del antiguo compromiso estaba estipulada en mil millones de euros, aunque en la renovaci\u00f3n del mismo se desconoce si se mantiene la misma, ya que el club no ha informado de este detalle.<\/p>\n<p>Una vez concluida la temporada, la renovaci\u00f3n del internacional espa\u00f1ol era uno de los grandes objetivos del presidente de la entidad, Joan Laporta, y del director deportivo azulgrana, Anderson Luis de Souza \u2018Deco\u2019.<\/p>\n<p>El agente del futbolista, Jorge Mendes, siempre ha insistido en que el deseo del futbolista era continuar en el club con el que juega desde los 7 a\u00f1os, cuando lleg\u00f3 a La Masia procedente del CF La Torreta.<\/p>\n<p>En la \u00faltima semana, el representante portugu\u00e9s ha visitado Barcelona en dos ocasiones -la \u00faltima vez este lunes- para reunirse con el futbolista y la c\u00fapula deportiva azulgrana con el objetivo de agilizar la operaci\u00f3n.<\/p>\n<p>El acuerdo se ha oficializado este martes en un acto en las oficinas del Spotify Camp Nou, donde Lamine Yamal ha firmado su nuevo contrato acompa\u00f1ado de Joan Laporta, el vicepresidente deportivo del club, Rafa Yuste, y el director deportivo Anderson de Souz \u2018Deco\u2019.<\/p>\n<p>Desde su debut el 29 de abril de 2023, cuando se convirti\u00f3 en el jugador m\u00e1s joven en debutar oficialmente con el primer equipo, con 15 a\u00f1os, 9 meses y 16 d\u00edas, el futbolista del barrio de Rocafonda ha ido quemando etapas de manera vertiginosa en el f\u00fatbol profesional.<\/p>\n<p>En el curso 2023-24, bajo las \u00f3rdenes de Xavi Hern\u00e1ndez, ya disput\u00f3 50 partidos, 30 de ellos como titular, en los que marc\u00f3 7 goles y reparti\u00f3 7 asistencias.<\/p>\n<p>Tambi\u00e9n debut\u00f3 esa temporada con la selecci\u00f3n espa\u00f1ola, convirti\u00e9ndose en el jugador m\u00e1s joven en estrenarse con la absoluta con 16 a\u00f1os y 57 d\u00edas. Pocos meses despu\u00e9s sobresali\u00f3 en la Eurocopa que gan\u00f3 La Roja.<\/p>\n<p>Tras la consagraci\u00f3n con el combinado espa\u00f1ol, Lamine Yamal se ha erigido esta campa\u00f1a en un jugador indiscutible para Hansi Flick.<\/p>\n<p>Bajo las \u00f3rdenes del t\u00e9cnico alem\u00e1n, ha disputado un total de 55 partidos, 51 como titular. Ha marcado 18 goles y se ha convertido en el tercer m\u00e1ximo asistente de las grandes ligas europeas (21), incluyendo todas las competiciones, seg\u00fan los datos de BeSoccer Pro para la Agencia EFE.<\/p>\n<p>Pero m\u00e1s all\u00e1 de las cifras, Lamine Yamal ha destacado por su personalidad. En los grandes escenarios, ya fueran unas semifinales de la Liga de Campeones o en los cl\u00e1sicos contra el Real Madrid, el futbolista catal\u00e1n ha dejado huella con su talento y ha presentado su candidatura para ganar la pr\u00f3xima edici\u00f3n del Bal\u00f3n de Oro.<\/p>\n<div class=\"pvc_clear\"><\/div>\n<p id=\"pvc_stats_26128\" class=\"pvc_stats all  \" data-element-id=\"26128\" style=\"\"><i class=\"pvc-stats-icon large\" aria-hidden=\"true\"><svg xmlns=\"http:\/\/www.w3.org\/2000\/svg\" version=\"1.0\" viewBox=\"0 0 502 315\" preserveAspectRatio=\"xMidYMid meet\"><g transform=\"translate(0,332) scale(0.1,-0.1)\" fill=\"\" stroke=\"none\"><path d=\"M2394 3279 l-29 -30 -3 -207 c-2 -182 0 -211 15 -242 39 -76 157 -76 196 0 15 31 17 60 15 243 l-3 209 -33 29 c-26 23 -41 29 -80 29 -41 0 -53 -5 -78 -31z\"\/><path d=\"M3085 3251 c-45 -19 -58 -50 -96 -229 -47 -217 -49 -260 -13 -295 52 -53 146 -42 177 20 16 31 87 366 87 410 0 70 -86 122 -155 94z\"\/><path d=\"M1751 3234 c-13 -9 -29 -31 -37 -50 -12 -29 -10 -49 21 -204 19 -94 39 -189 45 -210 14 -50 54 -80 110 -80 34 0 48 6 76 34 21 21 34 44 34 59 0 14 -18 113 -40 219 -37 178 -43 195 -70 221 -36 32 -101 37 -139 11z\"\/><path d=\"M1163 3073 c-36 -7 -73 -59 -73 -102 0 -56 133 -378 171 -413 34 -32 83 -37 129 -13 70 36 67 87 -16 290 -86 209 -89 214 -129 231 -35 14 -42 15 -82 7z\"\/><path d=\"M3689 3066 c-15 -9 -33 -30 -42 -48 -48 -103 -147 -355 -147 -375 0 -98 131 -148 192 -74 13 15 57 108 97 206 80 196 84 226 37 273 -30 30 -99 39 -137 18z\"\/><path d=\"M583 2784 c-38 -19 -67 -74 -58 -113 9 -42 211 -354 242 -373 16 -10 45 -18 66 -18 51 0 107 52 107 100 0 39 -1 41 -124 234 -80 126 -108 162 -133 173 -41 17 -61 16 -100 -3z\"\/><path d=\"M4250 2784 c-14 -9 -74 -91 -133 -183 -95 -150 -107 -173 -107 -213 0 -55 33 -94 87 -104 67 -13 90 8 211 198 130 202 137 225 78 284 -27 27 -42 34 -72 34 -22 0 -50 -8 -64 -16z\"\/><path d=\"M2275 2693 c-553 -48 -1095 -270 -1585 -649 -135 -104 -459 -423 -483 -476 -23 -49 -22 -139 2 -186 73 -142 361 -457 571 -626 285 -228 642 -407 990 -497 242 -63 336 -73 660 -74 310 0 370 5 595 52 535 111 1045 392 1455 803 122 121 250 273 275 326 19 41 19 137 0 174 -41 79 -309 363 -465 492 -447 370 -946 591 -1479 653 -113 14 -422 18 -536 8z m395 -428 c171 -34 330 -124 456 -258 112 -119 167 -219 211 -378 27 -96 24 -300 -5 -401 -72 -255 -236 -447 -474 -557 -132 -62 -201 -76 -368 -76 -167 0 -236 14 -368 76 -213 98 -373 271 -451 485 -162 444 86 934 547 1084 153 49 292 57 452 25z m909 -232 c222 -123 408 -262 593 -441 76 -74 138 -139 138 -144 0 -16 -233 -242 -330 -319 -155 -123 -309 -223 -461 -299 l-81 -41 32 46 c18 26 49 83 70 128 143 306 141 649 -6 957 -25 52 -61 116 -79 142 l-34 47 45 -20 c26 -10 76 -36 113 -56z m-2057 25 c-40 -58 -105 -190 -130 -263 -110 -324 -59 -707 132 -981 25 -35 42 -64 37 -64 -19 0 -241 119 -326 174 -188 122 -406 314 -532 468 l-58 71 108 103 c185 178 428 349 672 473 66 33 121 60 123 61 2 0 -10 -19 -26 -42z\"\/><path d=\"M2375 1950 c-198 -44 -350 -190 -395 -379 -18 -76 -8 -221 19 -290 114 -284 457 -406 731 -260 98 52 188 154 231 260 27 69 37 214 19 290 -38 163 -166 304 -326 360 -67 23 -215 33 -279 19z\"\/><\/g><\/svg><\/i> <img decoding=\"async\" width=\"16\" height=\"16\" alt=\"Loading\" src=\"https:\/\/esviafm.com\/wp-content\/plugins\/page-views-count\/ajax-loader-2x.gif\" border=0 \/><\/p>\n<div class=\"pvc_clear\"><\/div>\n","protected":false},"excerpt":{"rendered":"<p>El delantero Lamine Yamal Nasraoui Ebana (Esplugues de Llobregat, Barcelona, 2007) ha ampliado su contrato con el Barcelona hasta el 30 de junio de 2031, seg\u00fan ha anunciado este martes el club espa\u00f1ol. De esta manera, el Barcelona ata para los pr\u00f3ximos seis a\u00f1os a su gran estrella, que el pr\u00f3ximo 13 de julio cumplir\u00e1 [&hellip;]<\/p>\n<div class=\"pvc_clear\"><\/div>\n<p id=\"pvc_stats_26128\" class=\"pvc_stats all  \" data-element-id=\"26128\" style=\"\"><i class=\"pvc-stats-icon large\" aria-hidden=\"true\"><svg xmlns=\"http:\/\/www.w3.org\/2000\/svg\" version=\"1.0\" viewBox=\"0 0 502 315\" preserveAspectRatio=\"xMidYMid meet\"><g transform=\"translate(0,332) scale(0.1,-0.1)\" fill=\"\" stroke=\"none\"><path d=\"M2394 3279 l-29 -30 -3 -207 c-2 -182 0 -211 15 -242 39 -76 157 -76 196 0 15 31 17 60 15 243 l-3 209 -33 29 c-26 23 -41 29 -80 29 -41 0 -53 -5 -78 -31z\"\/><path d=\"M3085 3251 c-45 -19 -58 -50 -96 -229 -47 -217 -49 -260 -13 -295 52 -53 146 -42 177 20 16 31 87 366 87 410 0 70 -86 122 -155 94z\"\/><path d=\"M1751 3234 c-13 -9 -29 -31 -37 -50 -12 -29 -10 -49 21 -204 19 -94 39 -189 45 -210 14 -50 54 -80 110 -80 34 0 48 6 76 34 21 21 34 44 34 59 0 14 -18 113 -40 219 -37 178 -43 195 -70 221 -36 32 -101 37 -139 11z\"\/><path d=\"M1163 3073 c-36 -7 -73 -59 -73 -102 0 -56 133 -378 171 -413 34 -32 83 -37 129 -13 70 36 67 87 -16 290 -86 209 -89 214 -129 231 -35 14 -42 15 -82 7z\"\/><path d=\"M3689 3066 c-15 -9 -33 -30 -42 -48 -48 -103 -147 -355 -147 -375 0 -98 131 -148 192 -74 13 15 57 108 97 206 80 196 84 226 37 273 -30 30 -99 39 -137 18z\"\/><path d=\"M583 2784 c-38 -19 -67 -74 -58 -113 9 -42 211 -354 242 -373 16 -10 45 -18 66 -18 51 0 107 52 107 100 0 39 -1 41 -124 234 -80 126 -108 162 -133 173 -41 17 -61 16 -100 -3z\"\/><path d=\"M4250 2784 c-14 -9 -74 -91 -133 -183 -95 -150 -107 -173 -107 -213 0 -55 33 -94 87 -104 67 -13 90 8 211 198 130 202 137 225 78 284 -27 27 -42 34 -72 34 -22 0 -50 -8 -64 -16z\"\/><path d=\"M2275 2693 c-553 -48 -1095 -270 -1585 -649 -135 -104 -459 -423 -483 -476 -23 -49 -22 -139 2 -186 73 -142 361 -457 571 -626 285 -228 642 -407 990 -497 242 -63 336 -73 660 -74 310 0 370 5 595 52 535 111 1045 392 1455 803 122 121 250 273 275 326 19 41 19 137 0 174 -41 79 -309 363 -465 492 -447 370 -946 591 -1479 653 -113 14 -422 18 -536 8z m395 -428 c171 -34 330 -124 456 -258 112 -119 167 -219 211 -378 27 -96 24 -300 -5 -401 -72 -255 -236 -447 -474 -557 -132 -62 -201 -76 -368 -76 -167 0 -236 14 -368 76 -213 98 -373 271 -451 485 -162 444 86 934 547 1084 153 49 292 57 452 25z m909 -232 c222 -123 408 -262 593 -441 76 -74 138 -139 138 -144 0 -16 -233 -242 -330 -319 -155 -123 -309 -223 -461 -299 l-81 -41 32 46 c18 26 49 83 70 128 143 306 141 649 -6 957 -25 52 -61 116 -79 142 l-34 47 45 -20 c26 -10 76 -36 113 -56z m-2057 25 c-40 -58 -105 -190 -130 -263 -110 -324 -59 -707 132 -981 25 -35 42 -64 37 -64 -19 0 -241 119 -326 174 -188 122 -406 314 -532 468 l-58 71 108 103 c185 178 428 349 672 473 66 33 121 60 123 61 2 0 -10 -19 -26 -42z\"\/><path d=\"M2375 1950 c-198 -44 -350 -190 -395 -379 -18 -76 -8 -221 19 -290 114 -284 457 -406 731 -260 98 52 188 154 231 260 27 69 37 214 19 290 -38 163 -166 304 -326 360 -67 23 -215 33 -279 19z\"\/><\/g><\/svg><\/i> <img decoding=\"async\" width=\"16\" height=\"16\" alt=\"Loading\" src=\"https:\/\/esviafm.com\/wp-content\/plugins\/page-views-count\/ajax-loader-2x.gif\" border=0 \/><\/p>\n<div class=\"pvc_clear\"><\/div>\n","protected":false},"author":1,"featured_media":0,"comment_status":"open","ping_status":"open","sticky":false,"template":"","format":"standard","meta":{"_et_pb_use_builder":"","_et_pb_old_content":"","_et_gb_content_width":"","footnotes":""},"categories":[1],"tags":[],"class_list":["post-26128","post","type-post","status-publish","format-standard","hentry","category-sin-categoria"],"_links":{"self":[{"href":"https:\/\/esviafm.com\/index.php\/wp-json\/wp\/v2\/posts\/26128","targetHints":{"allow":["GET"]}}],"collection":[{"href":"https:\/\/esviafm.com\/index.php\/wp-json\/wp\/v2\/posts"}],"about":[{"href":"https:\/\/esviafm.com\/index.php\/wp-json\/wp\/v2\/types\/post"}],"author":[{"embeddable":true,"href":"https:\/\/esviafm.com\/index.php\/wp-json\/wp\/v2\/users\/1"}],"replies":[{"embeddable":true,"href":"https:\/\/esviafm.com\/index.php\/wp-json\/wp\/v2\/comments?post=26128"}],"version-history":[{"count":1,"href":"https:\/\/esviafm.com\/index.php\/wp-json\/wp\/v2\/posts\/26128\/revisions"}],"predecessor-version":[{"id":26130,"href":"https:\/\/esviafm.com\/index.php\/wp-json\/wp\/v2\/posts\/26128\/revisions\/26130"}],"wp:attachment":[{"href":"https:\/\/esviafm.com\/index.php\/wp-json\/wp\/v2\/media?parent=26128"}],"wp:term":[{"taxonomy":"category","embeddable":true,"href":"https:\/\/esviafm.com\/index.php\/wp-json\/wp\/v2\/categories?post=26128"},{"taxonomy":"post_tag","embeddable":true,"href":"https:\/\/esviafm.com\/index.php\/wp-json\/wp\/v2\/tags?post=26128"}],"curies":[{"name":"wp","href":"https:\/\/api.w.org\/{rel}","templated":true}]}}