{"id":25404,"date":"2025-04-29T06:50:58","date_gmt":"2025-04-29T11:20:58","guid":{"rendered":"https:\/\/esviafm.com\/?p=25404"},"modified":"2025-04-29T06:50:58","modified_gmt":"2025-04-29T11:20:58","slug":"docentes-convocan-marcha-para-exigir-salarios-dignos-este-1-de-mayo-en-barquisimeto","status":"publish","type":"post","link":"https:\/\/esviafm.com\/index.php\/docentes-convocan-marcha-para-exigir-salarios-dignos-este-1-de-mayo-en-barquisimeto\/","title":{"rendered":"Docentes convocan marcha para exigir salarios dignos este 1\u00b0 de mayo en Barquisimeto"},"content":{"rendered":"<p>En v\u00edsperas del\u00a0<strong>D\u00eda del Trabajador,<\/strong>\u00a0las coaliciones sindicales del sector educativo en el estado Lara anunciaron una marcha de protesta que se llevar\u00e1 a cabo el pr\u00f3ximo 1\u00b0 de mayo en la que exigir\u00e1n la restituci\u00f3n de sus derechos laborales y la discusi\u00f3n de la tercera contrataci\u00f3n colectiva.<\/p>\n<div class=\"google-anno-skip google-anno-sc\" tabindex=\"0\" role=\"link\" aria-label=\"Turismo en Lara\" data-google-vignette=\"false\" data-google-interstitial=\"false\">Turismo en Lara<\/div>\n<div id=\"elimp-2876586821\" class=\"elimp-contenido\"><\/div>\n<p>La concentraci\u00f3n partir\u00e1 desde la\u00a0<strong>Casa del Maestro<\/strong>, en la avenida Venezuela con calle 26 de Barquisimeto, hasta la Plaza de la Justicia, ubicada en la carrera 17 entre calles 24 y 25.<\/p>\n<h2 class=\"wp-block-heading\">Condiciones laborales de los docentes en crisis<\/h2>\n<p>Durante una rueda de prensa ofrecida este 28 de abril, los representantes sindicales denunciaron las precarias condiciones laborales que enfrenta el magisterio,<strong>\u00a0el deterioro avanzado de la infraestructura escolar\u00a0<\/strong>en la regi\u00f3n y la violaci\u00f3n sistem\u00e1tica de sus derechos laborales.<\/p>\n<p>\u00abHoy la canasta b\u00e1sica ronda los 700 d\u00f3lares y un docente est\u00e1 ganando apenas 1.8 d\u00f3lares\u00bb, alert\u00f3 la profesora Hilda Pe\u00f1a, secretaria general de Sinvemal, quien subray\u00f3 que el salario actual es insuficiente para cubrir necesidades b\u00e1sicas,\u00a0<strong>obligando a los docentes a \u00absubsidiar al Estado\u00bb<\/strong>\u00a0para mantener abiertas las aulas.<\/p>\n<figure class=\"wp-block-embed is-type-video is-provider-youtube wp-block-embed-youtube wp-embed-aspect-16-9 wp-has-aspect-ratio\">\n<div class=\"wp-block-embed__wrapper\"><iframe title=\"Docentes convocan marcha para exigir salarios dignos este 1\u00b0 de mayo en Barquisimeto #28Abr\" src=\"https:\/\/www.youtube.com\/embed\/LIapNKxIARI?feature=oembed\" width=\"100%\" height=\"392\" frameborder=\"0\" allowfullscreen=\"allowfullscreen\" data-mce-fragment=\"1\"><\/iframe><\/p>\n<div class=\"google-anno-skip google-anno-sc\" tabindex=\"0\" role=\"link\" aria-label=\"Gastronom\u00eda venezolana\" data-google-vignette=\"false\" data-google-interstitial=\"false\">Gastronom\u00eda venezolana<\/div>\n<\/div>\n<\/figure>\n<h2 class=\"wp-block-heading\">Derechos de los docentes en extinci\u00f3n<\/h2>\n<div class=\"google-auto-placed ap_container\"><ins class=\"adsbygoogle adsbygoogle-noablate\" data-ad-format=\"auto\" data-ad-client=\"ca-pub-7690825590694655\" data-adsbygoogle-status=\"done\" data-ad-status=\"unfilled\"><\/p>\n<div id=\"aswift_4_host\"><iframe id=\"aswift_4\" tabindex=\"0\" title=\"Advertisement\" src=\"https:\/\/googleads.g.doubleclick.net\/pagead\/ads?gdpr=0&amp;us_privacy=1---&amp;gpp_sid=-1&amp;client=ca-pub-7690825590694655&amp;output=html&amp;h=280&amp;adk=1710619859&amp;adf=3412200666&amp;w=762&amp;abgtt=6&amp;fwrn=4&amp;fwrnh=100&amp;lmt=1745872425&amp;num_ads=1&amp;rafmt=1&amp;armr=3&amp;sem=mc&amp;pwprc=4512835788&amp;ad_type=text_image&amp;format=762x280&amp;url=https%3A%2F%2Fwww.elimpulso.com%2F2025%2F04%2F28%2Fvideo-docentes-convocan-marcha-para-exigir-salarios-dignos-este-1-de-mayo-en-barquisimeto-28abr%2F&amp;fwr=0&amp;pra=3&amp;rh=191&amp;rw=762&amp;rpe=1&amp;resp_fmts=3&amp;wgl=1&amp;fa=27&amp;uach=WyJXaW5kb3dzIiwiMTAuMC4wIiwieDg2IiwiIiwiMTM1LjAuNzA0OS4xMTUiLG51bGwsMCxudWxsLCI2NCIsW1siR29vZ2xlIENocm9tZSIsIjEzNS4wLjcwNDkuMTE1Il0sWyJOb3QtQS5CcmFuZCIsIjguMC4wLjAiXSxbIkNocm9taXVtIiwiMTM1LjAuNzA0OS4xMTUiXV0sMF0.&amp;dt=1745924132971&amp;bpp=4&amp;bdt=18039&amp;idt=4&amp;shv=r20250424&amp;mjsv=m202504240101&amp;ptt=9&amp;saldr=aa&amp;abxe=1&amp;cookie=ID%3D5cbf05c4edc88cfd%3AT%3D1726743684%3ART%3D1745925017%3AS%3DALNI_MZ7yYR3L6L7Mth26yAo2nEf_I7C1g&amp;gpic=UID%3D00000a5188f9e391%3AT%3D1726743684%3ART%3D1745925017%3AS%3DALNI_Mbs8_TawpzmiipOiKIpE59SFoiHQg&amp;eo_id_str=ID%3D4cd9d5eb846f1048%3AT%3D1742295899%3ART%3D1745925017%3AS%3DAA-AfjY-muD1nxavWgjmIUeRTde5&amp;prev_fmts=0x0%2C762x280%2C300x250&amp;nras=2&amp;correlator=5533319660978&amp;frm=20&amp;pv=1&amp;u_tz=-240&amp;u_his=1&amp;u_h=768&amp;u_w=1360&amp;u_ah=728&amp;u_aw=1360&amp;u_cd=24&amp;u_sd=1&amp;dmc=8&amp;adx=131&amp;ady=2406&amp;biw=1345&amp;bih=607&amp;scr_x=0&amp;scr_y=0&amp;eid=95358863%2C95358865%2C95358976%2C95359121%2C31090357&amp;oid=2&amp;pvsid=6505284969350910&amp;tmod=128974890&amp;uas=0&amp;nvt=1&amp;fc=1408&amp;brdim=0%2C0%2C0%2C0%2C1360%2C0%2C1360%2C728%2C1360%2C607&amp;vis=1&amp;rsz=%7C%7Cs%7C&amp;abl=NS&amp;fu=128&amp;bc=31&amp;bz=1&amp;td=1&amp;tdf=2&amp;psd=W251bGwsW251bGwsbnVsbCxudWxsLCJkZXByZWNhdGVkX2thbm9uIl0sbnVsbCwzXQ..&amp;nt=1&amp;ifi=5&amp;uci=a!5&amp;btvi=3&amp;fsb=1&amp;dtd=M\" name=\"aswift_4\" width=\"762\" height=\"0\" frameborder=\"0\" marginwidth=\"0\" marginheight=\"0\" scrolling=\"no\" sandbox=\"allow-forms allow-popups allow-popups-to-escape-sandbox allow-same-origin allow-scripts allow-top-navigation-by-user-activation\" data-google-container-id=\"a!5\" aria-label=\"Advertisement\" data-google-query-id=\"COmzi9qP_YwDFVJIRwEdbcEI1w\" data-load-complete=\"true\" data-mce-fragment=\"1\"><\/iframe><\/div>\n<p><\/ins><\/div>\n<p>Pe\u00f1a tambi\u00e9n critic\u00f3 que<strong>\u00a0desde hace tres a\u00f1os no se ha decretado un aumento del salario m\u00ednimo<\/strong>\u00a0y reclam\u00f3 que las bonificaciones, como el bono de guerra y el cesta ticket, no tienen incidencia en el salario base, afectando gravemente las prestaciones sociales.<\/p>\n<p>Adem\u00e1s, denunci\u00f3 el recorte de primas de antig\u00fcedad, profesionalizaci\u00f3n y ejercicio docente, medidas que, a su juicio, violan el principio de\u00a0<strong>progresividad de los derechos laborales\u00a0<\/strong>y menosprecian el valor de la carrera docente.<\/p>\n<p>Los sindicatos exigen la firma urgente de la tercera convenci\u00f3n colectiva, pendiente desde 2018, as\u00ed como la restituci\u00f3n del seguro HCM para los trabajadores del sector. Tambi\u00e9n alertaron sobre el\u00a0<strong>riesgo estructural en varias escuelas<\/strong>, como la Bolivia Tovar y La Ermita, donde el deterioro amenaza la seguridad de estudiantes y personal.<\/p>\n<p>Finalmente, la coalici\u00f3n sindical critic\u00f3 la indiferencia del director del Centro de Calidad Educativa, Eliamir Elcatriz, quien desde septiembre de 2023 no ha respondido a sus solicitudes de di\u00e1logo para buscar soluciones a la crisis educativa.<\/p>\n<blockquote class=\"wp-block-quote td_pull_quote td_pull_center is-layout-flow wp-block-quote-is-layout-flow\">\n<p class=\"has-black-color has-text-color has-link-color wp-elements-b517148fade249e2a3b646c82fdef908\">\u201cParece que solo le interesa que los ni\u00f1os asistan a clases, sin importar las condiciones\u201d, lament\u00f3 la dirigente sindical.<\/p>\n<\/blockquote>\n<p>La marcha del 1\u00b0 de mayo ser\u00e1, seg\u00fan los organizadores, una jornada de lucha en defensa de la educaci\u00f3n p\u00fablica y de los derechos de los trabajadores.<\/p>\n<div class=\"pvc_clear\"><\/div>\n<p id=\"pvc_stats_25404\" class=\"pvc_stats all  \" data-element-id=\"25404\" style=\"\"><i class=\"pvc-stats-icon large\" aria-hidden=\"true\"><svg xmlns=\"http:\/\/www.w3.org\/2000\/svg\" version=\"1.0\" viewBox=\"0 0 502 315\" preserveAspectRatio=\"xMidYMid meet\"><g transform=\"translate(0,332) scale(0.1,-0.1)\" fill=\"\" stroke=\"none\"><path d=\"M2394 3279 l-29 -30 -3 -207 c-2 -182 0 -211 15 -242 39 -76 157 -76 196 0 15 31 17 60 15 243 l-3 209 -33 29 c-26 23 -41 29 -80 29 -41 0 -53 -5 -78 -31z\"\/><path d=\"M3085 3251 c-45 -19 -58 -50 -96 -229 -47 -217 -49 -260 -13 -295 52 -53 146 -42 177 20 16 31 87 366 87 410 0 70 -86 122 -155 94z\"\/><path d=\"M1751 3234 c-13 -9 -29 -31 -37 -50 -12 -29 -10 -49 21 -204 19 -94 39 -189 45 -210 14 -50 54 -80 110 -80 34 0 48 6 76 34 21 21 34 44 34 59 0 14 -18 113 -40 219 -37 178 -43 195 -70 221 -36 32 -101 37 -139 11z\"\/><path d=\"M1163 3073 c-36 -7 -73 -59 -73 -102 0 -56 133 -378 171 -413 34 -32 83 -37 129 -13 70 36 67 87 -16 290 -86 209 -89 214 -129 231 -35 14 -42 15 -82 7z\"\/><path d=\"M3689 3066 c-15 -9 -33 -30 -42 -48 -48 -103 -147 -355 -147 -375 0 -98 131 -148 192 -74 13 15 57 108 97 206 80 196 84 226 37 273 -30 30 -99 39 -137 18z\"\/><path d=\"M583 2784 c-38 -19 -67 -74 -58 -113 9 -42 211 -354 242 -373 16 -10 45 -18 66 -18 51 0 107 52 107 100 0 39 -1 41 -124 234 -80 126 -108 162 -133 173 -41 17 -61 16 -100 -3z\"\/><path d=\"M4250 2784 c-14 -9 -74 -91 -133 -183 -95 -150 -107 -173 -107 -213 0 -55 33 -94 87 -104 67 -13 90 8 211 198 130 202 137 225 78 284 -27 27 -42 34 -72 34 -22 0 -50 -8 -64 -16z\"\/><path d=\"M2275 2693 c-553 -48 -1095 -270 -1585 -649 -135 -104 -459 -423 -483 -476 -23 -49 -22 -139 2 -186 73 -142 361 -457 571 -626 285 -228 642 -407 990 -497 242 -63 336 -73 660 -74 310 0 370 5 595 52 535 111 1045 392 1455 803 122 121 250 273 275 326 19 41 19 137 0 174 -41 79 -309 363 -465 492 -447 370 -946 591 -1479 653 -113 14 -422 18 -536 8z m395 -428 c171 -34 330 -124 456 -258 112 -119 167 -219 211 -378 27 -96 24 -300 -5 -401 -72 -255 -236 -447 -474 -557 -132 -62 -201 -76 -368 -76 -167 0 -236 14 -368 76 -213 98 -373 271 -451 485 -162 444 86 934 547 1084 153 49 292 57 452 25z m909 -232 c222 -123 408 -262 593 -441 76 -74 138 -139 138 -144 0 -16 -233 -242 -330 -319 -155 -123 -309 -223 -461 -299 l-81 -41 32 46 c18 26 49 83 70 128 143 306 141 649 -6 957 -25 52 -61 116 -79 142 l-34 47 45 -20 c26 -10 76 -36 113 -56z m-2057 25 c-40 -58 -105 -190 -130 -263 -110 -324 -59 -707 132 -981 25 -35 42 -64 37 -64 -19 0 -241 119 -326 174 -188 122 -406 314 -532 468 l-58 71 108 103 c185 178 428 349 672 473 66 33 121 60 123 61 2 0 -10 -19 -26 -42z\"\/><path d=\"M2375 1950 c-198 -44 -350 -190 -395 -379 -18 -76 -8 -221 19 -290 114 -284 457 -406 731 -260 98 52 188 154 231 260 27 69 37 214 19 290 -38 163 -166 304 -326 360 -67 23 -215 33 -279 19z\"\/><\/g><\/svg><\/i> <img decoding=\"async\" width=\"16\" height=\"16\" alt=\"Loading\" src=\"https:\/\/esviafm.com\/wp-content\/plugins\/page-views-count\/ajax-loader-2x.gif\" border=0 \/><\/p>\n<div class=\"pvc_clear\"><\/div>\n","protected":false},"excerpt":{"rendered":"<p>En v\u00edsperas del\u00a0D\u00eda del Trabajador,\u00a0las coaliciones sindicales del sector educativo en el estado Lara anunciaron una marcha de protesta que se llevar\u00e1 a cabo el pr\u00f3ximo 1\u00b0 de mayo en la que exigir\u00e1n la restituci\u00f3n de sus derechos laborales y la discusi\u00f3n de la tercera contrataci\u00f3n colectiva. Turismo en Lara La concentraci\u00f3n partir\u00e1 desde la\u00a0Casa [&hellip;]<\/p>\n<div class=\"pvc_clear\"><\/div>\n<p id=\"pvc_stats_25404\" class=\"pvc_stats all  \" data-element-id=\"25404\" style=\"\"><i class=\"pvc-stats-icon large\" aria-hidden=\"true\"><svg xmlns=\"http:\/\/www.w3.org\/2000\/svg\" version=\"1.0\" viewBox=\"0 0 502 315\" preserveAspectRatio=\"xMidYMid meet\"><g transform=\"translate(0,332) scale(0.1,-0.1)\" fill=\"\" stroke=\"none\"><path d=\"M2394 3279 l-29 -30 -3 -207 c-2 -182 0 -211 15 -242 39 -76 157 -76 196 0 15 31 17 60 15 243 l-3 209 -33 29 c-26 23 -41 29 -80 29 -41 0 -53 -5 -78 -31z\"\/><path d=\"M3085 3251 c-45 -19 -58 -50 -96 -229 -47 -217 -49 -260 -13 -295 52 -53 146 -42 177 20 16 31 87 366 87 410 0 70 -86 122 -155 94z\"\/><path d=\"M1751 3234 c-13 -9 -29 -31 -37 -50 -12 -29 -10 -49 21 -204 19 -94 39 -189 45 -210 14 -50 54 -80 110 -80 34 0 48 6 76 34 21 21 34 44 34 59 0 14 -18 113 -40 219 -37 178 -43 195 -70 221 -36 32 -101 37 -139 11z\"\/><path d=\"M1163 3073 c-36 -7 -73 -59 -73 -102 0 -56 133 -378 171 -413 34 -32 83 -37 129 -13 70 36 67 87 -16 290 -86 209 -89 214 -129 231 -35 14 -42 15 -82 7z\"\/><path d=\"M3689 3066 c-15 -9 -33 -30 -42 -48 -48 -103 -147 -355 -147 -375 0 -98 131 -148 192 -74 13 15 57 108 97 206 80 196 84 226 37 273 -30 30 -99 39 -137 18z\"\/><path d=\"M583 2784 c-38 -19 -67 -74 -58 -113 9 -42 211 -354 242 -373 16 -10 45 -18 66 -18 51 0 107 52 107 100 0 39 -1 41 -124 234 -80 126 -108 162 -133 173 -41 17 -61 16 -100 -3z\"\/><path d=\"M4250 2784 c-14 -9 -74 -91 -133 -183 -95 -150 -107 -173 -107 -213 0 -55 33 -94 87 -104 67 -13 90 8 211 198 130 202 137 225 78 284 -27 27 -42 34 -72 34 -22 0 -50 -8 -64 -16z\"\/><path d=\"M2275 2693 c-553 -48 -1095 -270 -1585 -649 -135 -104 -459 -423 -483 -476 -23 -49 -22 -139 2 -186 73 -142 361 -457 571 -626 285 -228 642 -407 990 -497 242 -63 336 -73 660 -74 310 0 370 5 595 52 535 111 1045 392 1455 803 122 121 250 273 275 326 19 41 19 137 0 174 -41 79 -309 363 -465 492 -447 370 -946 591 -1479 653 -113 14 -422 18 -536 8z m395 -428 c171 -34 330 -124 456 -258 112 -119 167 -219 211 -378 27 -96 24 -300 -5 -401 -72 -255 -236 -447 -474 -557 -132 -62 -201 -76 -368 -76 -167 0 -236 14 -368 76 -213 98 -373 271 -451 485 -162 444 86 934 547 1084 153 49 292 57 452 25z m909 -232 c222 -123 408 -262 593 -441 76 -74 138 -139 138 -144 0 -16 -233 -242 -330 -319 -155 -123 -309 -223 -461 -299 l-81 -41 32 46 c18 26 49 83 70 128 143 306 141 649 -6 957 -25 52 -61 116 -79 142 l-34 47 45 -20 c26 -10 76 -36 113 -56z m-2057 25 c-40 -58 -105 -190 -130 -263 -110 -324 -59 -707 132 -981 25 -35 42 -64 37 -64 -19 0 -241 119 -326 174 -188 122 -406 314 -532 468 l-58 71 108 103 c185 178 428 349 672 473 66 33 121 60 123 61 2 0 -10 -19 -26 -42z\"\/><path d=\"M2375 1950 c-198 -44 -350 -190 -395 -379 -18 -76 -8 -221 19 -290 114 -284 457 -406 731 -260 98 52 188 154 231 260 27 69 37 214 19 290 -38 163 -166 304 -326 360 -67 23 -215 33 -279 19z\"\/><\/g><\/svg><\/i> <img decoding=\"async\" width=\"16\" height=\"16\" alt=\"Loading\" src=\"https:\/\/esviafm.com\/wp-content\/plugins\/page-views-count\/ajax-loader-2x.gif\" border=0 \/><\/p>\n<div class=\"pvc_clear\"><\/div>\n","protected":false},"author":1,"featured_media":0,"comment_status":"open","ping_status":"open","sticky":false,"template":"","format":"standard","meta":{"_et_pb_use_builder":"","_et_pb_old_content":"","_et_gb_content_width":"","footnotes":""},"categories":[25],"tags":[],"class_list":["post-25404","post","type-post","status-publish","format-standard","hentry","category-nacionales"],"_links":{"self":[{"href":"https:\/\/esviafm.com\/index.php\/wp-json\/wp\/v2\/posts\/25404","targetHints":{"allow":["GET"]}}],"collection":[{"href":"https:\/\/esviafm.com\/index.php\/wp-json\/wp\/v2\/posts"}],"about":[{"href":"https:\/\/esviafm.com\/index.php\/wp-json\/wp\/v2\/types\/post"}],"author":[{"embeddable":true,"href":"https:\/\/esviafm.com\/index.php\/wp-json\/wp\/v2\/users\/1"}],"replies":[{"embeddable":true,"href":"https:\/\/esviafm.com\/index.php\/wp-json\/wp\/v2\/comments?post=25404"}],"version-history":[{"count":1,"href":"https:\/\/esviafm.com\/index.php\/wp-json\/wp\/v2\/posts\/25404\/revisions"}],"predecessor-version":[{"id":25406,"href":"https:\/\/esviafm.com\/index.php\/wp-json\/wp\/v2\/posts\/25404\/revisions\/25406"}],"wp:attachment":[{"href":"https:\/\/esviafm.com\/index.php\/wp-json\/wp\/v2\/media?parent=25404"}],"wp:term":[{"taxonomy":"category","embeddable":true,"href":"https:\/\/esviafm.com\/index.php\/wp-json\/wp\/v2\/categories?post=25404"},{"taxonomy":"post_tag","embeddable":true,"href":"https:\/\/esviafm.com\/index.php\/wp-json\/wp\/v2\/tags?post=25404"}],"curies":[{"name":"wp","href":"https:\/\/api.w.org\/{rel}","templated":true}]}}