{"id":25329,"date":"2025-04-28T06:42:05","date_gmt":"2025-04-28T11:12:05","guid":{"rendered":"https:\/\/esviafm.com\/?p=25329"},"modified":"2025-04-28T06:42:05","modified_gmt":"2025-04-28T11:12:05","slug":"el-partido-de-maria-corina-machado-denuncio-que-uno-de-sus-coordinadores-detenidos-debio-ser-atendido-de-urgencia-por-las-torturas-sufridas-en-prision","status":"publish","type":"post","link":"https:\/\/esviafm.com\/index.php\/el-partido-de-maria-corina-machado-denuncio-que-uno-de-sus-coordinadores-detenidos-debio-ser-atendido-de-urgencia-por-las-torturas-sufridas-en-prision\/","title":{"rendered":"El partido de Mar\u00eda Corina Machado denunci\u00f3 que uno de sus coordinadores detenidos debi\u00f3 ser atendido de urgencia por las torturas sufridas en prisi\u00f3n"},"content":{"rendered":"<p class=\"paragraph\">El Comit\u00e9 de Derechos Humanos de\u00a0<b>Vente\u00a0<\/b><a href=\"https:\/\/www.infobae.com\/venezuela\/\" target=\"_blank\" rel=\"noopener noreferrer\"><b>Venezuela<\/b>\u00a0<\/a>denunci\u00f3 este s\u00e1bado que su coordinador juvenil del estado de\u00a0<b>Yaracuy<\/b>, detenido desde diciembre, debi\u00f3 ser\u00a0<b>atendido de urgencia<\/b>\u00a0por las\u00a0<b>torturas\u00a0<\/b>sufridas en prisi\u00f3n.<\/p>\n<p class=\"paragraph\">\u201c<b>Yerwin Torrealba<\/b>\u00a0fue\u00a0<b>sacado de emergencia<\/b>\u00a0a un centro m\u00e9dico por presentar\u00a0<b>fuerte dolor abdominal y en sus piernas<\/b>, debido a las\u00a0<b>condiciones de reclusi\u00f3n a las que est\u00e1 sometido<\/b>\u201d, escribi\u00f3 la agrupaci\u00f3n opositora en un comunicado en el que precis\u00f3, adem\u00e1s, que el joven llevaba\u00a0<b>\u201cvarios d\u00edas presentando malestar y le hab\u00eda sido negada la atenci\u00f3n m\u00e9dica\u201d.<\/b><\/p>\n<div class=\"inline ad-wrapper amp ad-amp\"><\/div>\n<p class=\"paragraph\">Ante ello, Vente Venezuela alert\u00f3 a la comunidad internacional de las \u201c<b>m\u00faltiples complicaciones de salud<\/b>\u00a0que est\u00e1n presentando hoy muchos de los presos pol\u00edticos en el pa\u00eds\u201d y record\u00f3 que ya en diciembre se hab\u00eda elevado un pedido a la\u00a0<b>Corte Penal Internacional<\/b>\u00a0para que investigara la presunta comisi\u00f3n de\u00a0<b>cr\u00edmenes de lesa humanidad<\/b>\u00a0tras la muerte de tres reos.<\/p>\n<p class=\"paragraph\">Los presos pol\u00edticos en Venezuela son sometidos a todo tipo de\u00a0<b>abusos\u00a0<\/b>y\u00a0<b>torturas<\/b>, y obligados a permanecer en\u00a0<b>condiciones de reclusi\u00f3n inhumanas<\/b>, lo que deriva en un\u00a0<b>inmediato deterioro de su estado de salud.<\/b><\/p>\n<div>\n<div class=\"hide-only-es\">\n<div class=\"inline_2 ad-wrapper ad-mobile amp ad-amp\"><\/div>\n<\/div>\n<\/div>\n<p class=\"paragraph\">En enero, cinco relatores, dos grupos de trabajo y un experto independiente del Consejo de Derechos Humanos de la ONU describieron las condiciones como \u201cinadecuadas\u201d y advirtieron que \u201cse habr\u00edan agravado\u201d tras las elecciones presidenciales del 28 de julio ante el \u201csignificativo aumento de personas detenidas\u201d.<\/p>\n<div>\n<div class=\"amp_visual_image\"><img decoding=\"async\" class=\"i-amphtml-fill-content i-amphtml-replaced-content\" src=\"https:\/\/www.infobae.com\/resizer\/v2\/JZVIFSETSFCU5OTI2KPQLRORJI.jpg?auth=41a1be9f14060608e3ea3ddc9924c158aad51ef813cdd24488f100de5e627041&amp;smart=true&amp;width=350&amp;height=525&amp;quality=85\" sizes=\"(max-width: 1360px) 1360px, 100vw\" srcset=\"https:\/\/www.infobae.com\/resizer\/v2\/JZVIFSETSFCU5OTI2KPQLRORJI.jpg?auth=41a1be9f14060608e3ea3ddc9924c158aad51ef813cdd24488f100de5e627041&amp;smart=true&amp;width=350&amp;height=525&amp;quality=85 350w, https:\/\/www.infobae.com\/resizer\/v2\/JZVIFSETSFCU5OTI2KPQLRORJI.jpg?auth=41a1be9f14060608e3ea3ddc9924c158aad51ef813cdd24488f100de5e627041&amp;smart=true&amp;width=420&amp;height=630&amp;quality=85 420w, https:\/\/www.infobae.com\/resizer\/v2\/JZVIFSETSFCU5OTI2KPQLRORJI.jpg?auth=41a1be9f14060608e3ea3ddc9924c158aad51ef813cdd24488f100de5e627041&amp;smart=true&amp;width=577&amp;height=866&amp;quality=85 577w, https:\/\/www.infobae.com\/resizer\/v2\/JZVIFSETSFCU5OTI2KPQLRORJI.jpg?auth=41a1be9f14060608e3ea3ddc9924c158aad51ef813cdd24488f100de5e627041&amp;smart=true&amp;width=768&amp;height=1152&amp;quality=85 768w, https:\/\/www.infobae.com\/resizer\/v2\/JZVIFSETSFCU5OTI2KPQLRORJI.jpg?auth=41a1be9f14060608e3ea3ddc9924c158aad51ef813cdd24488f100de5e627041&amp;smart=true&amp;width=992&amp;height=1488&amp;quality=85 992w\" alt=\"Los presos pol\u00edticos en Venezuela\" data-amp-auto-lightbox-disable=\"true\" data-hero=\"true\" \/>Los presos pol\u00edticos en Venezuela son sometidos a todo tipo de torturas y condiciones de reclusi\u00f3n inapropiadas (EFE)<\/div>\n<\/div>\n<p class=\"paragraph\">Una de las v\u00edctimas de esta situaci\u00f3n es la activista\u00a0<b>Roc\u00edo San Miguel<\/b>, quien padece desde hace meses una\u00a0<b>fractura\u00a0<\/b>que requiere intervenci\u00f3n quir\u00fargica, pero que le es negada.<\/p>\n<p class=\"paragraph\">El hecho se remonta a diciembre de 2023, cuando su abogado, Juan Gonz\u00e1lez Taguaruco, notific\u00f3 de la lesi\u00f3n de su cliente, a ra\u00edz de una ca\u00edda provocada por un mareo relacionado con un cuadro de laberintitis.<\/p>\n<p class=\"paragraph\">Pese a que la opositora manifestaba dolores constantes,\u00a0<b>el cuadro \u201cno fue debidamente tratado\u201d<\/b>\u00a0y solo se le administraban analg\u00e9sicos.<\/p>\n<p class=\"paragraph\">Es por ello que, ahora, su defensa solicita su excarcelaci\u00f3n para poder ser\u00a0<b>operada por su equipo m\u00e9dico de confianza, en un centro de salud que cuente con la infraestructura necesaria<\/b>, algo que el r\u00e9gimen se niega a aceptar por considerar que se trata de\u00a0<b>una maniobra para conseguir dejarla nuevamente en libertad.<\/b><\/p>\n<div>\n<div class=\"amp_visual_image\"><img decoding=\"async\" class=\"i-amphtml-fill-content i-amphtml-replaced-content\" src=\"https:\/\/www.infobae.com\/resizer\/v2\/HBS4DKAGMZFEXEPVJUIYI23ACM.jpg?auth=22a211e5a7a0a81fa098f60e3997a2670c61501d5d3fe7a43af95a8a819643e4&amp;smart=true&amp;width=350&amp;height=197&amp;quality=85\" sizes=\"(max-width: 1360px) 1360px, 100vw\" srcset=\"https:\/\/www.infobae.com\/resizer\/v2\/HBS4DKAGMZFEXEPVJUIYI23ACM.jpg?auth=22a211e5a7a0a81fa098f60e3997a2670c61501d5d3fe7a43af95a8a819643e4&amp;smart=true&amp;width=350&amp;height=197&amp;quality=85 350w, https:\/\/www.infobae.com\/resizer\/v2\/HBS4DKAGMZFEXEPVJUIYI23ACM.jpg?auth=22a211e5a7a0a81fa098f60e3997a2670c61501d5d3fe7a43af95a8a819643e4&amp;smart=true&amp;width=420&amp;height=236&amp;quality=85 420w, https:\/\/www.infobae.com\/resizer\/v2\/HBS4DKAGMZFEXEPVJUIYI23ACM.jpg?auth=22a211e5a7a0a81fa098f60e3997a2670c61501d5d3fe7a43af95a8a819643e4&amp;smart=true&amp;width=577&amp;height=325&amp;quality=85 577w, https:\/\/www.infobae.com\/resizer\/v2\/HBS4DKAGMZFEXEPVJUIYI23ACM.jpg?auth=22a211e5a7a0a81fa098f60e3997a2670c61501d5d3fe7a43af95a8a819643e4&amp;smart=true&amp;width=768&amp;height=432&amp;quality=85 768w, https:\/\/www.infobae.com\/resizer\/v2\/HBS4DKAGMZFEXEPVJUIYI23ACM.jpg?auth=22a211e5a7a0a81fa098f60e3997a2670c61501d5d3fe7a43af95a8a819643e4&amp;smart=true&amp;width=992&amp;height=558&amp;quality=85 992w\" alt=\"El chavismo neg\u00f3 el permiso\" data-amp-auto-lightbox-disable=\"true\" data-hero=\"true\" \/>El chavismo neg\u00f3 el permiso a San Miguel para ser operada por su equipo m\u00e9dico de confianza<\/div>\n<\/div>\n<p class=\"paragraph\">\u201c<b>Llevar\u00edan a Roc\u00edo San Miguel a operar y, ah\u00ed, intentar\u00edan ejecutar el rescate\u201d<\/b>, dijo el ministro del Interior chavista,\u00a0<b>Diosdado Cabello<\/b>, el pasado 15 de febrero, al informar del desmantelamiento de una\u00a0<b>\u201cred de coyotes (tr\u00e1fico de personas) internos\u201d<\/b>, que habr\u00eda sido contratada para llevar a cabo este plan.<\/p>\n<p class=\"paragraph\">Ante el persistente rechazo al pedido, semanas atr\u00e1s, la ONG Justicia, Encuentro y Perd\u00f3n se\u00f1al\u00f3 que San Miguel est\u00e1 siendo\u00a0<b>v\u00edctima de una \u201cgrave violaci\u00f3n a sus derechos humanos\u201d<\/b>\u00a0y exigi\u00f3, por tanto, el permiso \u201cinmediato y sin condiciones\u201d para su intervenci\u00f3n.<\/p>\n<p class=\"paragraph\">San Miguel fue detenida el 9 de febrero de 2024 en el aeropuerto internacional de Maiquet\u00eda, cuando se dispon\u00eda a viajar con su hija. Seg\u00fan el r\u00e9gimen, formaba parte de una \u201ctrama conspirativa\u201d que planeaba \u201catentar\u201d contra Maduro y otros altos funcionarios.<\/p>\n<div class=\"pvc_clear\"><\/div>\n<p id=\"pvc_stats_25329\" class=\"pvc_stats all  \" data-element-id=\"25329\" style=\"\"><i class=\"pvc-stats-icon large\" aria-hidden=\"true\"><svg xmlns=\"http:\/\/www.w3.org\/2000\/svg\" version=\"1.0\" viewBox=\"0 0 502 315\" preserveAspectRatio=\"xMidYMid meet\"><g transform=\"translate(0,332) scale(0.1,-0.1)\" fill=\"\" stroke=\"none\"><path d=\"M2394 3279 l-29 -30 -3 -207 c-2 -182 0 -211 15 -242 39 -76 157 -76 196 0 15 31 17 60 15 243 l-3 209 -33 29 c-26 23 -41 29 -80 29 -41 0 -53 -5 -78 -31z\"\/><path d=\"M3085 3251 c-45 -19 -58 -50 -96 -229 -47 -217 -49 -260 -13 -295 52 -53 146 -42 177 20 16 31 87 366 87 410 0 70 -86 122 -155 94z\"\/><path d=\"M1751 3234 c-13 -9 -29 -31 -37 -50 -12 -29 -10 -49 21 -204 19 -94 39 -189 45 -210 14 -50 54 -80 110 -80 34 0 48 6 76 34 21 21 34 44 34 59 0 14 -18 113 -40 219 -37 178 -43 195 -70 221 -36 32 -101 37 -139 11z\"\/><path d=\"M1163 3073 c-36 -7 -73 -59 -73 -102 0 -56 133 -378 171 -413 34 -32 83 -37 129 -13 70 36 67 87 -16 290 -86 209 -89 214 -129 231 -35 14 -42 15 -82 7z\"\/><path d=\"M3689 3066 c-15 -9 -33 -30 -42 -48 -48 -103 -147 -355 -147 -375 0 -98 131 -148 192 -74 13 15 57 108 97 206 80 196 84 226 37 273 -30 30 -99 39 -137 18z\"\/><path d=\"M583 2784 c-38 -19 -67 -74 -58 -113 9 -42 211 -354 242 -373 16 -10 45 -18 66 -18 51 0 107 52 107 100 0 39 -1 41 -124 234 -80 126 -108 162 -133 173 -41 17 -61 16 -100 -3z\"\/><path d=\"M4250 2784 c-14 -9 -74 -91 -133 -183 -95 -150 -107 -173 -107 -213 0 -55 33 -94 87 -104 67 -13 90 8 211 198 130 202 137 225 78 284 -27 27 -42 34 -72 34 -22 0 -50 -8 -64 -16z\"\/><path d=\"M2275 2693 c-553 -48 -1095 -270 -1585 -649 -135 -104 -459 -423 -483 -476 -23 -49 -22 -139 2 -186 73 -142 361 -457 571 -626 285 -228 642 -407 990 -497 242 -63 336 -73 660 -74 310 0 370 5 595 52 535 111 1045 392 1455 803 122 121 250 273 275 326 19 41 19 137 0 174 -41 79 -309 363 -465 492 -447 370 -946 591 -1479 653 -113 14 -422 18 -536 8z m395 -428 c171 -34 330 -124 456 -258 112 -119 167 -219 211 -378 27 -96 24 -300 -5 -401 -72 -255 -236 -447 -474 -557 -132 -62 -201 -76 -368 -76 -167 0 -236 14 -368 76 -213 98 -373 271 -451 485 -162 444 86 934 547 1084 153 49 292 57 452 25z m909 -232 c222 -123 408 -262 593 -441 76 -74 138 -139 138 -144 0 -16 -233 -242 -330 -319 -155 -123 -309 -223 -461 -299 l-81 -41 32 46 c18 26 49 83 70 128 143 306 141 649 -6 957 -25 52 -61 116 -79 142 l-34 47 45 -20 c26 -10 76 -36 113 -56z m-2057 25 c-40 -58 -105 -190 -130 -263 -110 -324 -59 -707 132 -981 25 -35 42 -64 37 -64 -19 0 -241 119 -326 174 -188 122 -406 314 -532 468 l-58 71 108 103 c185 178 428 349 672 473 66 33 121 60 123 61 2 0 -10 -19 -26 -42z\"\/><path d=\"M2375 1950 c-198 -44 -350 -190 -395 -379 -18 -76 -8 -221 19 -290 114 -284 457 -406 731 -260 98 52 188 154 231 260 27 69 37 214 19 290 -38 163 -166 304 -326 360 -67 23 -215 33 -279 19z\"\/><\/g><\/svg><\/i> <img decoding=\"async\" width=\"16\" height=\"16\" alt=\"Loading\" src=\"https:\/\/esviafm.com\/wp-content\/plugins\/page-views-count\/ajax-loader-2x.gif\" border=0 \/><\/p>\n<div class=\"pvc_clear\"><\/div>\n","protected":false},"excerpt":{"rendered":"<p>El Comit\u00e9 de Derechos Humanos de\u00a0Vente\u00a0Venezuela\u00a0denunci\u00f3 este s\u00e1bado que su coordinador juvenil del estado de\u00a0Yaracuy, detenido desde diciembre, debi\u00f3 ser\u00a0atendido de urgencia\u00a0por las\u00a0torturas\u00a0sufridas en prisi\u00f3n. \u201cYerwin Torrealba\u00a0fue\u00a0sacado de emergencia\u00a0a un centro m\u00e9dico por presentar\u00a0fuerte dolor abdominal y en sus piernas, debido a las\u00a0condiciones de reclusi\u00f3n a las que est\u00e1 sometido\u201d, escribi\u00f3 la agrupaci\u00f3n opositora en [&hellip;]<\/p>\n<div class=\"pvc_clear\"><\/div>\n<p id=\"pvc_stats_25329\" class=\"pvc_stats all  \" data-element-id=\"25329\" style=\"\"><i class=\"pvc-stats-icon large\" aria-hidden=\"true\"><svg xmlns=\"http:\/\/www.w3.org\/2000\/svg\" version=\"1.0\" viewBox=\"0 0 502 315\" preserveAspectRatio=\"xMidYMid meet\"><g transform=\"translate(0,332) scale(0.1,-0.1)\" fill=\"\" stroke=\"none\"><path d=\"M2394 3279 l-29 -30 -3 -207 c-2 -182 0 -211 15 -242 39 -76 157 -76 196 0 15 31 17 60 15 243 l-3 209 -33 29 c-26 23 -41 29 -80 29 -41 0 -53 -5 -78 -31z\"\/><path d=\"M3085 3251 c-45 -19 -58 -50 -96 -229 -47 -217 -49 -260 -13 -295 52 -53 146 -42 177 20 16 31 87 366 87 410 0 70 -86 122 -155 94z\"\/><path d=\"M1751 3234 c-13 -9 -29 -31 -37 -50 -12 -29 -10 -49 21 -204 19 -94 39 -189 45 -210 14 -50 54 -80 110 -80 34 0 48 6 76 34 21 21 34 44 34 59 0 14 -18 113 -40 219 -37 178 -43 195 -70 221 -36 32 -101 37 -139 11z\"\/><path d=\"M1163 3073 c-36 -7 -73 -59 -73 -102 0 -56 133 -378 171 -413 34 -32 83 -37 129 -13 70 36 67 87 -16 290 -86 209 -89 214 -129 231 -35 14 -42 15 -82 7z\"\/><path d=\"M3689 3066 c-15 -9 -33 -30 -42 -48 -48 -103 -147 -355 -147 -375 0 -98 131 -148 192 -74 13 15 57 108 97 206 80 196 84 226 37 273 -30 30 -99 39 -137 18z\"\/><path d=\"M583 2784 c-38 -19 -67 -74 -58 -113 9 -42 211 -354 242 -373 16 -10 45 -18 66 -18 51 0 107 52 107 100 0 39 -1 41 -124 234 -80 126 -108 162 -133 173 -41 17 -61 16 -100 -3z\"\/><path d=\"M4250 2784 c-14 -9 -74 -91 -133 -183 -95 -150 -107 -173 -107 -213 0 -55 33 -94 87 -104 67 -13 90 8 211 198 130 202 137 225 78 284 -27 27 -42 34 -72 34 -22 0 -50 -8 -64 -16z\"\/><path d=\"M2275 2693 c-553 -48 -1095 -270 -1585 -649 -135 -104 -459 -423 -483 -476 -23 -49 -22 -139 2 -186 73 -142 361 -457 571 -626 285 -228 642 -407 990 -497 242 -63 336 -73 660 -74 310 0 370 5 595 52 535 111 1045 392 1455 803 122 121 250 273 275 326 19 41 19 137 0 174 -41 79 -309 363 -465 492 -447 370 -946 591 -1479 653 -113 14 -422 18 -536 8z m395 -428 c171 -34 330 -124 456 -258 112 -119 167 -219 211 -378 27 -96 24 -300 -5 -401 -72 -255 -236 -447 -474 -557 -132 -62 -201 -76 -368 -76 -167 0 -236 14 -368 76 -213 98 -373 271 -451 485 -162 444 86 934 547 1084 153 49 292 57 452 25z m909 -232 c222 -123 408 -262 593 -441 76 -74 138 -139 138 -144 0 -16 -233 -242 -330 -319 -155 -123 -309 -223 -461 -299 l-81 -41 32 46 c18 26 49 83 70 128 143 306 141 649 -6 957 -25 52 -61 116 -79 142 l-34 47 45 -20 c26 -10 76 -36 113 -56z m-2057 25 c-40 -58 -105 -190 -130 -263 -110 -324 -59 -707 132 -981 25 -35 42 -64 37 -64 -19 0 -241 119 -326 174 -188 122 -406 314 -532 468 l-58 71 108 103 c185 178 428 349 672 473 66 33 121 60 123 61 2 0 -10 -19 -26 -42z\"\/><path d=\"M2375 1950 c-198 -44 -350 -190 -395 -379 -18 -76 -8 -221 19 -290 114 -284 457 -406 731 -260 98 52 188 154 231 260 27 69 37 214 19 290 -38 163 -166 304 -326 360 -67 23 -215 33 -279 19z\"\/><\/g><\/svg><\/i> <img decoding=\"async\" width=\"16\" height=\"16\" alt=\"Loading\" src=\"https:\/\/esviafm.com\/wp-content\/plugins\/page-views-count\/ajax-loader-2x.gif\" border=0 \/><\/p>\n<div class=\"pvc_clear\"><\/div>\n","protected":false},"author":1,"featured_media":0,"comment_status":"open","ping_status":"open","sticky":false,"template":"","format":"standard","meta":{"_et_pb_use_builder":"","_et_pb_old_content":"","_et_gb_content_width":"","footnotes":""},"categories":[25],"tags":[],"class_list":["post-25329","post","type-post","status-publish","format-standard","hentry","category-nacionales"],"_links":{"self":[{"href":"https:\/\/esviafm.com\/index.php\/wp-json\/wp\/v2\/posts\/25329","targetHints":{"allow":["GET"]}}],"collection":[{"href":"https:\/\/esviafm.com\/index.php\/wp-json\/wp\/v2\/posts"}],"about":[{"href":"https:\/\/esviafm.com\/index.php\/wp-json\/wp\/v2\/types\/post"}],"author":[{"embeddable":true,"href":"https:\/\/esviafm.com\/index.php\/wp-json\/wp\/v2\/users\/1"}],"replies":[{"embeddable":true,"href":"https:\/\/esviafm.com\/index.php\/wp-json\/wp\/v2\/comments?post=25329"}],"version-history":[{"count":1,"href":"https:\/\/esviafm.com\/index.php\/wp-json\/wp\/v2\/posts\/25329\/revisions"}],"predecessor-version":[{"id":25331,"href":"https:\/\/esviafm.com\/index.php\/wp-json\/wp\/v2\/posts\/25329\/revisions\/25331"}],"wp:attachment":[{"href":"https:\/\/esviafm.com\/index.php\/wp-json\/wp\/v2\/media?parent=25329"}],"wp:term":[{"taxonomy":"category","embeddable":true,"href":"https:\/\/esviafm.com\/index.php\/wp-json\/wp\/v2\/categories?post=25329"},{"taxonomy":"post_tag","embeddable":true,"href":"https:\/\/esviafm.com\/index.php\/wp-json\/wp\/v2\/tags?post=25329"}],"curies":[{"name":"wp","href":"https:\/\/api.w.org\/{rel}","templated":true}]}}