{"id":25274,"date":"2025-04-24T06:36:07","date_gmt":"2025-04-24T11:06:07","guid":{"rendered":"https:\/\/esviafm.com\/?p=25274"},"modified":"2025-04-24T06:36:07","modified_gmt":"2025-04-24T11:06:07","slug":"hija-de-americo-de-grazia-exige-derecho-a-visita-tras-267-dias-de-su-detencion","status":"publish","type":"post","link":"https:\/\/esviafm.com\/index.php\/hija-de-americo-de-grazia-exige-derecho-a-visita-tras-267-dias-de-su-detencion\/","title":{"rendered":"Hija de Am\u00e9rico de Grazia exige derecho a visita tras 267 d\u00edas de su detenci\u00f3n"},"content":{"rendered":"<p>Mar\u00eda Andreina de Grazia, hija del dirigente pol\u00edtico Am\u00e9rico de Grazia, solicit\u00f3 este martes 22 de abril que\u00a0<strong>se le permita visitar a su padre, detenido desde hace 267 d\u00edas<\/strong>\u00a0en la sede del Servicio Bolivariano de Inteligencia Nacional (Sebin), conocida como El Helicoide, en Caracas.<\/p>\n<p>La petici\u00f3n fue hecha mediante un video difundido en la red social X, donde expres\u00f3 la preocupaci\u00f3n de su familia por la falta de comunicaci\u00f3n y por desconocer las .<\/p>\n<p>\u201c<strong>M\u00e1s de ocho meses aislado<\/strong>, silenciado y sin ninguna fe de vida para nosotros, sus familiares\u201d, denunci\u00f3 de Grazia, quien exigi\u00f3 su \u201cpronta y justa\u201d liberaci\u00f3n. La \u00faltima vez que la familia tuvo<a href=\"https:\/\/www.elimpulso.com\/2024\/08\/08\/video-confirman-detencion-de-americo-de-grazia-en-el-helicoide-tras-24-horas-desaparecido-8ago\/\">\u00a0contacto con el exdiputado fue el 7 de agosto de 2024<\/a>, poco despu\u00e9s de las elecciones presidenciales del 28 de julio, proceso tras el cual, seg\u00fan indicaron sus allegados, comenz\u00f3 a ser perseguido pol\u00edticamente.<\/p>\n<h2 class=\"wp-block-heading\">Preocupaci\u00f3n por su salud<ins class=\"adsbygoogle\" data-ad-client=\"ca-pub-7690825590694655\" data-ad-slot=\"8804882026\" data-ad-format=\"auto\" data-adsbygoogle-status=\"done\" data-ad-status=\"unfilled\"><\/p>\n<div id=\"aswift_0_host\"><iframe id=\"aswift_0\" tabindex=\"0\" title=\"Advertisement\" src=\"https:\/\/googleads.g.doubleclick.net\/pagead\/ads?client=ca-pub-7690825590694655&amp;output=html&amp;h=280&amp;slotname=8804882026&amp;adk=1333376256&amp;adf=2082967353&amp;pi=t.ma~as.8804882026&amp;w=1200&amp;abgtt=11&amp;fwrn=4&amp;fwrnh=100&amp;lmt=1745430591&amp;rafmt=1&amp;format=1200x280&amp;url=https%3A%2F%2Fwww.elimpulso.com%2F2025%2F04%2F23%2Fhija-de-americo-de-grazia-exige-derecho-a-visita-tras-267-dias-de-su-detencion-23abr%2F&amp;fwr=0&amp;rpe=1&amp;resp_fmts=3&amp;wgl=1&amp;uach=WyJXaW5kb3dzIiwiMTAuMC4wIiwieDg2IiwiIiwiMTM1LjAuNzA0OS45NiIsbnVsbCwwLG51bGwsIjY0IixbWyJHb29nbGUgQ2hyb21lIiwiMTM1LjAuNzA0OS45NiJdLFsiTm90LUEuQnJhbmQiLCI4LjAuMC4wIl0sWyJDaHJvbWl1bSIsIjEzNS4wLjcwNDkuOTYiXV0sMF0.&amp;dt=1745492775024&amp;bpp=8&amp;bdt=715&amp;idt=278&amp;shv=r20250423&amp;mjsv=m202504210101&amp;ptt=9&amp;saldr=aa&amp;abxe=1&amp;cookie=ID%3D5cbf05c4edc88cfd%3AT%3D1726743684%3ART%3D1744722934%3AS%3DALNI_MZ7yYR3L6L7Mth26yAo2nEf_I7C1g&amp;gpic=UID%3D00000a5188f9e391%3AT%3D1726743684%3ART%3D1744722934%3AS%3DALNI_Mbs8_TawpzmiipOiKIpE59SFoiHQg&amp;eo_id_str=ID%3D4cd9d5eb846f1048%3AT%3D1742295899%3ART%3D1744722934%3AS%3DAA-AfjY-muD1nxavWgjmIUeRTde5&amp;correlator=6211471687398&amp;frm=20&amp;pv=2&amp;u_tz=-240&amp;u_his=10&amp;u_h=768&amp;u_w=1360&amp;u_ah=728&amp;u_aw=1360&amp;u_cd=24&amp;u_sd=1&amp;dmc=8&amp;adx=73&amp;ady=1365&amp;biw=1345&amp;bih=607&amp;scr_x=0&amp;scr_y=0&amp;eid=95358862%2C95358864%2C31091983%2C95330278%2C31091939%2C95357878%2C31090357%2C95357716&amp;oid=2&amp;pvsid=7624166045067787&amp;tmod=396693891&amp;uas=0&amp;nvt=1&amp;ref=https%3A%2F%2Fwww.google.com%2F&amp;fc=896&amp;brdim=0%2C0%2C0%2C0%2C1360%2C0%2C1360%2C728%2C1360%2C607&amp;vis=1&amp;rsz=%7C%7CEebr%7C&amp;abl=CS&amp;pfx=0&amp;fu=128&amp;bc=31&amp;bz=1&amp;td=1&amp;tdf=2&amp;psd=W251bGwsW251bGwsbnVsbCxudWxsLCJkZXByZWNhdGVkX2thbm9uIl0sbnVsbCwzXQ..&amp;nt=1&amp;ifi=1&amp;uci=a!1&amp;btvi=1&amp;fsb=1&amp;dtd=324\" name=\"aswift_0\" width=\"1200\" height=\"0\" frameborder=\"0\" marginwidth=\"0\" marginheight=\"0\" scrolling=\"no\" sandbox=\"allow-forms allow-popups allow-popups-to-escape-sandbox allow-same-origin allow-scripts allow-top-navigation-by-user-activation\" data-google-container-id=\"a!1\" aria-label=\"Advertisement\" data-google-query-id=\"CJ-V7YnD8IwDFWLh_QUdzVMrJg\" data-load-complete=\"true\" data-mce-fragment=\"1\"><\/iframe><\/div>\n<p><\/ins><\/h2>\n<p>La falta de informaci\u00f3n oficial sobre su situaci\u00f3n ha generado alarma entre sus familiares, as\u00ed como en organizaciones internacionales. El 17 de agosto de 2024, la Comisi\u00f3n Interamericana de Derechos Humanos (CIDH) modific\u00f3 las medidas cautelares a favor de\u00a0<strong>Am\u00e9rico de Grazia<\/strong>\u00a0y exhort\u00f3 al Estado venezolano a adoptar todas las acciones necesarias para<strong>\u00a0garantizar su vida, integridad personal y salud<\/strong>.<\/p>\n<p>En su pronunciamiento, la CIDH tambi\u00e9n solicit\u00f3 a las autoridades informaci\u00f3n precisa sobre si el dirigente se encontraba bajo custodia del Estado, y cu\u00e1les eran las circunstancias y condiciones de su detenci\u00f3n.<\/p>\n<blockquote class=\"wp-block-quote td_pull_quote td_pull_center is-layout-flow wp-block-quote-is-layout-flow\">\n<p class=\"has-black-color has-text-color has-link-color wp-elements-e3ba6fef694de24f9f029bc2d6d6835e\">\u201cLa falta de informaci\u00f3n y de implementaci\u00f3n de medidas de protecci\u00f3n por parte del Estado situar\u00eda al beneficiario en una situaci\u00f3n de desprotecci\u00f3n y vulnerabilidad en el contexto del pa\u00eds\u201d, advirti\u00f3 el organismo.<\/p>\n<\/blockquote>\n<h2 class=\"wp-block-heading\">Reclamo por el derecho a la visita familiar<\/h2>\n<p>La familia de Am\u00e9rico de Grazia subraya que no solicita privilegios, sino el<strong>\u00a0derecho b\u00e1sico de constatar en persona su estado de salu<\/strong>d y las condiciones en las que se encuentra. Hasta la fecha, aseguran no haber recibido respuesta formal a sus solicitudes, y\u00a0<strong>temen que su situaci\u00f3n se agrave\u00a0<\/strong>mientras permanece incomunicado.<\/p>\n<p>La denuncia de Mar\u00eda Andreina de Grazia se suma a la preocupaci\u00f3n creciente por la situaci\u00f3n de otros detenidos por causas pol\u00edticas en Venezuela, en medio de llamados nacionales e internacionales para que se respeten sus\u00a0<strong>derechos fundamentales, se garantice el debido proceso\u00a0<\/strong>y se ponga fin a las detenciones por razones pol\u00edticas.<\/p>\n<div class=\"google-anno-skip google-anno-sc\" tabindex=\"0\" role=\"link\" aria-label=\"Gastronom\u00eda venezolana\" data-google-vignette=\"false\" data-google-interstitial=\"false\">Gastronom\u00eda venezolana<\/div>\n<figure class=\"wp-block-embed is-type-rich is-provider-twitter wp-block-embed-twitter\">\n<div class=\"wp-block-embed__wrapper\">\n<div class=\"twitter-tweet twitter-tweet-rendered\"><iframe id=\"twitter-widget-0\" class=\"\" title=\"X Post\" src=\"https:\/\/platform.twitter.com\/embed\/Tweet.html?creatorScreenName=Carmenmilagro_&amp;dnt=true&amp;embedId=twitter-widget-0&amp;features=eyJ0ZndfdGltZWxpbmVfbGlzdCI6eyJidWNrZXQiOltdLCJ2ZXJzaW9uIjpudWxsfSwidGZ3X2ZvbGxvd2VyX2NvdW50X3N1bnNldCI6eyJidWNrZXQiOnRydWUsInZlcnNpb24iOm51bGx9LCJ0ZndfdHdlZXRfZWRpdF9iYWNrZW5kIjp7ImJ1Y2tldCI6Im9uIiwidmVyc2lvbiI6bnVsbH0sInRmd19yZWZzcmNfc2Vzc2lvbiI6eyJidWNrZXQiOiJvbiIsInZlcnNpb24iOm51bGx9LCJ0ZndfZm9zbnJfc29mdF9pbnRlcnZlbnRpb25zX2VuYWJsZWQiOnsiYnVja2V0Ijoib24iLCJ2ZXJzaW9uIjpudWxsfSwidGZ3X21peGVkX21lZGlhXzE1ODk3Ijp7ImJ1Y2tldCI6InRyZWF0bWVudCIsInZlcnNpb24iOm51bGx9LCJ0ZndfZXhwZXJpbWVudHNfY29va2llX2V4cGlyYXRpb24iOnsiYnVja2V0IjoxMjA5NjAwLCJ2ZXJzaW9uIjpudWxsfSwidGZ3X3Nob3dfYmlyZHdhdGNoX3Bpdm90c19lbmFibGVkIjp7ImJ1Y2tldCI6Im9uIiwidmVyc2lvbiI6bnVsbH0sInRmd19kdXBsaWNhdGVfc2NyaWJlc190b19zZXR0aW5ncyI6eyJidWNrZXQiOiJvbiIsInZlcnNpb24iOm51bGx9LCJ0ZndfdXNlX3Byb2ZpbGVfaW1hZ2Vfc2hhcGVfZW5hYmxlZCI6eyJidWNrZXQiOiJvbiIsInZlcnNpb24iOm51bGx9LCJ0ZndfdmlkZW9faGxzX2R5bmFtaWNfbWFuaWZlc3RzXzE1MDgyIjp7ImJ1Y2tldCI6InRydWVfYml0cmF0ZSIsInZlcnNpb24iOm51bGx9LCJ0ZndfbGVnYWN5X3RpbWVsaW5lX3N1bnNldCI6eyJidWNrZXQiOnRydWUsInZlcnNpb24iOm51bGx9LCJ0ZndfdHdlZXRfZWRpdF9mcm9udGVuZCI6eyJidWNrZXQiOiJvbiIsInZlcnNpb24iOm51bGx9fQ%3D%3D&amp;frame=false&amp;hideCard=false&amp;hideThread=false&amp;id=1914704473253171644&amp;lang=es&amp;origin=https%3A%2F%2Fwww.elimpulso.com%2F2025%2F04%2F23%2Fhija-de-americo-de-grazia-exige-derecho-a-visita-tras-267-dias-de-su-detencion-23abr%2F&amp;sessionId=8fbf12d5def359837fa721dbebe6ee6bc8d0d21f&amp;siteScreenName=elimpulsocom&amp;theme=light&amp;widgetsVersion=2615f7e52b7e0%3A1702314776716&amp;width=500px\" frameborder=\"0\" scrolling=\"no\" allowfullscreen=\"allowfullscreen\" data-tweet-id=\"1914704473253171644\" data-mce-fragment=\"1\"><\/iframe><\/div>\n<\/div>\n<\/figure>\n<div class=\"pvc_clear\"><\/div>\n<p id=\"pvc_stats_25274\" class=\"pvc_stats all  \" data-element-id=\"25274\" style=\"\"><i class=\"pvc-stats-icon large\" aria-hidden=\"true\"><svg xmlns=\"http:\/\/www.w3.org\/2000\/svg\" version=\"1.0\" viewBox=\"0 0 502 315\" preserveAspectRatio=\"xMidYMid meet\"><g transform=\"translate(0,332) scale(0.1,-0.1)\" fill=\"\" stroke=\"none\"><path d=\"M2394 3279 l-29 -30 -3 -207 c-2 -182 0 -211 15 -242 39 -76 157 -76 196 0 15 31 17 60 15 243 l-3 209 -33 29 c-26 23 -41 29 -80 29 -41 0 -53 -5 -78 -31z\"\/><path d=\"M3085 3251 c-45 -19 -58 -50 -96 -229 -47 -217 -49 -260 -13 -295 52 -53 146 -42 177 20 16 31 87 366 87 410 0 70 -86 122 -155 94z\"\/><path d=\"M1751 3234 c-13 -9 -29 -31 -37 -50 -12 -29 -10 -49 21 -204 19 -94 39 -189 45 -210 14 -50 54 -80 110 -80 34 0 48 6 76 34 21 21 34 44 34 59 0 14 -18 113 -40 219 -37 178 -43 195 -70 221 -36 32 -101 37 -139 11z\"\/><path d=\"M1163 3073 c-36 -7 -73 -59 -73 -102 0 -56 133 -378 171 -413 34 -32 83 -37 129 -13 70 36 67 87 -16 290 -86 209 -89 214 -129 231 -35 14 -42 15 -82 7z\"\/><path d=\"M3689 3066 c-15 -9 -33 -30 -42 -48 -48 -103 -147 -355 -147 -375 0 -98 131 -148 192 -74 13 15 57 108 97 206 80 196 84 226 37 273 -30 30 -99 39 -137 18z\"\/><path d=\"M583 2784 c-38 -19 -67 -74 -58 -113 9 -42 211 -354 242 -373 16 -10 45 -18 66 -18 51 0 107 52 107 100 0 39 -1 41 -124 234 -80 126 -108 162 -133 173 -41 17 -61 16 -100 -3z\"\/><path d=\"M4250 2784 c-14 -9 -74 -91 -133 -183 -95 -150 -107 -173 -107 -213 0 -55 33 -94 87 -104 67 -13 90 8 211 198 130 202 137 225 78 284 -27 27 -42 34 -72 34 -22 0 -50 -8 -64 -16z\"\/><path d=\"M2275 2693 c-553 -48 -1095 -270 -1585 -649 -135 -104 -459 -423 -483 -476 -23 -49 -22 -139 2 -186 73 -142 361 -457 571 -626 285 -228 642 -407 990 -497 242 -63 336 -73 660 -74 310 0 370 5 595 52 535 111 1045 392 1455 803 122 121 250 273 275 326 19 41 19 137 0 174 -41 79 -309 363 -465 492 -447 370 -946 591 -1479 653 -113 14 -422 18 -536 8z m395 -428 c171 -34 330 -124 456 -258 112 -119 167 -219 211 -378 27 -96 24 -300 -5 -401 -72 -255 -236 -447 -474 -557 -132 -62 -201 -76 -368 -76 -167 0 -236 14 -368 76 -213 98 -373 271 -451 485 -162 444 86 934 547 1084 153 49 292 57 452 25z m909 -232 c222 -123 408 -262 593 -441 76 -74 138 -139 138 -144 0 -16 -233 -242 -330 -319 -155 -123 -309 -223 -461 -299 l-81 -41 32 46 c18 26 49 83 70 128 143 306 141 649 -6 957 -25 52 -61 116 -79 142 l-34 47 45 -20 c26 -10 76 -36 113 -56z m-2057 25 c-40 -58 -105 -190 -130 -263 -110 -324 -59 -707 132 -981 25 -35 42 -64 37 -64 -19 0 -241 119 -326 174 -188 122 -406 314 -532 468 l-58 71 108 103 c185 178 428 349 672 473 66 33 121 60 123 61 2 0 -10 -19 -26 -42z\"\/><path d=\"M2375 1950 c-198 -44 -350 -190 -395 -379 -18 -76 -8 -221 19 -290 114 -284 457 -406 731 -260 98 52 188 154 231 260 27 69 37 214 19 290 -38 163 -166 304 -326 360 -67 23 -215 33 -279 19z\"\/><\/g><\/svg><\/i> <img decoding=\"async\" width=\"16\" height=\"16\" alt=\"Loading\" src=\"https:\/\/esviafm.com\/wp-content\/plugins\/page-views-count\/ajax-loader-2x.gif\" border=0 \/><\/p>\n<div class=\"pvc_clear\"><\/div>\n","protected":false},"excerpt":{"rendered":"<p>Mar\u00eda Andreina de Grazia, hija del dirigente pol\u00edtico Am\u00e9rico de Grazia, solicit\u00f3 este martes 22 de abril que\u00a0se le permita visitar a su padre, detenido desde hace 267 d\u00edas\u00a0en la sede del Servicio Bolivariano de Inteligencia Nacional (Sebin), conocida como El Helicoide, en Caracas. La petici\u00f3n fue hecha mediante un video difundido en la red [&hellip;]<\/p>\n<div class=\"pvc_clear\"><\/div>\n<p id=\"pvc_stats_25274\" class=\"pvc_stats all  \" data-element-id=\"25274\" style=\"\"><i class=\"pvc-stats-icon large\" aria-hidden=\"true\"><svg xmlns=\"http:\/\/www.w3.org\/2000\/svg\" version=\"1.0\" viewBox=\"0 0 502 315\" preserveAspectRatio=\"xMidYMid meet\"><g transform=\"translate(0,332) scale(0.1,-0.1)\" fill=\"\" stroke=\"none\"><path d=\"M2394 3279 l-29 -30 -3 -207 c-2 -182 0 -211 15 -242 39 -76 157 -76 196 0 15 31 17 60 15 243 l-3 209 -33 29 c-26 23 -41 29 -80 29 -41 0 -53 -5 -78 -31z\"\/><path d=\"M3085 3251 c-45 -19 -58 -50 -96 -229 -47 -217 -49 -260 -13 -295 52 -53 146 -42 177 20 16 31 87 366 87 410 0 70 -86 122 -155 94z\"\/><path d=\"M1751 3234 c-13 -9 -29 -31 -37 -50 -12 -29 -10 -49 21 -204 19 -94 39 -189 45 -210 14 -50 54 -80 110 -80 34 0 48 6 76 34 21 21 34 44 34 59 0 14 -18 113 -40 219 -37 178 -43 195 -70 221 -36 32 -101 37 -139 11z\"\/><path d=\"M1163 3073 c-36 -7 -73 -59 -73 -102 0 -56 133 -378 171 -413 34 -32 83 -37 129 -13 70 36 67 87 -16 290 -86 209 -89 214 -129 231 -35 14 -42 15 -82 7z\"\/><path d=\"M3689 3066 c-15 -9 -33 -30 -42 -48 -48 -103 -147 -355 -147 -375 0 -98 131 -148 192 -74 13 15 57 108 97 206 80 196 84 226 37 273 -30 30 -99 39 -137 18z\"\/><path d=\"M583 2784 c-38 -19 -67 -74 -58 -113 9 -42 211 -354 242 -373 16 -10 45 -18 66 -18 51 0 107 52 107 100 0 39 -1 41 -124 234 -80 126 -108 162 -133 173 -41 17 -61 16 -100 -3z\"\/><path d=\"M4250 2784 c-14 -9 -74 -91 -133 -183 -95 -150 -107 -173 -107 -213 0 -55 33 -94 87 -104 67 -13 90 8 211 198 130 202 137 225 78 284 -27 27 -42 34 -72 34 -22 0 -50 -8 -64 -16z\"\/><path d=\"M2275 2693 c-553 -48 -1095 -270 -1585 -649 -135 -104 -459 -423 -483 -476 -23 -49 -22 -139 2 -186 73 -142 361 -457 571 -626 285 -228 642 -407 990 -497 242 -63 336 -73 660 -74 310 0 370 5 595 52 535 111 1045 392 1455 803 122 121 250 273 275 326 19 41 19 137 0 174 -41 79 -309 363 -465 492 -447 370 -946 591 -1479 653 -113 14 -422 18 -536 8z m395 -428 c171 -34 330 -124 456 -258 112 -119 167 -219 211 -378 27 -96 24 -300 -5 -401 -72 -255 -236 -447 -474 -557 -132 -62 -201 -76 -368 -76 -167 0 -236 14 -368 76 -213 98 -373 271 -451 485 -162 444 86 934 547 1084 153 49 292 57 452 25z m909 -232 c222 -123 408 -262 593 -441 76 -74 138 -139 138 -144 0 -16 -233 -242 -330 -319 -155 -123 -309 -223 -461 -299 l-81 -41 32 46 c18 26 49 83 70 128 143 306 141 649 -6 957 -25 52 -61 116 -79 142 l-34 47 45 -20 c26 -10 76 -36 113 -56z m-2057 25 c-40 -58 -105 -190 -130 -263 -110 -324 -59 -707 132 -981 25 -35 42 -64 37 -64 -19 0 -241 119 -326 174 -188 122 -406 314 -532 468 l-58 71 108 103 c185 178 428 349 672 473 66 33 121 60 123 61 2 0 -10 -19 -26 -42z\"\/><path d=\"M2375 1950 c-198 -44 -350 -190 -395 -379 -18 -76 -8 -221 19 -290 114 -284 457 -406 731 -260 98 52 188 154 231 260 27 69 37 214 19 290 -38 163 -166 304 -326 360 -67 23 -215 33 -279 19z\"\/><\/g><\/svg><\/i> <img decoding=\"async\" width=\"16\" height=\"16\" alt=\"Loading\" src=\"https:\/\/esviafm.com\/wp-content\/plugins\/page-views-count\/ajax-loader-2x.gif\" border=0 \/><\/p>\n<div class=\"pvc_clear\"><\/div>\n","protected":false},"author":1,"featured_media":0,"comment_status":"open","ping_status":"open","sticky":false,"template":"","format":"standard","meta":{"_et_pb_use_builder":"","_et_pb_old_content":"","_et_gb_content_width":"","footnotes":""},"categories":[25],"tags":[],"class_list":["post-25274","post","type-post","status-publish","format-standard","hentry","category-nacionales"],"_links":{"self":[{"href":"https:\/\/esviafm.com\/index.php\/wp-json\/wp\/v2\/posts\/25274","targetHints":{"allow":["GET"]}}],"collection":[{"href":"https:\/\/esviafm.com\/index.php\/wp-json\/wp\/v2\/posts"}],"about":[{"href":"https:\/\/esviafm.com\/index.php\/wp-json\/wp\/v2\/types\/post"}],"author":[{"embeddable":true,"href":"https:\/\/esviafm.com\/index.php\/wp-json\/wp\/v2\/users\/1"}],"replies":[{"embeddable":true,"href":"https:\/\/esviafm.com\/index.php\/wp-json\/wp\/v2\/comments?post=25274"}],"version-history":[{"count":1,"href":"https:\/\/esviafm.com\/index.php\/wp-json\/wp\/v2\/posts\/25274\/revisions"}],"predecessor-version":[{"id":25275,"href":"https:\/\/esviafm.com\/index.php\/wp-json\/wp\/v2\/posts\/25274\/revisions\/25275"}],"wp:attachment":[{"href":"https:\/\/esviafm.com\/index.php\/wp-json\/wp\/v2\/media?parent=25274"}],"wp:term":[{"taxonomy":"category","embeddable":true,"href":"https:\/\/esviafm.com\/index.php\/wp-json\/wp\/v2\/categories?post=25274"},{"taxonomy":"post_tag","embeddable":true,"href":"https:\/\/esviafm.com\/index.php\/wp-json\/wp\/v2\/tags?post=25274"}],"curies":[{"name":"wp","href":"https:\/\/api.w.org\/{rel}","templated":true}]}}