{"id":25253,"date":"2025-04-24T06:22:20","date_gmt":"2025-04-24T10:52:20","guid":{"rendered":"https:\/\/esviafm.com\/?p=25253"},"modified":"2025-04-24T06:22:20","modified_gmt":"2025-04-24T10:52:20","slug":"yvan-gil-y-carmen-melendez-encabezaran-delegacion-de-venezuela-en-funeral-del-papa","status":"publish","type":"post","link":"https:\/\/esviafm.com\/index.php\/yvan-gil-y-carmen-melendez-encabezaran-delegacion-de-venezuela-en-funeral-del-papa\/","title":{"rendered":"Yv\u00e1n Gil y Carmen Mel\u00e9ndez encabezar\u00e1n delegaci\u00f3n de Venezuela en funeral del papa"},"content":{"rendered":"<p>El l\u00edder chavista Nicol\u00e1s Maduro anunci\u00f3 que su canciller Yv\u00e1n Gil y la alcaldesa de la ciudad de Caracas, Carm\u00e9n Mel\u00e9ndez, encabezar\u00e1n la delegaci\u00f3n de su administraci\u00f3n que estar\u00e1 en el funeral del\u00a0<a href=\"https:\/\/efectococuyo.com\/tag\/papa-francisco\/\" target=\"_blank\" rel=\"noreferrer noopener\">papa Francisco<\/a>, prevista para este s\u00e1bado 26 de abril.<\/p>\n<aside class=\"scaip scaip-1    \"><\/aside>\n<p>Francisco, cuyo nombre de nacimiento era Jorge Mar\u00eda Bergoglio, muri\u00f3 el lunes 21 de abril a las 7:35 de la ma\u00f1ana (hora de Roma) despu\u00e9s de sufrir un derrame cerebral y una insuficiencia respiratoria, seg\u00fan el Vaticano.<\/p>\n<aside>\n<div id=\"id_610187\" class=\"newspack-popup-container newspack-popup newspack-inline-popup\" tabindex=\"0\" role=\"button\" data-segments=\"\" data-frequency=\"0,0,0,month\">\n<h3 class=\"wp-block-heading\">Suscr\u00edbete al bolet\u00edn diario<\/h3>\n<\/div>\n<\/aside>\n<p>\u00abVamos a enviar una delegaci\u00f3n oficial del Gobierno de la Rep\u00fablica Bolivariana de Venezuela a los actos funerales del papa Francisco, que va a ser encabezada por el canciller de la rep\u00fablica, Yv\u00e1n Gil, un gran hombre cristiano, y por la almiranta en jefa, alcaldesa de Caracas, Carmen Teresa Mel\u00e9ndez Ribas\u00bb, se\u00f1al\u00f3 Maduro en un acto televisado.<\/p>\n<p>El l\u00edder chavista argument\u00f3 que la alcaldesa jug\u00f3 un \u00abpapel tan importante\u00bb en la\u00a0<strong>canonizaci\u00f3n del beato Jos\u00e9 Gregorio Hern\u00e1ndez<\/strong>, considerado el \u2018m\u00e9dico de los pobres\u2019, aprobada por el papa Francisco en febrero pasado.<\/p>\n<p>El s\u00e1bado pr\u00f3ximo, el funeral del papa Francisco -oficiado por el decano del colegio cardenalicio, Giovanni Battista Re- se celebrar\u00e1 en la Plaza de San Pedro y despu\u00e9s el f\u00e9retro del pont\u00edfice ser\u00e1 trasladado a la bas\u00edlica de Santa Mar\u00eda la Mayor, donde ser\u00e1 enterrado.<\/p>\n<aside class=\"scaip scaip-2    \"><\/aside>\n<figure class=\"wp-block-embed is-type-wp-embed is-provider-efecto-cocuyo wp-block-embed-efecto-cocuyo\">\n<div class=\"wp-block-embed__wrapper\"><iframe class=\"wp-embedded-content perfmatters-lazy entered pmloaded\" title=\"\u00abPapa Francisco se destac\u00f3 por hablar no solo a creyentes, sino a toda la humanidad, afirma el padre Alfredo Infante\u00bb \u2014 Efecto Cocuyo\" src=\"https:\/\/efectococuyo.com\/la-humanidad\/papa-francisco-se-destaco-por-hablar-no-solo-a-creyentes-sino-a-toda-la-humanidad-afirma-el-padre-alfredo-infante\/embed\/#?secret=YImh9jqXqM#?secret=TA6wYmZPBH\" width=\"600\" height=\"505\" frameborder=\"0\" marginwidth=\"0\" marginheight=\"0\" scrolling=\"no\" sandbox=\"allow-scripts\" data-secret=\"TA6wYmZPBH\" data-src=\"https:\/\/efectococuyo.com\/la-humanidad\/papa-francisco-se-destaco-por-hablar-no-solo-a-creyentes-sino-a-toda-la-humanidad-afirma-el-padre-alfredo-infante\/embed\/#?secret=YImh9jqXqM#?secret=TA6wYmZPBH\" data-ll-status=\"loaded\" data-mce-fragment=\"1\"><\/iframe><\/div>\n<\/figure>\n<h2 class=\"wp-block-heading\">Tres d\u00edas de duelo en Venezuela por muerte del papa<\/h2>\n<p>El lunes, Maduro decret\u00f3<strong>\u00a0tres d\u00edas de luto en el pa\u00eds por el fallecimiento del santo padre,<\/strong>\u00a0a quien consider\u00f3 \u00abun amigo fraterno\u00bb del pueblo venezolano.<\/p>\n<p>El luto, de acuerdo a la Gaceta Oficial extraordinaria 6.900 -publicada por la vicepresidenta ejecutiva, Delcy Rodr\u00edguez-, empez\u00f3 el lunes las 18:00 hora local (22:00 GMT) y terminar\u00e1 el jueves a la misma hora.<\/p>\n<p>La bandera de Venezuela deber\u00e1 permanecer enarbolada a media asta en \u00abtodos los edificios p\u00fablicos, tanto civiles como militares\u00bb.<\/p>\n<p>Igualmente, se proh\u00edben las festividades y celebraciones p\u00fablicas, \u00abcomo muestra del luto que embarga al pueblo venezolano y al mundo entero por tan lamentable p\u00e9rdida\u00bb.<\/p>\n<div class=\"pvc_clear\"><\/div>\n<p id=\"pvc_stats_25253\" class=\"pvc_stats all  \" data-element-id=\"25253\" style=\"\"><i class=\"pvc-stats-icon large\" aria-hidden=\"true\"><svg xmlns=\"http:\/\/www.w3.org\/2000\/svg\" version=\"1.0\" viewBox=\"0 0 502 315\" preserveAspectRatio=\"xMidYMid meet\"><g transform=\"translate(0,332) scale(0.1,-0.1)\" fill=\"\" stroke=\"none\"><path d=\"M2394 3279 l-29 -30 -3 -207 c-2 -182 0 -211 15 -242 39 -76 157 -76 196 0 15 31 17 60 15 243 l-3 209 -33 29 c-26 23 -41 29 -80 29 -41 0 -53 -5 -78 -31z\"\/><path d=\"M3085 3251 c-45 -19 -58 -50 -96 -229 -47 -217 -49 -260 -13 -295 52 -53 146 -42 177 20 16 31 87 366 87 410 0 70 -86 122 -155 94z\"\/><path d=\"M1751 3234 c-13 -9 -29 -31 -37 -50 -12 -29 -10 -49 21 -204 19 -94 39 -189 45 -210 14 -50 54 -80 110 -80 34 0 48 6 76 34 21 21 34 44 34 59 0 14 -18 113 -40 219 -37 178 -43 195 -70 221 -36 32 -101 37 -139 11z\"\/><path d=\"M1163 3073 c-36 -7 -73 -59 -73 -102 0 -56 133 -378 171 -413 34 -32 83 -37 129 -13 70 36 67 87 -16 290 -86 209 -89 214 -129 231 -35 14 -42 15 -82 7z\"\/><path d=\"M3689 3066 c-15 -9 -33 -30 -42 -48 -48 -103 -147 -355 -147 -375 0 -98 131 -148 192 -74 13 15 57 108 97 206 80 196 84 226 37 273 -30 30 -99 39 -137 18z\"\/><path d=\"M583 2784 c-38 -19 -67 -74 -58 -113 9 -42 211 -354 242 -373 16 -10 45 -18 66 -18 51 0 107 52 107 100 0 39 -1 41 -124 234 -80 126 -108 162 -133 173 -41 17 -61 16 -100 -3z\"\/><path d=\"M4250 2784 c-14 -9 -74 -91 -133 -183 -95 -150 -107 -173 -107 -213 0 -55 33 -94 87 -104 67 -13 90 8 211 198 130 202 137 225 78 284 -27 27 -42 34 -72 34 -22 0 -50 -8 -64 -16z\"\/><path d=\"M2275 2693 c-553 -48 -1095 -270 -1585 -649 -135 -104 -459 -423 -483 -476 -23 -49 -22 -139 2 -186 73 -142 361 -457 571 -626 285 -228 642 -407 990 -497 242 -63 336 -73 660 -74 310 0 370 5 595 52 535 111 1045 392 1455 803 122 121 250 273 275 326 19 41 19 137 0 174 -41 79 -309 363 -465 492 -447 370 -946 591 -1479 653 -113 14 -422 18 -536 8z m395 -428 c171 -34 330 -124 456 -258 112 -119 167 -219 211 -378 27 -96 24 -300 -5 -401 -72 -255 -236 -447 -474 -557 -132 -62 -201 -76 -368 -76 -167 0 -236 14 -368 76 -213 98 -373 271 -451 485 -162 444 86 934 547 1084 153 49 292 57 452 25z m909 -232 c222 -123 408 -262 593 -441 76 -74 138 -139 138 -144 0 -16 -233 -242 -330 -319 -155 -123 -309 -223 -461 -299 l-81 -41 32 46 c18 26 49 83 70 128 143 306 141 649 -6 957 -25 52 -61 116 -79 142 l-34 47 45 -20 c26 -10 76 -36 113 -56z m-2057 25 c-40 -58 -105 -190 -130 -263 -110 -324 -59 -707 132 -981 25 -35 42 -64 37 -64 -19 0 -241 119 -326 174 -188 122 -406 314 -532 468 l-58 71 108 103 c185 178 428 349 672 473 66 33 121 60 123 61 2 0 -10 -19 -26 -42z\"\/><path d=\"M2375 1950 c-198 -44 -350 -190 -395 -379 -18 -76 -8 -221 19 -290 114 -284 457 -406 731 -260 98 52 188 154 231 260 27 69 37 214 19 290 -38 163 -166 304 -326 360 -67 23 -215 33 -279 19z\"\/><\/g><\/svg><\/i> <img decoding=\"async\" width=\"16\" height=\"16\" alt=\"Loading\" src=\"https:\/\/esviafm.com\/wp-content\/plugins\/page-views-count\/ajax-loader-2x.gif\" border=0 \/><\/p>\n<div class=\"pvc_clear\"><\/div>\n","protected":false},"excerpt":{"rendered":"<p>El l\u00edder chavista Nicol\u00e1s Maduro anunci\u00f3 que su canciller Yv\u00e1n Gil y la alcaldesa de la ciudad de Caracas, Carm\u00e9n Mel\u00e9ndez, encabezar\u00e1n la delegaci\u00f3n de su administraci\u00f3n que estar\u00e1 en el funeral del\u00a0papa Francisco, prevista para este s\u00e1bado 26 de abril. Francisco, cuyo nombre de nacimiento era Jorge Mar\u00eda Bergoglio, muri\u00f3 el lunes 21 de [&hellip;]<\/p>\n<div class=\"pvc_clear\"><\/div>\n<p id=\"pvc_stats_25253\" class=\"pvc_stats all  \" data-element-id=\"25253\" style=\"\"><i class=\"pvc-stats-icon large\" aria-hidden=\"true\"><svg xmlns=\"http:\/\/www.w3.org\/2000\/svg\" version=\"1.0\" viewBox=\"0 0 502 315\" preserveAspectRatio=\"xMidYMid meet\"><g transform=\"translate(0,332) scale(0.1,-0.1)\" fill=\"\" stroke=\"none\"><path d=\"M2394 3279 l-29 -30 -3 -207 c-2 -182 0 -211 15 -242 39 -76 157 -76 196 0 15 31 17 60 15 243 l-3 209 -33 29 c-26 23 -41 29 -80 29 -41 0 -53 -5 -78 -31z\"\/><path d=\"M3085 3251 c-45 -19 -58 -50 -96 -229 -47 -217 -49 -260 -13 -295 52 -53 146 -42 177 20 16 31 87 366 87 410 0 70 -86 122 -155 94z\"\/><path d=\"M1751 3234 c-13 -9 -29 -31 -37 -50 -12 -29 -10 -49 21 -204 19 -94 39 -189 45 -210 14 -50 54 -80 110 -80 34 0 48 6 76 34 21 21 34 44 34 59 0 14 -18 113 -40 219 -37 178 -43 195 -70 221 -36 32 -101 37 -139 11z\"\/><path d=\"M1163 3073 c-36 -7 -73 -59 -73 -102 0 -56 133 -378 171 -413 34 -32 83 -37 129 -13 70 36 67 87 -16 290 -86 209 -89 214 -129 231 -35 14 -42 15 -82 7z\"\/><path d=\"M3689 3066 c-15 -9 -33 -30 -42 -48 -48 -103 -147 -355 -147 -375 0 -98 131 -148 192 -74 13 15 57 108 97 206 80 196 84 226 37 273 -30 30 -99 39 -137 18z\"\/><path d=\"M583 2784 c-38 -19 -67 -74 -58 -113 9 -42 211 -354 242 -373 16 -10 45 -18 66 -18 51 0 107 52 107 100 0 39 -1 41 -124 234 -80 126 -108 162 -133 173 -41 17 -61 16 -100 -3z\"\/><path d=\"M4250 2784 c-14 -9 -74 -91 -133 -183 -95 -150 -107 -173 -107 -213 0 -55 33 -94 87 -104 67 -13 90 8 211 198 130 202 137 225 78 284 -27 27 -42 34 -72 34 -22 0 -50 -8 -64 -16z\"\/><path d=\"M2275 2693 c-553 -48 -1095 -270 -1585 -649 -135 -104 -459 -423 -483 -476 -23 -49 -22 -139 2 -186 73 -142 361 -457 571 -626 285 -228 642 -407 990 -497 242 -63 336 -73 660 -74 310 0 370 5 595 52 535 111 1045 392 1455 803 122 121 250 273 275 326 19 41 19 137 0 174 -41 79 -309 363 -465 492 -447 370 -946 591 -1479 653 -113 14 -422 18 -536 8z m395 -428 c171 -34 330 -124 456 -258 112 -119 167 -219 211 -378 27 -96 24 -300 -5 -401 -72 -255 -236 -447 -474 -557 -132 -62 -201 -76 -368 -76 -167 0 -236 14 -368 76 -213 98 -373 271 -451 485 -162 444 86 934 547 1084 153 49 292 57 452 25z m909 -232 c222 -123 408 -262 593 -441 76 -74 138 -139 138 -144 0 -16 -233 -242 -330 -319 -155 -123 -309 -223 -461 -299 l-81 -41 32 46 c18 26 49 83 70 128 143 306 141 649 -6 957 -25 52 -61 116 -79 142 l-34 47 45 -20 c26 -10 76 -36 113 -56z m-2057 25 c-40 -58 -105 -190 -130 -263 -110 -324 -59 -707 132 -981 25 -35 42 -64 37 -64 -19 0 -241 119 -326 174 -188 122 -406 314 -532 468 l-58 71 108 103 c185 178 428 349 672 473 66 33 121 60 123 61 2 0 -10 -19 -26 -42z\"\/><path d=\"M2375 1950 c-198 -44 -350 -190 -395 -379 -18 -76 -8 -221 19 -290 114 -284 457 -406 731 -260 98 52 188 154 231 260 27 69 37 214 19 290 -38 163 -166 304 -326 360 -67 23 -215 33 -279 19z\"\/><\/g><\/svg><\/i> <img decoding=\"async\" width=\"16\" height=\"16\" alt=\"Loading\" src=\"https:\/\/esviafm.com\/wp-content\/plugins\/page-views-count\/ajax-loader-2x.gif\" border=0 \/><\/p>\n<div class=\"pvc_clear\"><\/div>\n","protected":false},"author":1,"featured_media":0,"comment_status":"open","ping_status":"open","sticky":false,"template":"","format":"standard","meta":{"_et_pb_use_builder":"","_et_pb_old_content":"","_et_gb_content_width":"","footnotes":""},"categories":[25],"tags":[],"class_list":["post-25253","post","type-post","status-publish","format-standard","hentry","category-nacionales"],"_links":{"self":[{"href":"https:\/\/esviafm.com\/index.php\/wp-json\/wp\/v2\/posts\/25253","targetHints":{"allow":["GET"]}}],"collection":[{"href":"https:\/\/esviafm.com\/index.php\/wp-json\/wp\/v2\/posts"}],"about":[{"href":"https:\/\/esviafm.com\/index.php\/wp-json\/wp\/v2\/types\/post"}],"author":[{"embeddable":true,"href":"https:\/\/esviafm.com\/index.php\/wp-json\/wp\/v2\/users\/1"}],"replies":[{"embeddable":true,"href":"https:\/\/esviafm.com\/index.php\/wp-json\/wp\/v2\/comments?post=25253"}],"version-history":[{"count":1,"href":"https:\/\/esviafm.com\/index.php\/wp-json\/wp\/v2\/posts\/25253\/revisions"}],"predecessor-version":[{"id":25255,"href":"https:\/\/esviafm.com\/index.php\/wp-json\/wp\/v2\/posts\/25253\/revisions\/25255"}],"wp:attachment":[{"href":"https:\/\/esviafm.com\/index.php\/wp-json\/wp\/v2\/media?parent=25253"}],"wp:term":[{"taxonomy":"category","embeddable":true,"href":"https:\/\/esviafm.com\/index.php\/wp-json\/wp\/v2\/categories?post=25253"},{"taxonomy":"post_tag","embeddable":true,"href":"https:\/\/esviafm.com\/index.php\/wp-json\/wp\/v2\/tags?post=25253"}],"curies":[{"name":"wp","href":"https:\/\/api.w.org\/{rel}","templated":true}]}}