{"id":25247,"date":"2025-04-24T06:18:24","date_gmt":"2025-04-24T10:48:24","guid":{"rendered":"https:\/\/esviafm.com\/?p=25247"},"modified":"2025-04-24T06:18:24","modified_gmt":"2025-04-24T10:48:24","slug":"se-va-el-calor-en-venezuela-el-inameh-informo-que-la-declinacion-solar-se-ubica-ahora-sobre-la-region-insular","status":"publish","type":"post","link":"https:\/\/esviafm.com\/index.php\/se-va-el-calor-en-venezuela-el-inameh-informo-que-la-declinacion-solar-se-ubica-ahora-sobre-la-region-insular\/","title":{"rendered":"\u00bfSe va el calor en Venezuela?: el Inameh inform\u00f3 que la declinaci\u00f3n solar se ubica ahora sobre la regi\u00f3n insular"},"content":{"rendered":"<div class=\"image-featured\"><img decoding=\"async\" src=\"https:\/\/cdn.bitlysdowssl-aws.com\/wp-content\/uploads\/2025\/04\/pixabay-sol.png\" alt=\"pixabay-sol\" \/>Esta situaci\u00f3n, que desde el 21 de marzo ha afectado el pa\u00eds provocando que los rayos solares golpeen de manera perpendicular a Venezuela, elev\u00f3 las temperaturas m\u00e1ximas en varias regiones del pa\u00eds. Foto: Pixabay<\/div>\n<p>El\u00a0<strong>Instituto Nacional de Meteorolog\u00eda e Hidrolog\u00eda (Inameh)<\/strong>\u00a0inform\u00f3 que a partir de este mi\u00e9rcoles 23 de abril, la\u00a0<a href=\"https:\/\/www.elnacional.com\/venezuela\/declinacion-solar-provocara-aumento-de-temperaturas-en-venezuela\/\"><strong>declinaci\u00f3n solar<\/strong><\/a>, fen\u00f3meno que ocurre anualmente por el movimiento terrestre alrededor del\u00a0<strong>Sol<\/strong>, abandon\u00f3 la zona continental de Venezuela, ubic\u00e1ndose al norte de la regi\u00f3n insular, donde se mantendr\u00e1 hasta el 2 de mayo.<\/p>\n<div class=\"google-auto-placed ap_container\"><ins class=\"adsbygoogle adsbygoogle-noablate\" data-ad-format=\"auto\" data-ad-client=\"ca-pub-3105483309027888\" data-adsbygoogle-status=\"done\" data-ad-status=\"unfilled\"><\/p>\n<div id=\"aswift_2_host\"><iframe id=\"aswift_2\" tabindex=\"0\" title=\"Advertisement\" src=\"https:\/\/googleads.g.doubleclick.net\/pagead\/ads?gdpr=1&amp;gdpr_consent=CQPmTUAQPmTUAEsACBESBkFoAP_gAEPgACiQKUJD7C7FbSFC4D5zaLsEcAhHR8gAQoQAAASBAmABQAKQIAQCgmAYFASgBAACABAAICRBIQIECAAAAUAAQAAAAAAEAAAAAAAIIAAAgEEAAgAIAAAiAIAAEACIAAAAEAAAmAgAAIIACAAAgAAAAAAAAAAAAAAAAACAAAAAAAAAAAAAAABAAQBAAAAAAAAAAAAAAAAAAAAAAAAAAAAAAAAAAAAAAAAAAAQUoSD2F2K2kKF0HCmwXYIYBCuj5AAhQgAAAkCBMACgAUgQAgFJMAgCIFAAAAAACAAQEiCQAAQABAAAIACgAAAAAAIAAAAAAAQQAABAAIAAAAAAAAEAQAAIAEQAAAAIAABEhAAAQQAEAAAAAAAQAAAAAAAAAAAAAAAAAAAAAAAAAAAAACAAACAAAAAAAAAAAAAAAAAAAAAAAAAAAAAAAAAAAAAAAAAAAgAA&amp;addtl_consent=2~70.89.93.108.122.149.184.196.236.259.311.313.314.323.358.415.442.486.494.495.540.574.609.864.981.1029.1048.1051.1095.1097.1126.1186.1205.1276.1301.1365.1415.1449.1514.1570.1577.1598.1651.1716.1735.1753.1765.1870.1878.1889.1958.1960.2072.2253.2299.2373.2415.2506.2526.2531.2568.2571.2575.2624.2677.2778~dv.&amp;client=ca-pub-3105483309027888&amp;output=html&amp;h=280&amp;adk=3688228729&amp;adf=210857574&amp;w=800&amp;abgtt=6&amp;fwrn=4&amp;fwrnh=100&amp;lmt=1745488804&amp;num_ads=1&amp;rafmt=1&amp;armr=3&amp;sem=mc&amp;pwprc=9349748251&amp;ad_type=text_image&amp;format=800x280&amp;url=https%3A%2F%2Fwww.elnacional.com%2Fvenezuela%2Fse-va-el-calor-en-venezuela-inameh-informo-que-la-declinacion-solar-se-ubica-ahora-sobre-la-region-insular%2F&amp;fwr=0&amp;pra=3&amp;rh=200&amp;rw=800&amp;rpe=1&amp;resp_fmts=3&amp;wgl=1&amp;fa=27&amp;uach=WyJXaW5kb3dzIiwiMTAuMC4wIiwieDg2IiwiIiwiMTM1LjAuNzA0OS45NiIsbnVsbCwwLG51bGwsIjY0IixbWyJHb29nbGUgQ2hyb21lIiwiMTM1LjAuNzA0OS45NiJdLFsiTm90LUEuQnJhbmQiLCI4LjAuMC4wIl0sWyJDaHJvbWl1bSIsIjEzNS4wLjcwNDkuOTYiXV0sMF0.&amp;dt=1745491668160&amp;bpp=5&amp;bdt=6079&amp;idt=5&amp;shv=r20250423&amp;mjsv=m202504210101&amp;ptt=9&amp;saldr=aa&amp;abxe=1&amp;cookie=ID%3Dcde7a1d6cd4b19bf%3AT%3D1728558806%3ART%3D1745491604%3AS%3DALNI_MZi2WDsd3Xx13mZ5qfTfGw3mtG2uA&amp;gpic=UID%3D00000f27bfab4c5f%3AT%3D1728558806%3ART%3D1745491604%3AS%3DALNI_MbuxXUbrfUi1--3S0u3FfVL_hvt-g&amp;eo_id_str=ID%3D63d96e262aa94bec%3AT%3D1744195139%3ART%3D1745491604%3AS%3DAA-AfjZkFYKDvYHTA3wh9q7MMVlP&amp;prev_fmts=0x0&amp;nras=2&amp;correlator=2947075361980&amp;frm=20&amp;pv=1&amp;u_tz=-240&amp;u_his=2&amp;u_h=768&amp;u_w=1360&amp;u_ah=728&amp;u_aw=1360&amp;u_cd=24&amp;u_sd=1&amp;dmc=8&amp;adx=133&amp;ady=2016&amp;biw=1345&amp;bih=607&amp;scr_x=0&amp;scr_y=588&amp;eid=95358863%2C95358865%2C31091982%2C95358976%2C95357878%2C31090358%2C95357715%2C95340252%2C95340254&amp;oid=2&amp;pvsid=7079099268293063&amp;tmod=2128399761&amp;uas=0&amp;nvt=1&amp;ref=https%3A%2F%2Fwww.google.com%2F&amp;fc=1408&amp;brdim=0%2C0%2C0%2C0%2C1360%2C0%2C1360%2C728%2C1360%2C607&amp;vis=1&amp;rsz=%7C%7Cs%7C&amp;abl=NS&amp;cms=2&amp;fu=128&amp;bc=31&amp;bz=1&amp;td=1&amp;tdf=2&amp;psd=W251bGwsW251bGwsbnVsbCxudWxsLCJkZXByZWNhdGVkX2thbm9uIl0sbnVsbCwzXQ..&amp;nt=1&amp;pgls=CAEaBTYuNi4x~CAEQBBoHMS4xMzMuMA..&amp;ifi=6&amp;uci=a!6&amp;btvi=1&amp;fsb=1&amp;dtd=21\" name=\"aswift_2\" width=\"800\" height=\"0\" frameborder=\"0\" marginwidth=\"0\" marginheight=\"0\" scrolling=\"no\" sandbox=\"allow-forms allow-popups allow-popups-to-escape-sandbox allow-same-origin allow-scripts allow-top-navigation-by-user-activation\" data-google-container-id=\"a!6\" aria-label=\"Advertisement\" data-google-query-id=\"CNWw8fm-8IwDFVvJZQMdt6YrMQ\" data-load-complete=\"true\" data-mce-fragment=\"1\"><\/iframe><\/div>\n<p><\/ins><\/div>\n<p>Esta situaci\u00f3n, que desde el 21 de marzo ha afectado el pa\u00eds provocando que los\u00a0<strong>rayos solares<\/strong>\u00a0golpeen de manera perpendicular a\u00a0<strong>Venezuela<\/strong>, elev\u00f3 las\u00a0<strong>temperaturas m\u00e1ximas<\/strong>\u00a0en otras regiones del pa\u00eds, alcanzando entre\u00a0<strong>37 y 39 grados Celsius<\/strong>, en particular en las \u00e1reas\u00a0<strong>occidental<\/strong>,\u00a0<strong>oriental<\/strong>\u00a0y\u00a0<strong>llanera<\/strong>.<\/p>\n<p><iframe id=\"instagram-embed-0\" class=\"instagram-media instagram-media-rendered\" src=\"https:\/\/www.instagram.com\/reel\/DIy6N7muCD-\/embed\/captioned\/?cr=1&amp;v=14&amp;wp=540&amp;rd=https%3A%2F%2Fwww.elnacional.com&amp;rp=%2Fvenezuela%2Fse-va-el-calor-en-venezuela-inameh-informo-que-la-declinacion-solar-se-ubica-ahora-sobre-la-region-insular%2F#%7B%22ci%22%3A0%2C%22os%22%3A1727%2C%22ls%22%3A175.89999999990687%2C%22le%22%3A1678.0999999998603%7D\" height=\"971\" frameborder=\"0\" scrolling=\"no\" allowfullscreen=\"allowfullscreen\" data-instgrm-payload-id=\"instagram-media-payload-0\" data-mce-fragment=\"1\"><\/iframe><\/p>\n<p>&nbsp;<\/p>\n<div id=\"box_connatix\" class=\"banner connatix\"><\/div>\n<p>&nbsp;<\/p>\n<div class=\"twitter-tweet twitter-tweet-rendered\"><iframe id=\"twitter-widget-0\" class=\"\" title=\"X Post\" src=\"https:\/\/platform.twitter.com\/embed\/Tweet.html?creatorScreenName=https%3A%2F%2Ftwitter.com%2FElNacionalWeb&amp;dnt=false&amp;embedId=twitter-widget-0&amp;features=eyJ0ZndfdGltZWxpbmVfbGlzdCI6eyJidWNrZXQiOltdLCJ2ZXJzaW9uIjpudWxsfSwidGZ3X2ZvbGxvd2VyX2NvdW50X3N1bnNldCI6eyJidWNrZXQiOnRydWUsInZlcnNpb24iOm51bGx9LCJ0ZndfdHdlZXRfZWRpdF9iYWNrZW5kIjp7ImJ1Y2tldCI6Im9uIiwidmVyc2lvbiI6bnVsbH0sInRmd19yZWZzcmNfc2Vzc2lvbiI6eyJidWNrZXQiOiJvbiIsInZlcnNpb24iOm51bGx9LCJ0ZndfZm9zbnJfc29mdF9pbnRlcnZlbnRpb25zX2VuYWJsZWQiOnsiYnVja2V0Ijoib24iLCJ2ZXJzaW9uIjpudWxsfSwidGZ3X21peGVkX21lZGlhXzE1ODk3Ijp7ImJ1Y2tldCI6InRyZWF0bWVudCIsInZlcnNpb24iOm51bGx9LCJ0ZndfZXhwZXJpbWVudHNfY29va2llX2V4cGlyYXRpb24iOnsiYnVja2V0IjoxMjA5NjAwLCJ2ZXJzaW9uIjpudWxsfSwidGZ3X3Nob3dfYmlyZHdhdGNoX3Bpdm90c19lbmFibGVkIjp7ImJ1Y2tldCI6Im9uIiwidmVyc2lvbiI6bnVsbH0sInRmd19kdXBsaWNhdGVfc2NyaWJlc190b19zZXR0aW5ncyI6eyJidWNrZXQiOiJvbiIsInZlcnNpb24iOm51bGx9LCJ0ZndfdXNlX3Byb2ZpbGVfaW1hZ2Vfc2hhcGVfZW5hYmxlZCI6eyJidWNrZXQiOiJvbiIsInZlcnNpb24iOm51bGx9LCJ0ZndfdmlkZW9faGxzX2R5bmFtaWNfbWFuaWZlc3RzXzE1MDgyIjp7ImJ1Y2tldCI6InRydWVfYml0cmF0ZSIsInZlcnNpb24iOm51bGx9LCJ0ZndfbGVnYWN5X3RpbWVsaW5lX3N1bnNldCI6eyJidWNrZXQiOnRydWUsInZlcnNpb24iOm51bGx9LCJ0ZndfdHdlZXRfZWRpdF9mcm9udGVuZCI6eyJidWNrZXQiOiJvbiIsInZlcnNpb24iOm51bGx9fQ%3D%3D&amp;frame=false&amp;hideCard=false&amp;hideThread=false&amp;id=1915063180616757601&amp;lang=es&amp;origin=https%3A%2F%2Fwww.elnacional.com%2Fvenezuela%2Fse-va-el-calor-en-venezuela-inameh-informo-que-la-declinacion-solar-se-ubica-ahora-sobre-la-region-insular%2F&amp;sessionId=e8440d38522efe1e9de426fed0cd71cf942451f3&amp;siteScreenName=ElNacionalWeb&amp;theme=light&amp;widgetsVersion=2615f7e52b7e0%3A1702314776716&amp;width=550px\" frameborder=\"0\" scrolling=\"no\" allowfullscreen=\"allowfullscreen\" data-tweet-id=\"1915063180616757601\" data-mce-fragment=\"1\"><\/iframe><\/div>\n<p>&nbsp;<\/p>\n<h2>El Inameh advirti\u00f3 de la llegada de ondas tropicales<\/h2>\n<p><strong>Para este a\u00f1o 2025 se estima que\u00a0<a href=\"https:\/\/www.elnacional.com\/venezuela\/estiman-paso-de-entre-45-y-50-ondas-tropicales-por-venezuela-en-2025\/\">entre 45 y 50 ondas tropicales pasen por\u00a0territorio venezolano<\/a><\/strong>, de acuerdo con los pron\u00f3sticos del Inameh.<\/p>\n<p>En una entrevista en el programa\u00a0<em>Caf\u00e9 en la ma\u00f1ana<\/em>, que transmite Venezolana de Televisi\u00f3n, el presidente del\u00a0<a href=\"https:\/\/www.instagram.com\/inamehoficial\/\">Inameh<\/a>, Reidy Zambrano, detall\u00f3 que a partir del primero de junio comienza la temporada de ondas tropicales en el pa\u00eds, las cuales se desprenden de la costa de Cabo Verde, en \u00c1frica, y recorre el oc\u00e9ano Atl\u00e1ntico.<\/p>\n<div id=\"box_n2\" class=\"banner\"><ins class=\"adsbygoogle\" data-ad-client=\"ca-pub-3105483309027888\" data-ad-slot=\"3203424207\" data-adsbygoogle-status=\"done\" data-ad-status=\"unfilled\"><\/p>\n<div id=\"aswift_1_host\"><iframe id=\"aswift_1\" tabindex=\"0\" title=\"Advertisement\" src=\"https:\/\/googleads.g.doubleclick.net\/pagead\/ads?gdpr=1&amp;gdpr_consent=CQPmTUAQPmTUAEsACBESBkFoAP_gAEPgACiQKUJD7C7FbSFC4D5zaLsEcAhHR8gAQoQAAASBAmABQAKQIAQCgmAYFASgBAACABAAICRBIQIECAAAAUAAQAAAAAAEAAAAAAAIIAAAgEEAAgAIAAAiAIAAEACIAAAAEAAAmAgAAIIACAAAgAAAAAAAAAAAAAAAAACAAAAAAAAAAAAAAABAAQBAAAAAAAAAAAAAAAAAAAAAAAAAAAAAAAAAAAAAAAAAAAQUoSD2F2K2kKF0HCmwXYIYBCuj5AAhQgAAAkCBMACgAUgQAgFJMAgCIFAAAAAACAAQEiCQAAQABAAAIACgAAAAAAIAAAAAAAQQAABAAIAAAAAAAAEAQAAIAEQAAAAIAABEhAAAQQAEAAAAAAAQAAAAAAAAAAAAAAAAAAAAAAAAAAAAACAAACAAAAAAAAAAAAAAAAAAAAAAAAAAAAAAAAAAAAAAAAAAAgAA&amp;addtl_consent=2~70.89.93.108.122.149.184.196.236.259.311.313.314.323.358.415.442.486.494.495.540.574.609.864.981.1029.1048.1051.1095.1097.1126.1186.1205.1276.1301.1365.1415.1449.1514.1570.1577.1598.1651.1716.1735.1753.1765.1870.1878.1889.1958.1960.2072.2253.2299.2373.2415.2506.2526.2531.2568.2571.2575.2624.2677.2778~dv.&amp;client=ca-pub-3105483309027888&amp;output=html&amp;h=90&amp;slotname=3203424207&amp;adk=2630576700&amp;adf=2410801868&amp;pi=t.ma~as.3203424207&amp;w=728&amp;abgtt=6&amp;lmt=1745488804&amp;format=728x90&amp;url=https%3A%2F%2Fwww.elnacional.com%2Fvenezuela%2Fse-va-el-calor-en-venezuela-inameh-informo-que-la-declinacion-solar-se-ubica-ahora-sobre-la-region-insular%2F&amp;wgl=1&amp;uach=WyJXaW5kb3dzIiwiMTAuMC4wIiwieDg2IiwiIiwiMTM1LjAuNzA0OS45NiIsbnVsbCwwLG51bGwsIjY0IixbWyJHb29nbGUgQ2hyb21lIiwiMTM1LjAuNzA0OS45NiJdLFsiTm90LUEuQnJhbmQiLCI4LjAuMC4wIl0sWyJDaHJvbWl1bSIsIjEzNS4wLjcwNDkuOTYiXV0sMF0.&amp;dt=1745491665897&amp;bpp=2&amp;bdt=3816&amp;idt=617&amp;shv=r20250423&amp;mjsv=m202504210101&amp;ptt=9&amp;saldr=aa&amp;abxe=1&amp;cookie=ID%3Dcde7a1d6cd4b19bf%3AT%3D1728558806%3ART%3D1745491606%3AS%3DALNI_MZi2WDsd3Xx13mZ5qfTfGw3mtG2uA&amp;gpic=UID%3D00000f27bfab4c5f%3AT%3D1728558806%3ART%3D1745491606%3AS%3DALNI_MbuxXUbrfUi1--3S0u3FfVL_hvt-g&amp;eo_id_str=ID%3D63d96e262aa94bec%3AT%3D1744195139%3ART%3D1745491606%3AS%3DAA-AfjZkFYKDvYHTA3wh9q7MMVlP&amp;prev_fmts=0x0%2C800x280%2C320x250%2C1345x607&amp;nras=4&amp;correlator=2947075361980&amp;frm=20&amp;pv=1&amp;u_tz=-240&amp;u_his=4&amp;u_h=768&amp;u_w=1360&amp;u_ah=728&amp;u_aw=1360&amp;u_cd=24&amp;u_sd=1&amp;dmc=8&amp;adx=169&amp;ady=4633&amp;biw=1345&amp;bih=607&amp;scr_x=0&amp;scr_y=2288&amp;eid=95358863%2C95358865%2C31091982%2C95358976%2C95357878%2C31090358%2C95357715%2C95340252%2C95340254&amp;oid=2&amp;pvsid=7079099268293063&amp;tmod=2128399761&amp;uas=1&amp;nvt=1&amp;ref=https%3A%2F%2Fwww.google.com%2F&amp;fc=1920&amp;brdim=0%2C0%2C0%2C0%2C1360%2C0%2C1360%2C728%2C1360%2C607&amp;vis=1&amp;rsz=%7C%7CeEbr%7C&amp;abl=CS&amp;pfx=0&amp;fu=0&amp;bc=31&amp;bz=1&amp;td=1&amp;tdf=2&amp;psd=W251bGwsW251bGwsbnVsbCxudWxsLCJkZXByZWNhdGVkX2thbm9uIl0sbnVsbCwzXQ..&amp;nt=1&amp;pgls=CAEaBTYuNi4x~CAEQBBoHMS4xMzMuMA..&amp;ifi=5&amp;uci=a!5&amp;btvi=3&amp;fsb=1&amp;dtd=37402\" name=\"aswift_1\" width=\"728\" height=\"0\" frameborder=\"0\" marginwidth=\"0\" marginheight=\"0\" scrolling=\"no\" sandbox=\"allow-forms allow-popups allow-popups-to-escape-sandbox allow-same-origin allow-scripts allow-top-navigation-by-user-activation\" data-google-container-id=\"a!5\" aria-label=\"Advertisement\" data-load-complete=\"true\" data-google-query-id=\"COCaw4q_8IwDFYwvaAgdALMM_A\" data-mce-fragment=\"1\"><\/iframe><\/div>\n<p><\/ins><\/div>\n<p>&nbsp;<\/p>\n<p>\u201cSe estima que sean al rededor de 60 [ondas tropicales], de las cuales de 45 a 50 pasar\u00e1n por el territorio venezolano\u201d, asever\u00f3.<\/p>\n<p>Zambrano record\u00f3 que en Venezuela solo hay dos per\u00edodos, es decir, no hay estaciones como en latitudes altas y bajas.<\/p>\n<div class=\"cnx-ui-wrapper cnx-bp-md-lit\">\n<div class=\"context-anchor\"><strong>\u201cTenemos un per\u00edodo seco que se inici\u00f3 en noviembre y finaliza en abril y un per\u00edodo lluvioso que se inici\u00f3 en abril en el sur del pa\u00eds\u201d<\/strong>, se\u00f1al\u00f3.<\/div>\n<\/div>\n<p>Ante la llegada de la temporada de lluvias, asegur\u00f3 que en el el Sistema Nacional de Gesti\u00f3n de Riesgo se encuentran en monitoreo muy detallado de condiciones clim\u00e1ticas en Venezuela.<\/p>\n<div class=\"pvc_clear\"><\/div>\n<p id=\"pvc_stats_25247\" class=\"pvc_stats all  \" data-element-id=\"25247\" style=\"\"><i class=\"pvc-stats-icon large\" aria-hidden=\"true\"><svg xmlns=\"http:\/\/www.w3.org\/2000\/svg\" version=\"1.0\" viewBox=\"0 0 502 315\" preserveAspectRatio=\"xMidYMid meet\"><g transform=\"translate(0,332) scale(0.1,-0.1)\" fill=\"\" stroke=\"none\"><path d=\"M2394 3279 l-29 -30 -3 -207 c-2 -182 0 -211 15 -242 39 -76 157 -76 196 0 15 31 17 60 15 243 l-3 209 -33 29 c-26 23 -41 29 -80 29 -41 0 -53 -5 -78 -31z\"\/><path d=\"M3085 3251 c-45 -19 -58 -50 -96 -229 -47 -217 -49 -260 -13 -295 52 -53 146 -42 177 20 16 31 87 366 87 410 0 70 -86 122 -155 94z\"\/><path d=\"M1751 3234 c-13 -9 -29 -31 -37 -50 -12 -29 -10 -49 21 -204 19 -94 39 -189 45 -210 14 -50 54 -80 110 -80 34 0 48 6 76 34 21 21 34 44 34 59 0 14 -18 113 -40 219 -37 178 -43 195 -70 221 -36 32 -101 37 -139 11z\"\/><path d=\"M1163 3073 c-36 -7 -73 -59 -73 -102 0 -56 133 -378 171 -413 34 -32 83 -37 129 -13 70 36 67 87 -16 290 -86 209 -89 214 -129 231 -35 14 -42 15 -82 7z\"\/><path d=\"M3689 3066 c-15 -9 -33 -30 -42 -48 -48 -103 -147 -355 -147 -375 0 -98 131 -148 192 -74 13 15 57 108 97 206 80 196 84 226 37 273 -30 30 -99 39 -137 18z\"\/><path d=\"M583 2784 c-38 -19 -67 -74 -58 -113 9 -42 211 -354 242 -373 16 -10 45 -18 66 -18 51 0 107 52 107 100 0 39 -1 41 -124 234 -80 126 -108 162 -133 173 -41 17 -61 16 -100 -3z\"\/><path d=\"M4250 2784 c-14 -9 -74 -91 -133 -183 -95 -150 -107 -173 -107 -213 0 -55 33 -94 87 -104 67 -13 90 8 211 198 130 202 137 225 78 284 -27 27 -42 34 -72 34 -22 0 -50 -8 -64 -16z\"\/><path d=\"M2275 2693 c-553 -48 -1095 -270 -1585 -649 -135 -104 -459 -423 -483 -476 -23 -49 -22 -139 2 -186 73 -142 361 -457 571 -626 285 -228 642 -407 990 -497 242 -63 336 -73 660 -74 310 0 370 5 595 52 535 111 1045 392 1455 803 122 121 250 273 275 326 19 41 19 137 0 174 -41 79 -309 363 -465 492 -447 370 -946 591 -1479 653 -113 14 -422 18 -536 8z m395 -428 c171 -34 330 -124 456 -258 112 -119 167 -219 211 -378 27 -96 24 -300 -5 -401 -72 -255 -236 -447 -474 -557 -132 -62 -201 -76 -368 -76 -167 0 -236 14 -368 76 -213 98 -373 271 -451 485 -162 444 86 934 547 1084 153 49 292 57 452 25z m909 -232 c222 -123 408 -262 593 -441 76 -74 138 -139 138 -144 0 -16 -233 -242 -330 -319 -155 -123 -309 -223 -461 -299 l-81 -41 32 46 c18 26 49 83 70 128 143 306 141 649 -6 957 -25 52 -61 116 -79 142 l-34 47 45 -20 c26 -10 76 -36 113 -56z m-2057 25 c-40 -58 -105 -190 -130 -263 -110 -324 -59 -707 132 -981 25 -35 42 -64 37 -64 -19 0 -241 119 -326 174 -188 122 -406 314 -532 468 l-58 71 108 103 c185 178 428 349 672 473 66 33 121 60 123 61 2 0 -10 -19 -26 -42z\"\/><path d=\"M2375 1950 c-198 -44 -350 -190 -395 -379 -18 -76 -8 -221 19 -290 114 -284 457 -406 731 -260 98 52 188 154 231 260 27 69 37 214 19 290 -38 163 -166 304 -326 360 -67 23 -215 33 -279 19z\"\/><\/g><\/svg><\/i> <img decoding=\"async\" width=\"16\" height=\"16\" alt=\"Loading\" src=\"https:\/\/esviafm.com\/wp-content\/plugins\/page-views-count\/ajax-loader-2x.gif\" border=0 \/><\/p>\n<div class=\"pvc_clear\"><\/div>\n","protected":false},"excerpt":{"rendered":"<p>Esta situaci\u00f3n, que desde el 21 de marzo ha afectado el pa\u00eds provocando que los rayos solares golpeen de manera perpendicular a Venezuela, elev\u00f3 las temperaturas m\u00e1ximas en varias regiones del pa\u00eds. Foto: Pixabay El\u00a0Instituto Nacional de Meteorolog\u00eda e Hidrolog\u00eda (Inameh)\u00a0inform\u00f3 que a partir de este mi\u00e9rcoles 23 de abril, la\u00a0declinaci\u00f3n solar, fen\u00f3meno que ocurre [&hellip;]<\/p>\n<div class=\"pvc_clear\"><\/div>\n<p id=\"pvc_stats_25247\" class=\"pvc_stats all  \" data-element-id=\"25247\" style=\"\"><i class=\"pvc-stats-icon large\" aria-hidden=\"true\"><svg xmlns=\"http:\/\/www.w3.org\/2000\/svg\" version=\"1.0\" viewBox=\"0 0 502 315\" preserveAspectRatio=\"xMidYMid meet\"><g transform=\"translate(0,332) scale(0.1,-0.1)\" fill=\"\" stroke=\"none\"><path d=\"M2394 3279 l-29 -30 -3 -207 c-2 -182 0 -211 15 -242 39 -76 157 -76 196 0 15 31 17 60 15 243 l-3 209 -33 29 c-26 23 -41 29 -80 29 -41 0 -53 -5 -78 -31z\"\/><path d=\"M3085 3251 c-45 -19 -58 -50 -96 -229 -47 -217 -49 -260 -13 -295 52 -53 146 -42 177 20 16 31 87 366 87 410 0 70 -86 122 -155 94z\"\/><path d=\"M1751 3234 c-13 -9 -29 -31 -37 -50 -12 -29 -10 -49 21 -204 19 -94 39 -189 45 -210 14 -50 54 -80 110 -80 34 0 48 6 76 34 21 21 34 44 34 59 0 14 -18 113 -40 219 -37 178 -43 195 -70 221 -36 32 -101 37 -139 11z\"\/><path d=\"M1163 3073 c-36 -7 -73 -59 -73 -102 0 -56 133 -378 171 -413 34 -32 83 -37 129 -13 70 36 67 87 -16 290 -86 209 -89 214 -129 231 -35 14 -42 15 -82 7z\"\/><path d=\"M3689 3066 c-15 -9 -33 -30 -42 -48 -48 -103 -147 -355 -147 -375 0 -98 131 -148 192 -74 13 15 57 108 97 206 80 196 84 226 37 273 -30 30 -99 39 -137 18z\"\/><path d=\"M583 2784 c-38 -19 -67 -74 -58 -113 9 -42 211 -354 242 -373 16 -10 45 -18 66 -18 51 0 107 52 107 100 0 39 -1 41 -124 234 -80 126 -108 162 -133 173 -41 17 -61 16 -100 -3z\"\/><path d=\"M4250 2784 c-14 -9 -74 -91 -133 -183 -95 -150 -107 -173 -107 -213 0 -55 33 -94 87 -104 67 -13 90 8 211 198 130 202 137 225 78 284 -27 27 -42 34 -72 34 -22 0 -50 -8 -64 -16z\"\/><path d=\"M2275 2693 c-553 -48 -1095 -270 -1585 -649 -135 -104 -459 -423 -483 -476 -23 -49 -22 -139 2 -186 73 -142 361 -457 571 -626 285 -228 642 -407 990 -497 242 -63 336 -73 660 -74 310 0 370 5 595 52 535 111 1045 392 1455 803 122 121 250 273 275 326 19 41 19 137 0 174 -41 79 -309 363 -465 492 -447 370 -946 591 -1479 653 -113 14 -422 18 -536 8z m395 -428 c171 -34 330 -124 456 -258 112 -119 167 -219 211 -378 27 -96 24 -300 -5 -401 -72 -255 -236 -447 -474 -557 -132 -62 -201 -76 -368 -76 -167 0 -236 14 -368 76 -213 98 -373 271 -451 485 -162 444 86 934 547 1084 153 49 292 57 452 25z m909 -232 c222 -123 408 -262 593 -441 76 -74 138 -139 138 -144 0 -16 -233 -242 -330 -319 -155 -123 -309 -223 -461 -299 l-81 -41 32 46 c18 26 49 83 70 128 143 306 141 649 -6 957 -25 52 -61 116 -79 142 l-34 47 45 -20 c26 -10 76 -36 113 -56z m-2057 25 c-40 -58 -105 -190 -130 -263 -110 -324 -59 -707 132 -981 25 -35 42 -64 37 -64 -19 0 -241 119 -326 174 -188 122 -406 314 -532 468 l-58 71 108 103 c185 178 428 349 672 473 66 33 121 60 123 61 2 0 -10 -19 -26 -42z\"\/><path d=\"M2375 1950 c-198 -44 -350 -190 -395 -379 -18 -76 -8 -221 19 -290 114 -284 457 -406 731 -260 98 52 188 154 231 260 27 69 37 214 19 290 -38 163 -166 304 -326 360 -67 23 -215 33 -279 19z\"\/><\/g><\/svg><\/i> <img decoding=\"async\" width=\"16\" height=\"16\" alt=\"Loading\" src=\"https:\/\/esviafm.com\/wp-content\/plugins\/page-views-count\/ajax-loader-2x.gif\" border=0 \/><\/p>\n<div class=\"pvc_clear\"><\/div>\n","protected":false},"author":1,"featured_media":0,"comment_status":"open","ping_status":"open","sticky":false,"template":"","format":"standard","meta":{"_et_pb_use_builder":"","_et_pb_old_content":"","_et_gb_content_width":"","footnotes":""},"categories":[25],"tags":[],"class_list":["post-25247","post","type-post","status-publish","format-standard","hentry","category-nacionales"],"_links":{"self":[{"href":"https:\/\/esviafm.com\/index.php\/wp-json\/wp\/v2\/posts\/25247","targetHints":{"allow":["GET"]}}],"collection":[{"href":"https:\/\/esviafm.com\/index.php\/wp-json\/wp\/v2\/posts"}],"about":[{"href":"https:\/\/esviafm.com\/index.php\/wp-json\/wp\/v2\/types\/post"}],"author":[{"embeddable":true,"href":"https:\/\/esviafm.com\/index.php\/wp-json\/wp\/v2\/users\/1"}],"replies":[{"embeddable":true,"href":"https:\/\/esviafm.com\/index.php\/wp-json\/wp\/v2\/comments?post=25247"}],"version-history":[{"count":1,"href":"https:\/\/esviafm.com\/index.php\/wp-json\/wp\/v2\/posts\/25247\/revisions"}],"predecessor-version":[{"id":25249,"href":"https:\/\/esviafm.com\/index.php\/wp-json\/wp\/v2\/posts\/25247\/revisions\/25249"}],"wp:attachment":[{"href":"https:\/\/esviafm.com\/index.php\/wp-json\/wp\/v2\/media?parent=25247"}],"wp:term":[{"taxonomy":"category","embeddable":true,"href":"https:\/\/esviafm.com\/index.php\/wp-json\/wp\/v2\/categories?post=25247"},{"taxonomy":"post_tag","embeddable":true,"href":"https:\/\/esviafm.com\/index.php\/wp-json\/wp\/v2\/tags?post=25247"}],"curies":[{"name":"wp","href":"https:\/\/api.w.org\/{rel}","templated":true}]}}