{"id":25136,"date":"2025-04-10T09:21:10","date_gmt":"2025-04-10T13:51:10","guid":{"rendered":"https:\/\/esviafm.com\/?p=25136"},"modified":"2025-04-10T09:21:10","modified_gmt":"2025-04-10T13:51:10","slug":"autoridades-de-caracas-presentaron-el-cronograma-de-actividades-para-semana-santa-2025","status":"publish","type":"post","link":"https:\/\/esviafm.com\/index.php\/autoridades-de-caracas-presentaron-el-cronograma-de-actividades-para-semana-santa-2025\/","title":{"rendered":"Autoridades de Caracas presentaron el cronograma de actividades para Semana Santa 2025"},"content":{"rendered":"<p>Este mi\u00e9rcoles, la alcaldesa de Caracas, Carmen Mel\u00e9ndez, junto con el jefe de gobierno del Distrito Capital, Nahum Fern\u00e1ndez, presentaron el cronograma de actividades religiosas y recreativas para Semana Santa 2025.<\/p>\n<div><\/div>\n<div>Durante una rueda de prensa, Mel\u00e9ndez destac\u00f3 que en la ciudad de Caracas ya se dio inicio a una serie de actividades recreativas para el disfrute de toda la familia como parte del asueto religioso.<\/div>\n<div><\/div>\n<div>\u00abYa comenzaron talleres de pintura sobre el Rostro de Jes\u00fas en el Museo Caracas, tenemos el Festival de Papagayos. Tenemos el rescate de los juegos tradicionales. Tenemos diferentes actividades que en cuatro a\u00f1os hemos ido rescatando para los ni\u00f1os. Vamos a la iglesia, a los conciertos que se realizar\u00e1n en diferentes lugares con m\u00fasica sacra\u00bb, detall\u00f3.<\/div>\n<div><\/div>\n<div>Asimismo, la alcaldesa detall\u00f3 que con la llegada del Domingo de Ramos, se realizar\u00e1 otras actividades como el festival de dulcer\u00eda criolla. Al tiempo que invit\u00f3 a la feligres\u00eda a acompa\u00f1ar a los palmeros de Chacao en su tradicional bajada.<\/div>\n<div><\/div>\n<div>\u00abTodos los Domingos de Ramos llegan los Palmeros de Chacao y se bendicen las palmas, y en el paseo Los Pr\u00f3ceres el domingo a las 5:00 es la cita. Se realizar\u00e1n los V\u00eda Crucis\u00bb explic\u00f3.<\/div>\n<div><\/div>\n<div>Por su parte, el jefe de Gobierno de Caracas, Nahum Fern\u00e1ndez, se\u00f1al\u00f3 que tambi\u00e9n se est\u00e1n resaltando otras expresiones art\u00edsticas como los cuentacuentos y las obras de teatro.<\/div>\n<div><\/div>\n<div>\u00abTendremos las tortas caraque\u00f1as. Al menos 200 exposiciones para que los que quieran dulce pasen por la Plaza El Venezolano. Tendremos los Cuentacuentos sobre el tema de Jes\u00fas. Su vida y obra, su proceso de justicia\u00bb, dijo.<\/div>\n<div><\/div>\n<div>Adem\u00e1s, explic\u00f3 que para los venezolanos la Semana Mayor es relatar la vida de Jes\u00fas con su mensaje de amor.<\/div>\n<div><\/div>\n<div>\u00abEn esta semana trataremos de transmitir este mensaje, creemos que en la fe est\u00e1 el encuentro de quienes tenemos el mismo objetivo. Adem\u00e1s, tenemos una agenda recreativa y cultural para los m\u00e1s peque\u00f1os de la casa\u00bb, puntualiz\u00f3.<\/div>\n<div><\/div>\n<div>Finalmente, Fern\u00e1ndez asegur\u00f3 que \u00abpasaremos la Semana Santa con dos santos en Venezuela: Jos\u00e9 Gregorio Hern\u00e1ndez y Carmen Rendiles\u00bb, por lo que invit\u00f3 a todos los ciudadanos a participar en la\u00a0programaci\u00f3n de religi\u00f3n y cultura que impulsa la alcald\u00eda de Caracas.<\/div>\n<div><\/div>\n<div><b>A continuaci\u00f3n, el cronograma:<\/b><\/div>\n<div><\/div>\n<div><b>12 de abril:\u00a0<\/b>El concierto con el movimiento cristiano en el Parque General\u00edsimo Francisco de Miranda de la capital venezolana y el festival del Papagayo en el Parque Al\u00ed Primera.<\/div>\n<div><\/div>\n<div><b>13 de abril:<\/b>\u00a0la Misa de Ramos y Bendici\u00f3n de las palmas, en todas las iglesias de Venezuela.<\/p>\n<p><b>14 de abril:\u00a0<\/b>el Festival de dulcer\u00eda criolla en la Plaza El Venezolano.<\/div>\n<div><\/div>\n<div><b>14 de abril<\/b>\u00a0al\u00a0<b>20 de abril\u00a0<\/b>se presentar\u00e1n cuenta cuentos infantiles sobre Jes\u00fas en las 22 parroquias de la capital venezolana.<\/div>\n<div><\/div>\n<div><b>15 de abril:<\/b>\u00a0Se realizar\u00e1 el V\u00eda Crucis<\/p>\n<p><b>16 de abril\u00a0<\/b>acompa\u00f1ar\u00e1n la procesi\u00f3n del Nazareno de San Pablo, que saldr\u00e1 desde la Bas\u00edlica de Santa Teresa.<\/div>\n<div><\/div>\n<div>Para el jueves\u00a0<b>17 de abril<\/b>, comenzar\u00e1 la tradicional visita a los siete templos, por lo que ya tienen previsto gu\u00edas tur\u00edsticos, as\u00ed como tambi\u00e9n el despliegue de los organismos de seguridad integral ciudadana.<\/p>\n<p>Asimismo, la alcaldesa de Caracas, Carmen Mel\u00e9ndez, mencion\u00f3 que cumpliendo con las tradiciones, se estar\u00e1 realizando el\u00a0<b>19 de abril\u00a0<\/b>una ofrenda floral en la Capilla de Santa Rosa.<\/div>\n<div><\/div>\n<div class=\"pvc_clear\"><\/div>\n<p id=\"pvc_stats_25136\" class=\"pvc_stats all  \" data-element-id=\"25136\" style=\"\"><i class=\"pvc-stats-icon large\" aria-hidden=\"true\"><svg xmlns=\"http:\/\/www.w3.org\/2000\/svg\" version=\"1.0\" viewBox=\"0 0 502 315\" preserveAspectRatio=\"xMidYMid meet\"><g transform=\"translate(0,332) scale(0.1,-0.1)\" fill=\"\" stroke=\"none\"><path d=\"M2394 3279 l-29 -30 -3 -207 c-2 -182 0 -211 15 -242 39 -76 157 -76 196 0 15 31 17 60 15 243 l-3 209 -33 29 c-26 23 -41 29 -80 29 -41 0 -53 -5 -78 -31z\"\/><path d=\"M3085 3251 c-45 -19 -58 -50 -96 -229 -47 -217 -49 -260 -13 -295 52 -53 146 -42 177 20 16 31 87 366 87 410 0 70 -86 122 -155 94z\"\/><path d=\"M1751 3234 c-13 -9 -29 -31 -37 -50 -12 -29 -10 -49 21 -204 19 -94 39 -189 45 -210 14 -50 54 -80 110 -80 34 0 48 6 76 34 21 21 34 44 34 59 0 14 -18 113 -40 219 -37 178 -43 195 -70 221 -36 32 -101 37 -139 11z\"\/><path d=\"M1163 3073 c-36 -7 -73 -59 -73 -102 0 -56 133 -378 171 -413 34 -32 83 -37 129 -13 70 36 67 87 -16 290 -86 209 -89 214 -129 231 -35 14 -42 15 -82 7z\"\/><path d=\"M3689 3066 c-15 -9 -33 -30 -42 -48 -48 -103 -147 -355 -147 -375 0 -98 131 -148 192 -74 13 15 57 108 97 206 80 196 84 226 37 273 -30 30 -99 39 -137 18z\"\/><path d=\"M583 2784 c-38 -19 -67 -74 -58 -113 9 -42 211 -354 242 -373 16 -10 45 -18 66 -18 51 0 107 52 107 100 0 39 -1 41 -124 234 -80 126 -108 162 -133 173 -41 17 -61 16 -100 -3z\"\/><path d=\"M4250 2784 c-14 -9 -74 -91 -133 -183 -95 -150 -107 -173 -107 -213 0 -55 33 -94 87 -104 67 -13 90 8 211 198 130 202 137 225 78 284 -27 27 -42 34 -72 34 -22 0 -50 -8 -64 -16z\"\/><path d=\"M2275 2693 c-553 -48 -1095 -270 -1585 -649 -135 -104 -459 -423 -483 -476 -23 -49 -22 -139 2 -186 73 -142 361 -457 571 -626 285 -228 642 -407 990 -497 242 -63 336 -73 660 -74 310 0 370 5 595 52 535 111 1045 392 1455 803 122 121 250 273 275 326 19 41 19 137 0 174 -41 79 -309 363 -465 492 -447 370 -946 591 -1479 653 -113 14 -422 18 -536 8z m395 -428 c171 -34 330 -124 456 -258 112 -119 167 -219 211 -378 27 -96 24 -300 -5 -401 -72 -255 -236 -447 -474 -557 -132 -62 -201 -76 -368 -76 -167 0 -236 14 -368 76 -213 98 -373 271 -451 485 -162 444 86 934 547 1084 153 49 292 57 452 25z m909 -232 c222 -123 408 -262 593 -441 76 -74 138 -139 138 -144 0 -16 -233 -242 -330 -319 -155 -123 -309 -223 -461 -299 l-81 -41 32 46 c18 26 49 83 70 128 143 306 141 649 -6 957 -25 52 -61 116 -79 142 l-34 47 45 -20 c26 -10 76 -36 113 -56z m-2057 25 c-40 -58 -105 -190 -130 -263 -110 -324 -59 -707 132 -981 25 -35 42 -64 37 -64 -19 0 -241 119 -326 174 -188 122 -406 314 -532 468 l-58 71 108 103 c185 178 428 349 672 473 66 33 121 60 123 61 2 0 -10 -19 -26 -42z\"\/><path d=\"M2375 1950 c-198 -44 -350 -190 -395 -379 -18 -76 -8 -221 19 -290 114 -284 457 -406 731 -260 98 52 188 154 231 260 27 69 37 214 19 290 -38 163 -166 304 -326 360 -67 23 -215 33 -279 19z\"\/><\/g><\/svg><\/i> <img decoding=\"async\" width=\"16\" height=\"16\" alt=\"Loading\" src=\"https:\/\/esviafm.com\/wp-content\/plugins\/page-views-count\/ajax-loader-2x.gif\" border=0 \/><\/p>\n<div class=\"pvc_clear\"><\/div>\n","protected":false},"excerpt":{"rendered":"<p>Este mi\u00e9rcoles, la alcaldesa de Caracas, Carmen Mel\u00e9ndez, junto con el jefe de gobierno del Distrito Capital, Nahum Fern\u00e1ndez, presentaron el cronograma de actividades religiosas y recreativas para Semana Santa 2025. Durante una rueda de prensa, Mel\u00e9ndez destac\u00f3 que en la ciudad de Caracas ya se dio inicio a una serie de actividades recreativas para [&hellip;]<\/p>\n<div class=\"pvc_clear\"><\/div>\n<p id=\"pvc_stats_25136\" class=\"pvc_stats all  \" data-element-id=\"25136\" style=\"\"><i class=\"pvc-stats-icon large\" aria-hidden=\"true\"><svg xmlns=\"http:\/\/www.w3.org\/2000\/svg\" version=\"1.0\" viewBox=\"0 0 502 315\" preserveAspectRatio=\"xMidYMid meet\"><g transform=\"translate(0,332) scale(0.1,-0.1)\" fill=\"\" stroke=\"none\"><path d=\"M2394 3279 l-29 -30 -3 -207 c-2 -182 0 -211 15 -242 39 -76 157 -76 196 0 15 31 17 60 15 243 l-3 209 -33 29 c-26 23 -41 29 -80 29 -41 0 -53 -5 -78 -31z\"\/><path d=\"M3085 3251 c-45 -19 -58 -50 -96 -229 -47 -217 -49 -260 -13 -295 52 -53 146 -42 177 20 16 31 87 366 87 410 0 70 -86 122 -155 94z\"\/><path d=\"M1751 3234 c-13 -9 -29 -31 -37 -50 -12 -29 -10 -49 21 -204 19 -94 39 -189 45 -210 14 -50 54 -80 110 -80 34 0 48 6 76 34 21 21 34 44 34 59 0 14 -18 113 -40 219 -37 178 -43 195 -70 221 -36 32 -101 37 -139 11z\"\/><path d=\"M1163 3073 c-36 -7 -73 -59 -73 -102 0 -56 133 -378 171 -413 34 -32 83 -37 129 -13 70 36 67 87 -16 290 -86 209 -89 214 -129 231 -35 14 -42 15 -82 7z\"\/><path d=\"M3689 3066 c-15 -9 -33 -30 -42 -48 -48 -103 -147 -355 -147 -375 0 -98 131 -148 192 -74 13 15 57 108 97 206 80 196 84 226 37 273 -30 30 -99 39 -137 18z\"\/><path d=\"M583 2784 c-38 -19 -67 -74 -58 -113 9 -42 211 -354 242 -373 16 -10 45 -18 66 -18 51 0 107 52 107 100 0 39 -1 41 -124 234 -80 126 -108 162 -133 173 -41 17 -61 16 -100 -3z\"\/><path d=\"M4250 2784 c-14 -9 -74 -91 -133 -183 -95 -150 -107 -173 -107 -213 0 -55 33 -94 87 -104 67 -13 90 8 211 198 130 202 137 225 78 284 -27 27 -42 34 -72 34 -22 0 -50 -8 -64 -16z\"\/><path d=\"M2275 2693 c-553 -48 -1095 -270 -1585 -649 -135 -104 -459 -423 -483 -476 -23 -49 -22 -139 2 -186 73 -142 361 -457 571 -626 285 -228 642 -407 990 -497 242 -63 336 -73 660 -74 310 0 370 5 595 52 535 111 1045 392 1455 803 122 121 250 273 275 326 19 41 19 137 0 174 -41 79 -309 363 -465 492 -447 370 -946 591 -1479 653 -113 14 -422 18 -536 8z m395 -428 c171 -34 330 -124 456 -258 112 -119 167 -219 211 -378 27 -96 24 -300 -5 -401 -72 -255 -236 -447 -474 -557 -132 -62 -201 -76 -368 -76 -167 0 -236 14 -368 76 -213 98 -373 271 -451 485 -162 444 86 934 547 1084 153 49 292 57 452 25z m909 -232 c222 -123 408 -262 593 -441 76 -74 138 -139 138 -144 0 -16 -233 -242 -330 -319 -155 -123 -309 -223 -461 -299 l-81 -41 32 46 c18 26 49 83 70 128 143 306 141 649 -6 957 -25 52 -61 116 -79 142 l-34 47 45 -20 c26 -10 76 -36 113 -56z m-2057 25 c-40 -58 -105 -190 -130 -263 -110 -324 -59 -707 132 -981 25 -35 42 -64 37 -64 -19 0 -241 119 -326 174 -188 122 -406 314 -532 468 l-58 71 108 103 c185 178 428 349 672 473 66 33 121 60 123 61 2 0 -10 -19 -26 -42z\"\/><path d=\"M2375 1950 c-198 -44 -350 -190 -395 -379 -18 -76 -8 -221 19 -290 114 -284 457 -406 731 -260 98 52 188 154 231 260 27 69 37 214 19 290 -38 163 -166 304 -326 360 -67 23 -215 33 -279 19z\"\/><\/g><\/svg><\/i> <img decoding=\"async\" width=\"16\" height=\"16\" alt=\"Loading\" src=\"https:\/\/esviafm.com\/wp-content\/plugins\/page-views-count\/ajax-loader-2x.gif\" border=0 \/><\/p>\n<div class=\"pvc_clear\"><\/div>\n","protected":false},"author":1,"featured_media":0,"comment_status":"open","ping_status":"open","sticky":false,"template":"","format":"standard","meta":{"_et_pb_use_builder":"","_et_pb_old_content":"","_et_gb_content_width":"","footnotes":""},"categories":[25],"tags":[],"class_list":["post-25136","post","type-post","status-publish","format-standard","hentry","category-nacionales"],"_links":{"self":[{"href":"https:\/\/esviafm.com\/index.php\/wp-json\/wp\/v2\/posts\/25136","targetHints":{"allow":["GET"]}}],"collection":[{"href":"https:\/\/esviafm.com\/index.php\/wp-json\/wp\/v2\/posts"}],"about":[{"href":"https:\/\/esviafm.com\/index.php\/wp-json\/wp\/v2\/types\/post"}],"author":[{"embeddable":true,"href":"https:\/\/esviafm.com\/index.php\/wp-json\/wp\/v2\/users\/1"}],"replies":[{"embeddable":true,"href":"https:\/\/esviafm.com\/index.php\/wp-json\/wp\/v2\/comments?post=25136"}],"version-history":[{"count":1,"href":"https:\/\/esviafm.com\/index.php\/wp-json\/wp\/v2\/posts\/25136\/revisions"}],"predecessor-version":[{"id":25137,"href":"https:\/\/esviafm.com\/index.php\/wp-json\/wp\/v2\/posts\/25136\/revisions\/25137"}],"wp:attachment":[{"href":"https:\/\/esviafm.com\/index.php\/wp-json\/wp\/v2\/media?parent=25136"}],"wp:term":[{"taxonomy":"category","embeddable":true,"href":"https:\/\/esviafm.com\/index.php\/wp-json\/wp\/v2\/categories?post=25136"},{"taxonomy":"post_tag","embeddable":true,"href":"https:\/\/esviafm.com\/index.php\/wp-json\/wp\/v2\/tags?post=25136"}],"curies":[{"name":"wp","href":"https:\/\/api.w.org\/{rel}","templated":true}]}}