{"id":25089,"date":"2025-04-09T06:07:25","date_gmt":"2025-04-09T10:37:25","guid":{"rendered":"https:\/\/esviafm.com\/?p=25089"},"modified":"2025-04-09T06:07:44","modified_gmt":"2025-04-09T10:37:44","slug":"gobierno-nacional-activo-motor-telecomunicaciones-y-nuevas-tecnologias-con-mas-de-340-empresas","status":"publish","type":"post","link":"https:\/\/esviafm.com\/index.php\/gobierno-nacional-activo-motor-telecomunicaciones-y-nuevas-tecnologias-con-mas-de-340-empresas\/","title":{"rendered":"Gobierno nacional activ\u00f3 Motor Telecomunicaciones y Nuevas Tecnolog\u00edas con m\u00e1s de 340 empresas"},"content":{"rendered":"<p>Este martes, el presidente de la Rep\u00fablica, Nicol\u00e1s Maduro, activ\u00f3 el Motor Telecomunicaciones y Nuevas Tecnolog\u00edas con el objetivo de fortalecer el sector de telecomunicaciones en Venezuela.<\/p>\n<p>Este proyecto cuenta con la participaci\u00f3n de m\u00e1s de 340 empresas nacionales e internacionales dedicadas a la producci\u00f3n tecnol\u00f3gica para consolidar un modelo que busca garantizar la soberan\u00eda tecnol\u00f3gica y mejorar la calidad de los servicios. Durante el evento, el jefe de Estado destac\u00f3 el crecimiento del sector, que el a\u00f1o pasado registr\u00f3 un incremento del 7 %.<\/p>\n<p>\u00abEste avance refleja el impacto de la revoluci\u00f3n tecnol\u00f3gica en la econom\u00eda global y posiciona a Venezuela como un pa\u00eds con capacidades tecnol\u00f3gicas propias, incluso en medio de las sanciones internacionales, ahora que contamos con m\u00e1s de 340 empresas nacionales e internacionales en este poderosos motor, y a su vez este a\u00f1o se suman 40 empresas m\u00e1s\u00bb, expres\u00f3.<\/p>\n<div class=\"google-auto-placed ap_container\">\n<p>&nbsp;<\/p>\n<div id=\"aswift_2_host\"><iframe id=\"aswift_2\" tabindex=\"0\" title=\"Advertisement\" src=\"https:\/\/googleads.g.doubleclick.net\/pagead\/ads?gdpr=0&amp;us_privacy=1---&amp;gpp_sid=-1&amp;client=ca-pub-2665000277262253&amp;output=html&amp;h=280&amp;adk=4626182&amp;adf=181376043&amp;pi=t.aa~a.1811011180~i.6~rp.1&amp;w=675&amp;abgtt=6&amp;fwrn=4&amp;fwrnh=100&amp;lmt=1744194982&amp;num_ads=1&amp;rafmt=1&amp;armr=3&amp;sem=mc&amp;pwprc=3873405587&amp;ad_type=text_image&amp;format=675x280&amp;url=https%3A%2F%2Fwww.eluniversal.com%2Feconomia%2F205290%2Fgobierno-nacional-activo-motor-telecomunicaciones-y-nuevas-tecnologias-con-mas-de-340-empresas&amp;fwr=0&amp;pra=3&amp;rh=169&amp;rw=675&amp;rpe=1&amp;resp_fmts=3&amp;wgl=1&amp;fa=27&amp;uach=WyJXaW5kb3dzIiwiMTAuMC4wIiwieDg2IiwiIiwiMTM1LjAuNzA0OS40MiIsbnVsbCwwLG51bGwsIjY0IixbWyJHb29nbGUgQ2hyb21lIiwiMTM1LjAuNzA0OS40MiJdLFsiTm90LUEuQnJhbmQiLCI4LjAuMC4wIl0sWyJDaHJvbWl1bSIsIjEzNS4wLjcwNDkuNDIiXV0sMF0.&amp;dt=1744194982828&amp;bpp=2&amp;bdt=1855&amp;idt=-M&amp;shv=r20250408&amp;mjsv=m202504030101&amp;ptt=9&amp;saldr=aa&amp;abxe=1&amp;cookie=ID%3D7da3d1ea8b44b45a%3AT%3D1726742689%3ART%3D1744194492%3AS%3DALNI_MbzDi9ViqaN83_uyQ5FYrhOjsDkvQ&amp;gpic=UID%3D00000ef27866aaa5%3AT%3D1726742689%3ART%3D1744194492%3AS%3DALNI_MZg4wPI0sMWa2-DX1rjxPGtPO1_qw&amp;eo_id_str=ID%3D776278a70ff3de86%3AT%3D1742470873%3ART%3D1744194492%3AS%3DAA-AfjZu8Lkp8b9EP4BkRZ0didXI&amp;prev_fmts=0x0%2C675x280&amp;nras=3&amp;correlator=6331505017042&amp;frm=20&amp;pv=1&amp;u_tz=-240&amp;u_his=2&amp;u_h=768&amp;u_w=1360&amp;u_ah=728&amp;u_aw=1360&amp;u_cd=24&amp;u_sd=1&amp;dmc=8&amp;adx=305&amp;ady=1851&amp;biw=1345&amp;bih=607&amp;scr_x=0&amp;scr_y=0&amp;eid=31091514%2C31091604%2C42532524%2C95332589%2C95354562%2C95354564%2C95355311%2C95344789%2C95356809%2C95357454&amp;oid=2&amp;pvsid=3685889215537264&amp;tmod=943581812&amp;uas=0&amp;nvt=1&amp;ref=https%3A%2F%2Fwww.google.com%2F&amp;fc=1408&amp;brdim=0%2C0%2C0%2C0%2C1360%2C0%2C1360%2C728%2C1360%2C607&amp;vis=1&amp;rsz=%7C%7Cs%7C&amp;abl=NS&amp;fu=128&amp;bc=31&amp;bz=1&amp;td=1&amp;tdf=2&amp;psd=W251bGwsW251bGwsbnVsbCxudWxsLCJkZXByZWNhdGVkX2thbm9uIl0sbnVsbCwzXQ..&amp;nt=1&amp;ifi=3&amp;uci=a!3&amp;btvi=2&amp;fsb=1&amp;dtd=36\" name=\"aswift_2\" width=\"675\" height=\"0\" frameborder=\"0\" marginwidth=\"0\" marginheight=\"0\" scrolling=\"no\" sandbox=\"allow-forms allow-popups allow-popups-to-escape-sandbox allow-same-origin allow-scripts allow-top-navigation-by-user-activation\" data-google-container-id=\"a!3\" aria-label=\"Advertisement\" data-load-complete=\"true\" data-google-query-id=\"CPmhpbzgyowDFX4eaAgdlEMWjg\" data-mce-fragment=\"1\"><\/iframe><\/div>\n<p>&nbsp;<\/p>\n<\/div>\n<p>\u00abTenemos una nueva meta, se la encargo al jefe del motor, M\/G Jorge M\u00e1rquez de que Venezuela sea el pa\u00eds con el internet m\u00e1s r\u00e1pido, sin zonas oscuras, y a su vez, que en cada escuela y universidad p\u00fablica tengan sus propias intercomunicaciones y vamos a lograrlo\u00bb, reafirm\u00f3 el presidente Maduro.<\/p>\n<div class=\"google-auto-placed ap_container\">\n<p>&nbsp;<\/p>\n<div id=\"aswift_3_host\"><iframe id=\"aswift_3\" tabindex=\"0\" title=\"Advertisement\" src=\"https:\/\/googleads.g.doubleclick.net\/pagead\/ads?gdpr=0&amp;us_privacy=1---&amp;gpp_sid=-1&amp;client=ca-pub-2665000277262253&amp;output=html&amp;h=280&amp;adk=4626182&amp;adf=211163108&amp;pi=t.aa~a.1811011180~i.10~rp.1&amp;w=675&amp;abgtt=6&amp;fwrn=4&amp;fwrnh=100&amp;lmt=1744194982&amp;num_ads=1&amp;rafmt=1&amp;armr=3&amp;sem=mc&amp;pwprc=3873405587&amp;ad_type=text_image&amp;format=675x280&amp;url=https%3A%2F%2Fwww.eluniversal.com%2Feconomia%2F205290%2Fgobierno-nacional-activo-motor-telecomunicaciones-y-nuevas-tecnologias-con-mas-de-340-empresas&amp;fwr=0&amp;pra=3&amp;rh=169&amp;rw=675&amp;rpe=1&amp;resp_fmts=3&amp;wgl=1&amp;fa=27&amp;uach=WyJXaW5kb3dzIiwiMTAuMC4wIiwieDg2IiwiIiwiMTM1LjAuNzA0OS40MiIsbnVsbCwwLG51bGwsIjY0IixbWyJHb29nbGUgQ2hyb21lIiwiMTM1LjAuNzA0OS40MiJdLFsiTm90LUEuQnJhbmQiLCI4LjAuMC4wIl0sWyJDaHJvbWl1bSIsIjEzNS4wLjcwNDkuNDIiXV0sMF0.&amp;dt=1744194982828&amp;bpp=1&amp;bdt=1856&amp;idt=1&amp;shv=r20250408&amp;mjsv=m202504030101&amp;ptt=9&amp;saldr=aa&amp;abxe=1&amp;cookie=ID%3D7da3d1ea8b44b45a%3AT%3D1726742689%3ART%3D1744194492%3AS%3DALNI_MbzDi9ViqaN83_uyQ5FYrhOjsDkvQ&amp;gpic=UID%3D00000ef27866aaa5%3AT%3D1726742689%3ART%3D1744194492%3AS%3DALNI_MZg4wPI0sMWa2-DX1rjxPGtPO1_qw&amp;eo_id_str=ID%3D776278a70ff3de86%3AT%3D1742470873%3ART%3D1744194492%3AS%3DAA-AfjZu8Lkp8b9EP4BkRZ0didXI&amp;prev_fmts=0x0%2C675x280%2C675x280&amp;nras=4&amp;correlator=6331505017042&amp;frm=20&amp;pv=1&amp;u_tz=-240&amp;u_his=2&amp;u_h=768&amp;u_w=1360&amp;u_ah=728&amp;u_aw=1360&amp;u_cd=24&amp;u_sd=1&amp;dmc=8&amp;adx=305&amp;ady=2310&amp;biw=1345&amp;bih=607&amp;scr_x=0&amp;scr_y=0&amp;eid=31091514%2C31091604%2C42532524%2C95332589%2C95354562%2C95354564%2C95355311%2C95344789%2C95356809%2C95357454&amp;oid=2&amp;pvsid=3685889215537264&amp;tmod=943581812&amp;uas=0&amp;nvt=1&amp;ref=https%3A%2F%2Fwww.google.com%2F&amp;fc=1408&amp;brdim=0%2C0%2C0%2C0%2C1360%2C0%2C1360%2C728%2C1360%2C607&amp;vis=1&amp;rsz=%7C%7Cs%7C&amp;abl=NS&amp;fu=128&amp;bc=31&amp;bz=1&amp;td=1&amp;tdf=2&amp;psd=W251bGwsW251bGwsbnVsbCxudWxsLCJkZXByZWNhdGVkX2thbm9uIl0sbnVsbCwzXQ..&amp;nt=1&amp;ifi=4&amp;uci=a!4&amp;btvi=3&amp;fsb=1&amp;dtd=45\" name=\"aswift_3\" width=\"675\" height=\"0\" frameborder=\"0\" marginwidth=\"0\" marginheight=\"0\" scrolling=\"no\" sandbox=\"allow-forms allow-popups allow-popups-to-escape-sandbox allow-same-origin allow-scripts allow-top-navigation-by-user-activation\" data-google-container-id=\"a!4\" aria-label=\"Advertisement\" data-google-query-id=\"CKKwpbzgyowDFVYvaAgd-0IhkA\" data-load-complete=\"true\" data-mce-fragment=\"1\"><\/iframe><\/div>\n<p>&nbsp;<\/p>\n<\/div>\n<p>El proyecto tambi\u00e9n busca integrar a j\u00f3venes talentos al sector, democratizar el acceso a las telecomunicaciones y consolidar la colaboraci\u00f3n entre empresas p\u00fablicas y privadas. Operadoras como Movistar, Digitel, Movilnet y Cantv, junto con otras compa\u00f1\u00edas internacionales, forman parte de esta iniciativa que apunta a ampliar la cobertura del servicio y fortalecer la infraestructura.<\/p>\n<div class=\"google-auto-placed ap_container\">\n<p>&nbsp;<\/p>\n<div id=\"aswift_4_host\"><iframe id=\"aswift_4\" tabindex=\"0\" title=\"Advertisement\" src=\"https:\/\/googleads.g.doubleclick.net\/pagead\/ads?gdpr=0&amp;us_privacy=1---&amp;gpp_sid=-1&amp;client=ca-pub-2665000277262253&amp;output=html&amp;h=280&amp;adk=4626182&amp;adf=900614344&amp;pi=t.aa~a.1811011180~i.13~rp.1&amp;w=675&amp;abgtt=6&amp;fwrn=4&amp;fwrnh=100&amp;lmt=1744194983&amp;num_ads=1&amp;rafmt=1&amp;armr=3&amp;sem=mc&amp;pwprc=3873405587&amp;ad_type=text_image&amp;format=675x280&amp;url=https%3A%2F%2Fwww.eluniversal.com%2Feconomia%2F205290%2Fgobierno-nacional-activo-motor-telecomunicaciones-y-nuevas-tecnologias-con-mas-de-340-empresas&amp;fwr=0&amp;pra=3&amp;rh=169&amp;rw=675&amp;rpe=1&amp;resp_fmts=3&amp;wgl=1&amp;fa=27&amp;uach=WyJXaW5kb3dzIiwiMTAuMC4wIiwieDg2IiwiIiwiMTM1LjAuNzA0OS40MiIsbnVsbCwwLG51bGwsIjY0IixbWyJHb29nbGUgQ2hyb21lIiwiMTM1LjAuNzA0OS40MiJdLFsiTm90LUEuQnJhbmQiLCI4LjAuMC4wIl0sWyJDaHJvbWl1bSIsIjEzNS4wLjcwNDkuNDIiXV0sMF0.&amp;dt=1744194982835&amp;bpp=2&amp;bdt=1863&amp;idt=2&amp;shv=r20250408&amp;mjsv=m202504030101&amp;ptt=9&amp;saldr=aa&amp;abxe=1&amp;cookie=ID%3D7da3d1ea8b44b45a%3AT%3D1726742689%3ART%3D1744194935%3AS%3DALNI_MbzDi9ViqaN83_uyQ5FYrhOjsDkvQ&amp;gpic=UID%3D00000ef27866aaa5%3AT%3D1726742689%3ART%3D1744194935%3AS%3DALNI_MZg4wPI0sMWa2-DX1rjxPGtPO1_qw&amp;eo_id_str=ID%3D776278a70ff3de86%3AT%3D1742470873%3ART%3D1744194935%3AS%3DAA-AfjZu8Lkp8b9EP4BkRZ0didXI&amp;prev_fmts=0x0%2C675x280%2C675x280%2C675x280&amp;nras=5&amp;correlator=6331505017042&amp;frm=20&amp;pv=1&amp;u_tz=-240&amp;u_his=2&amp;u_h=768&amp;u_w=1360&amp;u_ah=728&amp;u_aw=1360&amp;u_cd=24&amp;u_sd=1&amp;dmc=8&amp;adx=305&amp;ady=2198&amp;biw=1345&amp;bih=607&amp;scr_x=0&amp;scr_y=0&amp;eid=31091514%2C31091604%2C42532524%2C95332589%2C95354562%2C95354564%2C95355311%2C95344789%2C95356809%2C95357454&amp;oid=2&amp;pvsid=3685889215537264&amp;tmod=943581812&amp;uas=0&amp;nvt=1&amp;ref=https%3A%2F%2Fwww.google.com%2F&amp;fc=1408&amp;brdim=0%2C0%2C0%2C0%2C1360%2C0%2C1360%2C728%2C1360%2C607&amp;vis=1&amp;rsz=%7C%7Cs%7C&amp;abl=NS&amp;fu=128&amp;bc=31&amp;bz=1&amp;td=1&amp;tdf=2&amp;psd=W251bGwsW251bGwsbnVsbCxudWxsLCJkZXByZWNhdGVkX2thbm9uIl0sbnVsbCwzXQ..&amp;nt=1&amp;ifi=5&amp;uci=a!5&amp;btvi=4&amp;fsb=1&amp;dtd=308\" name=\"aswift_4\" width=\"675\" height=\"0\" frameborder=\"0\" marginwidth=\"0\" marginheight=\"0\" scrolling=\"no\" sandbox=\"allow-forms allow-popups allow-popups-to-escape-sandbox allow-same-origin allow-scripts allow-top-navigation-by-user-activation\" data-google-container-id=\"a!5\" aria-label=\"Advertisement\" data-google-query-id=\"CMLltrzgyowDFYMKaAgd0CYxkg\" data-load-complete=\"true\" data-mce-fragment=\"1\"><\/iframe><\/div>\n<p>&nbsp;<\/p>\n<\/div>\n<p>Durante esta actividad, se cont\u00f3 con la presencia de diversas autoridades nacionales, incluida la primera dama, Cilia Flores, la vicepresidenta de la Rep\u00fablica, Delcy Rodr\u00edguez y el vicepresidente sectorial de Obras P\u00fablicas y Servicios, M\/G Jorge M\u00e1rquez, entre otras autoridades. Este evento es un paso significativo en la Agenda Econ\u00f3mica Bolivariana, que integra 13 Motores fundamentales para la nueva econom\u00eda nacional.<\/p>\n<div class=\"pvc_clear\"><\/div>\n<p id=\"pvc_stats_25089\" class=\"pvc_stats all  \" data-element-id=\"25089\" style=\"\"><i class=\"pvc-stats-icon large\" aria-hidden=\"true\"><svg xmlns=\"http:\/\/www.w3.org\/2000\/svg\" version=\"1.0\" viewBox=\"0 0 502 315\" preserveAspectRatio=\"xMidYMid meet\"><g transform=\"translate(0,332) scale(0.1,-0.1)\" fill=\"\" stroke=\"none\"><path d=\"M2394 3279 l-29 -30 -3 -207 c-2 -182 0 -211 15 -242 39 -76 157 -76 196 0 15 31 17 60 15 243 l-3 209 -33 29 c-26 23 -41 29 -80 29 -41 0 -53 -5 -78 -31z\"\/><path d=\"M3085 3251 c-45 -19 -58 -50 -96 -229 -47 -217 -49 -260 -13 -295 52 -53 146 -42 177 20 16 31 87 366 87 410 0 70 -86 122 -155 94z\"\/><path d=\"M1751 3234 c-13 -9 -29 -31 -37 -50 -12 -29 -10 -49 21 -204 19 -94 39 -189 45 -210 14 -50 54 -80 110 -80 34 0 48 6 76 34 21 21 34 44 34 59 0 14 -18 113 -40 219 -37 178 -43 195 -70 221 -36 32 -101 37 -139 11z\"\/><path d=\"M1163 3073 c-36 -7 -73 -59 -73 -102 0 -56 133 -378 171 -413 34 -32 83 -37 129 -13 70 36 67 87 -16 290 -86 209 -89 214 -129 231 -35 14 -42 15 -82 7z\"\/><path d=\"M3689 3066 c-15 -9 -33 -30 -42 -48 -48 -103 -147 -355 -147 -375 0 -98 131 -148 192 -74 13 15 57 108 97 206 80 196 84 226 37 273 -30 30 -99 39 -137 18z\"\/><path d=\"M583 2784 c-38 -19 -67 -74 -58 -113 9 -42 211 -354 242 -373 16 -10 45 -18 66 -18 51 0 107 52 107 100 0 39 -1 41 -124 234 -80 126 -108 162 -133 173 -41 17 -61 16 -100 -3z\"\/><path d=\"M4250 2784 c-14 -9 -74 -91 -133 -183 -95 -150 -107 -173 -107 -213 0 -55 33 -94 87 -104 67 -13 90 8 211 198 130 202 137 225 78 284 -27 27 -42 34 -72 34 -22 0 -50 -8 -64 -16z\"\/><path d=\"M2275 2693 c-553 -48 -1095 -270 -1585 -649 -135 -104 -459 -423 -483 -476 -23 -49 -22 -139 2 -186 73 -142 361 -457 571 -626 285 -228 642 -407 990 -497 242 -63 336 -73 660 -74 310 0 370 5 595 52 535 111 1045 392 1455 803 122 121 250 273 275 326 19 41 19 137 0 174 -41 79 -309 363 -465 492 -447 370 -946 591 -1479 653 -113 14 -422 18 -536 8z m395 -428 c171 -34 330 -124 456 -258 112 -119 167 -219 211 -378 27 -96 24 -300 -5 -401 -72 -255 -236 -447 -474 -557 -132 -62 -201 -76 -368 -76 -167 0 -236 14 -368 76 -213 98 -373 271 -451 485 -162 444 86 934 547 1084 153 49 292 57 452 25z m909 -232 c222 -123 408 -262 593 -441 76 -74 138 -139 138 -144 0 -16 -233 -242 -330 -319 -155 -123 -309 -223 -461 -299 l-81 -41 32 46 c18 26 49 83 70 128 143 306 141 649 -6 957 -25 52 -61 116 -79 142 l-34 47 45 -20 c26 -10 76 -36 113 -56z m-2057 25 c-40 -58 -105 -190 -130 -263 -110 -324 -59 -707 132 -981 25 -35 42 -64 37 -64 -19 0 -241 119 -326 174 -188 122 -406 314 -532 468 l-58 71 108 103 c185 178 428 349 672 473 66 33 121 60 123 61 2 0 -10 -19 -26 -42z\"\/><path d=\"M2375 1950 c-198 -44 -350 -190 -395 -379 -18 -76 -8 -221 19 -290 114 -284 457 -406 731 -260 98 52 188 154 231 260 27 69 37 214 19 290 -38 163 -166 304 -326 360 -67 23 -215 33 -279 19z\"\/><\/g><\/svg><\/i> <img decoding=\"async\" width=\"16\" height=\"16\" alt=\"Loading\" src=\"https:\/\/esviafm.com\/wp-content\/plugins\/page-views-count\/ajax-loader-2x.gif\" border=0 \/><\/p>\n<div class=\"pvc_clear\"><\/div>\n","protected":false},"excerpt":{"rendered":"<p>Este martes, el presidente de la Rep\u00fablica, Nicol\u00e1s Maduro, activ\u00f3 el Motor Telecomunicaciones y Nuevas Tecnolog\u00edas con el objetivo de fortalecer el sector de telecomunicaciones en Venezuela. Este proyecto cuenta con la participaci\u00f3n de m\u00e1s de 340 empresas nacionales e internacionales dedicadas a la producci\u00f3n tecnol\u00f3gica para consolidar un modelo que busca garantizar la soberan\u00eda [&hellip;]<\/p>\n<div class=\"pvc_clear\"><\/div>\n<p id=\"pvc_stats_25089\" class=\"pvc_stats all  \" data-element-id=\"25089\" style=\"\"><i class=\"pvc-stats-icon large\" aria-hidden=\"true\"><svg xmlns=\"http:\/\/www.w3.org\/2000\/svg\" version=\"1.0\" viewBox=\"0 0 502 315\" preserveAspectRatio=\"xMidYMid meet\"><g transform=\"translate(0,332) scale(0.1,-0.1)\" fill=\"\" stroke=\"none\"><path d=\"M2394 3279 l-29 -30 -3 -207 c-2 -182 0 -211 15 -242 39 -76 157 -76 196 0 15 31 17 60 15 243 l-3 209 -33 29 c-26 23 -41 29 -80 29 -41 0 -53 -5 -78 -31z\"\/><path d=\"M3085 3251 c-45 -19 -58 -50 -96 -229 -47 -217 -49 -260 -13 -295 52 -53 146 -42 177 20 16 31 87 366 87 410 0 70 -86 122 -155 94z\"\/><path d=\"M1751 3234 c-13 -9 -29 -31 -37 -50 -12 -29 -10 -49 21 -204 19 -94 39 -189 45 -210 14 -50 54 -80 110 -80 34 0 48 6 76 34 21 21 34 44 34 59 0 14 -18 113 -40 219 -37 178 -43 195 -70 221 -36 32 -101 37 -139 11z\"\/><path d=\"M1163 3073 c-36 -7 -73 -59 -73 -102 0 -56 133 -378 171 -413 34 -32 83 -37 129 -13 70 36 67 87 -16 290 -86 209 -89 214 -129 231 -35 14 -42 15 -82 7z\"\/><path d=\"M3689 3066 c-15 -9 -33 -30 -42 -48 -48 -103 -147 -355 -147 -375 0 -98 131 -148 192 -74 13 15 57 108 97 206 80 196 84 226 37 273 -30 30 -99 39 -137 18z\"\/><path d=\"M583 2784 c-38 -19 -67 -74 -58 -113 9 -42 211 -354 242 -373 16 -10 45 -18 66 -18 51 0 107 52 107 100 0 39 -1 41 -124 234 -80 126 -108 162 -133 173 -41 17 -61 16 -100 -3z\"\/><path d=\"M4250 2784 c-14 -9 -74 -91 -133 -183 -95 -150 -107 -173 -107 -213 0 -55 33 -94 87 -104 67 -13 90 8 211 198 130 202 137 225 78 284 -27 27 -42 34 -72 34 -22 0 -50 -8 -64 -16z\"\/><path d=\"M2275 2693 c-553 -48 -1095 -270 -1585 -649 -135 -104 -459 -423 -483 -476 -23 -49 -22 -139 2 -186 73 -142 361 -457 571 -626 285 -228 642 -407 990 -497 242 -63 336 -73 660 -74 310 0 370 5 595 52 535 111 1045 392 1455 803 122 121 250 273 275 326 19 41 19 137 0 174 -41 79 -309 363 -465 492 -447 370 -946 591 -1479 653 -113 14 -422 18 -536 8z m395 -428 c171 -34 330 -124 456 -258 112 -119 167 -219 211 -378 27 -96 24 -300 -5 -401 -72 -255 -236 -447 -474 -557 -132 -62 -201 -76 -368 -76 -167 0 -236 14 -368 76 -213 98 -373 271 -451 485 -162 444 86 934 547 1084 153 49 292 57 452 25z m909 -232 c222 -123 408 -262 593 -441 76 -74 138 -139 138 -144 0 -16 -233 -242 -330 -319 -155 -123 -309 -223 -461 -299 l-81 -41 32 46 c18 26 49 83 70 128 143 306 141 649 -6 957 -25 52 -61 116 -79 142 l-34 47 45 -20 c26 -10 76 -36 113 -56z m-2057 25 c-40 -58 -105 -190 -130 -263 -110 -324 -59 -707 132 -981 25 -35 42 -64 37 -64 -19 0 -241 119 -326 174 -188 122 -406 314 -532 468 l-58 71 108 103 c185 178 428 349 672 473 66 33 121 60 123 61 2 0 -10 -19 -26 -42z\"\/><path d=\"M2375 1950 c-198 -44 -350 -190 -395 -379 -18 -76 -8 -221 19 -290 114 -284 457 -406 731 -260 98 52 188 154 231 260 27 69 37 214 19 290 -38 163 -166 304 -326 360 -67 23 -215 33 -279 19z\"\/><\/g><\/svg><\/i> <img decoding=\"async\" width=\"16\" height=\"16\" alt=\"Loading\" src=\"https:\/\/esviafm.com\/wp-content\/plugins\/page-views-count\/ajax-loader-2x.gif\" border=0 \/><\/p>\n<div class=\"pvc_clear\"><\/div>\n","protected":false},"author":1,"featured_media":0,"comment_status":"open","ping_status":"open","sticky":false,"template":"","format":"standard","meta":{"_et_pb_use_builder":"","_et_pb_old_content":"","_et_gb_content_width":"","footnotes":""},"categories":[25],"tags":[],"class_list":["post-25089","post","type-post","status-publish","format-standard","hentry","category-nacionales"],"_links":{"self":[{"href":"https:\/\/esviafm.com\/index.php\/wp-json\/wp\/v2\/posts\/25089","targetHints":{"allow":["GET"]}}],"collection":[{"href":"https:\/\/esviafm.com\/index.php\/wp-json\/wp\/v2\/posts"}],"about":[{"href":"https:\/\/esviafm.com\/index.php\/wp-json\/wp\/v2\/types\/post"}],"author":[{"embeddable":true,"href":"https:\/\/esviafm.com\/index.php\/wp-json\/wp\/v2\/users\/1"}],"replies":[{"embeddable":true,"href":"https:\/\/esviafm.com\/index.php\/wp-json\/wp\/v2\/comments?post=25089"}],"version-history":[{"count":2,"href":"https:\/\/esviafm.com\/index.php\/wp-json\/wp\/v2\/posts\/25089\/revisions"}],"predecessor-version":[{"id":25092,"href":"https:\/\/esviafm.com\/index.php\/wp-json\/wp\/v2\/posts\/25089\/revisions\/25092"}],"wp:attachment":[{"href":"https:\/\/esviafm.com\/index.php\/wp-json\/wp\/v2\/media?parent=25089"}],"wp:term":[{"taxonomy":"category","embeddable":true,"href":"https:\/\/esviafm.com\/index.php\/wp-json\/wp\/v2\/categories?post=25089"},{"taxonomy":"post_tag","embeddable":true,"href":"https:\/\/esviafm.com\/index.php\/wp-json\/wp\/v2\/tags?post=25089"}],"curies":[{"name":"wp","href":"https:\/\/api.w.org\/{rel}","templated":true}]}}