{"id":24956,"date":"2025-04-04T07:15:17","date_gmt":"2025-04-04T11:45:17","guid":{"rendered":"https:\/\/esviafm.com\/?p=24956"},"modified":"2025-04-04T07:15:17","modified_gmt":"2025-04-04T11:45:17","slug":"familiares-de-venezolanos-presos-en-el-salvador-piden-a-bukele-liberar-a-los-migrantes","status":"publish","type":"post","link":"https:\/\/esviafm.com\/index.php\/familiares-de-venezolanos-presos-en-el-salvador-piden-a-bukele-liberar-a-los-migrantes\/","title":{"rendered":"Familiares de venezolanos presos en El Salvador piden a Bukele liberar a los migrantes"},"content":{"rendered":"<p>Caracas, 2 abr (EFE).- Familiares de un grupo de los m\u00e1s de 200 venezolanos deportados de EE.UU. y enviados a una c\u00e1rcel en El Salvador pidieron este mi\u00e9rcoles en Caracas al Gobierno del presidente Nayib Bukele la liberaci\u00f3n de sus seres queridos, y defendieron su derecho a migrar.<\/p>\n<p>\u00abMi hijo es inocente\u00bb, \u00ab\u00a1Libertad y justicia ya!\u00bb, se le\u00eda en los carteles que los manifestantes -en su mayor\u00eda madres, esposas o hermanas- exhib\u00edan junto a fotograf\u00edas de varios de los j\u00f3venes encarcelados en suelo salvadore\u00f1o, en virtud de la Ley de Enemigos Extranjeros invocada por la Administraci\u00f3n de Donald Trump para su deportaci\u00f3n.<\/p>\n<p>La concentraci\u00f3n tuvo lugar frente a la Embajada de El Salvador, pa\u00eds con el que Caracas no tiene relaciones, luego de que ambas naciones expulsaran a los cuerpos diplom\u00e1ticos en noviembre de 2019.<\/p>\n<p>Una de las manifestantes era Yosleidys Chac\u00f3n, esposa de Jhon Willian Chac\u00edn, un tatuador profesional de 35 a\u00f1os de edad que, durante 14 meses, estuvo en centros de detenci\u00f3n en EE.UU. -primero en California y luego en Texas-, tras lo que pidi\u00f3 su deportaci\u00f3n voluntaria.<\/p>\n<p>Sin embargo, pese a que esperaba la llegada de un avi\u00f3n venezolano que lo devolviera a su pa\u00eds, fue enviado a El Salvador, dijo a EFE la pareja, que asegura haberlo reconocido en un video difundido por el Gobierno de Bukele sobre la llegada de migrantes al Centro de Confinamiento del Terrorismo (Cecot).<\/p>\n<p>\u00abLe pido a Bukele que por favor se coloque la mano en el coraz\u00f3n y los suelte a todos, porque ellos no son ningunos delincuentes\u00bb, declar\u00f3.<\/p>\n<p>La mujer dijo no tener comunicaci\u00f3n con Chac\u00edn desde el pasado 14 de marzo, desde cuando es esperado por sus peque\u00f1os, quienes -se doli\u00f3- \u00ablloran todos los d\u00edas por su pap\u00e1\u00bb.<\/p>\n<p>\u00abEmigrar no es un delito. Solo pido justicia y que tambi\u00e9n, por favor, tengamos una fe de vida, porque no sabemos nada de ellos, que por lo menos sepamos que ellos est\u00e1n bien\u00bb, a\u00f1adi\u00f3.<\/p>\n<p>Los manifestantes, que colocaron velas frente a la legaci\u00f3n diplom\u00e1tica mientras oraban, proced\u00edan de una marcha que recorri\u00f3 gran parte del centro de Caracas.<\/p>\n<p>Tambi\u00e9n este mi\u00e9rcoles artistas y familiares se dieron cita en el Centro Cultural Tiuna El Fuerte, donde pintores han ido llenando el espacio con retratos de varios de los detenidos en El Salvador.<\/p>\n<p>\u00abLos artistas estamos en contra de lo que se est\u00e1 haciendo del tema del secuestro a los venezolanos en El Salvador\u00bb, declar\u00f3 a EFE V\u00edctor Rodr\u00edguez, conocido como \u2018Forastero\u2019, quien explic\u00f3 que en ese espacio est\u00e1n exhibiendo 20 retratos de autor\u00eda de 20 artistas, diez hombres y diez mujeres, especializados en grafitis y murales.<\/p>\n<p>\u2018Forastero\u2019 critic\u00f3 que se vea a los tatuajes como \u00abalgo despectivo\u00bb o una supuesta prueba de pertenecer a una pandilla.<\/p>\n<p>\u00abEs no estar al tanto de lo que est\u00e1 pasando en los movimientos culturales a nivel mundial\u00bb, se quej\u00f3.<\/p>\n<p>Nicol\u00e1s Maduro, quien jur\u00f3 para un tercer mandato tras su cuestionada reelecci\u00f3n, denunci\u00f3 este mi\u00e9rcoles una \u00abviolaci\u00f3n masiva de los derechos humanos\u00bb a ese grupo de migrantes, a los que considera como \u00absecuestrados\u00bb.<\/p>\n<p>Previamente, el canciller, Yv\u00e1n Gil, inst\u00f3 al \u00absistema internacional\u00bb a que \u00abse ponga los pantalones\u00bb y defienda a esas personas. EFE<\/p>\n<div class=\"pvc_clear\"><\/div>\n<p id=\"pvc_stats_24956\" class=\"pvc_stats all  \" data-element-id=\"24956\" style=\"\"><i class=\"pvc-stats-icon large\" aria-hidden=\"true\"><svg xmlns=\"http:\/\/www.w3.org\/2000\/svg\" version=\"1.0\" viewBox=\"0 0 502 315\" preserveAspectRatio=\"xMidYMid meet\"><g transform=\"translate(0,332) scale(0.1,-0.1)\" fill=\"\" stroke=\"none\"><path d=\"M2394 3279 l-29 -30 -3 -207 c-2 -182 0 -211 15 -242 39 -76 157 -76 196 0 15 31 17 60 15 243 l-3 209 -33 29 c-26 23 -41 29 -80 29 -41 0 -53 -5 -78 -31z\"\/><path d=\"M3085 3251 c-45 -19 -58 -50 -96 -229 -47 -217 -49 -260 -13 -295 52 -53 146 -42 177 20 16 31 87 366 87 410 0 70 -86 122 -155 94z\"\/><path d=\"M1751 3234 c-13 -9 -29 -31 -37 -50 -12 -29 -10 -49 21 -204 19 -94 39 -189 45 -210 14 -50 54 -80 110 -80 34 0 48 6 76 34 21 21 34 44 34 59 0 14 -18 113 -40 219 -37 178 -43 195 -70 221 -36 32 -101 37 -139 11z\"\/><path d=\"M1163 3073 c-36 -7 -73 -59 -73 -102 0 -56 133 -378 171 -413 34 -32 83 -37 129 -13 70 36 67 87 -16 290 -86 209 -89 214 -129 231 -35 14 -42 15 -82 7z\"\/><path d=\"M3689 3066 c-15 -9 -33 -30 -42 -48 -48 -103 -147 -355 -147 -375 0 -98 131 -148 192 -74 13 15 57 108 97 206 80 196 84 226 37 273 -30 30 -99 39 -137 18z\"\/><path d=\"M583 2784 c-38 -19 -67 -74 -58 -113 9 -42 211 -354 242 -373 16 -10 45 -18 66 -18 51 0 107 52 107 100 0 39 -1 41 -124 234 -80 126 -108 162 -133 173 -41 17 -61 16 -100 -3z\"\/><path d=\"M4250 2784 c-14 -9 -74 -91 -133 -183 -95 -150 -107 -173 -107 -213 0 -55 33 -94 87 -104 67 -13 90 8 211 198 130 202 137 225 78 284 -27 27 -42 34 -72 34 -22 0 -50 -8 -64 -16z\"\/><path d=\"M2275 2693 c-553 -48 -1095 -270 -1585 -649 -135 -104 -459 -423 -483 -476 -23 -49 -22 -139 2 -186 73 -142 361 -457 571 -626 285 -228 642 -407 990 -497 242 -63 336 -73 660 -74 310 0 370 5 595 52 535 111 1045 392 1455 803 122 121 250 273 275 326 19 41 19 137 0 174 -41 79 -309 363 -465 492 -447 370 -946 591 -1479 653 -113 14 -422 18 -536 8z m395 -428 c171 -34 330 -124 456 -258 112 -119 167 -219 211 -378 27 -96 24 -300 -5 -401 -72 -255 -236 -447 -474 -557 -132 -62 -201 -76 -368 -76 -167 0 -236 14 -368 76 -213 98 -373 271 -451 485 -162 444 86 934 547 1084 153 49 292 57 452 25z m909 -232 c222 -123 408 -262 593 -441 76 -74 138 -139 138 -144 0 -16 -233 -242 -330 -319 -155 -123 -309 -223 -461 -299 l-81 -41 32 46 c18 26 49 83 70 128 143 306 141 649 -6 957 -25 52 -61 116 -79 142 l-34 47 45 -20 c26 -10 76 -36 113 -56z m-2057 25 c-40 -58 -105 -190 -130 -263 -110 -324 -59 -707 132 -981 25 -35 42 -64 37 -64 -19 0 -241 119 -326 174 -188 122 -406 314 -532 468 l-58 71 108 103 c185 178 428 349 672 473 66 33 121 60 123 61 2 0 -10 -19 -26 -42z\"\/><path d=\"M2375 1950 c-198 -44 -350 -190 -395 -379 -18 -76 -8 -221 19 -290 114 -284 457 -406 731 -260 98 52 188 154 231 260 27 69 37 214 19 290 -38 163 -166 304 -326 360 -67 23 -215 33 -279 19z\"\/><\/g><\/svg><\/i> <img decoding=\"async\" width=\"16\" height=\"16\" alt=\"Loading\" src=\"https:\/\/esviafm.com\/wp-content\/plugins\/page-views-count\/ajax-loader-2x.gif\" border=0 \/><\/p>\n<div class=\"pvc_clear\"><\/div>\n","protected":false},"excerpt":{"rendered":"<p>Caracas, 2 abr (EFE).- Familiares de un grupo de los m\u00e1s de 200 venezolanos deportados de EE.UU. y enviados a una c\u00e1rcel en El Salvador pidieron este mi\u00e9rcoles en Caracas al Gobierno del presidente Nayib Bukele la liberaci\u00f3n de sus seres queridos, y defendieron su derecho a migrar. \u00abMi hijo es inocente\u00bb, \u00ab\u00a1Libertad y justicia [&hellip;]<\/p>\n<div class=\"pvc_clear\"><\/div>\n<p id=\"pvc_stats_24956\" class=\"pvc_stats all  \" data-element-id=\"24956\" style=\"\"><i class=\"pvc-stats-icon large\" aria-hidden=\"true\"><svg xmlns=\"http:\/\/www.w3.org\/2000\/svg\" version=\"1.0\" viewBox=\"0 0 502 315\" preserveAspectRatio=\"xMidYMid meet\"><g transform=\"translate(0,332) scale(0.1,-0.1)\" fill=\"\" stroke=\"none\"><path d=\"M2394 3279 l-29 -30 -3 -207 c-2 -182 0 -211 15 -242 39 -76 157 -76 196 0 15 31 17 60 15 243 l-3 209 -33 29 c-26 23 -41 29 -80 29 -41 0 -53 -5 -78 -31z\"\/><path d=\"M3085 3251 c-45 -19 -58 -50 -96 -229 -47 -217 -49 -260 -13 -295 52 -53 146 -42 177 20 16 31 87 366 87 410 0 70 -86 122 -155 94z\"\/><path d=\"M1751 3234 c-13 -9 -29 -31 -37 -50 -12 -29 -10 -49 21 -204 19 -94 39 -189 45 -210 14 -50 54 -80 110 -80 34 0 48 6 76 34 21 21 34 44 34 59 0 14 -18 113 -40 219 -37 178 -43 195 -70 221 -36 32 -101 37 -139 11z\"\/><path d=\"M1163 3073 c-36 -7 -73 -59 -73 -102 0 -56 133 -378 171 -413 34 -32 83 -37 129 -13 70 36 67 87 -16 290 -86 209 -89 214 -129 231 -35 14 -42 15 -82 7z\"\/><path d=\"M3689 3066 c-15 -9 -33 -30 -42 -48 -48 -103 -147 -355 -147 -375 0 -98 131 -148 192 -74 13 15 57 108 97 206 80 196 84 226 37 273 -30 30 -99 39 -137 18z\"\/><path d=\"M583 2784 c-38 -19 -67 -74 -58 -113 9 -42 211 -354 242 -373 16 -10 45 -18 66 -18 51 0 107 52 107 100 0 39 -1 41 -124 234 -80 126 -108 162 -133 173 -41 17 -61 16 -100 -3z\"\/><path d=\"M4250 2784 c-14 -9 -74 -91 -133 -183 -95 -150 -107 -173 -107 -213 0 -55 33 -94 87 -104 67 -13 90 8 211 198 130 202 137 225 78 284 -27 27 -42 34 -72 34 -22 0 -50 -8 -64 -16z\"\/><path d=\"M2275 2693 c-553 -48 -1095 -270 -1585 -649 -135 -104 -459 -423 -483 -476 -23 -49 -22 -139 2 -186 73 -142 361 -457 571 -626 285 -228 642 -407 990 -497 242 -63 336 -73 660 -74 310 0 370 5 595 52 535 111 1045 392 1455 803 122 121 250 273 275 326 19 41 19 137 0 174 -41 79 -309 363 -465 492 -447 370 -946 591 -1479 653 -113 14 -422 18 -536 8z m395 -428 c171 -34 330 -124 456 -258 112 -119 167 -219 211 -378 27 -96 24 -300 -5 -401 -72 -255 -236 -447 -474 -557 -132 -62 -201 -76 -368 -76 -167 0 -236 14 -368 76 -213 98 -373 271 -451 485 -162 444 86 934 547 1084 153 49 292 57 452 25z m909 -232 c222 -123 408 -262 593 -441 76 -74 138 -139 138 -144 0 -16 -233 -242 -330 -319 -155 -123 -309 -223 -461 -299 l-81 -41 32 46 c18 26 49 83 70 128 143 306 141 649 -6 957 -25 52 -61 116 -79 142 l-34 47 45 -20 c26 -10 76 -36 113 -56z m-2057 25 c-40 -58 -105 -190 -130 -263 -110 -324 -59 -707 132 -981 25 -35 42 -64 37 -64 -19 0 -241 119 -326 174 -188 122 -406 314 -532 468 l-58 71 108 103 c185 178 428 349 672 473 66 33 121 60 123 61 2 0 -10 -19 -26 -42z\"\/><path d=\"M2375 1950 c-198 -44 -350 -190 -395 -379 -18 -76 -8 -221 19 -290 114 -284 457 -406 731 -260 98 52 188 154 231 260 27 69 37 214 19 290 -38 163 -166 304 -326 360 -67 23 -215 33 -279 19z\"\/><\/g><\/svg><\/i> <img decoding=\"async\" width=\"16\" height=\"16\" alt=\"Loading\" src=\"https:\/\/esviafm.com\/wp-content\/plugins\/page-views-count\/ajax-loader-2x.gif\" border=0 \/><\/p>\n<div class=\"pvc_clear\"><\/div>\n","protected":false},"author":1,"featured_media":0,"comment_status":"open","ping_status":"open","sticky":false,"template":"","format":"standard","meta":{"_et_pb_use_builder":"","_et_pb_old_content":"","_et_gb_content_width":"","footnotes":""},"categories":[25],"tags":[],"class_list":["post-24956","post","type-post","status-publish","format-standard","hentry","category-nacionales"],"_links":{"self":[{"href":"https:\/\/esviafm.com\/index.php\/wp-json\/wp\/v2\/posts\/24956","targetHints":{"allow":["GET"]}}],"collection":[{"href":"https:\/\/esviafm.com\/index.php\/wp-json\/wp\/v2\/posts"}],"about":[{"href":"https:\/\/esviafm.com\/index.php\/wp-json\/wp\/v2\/types\/post"}],"author":[{"embeddable":true,"href":"https:\/\/esviafm.com\/index.php\/wp-json\/wp\/v2\/users\/1"}],"replies":[{"embeddable":true,"href":"https:\/\/esviafm.com\/index.php\/wp-json\/wp\/v2\/comments?post=24956"}],"version-history":[{"count":1,"href":"https:\/\/esviafm.com\/index.php\/wp-json\/wp\/v2\/posts\/24956\/revisions"}],"predecessor-version":[{"id":24958,"href":"https:\/\/esviafm.com\/index.php\/wp-json\/wp\/v2\/posts\/24956\/revisions\/24958"}],"wp:attachment":[{"href":"https:\/\/esviafm.com\/index.php\/wp-json\/wp\/v2\/media?parent=24956"}],"wp:term":[{"taxonomy":"category","embeddable":true,"href":"https:\/\/esviafm.com\/index.php\/wp-json\/wp\/v2\/categories?post=24956"},{"taxonomy":"post_tag","embeddable":true,"href":"https:\/\/esviafm.com\/index.php\/wp-json\/wp\/v2\/tags?post=24956"}],"curies":[{"name":"wp","href":"https:\/\/api.w.org\/{rel}","templated":true}]}}