{"id":24953,"date":"2025-04-04T07:01:38","date_gmt":"2025-04-04T11:31:38","guid":{"rendered":"https:\/\/esviafm.com\/?p=24953"},"modified":"2025-04-04T07:01:38","modified_gmt":"2025-04-04T11:31:38","slug":"regimen-de-maduro-capturo-al-deportado-tiktoker-leito-oficial-al-ser-acusado-de-grave-delito-que-se-defienda","status":"publish","type":"post","link":"https:\/\/esviafm.com\/index.php\/regimen-de-maduro-capturo-al-deportado-tiktoker-leito-oficial-al-ser-acusado-de-grave-delito-que-se-defienda\/","title":{"rendered":"R\u00e9gimen de Maduro captur\u00f3 al deportado &#8216;tiktoker&#8217; &#8216;Leito Oficial&#8217; al ser acusado de grave delito: &#8216;Que se defienda&#8217;"},"content":{"rendered":"<p><b>El &#8216;tiktoker&#8217; &#8216;Leito Oficial&#8217; fue capturado en Venezuela<\/b>. El hombre, cuyo nombre de pila es\u00a0<b>Leonel Moreno<\/b>, hab\u00eda sido deportado desde Estados Unidos. Ahora, tras pocos d\u00edas de su regreso al territorio venezolano, el r\u00e9gimen de Nicol\u00e1s Maduro orden\u00f3 su detenci\u00f3n.<\/p>\n<div class=\"paragraph\"><b>&#8216;Leito Oficial&#8217; se viraliz\u00f3 en redes sociales por varios videos en los que alentaba a ocupar casas de los americanos<\/b>. \u00abMi gente he pensado invadir una casa en Estados Unidos ya que me enter\u00e9 que existe una ley (&#8230;)\u00bb, dec\u00eda en uno de los audiovisuales que alcanzaron millones de reproducciones y por los cuales la plataforma TikTok le suspendi\u00f3 la cuenta en la que ten\u00eda alrededor de 500 mil seguidores.<\/div>\n<h2><u>\u00bfPor qu\u00e9 capturaron a &#8216;Leito Oficial&#8217;?<\/u><\/h2>\n<figure class=\"c-cuerpo__media c-cuerpo__media--imagen\">\n<div class=\"c-cuerpo__media__thumb\" data-type=\"zoom\"><img decoding=\"async\" class=\"i-amphtml-fill-content i-amphtml-replaced-content\" src=\"https:\/\/imagenes.eltiempo.com\/files\/image_600_455\/files\/fp\/uploads\/2025\/04\/03\/67ef00502270f.r_d.329-183-12432.jpeg\" alt=\"'Leito Oficial' fue deportado desde Estados Unidos.\" data-full-src=\"https:\/\/imagenes.eltiempo.com\/uploads\/2025\/04\/03\/67ef00502270f.jpeg\" \/><\/div><figcaption class=\"c-cuerpo__media__info\">\n<p class=\"c-cuerpo__media__txt\"><span class=\"c-cuerpo__media__subtitulo c-articulo-img-descripcion\">&#8216;Leito Oficial&#8217; fue deportado desde Estados Unidos.<\/span><span class=\"c-cuerpo__media__creditos\">\u00a0Foto:<\/span><span class=\"c-cuerpo__media__autor\">Redes sociales<\/span><\/p>\n<\/figcaption><\/figure>\n<div class=\"cita cita--img\"><q class=\"cita__texto\">Est\u00e1 comprobado, es p\u00fablico, notorio y comunicacional, la campa\u00f1a medi\u00e1tica que ten\u00eda ese caballero contra los venezolanos y venezolanas<\/q><\/p>\n<div class=\"cita__autor\">\n<div class=\"cita__autor__info\"><span class=\"cita__autor__nombre\">DIOSDADO CABELLO<\/span><span class=\"cita__autor__cargo\">Ministro del Interior de Venezuela<\/span><\/div>\n<\/div>\n<\/div>\n<div class=\"paragraph\">Diosdado Cabello, quien funge como ministro de Relaciones Interiores, Justicia y Paz de Venezuela, anunci\u00f3 la captura del &#8216;influencer&#8217; este 3 de abril luego de ser deportado el pasado 28 de marzo.<\/div>\n<div class=\"paragraph\"><b>Cabello explic\u00f3 que a Moreno lo procesar\u00e1n por el delito de incitaci\u00f3n al odio.<\/b><\/div>\n<div class=\"c-add-center\"><\/div>\n<div class=\"paragraph\">\u00abEst\u00e1 comprobado, es p\u00fablico, notorio y comunicacional, la campa\u00f1a medi\u00e1tica que ten\u00eda ese caballero contra los venezolanos y venezolanas. Varios han puesto denuncias ante los organismos\u00bb, expres\u00f3 Cabello.<\/div>\n<div class=\"paragraph\">\u00abQuien cometi\u00f3 delitos ser\u00e1 llevado a los tribunales, ll\u00e1mese como se llame\u00bb, subray\u00f3 el ministro durante una rueda de prensa.<\/div>\n<div class=\"paragraph\">(En contexto:\u00a0<a href=\"https:\/\/www.eltiempo.com\/mundo\/venezuela\/deportaron-a-leito-oficial-el-tiktoker-que-alentaba-a-invadir-casas-en-estados-unidos-asi-fue-su-reaparicion-3439480\" target=\"_blank\" rel=\"noopener\">Deportaron a &#8216;Leito Oficial&#8217;, el &#8216;tiktoker&#8217; que alentaba a invadir casas en Estados Unidos; as\u00ed fue su reaparici\u00f3n<\/a>).<\/div>\n<figure class=\"c-cuerpo__media c-cuerpo__media--imagen\">\n<div class=\"c-cuerpo__media__thumb\" data-type=\"zoom\"><img decoding=\"async\" class=\"i-amphtml-fill-content i-amphtml-replaced-content\" src=\"https:\/\/imagenes.eltiempo.com\/files\/image_600_455\/uploads\/2025\/02\/10\/67aace4c47ebe.jpeg\" alt=\"venezuela\" data-full-src=\"https:\/\/imagenes.eltiempo.com\/uploads\/2025\/02\/10\/67aace4c47ebe.jpeg\" \/><\/div><figcaption class=\"c-cuerpo__media__info\">\n<p class=\"c-cuerpo__media__txt\"><span class=\"c-cuerpo__media__subtitulo c-articulo-img-descripcion\">Diosdado Cabello, ministro del Interior.<\/span><span class=\"c-cuerpo__media__creditos\">\u00a0Foto:<\/span><span class=\"c-cuerpo__media__autor\">EFE<\/span><\/p>\n<\/figcaption><\/figure>\n<div class=\"paragraph\">Despu\u00e9s, durante su programa de televisi\u00f3n\u00a0<i>Con el mazo dando<\/i>,\u00a0<b>Cabello asegur\u00f3 que el &#8216;tiktoker&#8217; les hizo \u00abmucho da\u00f1o a los venezolanos all\u00e1 en Estados Unidos\u00bb por la imagen, que seg\u00fan el r\u00e9gimen, dej\u00f3 de los venezolanos por sus controvertidos videos<\/b>.<\/div>\n<div class=\"paragraph\">\u00ab\u00c9l ahora tiene que enfrentar delitos de odio ac\u00e1 en su pa\u00eds, contra su propio pueblo. Que se defienda, que explique y que madure\u00bb, sentenci\u00f3 el ministro.<\/div>\n<figure class=\"c-cuerpo__media c-cuerpo__media--imagen\">\n<div class=\"c-cuerpo__media__thumb\" data-type=\"zoom\"><img decoding=\"async\" class=\"i-amphtml-fill-content i-amphtml-replaced-content\" src=\"https:\/\/imagenes.eltiempo.com\/files\/image_600_455\/files\/fp\/uploads\/2025\/03\/28\/67e6ebbc9cd67.r_d.461-260.png\" alt=\"Leonel Moreno, conocido como 'Leito Oficial'.\" data-full-src=\"https:\/\/imagenes.eltiempo.com\/uploads\/2025\/03\/28\/67e6ebbc9cd67.png\" \/><\/div><figcaption class=\"c-cuerpo__media__info\">\n<p class=\"c-cuerpo__media__txt\"><span class=\"c-cuerpo__media__subtitulo c-articulo-img-descripcion\">Leonel Moreno, conocido como &#8216;Leito Oficial&#8217;.<\/span><span class=\"c-cuerpo__media__creditos\">\u00a0Foto:<\/span><span class=\"c-cuerpo__media__autor\">Redes sociales<\/span><\/p>\n<\/figcaption><\/figure>\n<div class=\"paragraph\"><b>Vale decir que la legislaci\u00f3n venezolana contempla penas de 10 a 20 a\u00f1os de prisi\u00f3n por \u00abincitaci\u00f3n al odio\u00bb<\/b>.<\/div>\n<h2><u>\u00bfPor qu\u00e9 deportaron a &#8216;Leito Oficial&#8217;?<\/u><\/h2>\n<div class=\"paragraph\"><b>&#8216;Leito Oficial&#8217;, quien contaba con 500 mil seguidores en la red social TikTok, fue deportado por Estados Unidos<\/b>\u00a0el pasado 28 de marzo de este 2025.<\/div>\n<div class=\"paragraph\">Permanec\u00eda detenido por las autoridades migratorias desde marzo de 2024 luego de que se viralizaron unos videos en los que alentaba a ocupar casas de los estadounidenses.<\/div>\n<div class=\"paragraph\">(En contexto:\u00a0<a href=\"https:\/\/www.eltiempo.com\/mundo\/eeuu-y-canada\/estados-unidos-ordeno-la-deportacion-del-influencer-que-alento-a-otros-migrantes-ilegales-a-ocupar-casas-3381797\" target=\"_blank\" rel=\"noopener\">Estados Unidos orden\u00f3 la deportaci\u00f3n de Leonel Moreno, el &#8216;influencer&#8217; que alent\u00f3 a otros migrantes a ocupar casas<\/a>).<\/div>\n<figure class=\"c-cuerpo__media c-cuerpo__media--imagen\">\n<div class=\"c-cuerpo__media__thumb\" data-type=\"zoom\"><img decoding=\"async\" class=\"i-amphtml-fill-content i-amphtml-replaced-content\" src=\"https:\/\/imagenes.eltiempo.com\/files\/image_600_455\/files\/fp\/uploads\/2025\/03\/28\/67e6ec0d34fd3.r_d.600-338.jpeg\" alt=\"El joven venezolano hab\u00eda sido capturado en marzo de 2024.\" data-full-src=\"https:\/\/imagenes.eltiempo.com\/uploads\/2025\/03\/28\/67e6ec0d34fd3.jpeg\" \/><\/div><figcaption class=\"c-cuerpo__media__info\">\n<p class=\"c-cuerpo__media__txt\"><span class=\"c-cuerpo__media__subtitulo c-articulo-img-descripcion\">El joven venezolano hab\u00eda sido capturado en marzo de 2024.<\/span><span class=\"c-cuerpo__media__creditos\">\u00a0Foto:<\/span><span class=\"c-cuerpo__media__autor\">Redes sociales<\/span><\/p>\n<\/figcaption><\/figure>\n<div class=\"paragraph\">\u00abMi gente he pensado invadir una casa en Estados Unidos ya que me enter\u00e9 que existe una ley (&#8230;)\u00bb, dec\u00eda en uno de los audiovisuales que alcanzaron millones de reproducciones.<\/div>\n<div class=\"paragraph\">Por su parte, el Servicio de Control de Inmigraci\u00f3n y Aduanas de Estados Unidos (ICE, por sus siglas en ingl\u00e9s) lo detuvo, argumentando \u00abprocedimientos de inmigraci\u00f3n\u00bb.<\/div>\n<div class=\"paragraph\">ICE inform\u00f3 que el joven, de 27 a\u00f1os, hab\u00eda ingresado desde 2022 a territorio estadounidense de manera ilegal. Aunque lo hab\u00edan dejado en libertad aquella vez, le ordenaron presentarse a controles. Sin embargo, desapareci\u00f3 del radar hasta que en 2024 sus videos se viralizaron.<\/div>\n<figure class=\"c-cuerpo__media c-cuerpo__media--imagen\">\n<div class=\"c-cuerpo__media__thumb\" data-type=\"zoom\">\n<div class=\"i-amphtml-svc i-amphtml-loading-container i-amphtml-fill-content amp-hidden\">\n<div class=\"i-amphtml-loader-background\">\n<div class=\"i-amphtml-new-loader i-amphtml-new-loader-size-default\">\n<div class=\"i-amphtml-new-loader-logo\"><\/div>\n<div class=\"i-amphtml-new-loader-spinner-wrapper\"><\/div>\n<\/div>\n<\/div>\n<\/div>\n<\/div><figcaption class=\"c-cuerpo__media__info\">\n<p class=\"c-cuerpo__media__txt\"><span class=\"c-cuerpo__media__subtitulo c-articulo-img-descripcion\">&#8216;Leito Oficial&#8217; hab\u00eda sido capturado con las autoridades migratorias.<\/span><span class=\"c-cuerpo__media__creditos\">\u00a0Foto:<\/span><span class=\"c-cuerpo__media__autor\">Redes sociales<\/span><\/p>\n<\/figcaption><\/figure>\n<div class=\"paragraph\"><b>Como su situaci\u00f3n migratoria segu\u00eda siendo irregular, lo enviaron a un centro especial mientras un juez avalaba la deportaci\u00f3n<\/b>.<\/div>\n<div class=\"paragraph\">Desde entonces hab\u00eda desaparecido de redes sociales. Solo hasta este 28 de marzo fue captado baj\u00e1ndose del avi\u00f3n con los dem\u00e1s deportados.<\/div>\n<h2><u>Las im\u00e1genes de &#8216;Leito Oficial&#8217; al barajarse de avi\u00f3n con deportados venezolanos<\/u><\/h2>\n<figure class=\"c-cuerpo__media c-cuerpo__media--imagen\">\n<div class=\"c-cuerpo__media__thumb\" data-type=\"zoom\"><img decoding=\"async\" class=\"i-amphtml-fill-content i-amphtml-replaced-content\" src=\"https:\/\/imagenes.eltiempo.com\/files\/image_600_455\/uploads\/2025\/04\/03\/67ef0b9602658.jpeg\" alt=\"'Leito oficial' al bajarse del avi\u00f3n con los deportados.\" data-full-src=\"https:\/\/imagenes.eltiempo.com\/uploads\/2025\/04\/03\/67ef0b9602658.jpeg\" \/><\/div><figcaption class=\"c-cuerpo__media__info\">\n<p class=\"c-cuerpo__media__txt\"><span class=\"c-cuerpo__media__subtitulo c-articulo-img-descripcion\">&#8216;Leito oficial&#8217; al bajarse del avi\u00f3n con los deportados.<\/span><span class=\"c-cuerpo__media__creditos\">\u00a0Foto:<\/span><span class=\"c-cuerpo__media__autor\">Pedro MATTEY \/ AFP<\/span><\/p>\n<\/figcaption><\/figure>\n<div class=\"cita cita--img\"><q class=\"cita__texto\">Esa persona en los Estados Unidos se encarg\u00f3 de denigrar de los venezolanos, de sumarse a la relator\u00eda de los gringos sobre los venezolanos<\/q><\/p>\n<div class=\"cita__autor\">\n<div class=\"cita__autor__info\"><span class=\"cita__autor__nombre\">DIOSDADO CABELLO<\/span><span class=\"cita__autor__cargo\">Ministro del Interior de Venezuela<\/span><\/div>\n<\/div>\n<\/div>\n<div class=\"paragraph\"><b>A Moreno tuvieron que sentarlo en el \u00faltimo puesto del avi\u00f3n de la aerol\u00ednea estatal Conviasa\u00a0<\/b>que viaj\u00f3 de Estados Unidos a Caracas con un total de 178 deportados.<\/div>\n<div class=\"paragraph\">\u00abEn el \u00faltimo puesto porque el resto de pasajeros estaban muy molestos con la presencia de esa persona ah\u00ed. \u00bfPor qu\u00e9? Porque esa persona en los Estados Unidos se encarg\u00f3 de denigrar de los venezolanos, de sumarse a la relator\u00eda de los gringos sobre los venezolanos\u00bb, agreg\u00f3 Cabello.<\/div>\n<div class=\"paragraph\">(Vea:\u00a0<a href=\"https:\/\/www.eltiempo.com\/mundo\/eeuu-y-canada\/el-migrante-de-florida-que-habria-sido-deportado-por-error-por-ice-lo-confundieron-con-un-miembro-del-tren-de-aragua-3437529\" target=\"_blank\" rel=\"noopener\">El migrante de Florida que habr\u00eda sido deportado por error por ICE: lo confundieron con miembro del Tren de Aragua<\/a>).<\/div>\n<figure class=\"c-cuerpo__media c-cuerpo__media--imagen\">\n<div class=\"c-cuerpo__media__thumb\" data-type=\"zoom\"><img decoding=\"async\" class=\"i-amphtml-fill-content i-amphtml-replaced-content\" src=\"https:\/\/imagenes.eltiempo.com\/files\/image_600_455\/uploads\/2025\/04\/03\/67ef0bd7da759.jpeg\" alt=\"'Leito oficial' fue deportado desde Estados Unidos. Gener\u00f3 controversia por sus videos.\" data-full-src=\"https:\/\/imagenes.eltiempo.com\/uploads\/2025\/04\/03\/67ef0bd7da759.jpeg\" \/><\/div><figcaption class=\"c-cuerpo__media__info\">\n<p class=\"c-cuerpo__media__txt\"><span class=\"c-cuerpo__media__subtitulo c-articulo-img-descripcion\">&#8216;Leito oficial&#8217; fue deportado desde Estados Unidos. Gener\u00f3 controversia por sus videos.<\/span><span class=\"c-cuerpo__media__creditos\">\u00a0Foto:<\/span><span class=\"c-cuerpo__media__autor\">Pedro MATTEY \/ AFP<\/span><\/p>\n<\/figcaption><\/figure>\n<div class=\"paragraph\">Portando un buzo gris, un pantal\u00f3n negro y un tapabocas de color rojo, como los dem\u00e1s deportados, fue captado Moreno al barajarse del avi\u00f3n. Adem\u00e1s,\u00a0<b>se le vio con bastante cabello rizado, contrario a las \u00faltimas im\u00e1genes que se ten\u00edan de \u00e9l antes de su captura.<\/b><\/div>\n<div class=\"pvc_clear\"><\/div>\n<p id=\"pvc_stats_24953\" class=\"pvc_stats all  \" data-element-id=\"24953\" style=\"\"><i class=\"pvc-stats-icon large\" aria-hidden=\"true\"><svg xmlns=\"http:\/\/www.w3.org\/2000\/svg\" version=\"1.0\" viewBox=\"0 0 502 315\" preserveAspectRatio=\"xMidYMid meet\"><g transform=\"translate(0,332) scale(0.1,-0.1)\" fill=\"\" stroke=\"none\"><path d=\"M2394 3279 l-29 -30 -3 -207 c-2 -182 0 -211 15 -242 39 -76 157 -76 196 0 15 31 17 60 15 243 l-3 209 -33 29 c-26 23 -41 29 -80 29 -41 0 -53 -5 -78 -31z\"\/><path d=\"M3085 3251 c-45 -19 -58 -50 -96 -229 -47 -217 -49 -260 -13 -295 52 -53 146 -42 177 20 16 31 87 366 87 410 0 70 -86 122 -155 94z\"\/><path d=\"M1751 3234 c-13 -9 -29 -31 -37 -50 -12 -29 -10 -49 21 -204 19 -94 39 -189 45 -210 14 -50 54 -80 110 -80 34 0 48 6 76 34 21 21 34 44 34 59 0 14 -18 113 -40 219 -37 178 -43 195 -70 221 -36 32 -101 37 -139 11z\"\/><path d=\"M1163 3073 c-36 -7 -73 -59 -73 -102 0 -56 133 -378 171 -413 34 -32 83 -37 129 -13 70 36 67 87 -16 290 -86 209 -89 214 -129 231 -35 14 -42 15 -82 7z\"\/><path d=\"M3689 3066 c-15 -9 -33 -30 -42 -48 -48 -103 -147 -355 -147 -375 0 -98 131 -148 192 -74 13 15 57 108 97 206 80 196 84 226 37 273 -30 30 -99 39 -137 18z\"\/><path d=\"M583 2784 c-38 -19 -67 -74 -58 -113 9 -42 211 -354 242 -373 16 -10 45 -18 66 -18 51 0 107 52 107 100 0 39 -1 41 -124 234 -80 126 -108 162 -133 173 -41 17 -61 16 -100 -3z\"\/><path d=\"M4250 2784 c-14 -9 -74 -91 -133 -183 -95 -150 -107 -173 -107 -213 0 -55 33 -94 87 -104 67 -13 90 8 211 198 130 202 137 225 78 284 -27 27 -42 34 -72 34 -22 0 -50 -8 -64 -16z\"\/><path d=\"M2275 2693 c-553 -48 -1095 -270 -1585 -649 -135 -104 -459 -423 -483 -476 -23 -49 -22 -139 2 -186 73 -142 361 -457 571 -626 285 -228 642 -407 990 -497 242 -63 336 -73 660 -74 310 0 370 5 595 52 535 111 1045 392 1455 803 122 121 250 273 275 326 19 41 19 137 0 174 -41 79 -309 363 -465 492 -447 370 -946 591 -1479 653 -113 14 -422 18 -536 8z m395 -428 c171 -34 330 -124 456 -258 112 -119 167 -219 211 -378 27 -96 24 -300 -5 -401 -72 -255 -236 -447 -474 -557 -132 -62 -201 -76 -368 -76 -167 0 -236 14 -368 76 -213 98 -373 271 -451 485 -162 444 86 934 547 1084 153 49 292 57 452 25z m909 -232 c222 -123 408 -262 593 -441 76 -74 138 -139 138 -144 0 -16 -233 -242 -330 -319 -155 -123 -309 -223 -461 -299 l-81 -41 32 46 c18 26 49 83 70 128 143 306 141 649 -6 957 -25 52 -61 116 -79 142 l-34 47 45 -20 c26 -10 76 -36 113 -56z m-2057 25 c-40 -58 -105 -190 -130 -263 -110 -324 -59 -707 132 -981 25 -35 42 -64 37 -64 -19 0 -241 119 -326 174 -188 122 -406 314 -532 468 l-58 71 108 103 c185 178 428 349 672 473 66 33 121 60 123 61 2 0 -10 -19 -26 -42z\"\/><path d=\"M2375 1950 c-198 -44 -350 -190 -395 -379 -18 -76 -8 -221 19 -290 114 -284 457 -406 731 -260 98 52 188 154 231 260 27 69 37 214 19 290 -38 163 -166 304 -326 360 -67 23 -215 33 -279 19z\"\/><\/g><\/svg><\/i> <img decoding=\"async\" width=\"16\" height=\"16\" alt=\"Loading\" src=\"https:\/\/esviafm.com\/wp-content\/plugins\/page-views-count\/ajax-loader-2x.gif\" border=0 \/><\/p>\n<div class=\"pvc_clear\"><\/div>\n","protected":false},"excerpt":{"rendered":"<p>El &#8216;tiktoker&#8217; &#8216;Leito Oficial&#8217; fue capturado en Venezuela. El hombre, cuyo nombre de pila es\u00a0Leonel Moreno, hab\u00eda sido deportado desde Estados Unidos. Ahora, tras pocos d\u00edas de su regreso al territorio venezolano, el r\u00e9gimen de Nicol\u00e1s Maduro orden\u00f3 su detenci\u00f3n. &#8216;Leito Oficial&#8217; se viraliz\u00f3 en redes sociales por varios videos en los que alentaba a [&hellip;]<\/p>\n<div class=\"pvc_clear\"><\/div>\n<p id=\"pvc_stats_24953\" class=\"pvc_stats all  \" data-element-id=\"24953\" style=\"\"><i class=\"pvc-stats-icon large\" aria-hidden=\"true\"><svg xmlns=\"http:\/\/www.w3.org\/2000\/svg\" version=\"1.0\" viewBox=\"0 0 502 315\" preserveAspectRatio=\"xMidYMid meet\"><g transform=\"translate(0,332) scale(0.1,-0.1)\" fill=\"\" stroke=\"none\"><path d=\"M2394 3279 l-29 -30 -3 -207 c-2 -182 0 -211 15 -242 39 -76 157 -76 196 0 15 31 17 60 15 243 l-3 209 -33 29 c-26 23 -41 29 -80 29 -41 0 -53 -5 -78 -31z\"\/><path d=\"M3085 3251 c-45 -19 -58 -50 -96 -229 -47 -217 -49 -260 -13 -295 52 -53 146 -42 177 20 16 31 87 366 87 410 0 70 -86 122 -155 94z\"\/><path d=\"M1751 3234 c-13 -9 -29 -31 -37 -50 -12 -29 -10 -49 21 -204 19 -94 39 -189 45 -210 14 -50 54 -80 110 -80 34 0 48 6 76 34 21 21 34 44 34 59 0 14 -18 113 -40 219 -37 178 -43 195 -70 221 -36 32 -101 37 -139 11z\"\/><path d=\"M1163 3073 c-36 -7 -73 -59 -73 -102 0 -56 133 -378 171 -413 34 -32 83 -37 129 -13 70 36 67 87 -16 290 -86 209 -89 214 -129 231 -35 14 -42 15 -82 7z\"\/><path d=\"M3689 3066 c-15 -9 -33 -30 -42 -48 -48 -103 -147 -355 -147 -375 0 -98 131 -148 192 -74 13 15 57 108 97 206 80 196 84 226 37 273 -30 30 -99 39 -137 18z\"\/><path d=\"M583 2784 c-38 -19 -67 -74 -58 -113 9 -42 211 -354 242 -373 16 -10 45 -18 66 -18 51 0 107 52 107 100 0 39 -1 41 -124 234 -80 126 -108 162 -133 173 -41 17 -61 16 -100 -3z\"\/><path d=\"M4250 2784 c-14 -9 -74 -91 -133 -183 -95 -150 -107 -173 -107 -213 0 -55 33 -94 87 -104 67 -13 90 8 211 198 130 202 137 225 78 284 -27 27 -42 34 -72 34 -22 0 -50 -8 -64 -16z\"\/><path d=\"M2275 2693 c-553 -48 -1095 -270 -1585 -649 -135 -104 -459 -423 -483 -476 -23 -49 -22 -139 2 -186 73 -142 361 -457 571 -626 285 -228 642 -407 990 -497 242 -63 336 -73 660 -74 310 0 370 5 595 52 535 111 1045 392 1455 803 122 121 250 273 275 326 19 41 19 137 0 174 -41 79 -309 363 -465 492 -447 370 -946 591 -1479 653 -113 14 -422 18 -536 8z m395 -428 c171 -34 330 -124 456 -258 112 -119 167 -219 211 -378 27 -96 24 -300 -5 -401 -72 -255 -236 -447 -474 -557 -132 -62 -201 -76 -368 -76 -167 0 -236 14 -368 76 -213 98 -373 271 -451 485 -162 444 86 934 547 1084 153 49 292 57 452 25z m909 -232 c222 -123 408 -262 593 -441 76 -74 138 -139 138 -144 0 -16 -233 -242 -330 -319 -155 -123 -309 -223 -461 -299 l-81 -41 32 46 c18 26 49 83 70 128 143 306 141 649 -6 957 -25 52 -61 116 -79 142 l-34 47 45 -20 c26 -10 76 -36 113 -56z m-2057 25 c-40 -58 -105 -190 -130 -263 -110 -324 -59 -707 132 -981 25 -35 42 -64 37 -64 -19 0 -241 119 -326 174 -188 122 -406 314 -532 468 l-58 71 108 103 c185 178 428 349 672 473 66 33 121 60 123 61 2 0 -10 -19 -26 -42z\"\/><path d=\"M2375 1950 c-198 -44 -350 -190 -395 -379 -18 -76 -8 -221 19 -290 114 -284 457 -406 731 -260 98 52 188 154 231 260 27 69 37 214 19 290 -38 163 -166 304 -326 360 -67 23 -215 33 -279 19z\"\/><\/g><\/svg><\/i> <img decoding=\"async\" width=\"16\" height=\"16\" alt=\"Loading\" src=\"https:\/\/esviafm.com\/wp-content\/plugins\/page-views-count\/ajax-loader-2x.gif\" border=0 \/><\/p>\n<div class=\"pvc_clear\"><\/div>\n","protected":false},"author":1,"featured_media":0,"comment_status":"open","ping_status":"open","sticky":false,"template":"","format":"standard","meta":{"_et_pb_use_builder":"","_et_pb_old_content":"","_et_gb_content_width":"","footnotes":""},"categories":[25],"tags":[],"class_list":["post-24953","post","type-post","status-publish","format-standard","hentry","category-nacionales"],"_links":{"self":[{"href":"https:\/\/esviafm.com\/index.php\/wp-json\/wp\/v2\/posts\/24953","targetHints":{"allow":["GET"]}}],"collection":[{"href":"https:\/\/esviafm.com\/index.php\/wp-json\/wp\/v2\/posts"}],"about":[{"href":"https:\/\/esviafm.com\/index.php\/wp-json\/wp\/v2\/types\/post"}],"author":[{"embeddable":true,"href":"https:\/\/esviafm.com\/index.php\/wp-json\/wp\/v2\/users\/1"}],"replies":[{"embeddable":true,"href":"https:\/\/esviafm.com\/index.php\/wp-json\/wp\/v2\/comments?post=24953"}],"version-history":[{"count":1,"href":"https:\/\/esviafm.com\/index.php\/wp-json\/wp\/v2\/posts\/24953\/revisions"}],"predecessor-version":[{"id":24955,"href":"https:\/\/esviafm.com\/index.php\/wp-json\/wp\/v2\/posts\/24953\/revisions\/24955"}],"wp:attachment":[{"href":"https:\/\/esviafm.com\/index.php\/wp-json\/wp\/v2\/media?parent=24953"}],"wp:term":[{"taxonomy":"category","embeddable":true,"href":"https:\/\/esviafm.com\/index.php\/wp-json\/wp\/v2\/categories?post=24953"},{"taxonomy":"post_tag","embeddable":true,"href":"https:\/\/esviafm.com\/index.php\/wp-json\/wp\/v2\/tags?post=24953"}],"curies":[{"name":"wp","href":"https:\/\/api.w.org\/{rel}","templated":true}]}}