{"id":24770,"date":"2025-03-31T07:06:30","date_gmt":"2025-03-31T11:36:30","guid":{"rendered":"https:\/\/esviafm.com\/?p=24770"},"modified":"2025-03-31T07:06:30","modified_gmt":"2025-03-31T11:36:30","slug":"presidente-maduro-califico-de-fracaso-la-gira-de-marco-rubio-por-el-caribe","status":"publish","type":"post","link":"https:\/\/esviafm.com\/index.php\/presidente-maduro-califico-de-fracaso-la-gira-de-marco-rubio-por-el-caribe\/","title":{"rendered":"Presidente Maduro calific\u00f3 de \u00abfracaso\u00bb la gira de Marco Rubio por el Caribe"},"content":{"rendered":"<p>El presidente de la Rep\u00fablica, Nicol\u00e1s Maduro, asegur\u00f3 el s\u00e1bado que la reciente gira del secretario de Estado de Estados Unidos, Marco Rubio, por el Caribe fue un \u201cfracaso\u201d y agradeci\u00f3 a los gobiernos de la regi\u00f3n por la \u201crespuesta contundente\u201d a sus declaraciones sobre las misiones m\u00e9dicas cubanas.<\/p>\n<p>\u201cQuiero felicitar y agradecer a todos los gobiernos y pueblos del Caribe por la respuesta amorosamente contundente que le han dado a esta escoria de la pol\u00edtica, Marco Rubio, ante su pretensi\u00f3n de manchar el honor y la moral de la medicina cubana en la reciente gira fracasada que tuvo en la regi\u00f3n\u201d, expres\u00f3 Maduro durante la XXV Reuni\u00f3n del Consejo Pol\u00edtico del ALBA-TCP.<\/p>\n<div class=\"google-auto-placed ap_container\"><ins class=\"adsbygoogle adsbygoogle-noablate\" data-ad-format=\"auto\" data-ad-client=\"ca-pub-2665000277262253\" data-adsbygoogle-status=\"done\" data-ad-status=\"unfilled\"><\/p>\n<div id=\"aswift_1_host\"><iframe id=\"aswift_1\" tabindex=\"0\" title=\"Advertisement\" src=\"https:\/\/googleads.g.doubleclick.net\/pagead\/ads?gdpr=0&amp;client=ca-pub-2665000277262253&amp;output=html&amp;h=280&amp;adk=4626182&amp;adf=669100782&amp;pi=t.aa~a.1777865122~i.3~rp.1&amp;w=675&amp;abgtt=6&amp;fwrn=4&amp;fwrnh=100&amp;lmt=1743420915&amp;num_ads=1&amp;rafmt=1&amp;armr=3&amp;sem=mc&amp;pwprc=3873405587&amp;ad_type=text_image&amp;format=675x280&amp;url=https%3A%2F%2Fwww.eluniversal.com%2Fpolitica%2F204650%2Fpresidente-maduro-califico-de-fracaso-la-gira-de-marco-rubio-por-el-caribe&amp;fwr=0&amp;pra=3&amp;rh=169&amp;rw=675&amp;rpe=1&amp;resp_fmts=3&amp;wgl=1&amp;fa=27&amp;uach=WyJXaW5kb3dzIiwiMTAuMC4wIiwieDg2IiwiIiwiMTM0LjAuNjk5OC4xNjciLG51bGwsMCxudWxsLCI2NCIsW1siQ2hyb21pdW0iLCIxMzQuMC42OTk4LjE2NyJdLFsiTm90OkEtQnJhbmQiLCIyNC4wLjAuMCJdLFsiR29vZ2xlIENocm9tZSIsIjEzNC4wLjY5OTguMTY3Il1dLDBd&amp;dt=1743420775651&amp;bpp=3&amp;bdt=3380&amp;idt=3&amp;shv=r20250327&amp;mjsv=m202503250101&amp;ptt=9&amp;saldr=aa&amp;abxe=1&amp;cookie=ID%3D7da3d1ea8b44b45a%3AT%3D1726742689%3ART%3D1743420711%3AS%3DALNI_MbzDi9ViqaN83_uyQ5FYrhOjsDkvQ&amp;gpic=UID%3D00000ef27866aaa5%3AT%3D1726742689%3ART%3D1743420711%3AS%3DALNI_MZg4wPI0sMWa2-DX1rjxPGtPO1_qw&amp;eo_id_str=ID%3D776278a70ff3de86%3AT%3D1742470873%3ART%3D1743420711%3AS%3DAA-AfjZu8Lkp8b9EP4BkRZ0didXI&amp;prev_fmts=0x0&amp;nras=2&amp;correlator=3207711996517&amp;frm=20&amp;pv=1&amp;u_tz=-240&amp;u_his=1&amp;u_h=768&amp;u_w=1360&amp;u_ah=728&amp;u_aw=1360&amp;u_cd=24&amp;u_sd=1&amp;dmc=8&amp;adx=305&amp;ady=1367&amp;biw=1345&amp;bih=607&amp;scr_x=0&amp;scr_y=0&amp;eid=31091240%2C42532243%2C95331833%2C95356500%2C95356506%2C31088249%2C95355300%2C95356787%2C95356809%2C95356929&amp;oid=2&amp;pvsid=3766456785314168&amp;tmod=1728795876&amp;uas=0&amp;nvt=2&amp;ref=https%3A%2F%2Fwww.eluniversal.com%2Fpolitica%2F204650%2Fpresidente-maduro-califico-de-fracaso-la-gira-de-marco-rubio-por-el-caribe&amp;fc=1408&amp;brdim=0%2C0%2C0%2C0%2C1360%2C0%2C0%2C0%2C1360%2C607&amp;vis=1&amp;rsz=%7C%7Cs%7C&amp;abl=NS&amp;fu=128&amp;bc=31&amp;bz=0&amp;td=1&amp;tdf=2&amp;psd=W251bGwsW251bGwsbnVsbCxudWxsLCJkZXByZWNhdGVkX2thbm9uIl0sbnVsbCwzXQ..&amp;nt=1&amp;ifi=2&amp;uci=a!2&amp;btvi=1&amp;fsb=1&amp;dtd=M\" name=\"aswift_1\" width=\"675\" height=\"0\" frameborder=\"0\" marginwidth=\"0\" marginheight=\"0\" scrolling=\"no\" sandbox=\"allow-forms allow-popups allow-popups-to-escape-sandbox allow-same-origin allow-scripts allow-top-navigation-by-user-activation\" data-google-container-id=\"a!2\" aria-label=\"Advertisement\" data-google-query-id=\"COiCxO-ctIwDFRkOaAgdDZA3Jw\" data-load-complete=\"true\" data-mce-fragment=\"1\"><\/iframe><\/div>\n<p><\/ins><\/div>\n<p>El mandatario afirm\u00f3 que el funcionario estadounidense \u201cvino por lana\u201d a la regi\u00f3n y se \u201cfue trasquilado\u201d.<\/p>\n<div class=\"ngb_box\">\n<div id=\"ngb_si1152\" class=\"ngb_ad ngb_si\" data-id=\"1152\" data-google-query-id=\"CJznt62ctIwDFUoJigMdQ48omw\">\n<div id=\"google_ads_iframe_\/21712171430\/box2_n_0__container__\"><\/div>\n<\/div>\n<\/div>\n<p>El jefe de Estado destac\u00f3 que el pueblo venezolano \u201csabe que la cari\u00f1osa mano de un m\u00e9dico cubano lo ha salvado en su vida\u201d y asegur\u00f3 que el pa\u00eds \u201cha aprendido lo que es una medicina humana, humanista y sanadora\u201d en 22 a\u00f1os.<\/p>\n<div class=\"google-auto-placed ap_container\"><ins class=\"adsbygoogle adsbygoogle-noablate\" data-ad-format=\"auto\" data-ad-client=\"ca-pub-2665000277262253\" data-adsbygoogle-status=\"done\" data-ad-status=\"unfilled\"><\/p>\n<div id=\"aswift_2_host\"><iframe id=\"aswift_2\" tabindex=\"0\" title=\"Advertisement\" src=\"https:\/\/googleads.g.doubleclick.net\/pagead\/ads?gdpr=0&amp;client=ca-pub-2665000277262253&amp;output=html&amp;h=280&amp;adk=4626182&amp;adf=1125368554&amp;pi=t.aa~a.1777865122~i.10~rp.1&amp;w=675&amp;abgtt=6&amp;fwrn=4&amp;fwrnh=100&amp;lmt=1743420915&amp;num_ads=1&amp;rafmt=1&amp;armr=3&amp;sem=mc&amp;pwprc=3873405587&amp;ad_type=text_image&amp;format=675x280&amp;url=https%3A%2F%2Fwww.eluniversal.com%2Fpolitica%2F204650%2Fpresidente-maduro-califico-de-fracaso-la-gira-de-marco-rubio-por-el-caribe&amp;fwr=0&amp;pra=3&amp;rh=169&amp;rw=675&amp;rpe=1&amp;resp_fmts=3&amp;wgl=1&amp;fa=27&amp;uach=WyJXaW5kb3dzIiwiMTAuMC4wIiwieDg2IiwiIiwiMTM0LjAuNjk5OC4xNjciLG51bGwsMCxudWxsLCI2NCIsW1siQ2hyb21pdW0iLCIxMzQuMC42OTk4LjE2NyJdLFsiTm90OkEtQnJhbmQiLCIyNC4wLjAuMCJdLFsiR29vZ2xlIENocm9tZSIsIjEzNC4wLjY5OTguMTY3Il1dLDBd&amp;dt=1743420775664&amp;bpp=2&amp;bdt=3393&amp;idt=2&amp;shv=r20250327&amp;mjsv=m202503250101&amp;ptt=9&amp;saldr=aa&amp;abxe=1&amp;cookie=ID%3D7da3d1ea8b44b45a%3AT%3D1726742689%3ART%3D1743420711%3AS%3DALNI_MbzDi9ViqaN83_uyQ5FYrhOjsDkvQ&amp;gpic=UID%3D00000ef27866aaa5%3AT%3D1726742689%3ART%3D1743420711%3AS%3DALNI_MZg4wPI0sMWa2-DX1rjxPGtPO1_qw&amp;eo_id_str=ID%3D776278a70ff3de86%3AT%3D1742470873%3ART%3D1743420711%3AS%3DAA-AfjZu8Lkp8b9EP4BkRZ0didXI&amp;prev_fmts=0x0%2C675x280&amp;nras=3&amp;correlator=3207711996517&amp;frm=20&amp;pv=1&amp;u_tz=-240&amp;u_his=1&amp;u_h=768&amp;u_w=1360&amp;u_ah=728&amp;u_aw=1360&amp;u_cd=24&amp;u_sd=1&amp;dmc=8&amp;adx=305&amp;ady=1874&amp;biw=1345&amp;bih=607&amp;scr_x=0&amp;scr_y=0&amp;eid=31091240%2C42532243%2C95331833%2C95356500%2C95356506%2C31088249%2C95355300%2C95356787%2C95356809%2C95356929&amp;oid=2&amp;pvsid=3766456785314168&amp;tmod=1728795876&amp;uas=0&amp;nvt=2&amp;ref=https%3A%2F%2Fwww.eluniversal.com%2Fpolitica%2F204650%2Fpresidente-maduro-califico-de-fracaso-la-gira-de-marco-rubio-por-el-caribe&amp;fc=1408&amp;brdim=0%2C0%2C0%2C0%2C1360%2C0%2C0%2C0%2C1360%2C607&amp;vis=1&amp;rsz=%7C%7Cs%7C&amp;abl=NS&amp;fu=128&amp;bc=31&amp;bz=0&amp;td=1&amp;tdf=2&amp;psd=W251bGwsW251bGwsbnVsbCxudWxsLCJkZXByZWNhdGVkX2thbm9uIl0sbnVsbCwzXQ..&amp;nt=1&amp;ifi=3&amp;uci=a!3&amp;btvi=2&amp;fsb=1&amp;dtd=M\" name=\"aswift_2\" width=\"675\" height=\"0\" frameborder=\"0\" marginwidth=\"0\" marginheight=\"0\" scrolling=\"no\" sandbox=\"allow-forms allow-popups allow-popups-to-escape-sandbox allow-same-origin allow-scripts allow-top-navigation-by-user-activation\" data-google-container-id=\"a!3\" aria-label=\"Advertisement\" data-google-query-id=\"CK-ixO-ctIwDFU0MaAgdvHIdyA\" data-load-complete=\"true\" data-mce-fragment=\"1\"><\/iframe><\/div>\n<p><\/ins><\/div>\n<p>Asimismo, se\u00f1al\u00f3 que cuando la \u201cMisi\u00f3n Barrio Adentro Salud\u201d comenz\u00f3 en Venezuela, fue objeto de una presunta \u201cconspiraci\u00f3n\u201d por parte de la oposici\u00f3n venezolana, as\u00ed como de una \u201ccampa\u00f1a brutal\u201d.<\/p>\n<p>Igualmente, celebr\u00f3 que la misi\u00f3n de salud est\u00e9 integrada por \u201cespecialistas y m\u00e9dicos cubanos de primer nivel\u201d quienes, seg\u00fan dijo, \u201ccon su pr\u00e1ctica humana desmienten toda la basura que Marco Rubio ha tratado de imponer contra Cuba y la revoluci\u00f3n cubana\u201d.<\/p>\n<div class=\"google-auto-placed ap_container\"><ins class=\"adsbygoogle adsbygoogle-noablate\" data-ad-format=\"auto\" data-ad-client=\"ca-pub-2665000277262253\" data-adsbygoogle-status=\"done\" data-ad-status=\"unfilled\"><\/p>\n<div id=\"aswift_3_host\"><iframe id=\"aswift_3\" tabindex=\"0\" title=\"Advertisement\" src=\"https:\/\/googleads.g.doubleclick.net\/pagead\/ads?gdpr=0&amp;client=ca-pub-2665000277262253&amp;output=html&amp;h=280&amp;adk=4626182&amp;adf=211163108&amp;pi=t.aa~a.1777865122~i.16~rp.1&amp;w=675&amp;abgtt=6&amp;fwrn=4&amp;fwrnh=100&amp;lmt=1743420915&amp;num_ads=1&amp;rafmt=1&amp;armr=3&amp;sem=mc&amp;pwprc=3873405587&amp;ad_type=text_image&amp;format=675x280&amp;url=https%3A%2F%2Fwww.eluniversal.com%2Fpolitica%2F204650%2Fpresidente-maduro-califico-de-fracaso-la-gira-de-marco-rubio-por-el-caribe&amp;fwr=0&amp;pra=3&amp;rh=169&amp;rw=675&amp;rpe=1&amp;resp_fmts=3&amp;wgl=1&amp;fa=27&amp;uach=WyJXaW5kb3dzIiwiMTAuMC4wIiwieDg2IiwiIiwiMTM0LjAuNjk5OC4xNjciLG51bGwsMCxudWxsLCI2NCIsW1siQ2hyb21pdW0iLCIxMzQuMC42OTk4LjE2NyJdLFsiTm90OkEtQnJhbmQiLCIyNC4wLjAuMCJdLFsiR29vZ2xlIENocm9tZSIsIjEzNC4wLjY5OTguMTY3Il1dLDBd&amp;dt=1743420775674&amp;bpp=1&amp;bdt=3403&amp;idt=1&amp;shv=r20250327&amp;mjsv=m202503250101&amp;ptt=9&amp;saldr=aa&amp;abxe=1&amp;cookie=ID%3D7da3d1ea8b44b45a%3AT%3D1726742689%3ART%3D1743420711%3AS%3DALNI_MbzDi9ViqaN83_uyQ5FYrhOjsDkvQ&amp;gpic=UID%3D00000ef27866aaa5%3AT%3D1726742689%3ART%3D1743420711%3AS%3DALNI_MZg4wPI0sMWa2-DX1rjxPGtPO1_qw&amp;eo_id_str=ID%3D776278a70ff3de86%3AT%3D1742470873%3ART%3D1743420711%3AS%3DAA-AfjZu8Lkp8b9EP4BkRZ0didXI&amp;prev_fmts=0x0%2C675x280%2C675x280&amp;nras=4&amp;correlator=3207711996517&amp;frm=20&amp;pv=1&amp;u_tz=-240&amp;u_his=1&amp;u_h=768&amp;u_w=1360&amp;u_ah=728&amp;u_aw=1360&amp;u_cd=24&amp;u_sd=1&amp;dmc=8&amp;adx=305&amp;ady=2370&amp;biw=1345&amp;bih=607&amp;scr_x=0&amp;scr_y=0&amp;eid=31091240%2C42532243%2C95331833%2C95356500%2C95356506%2C31088249%2C95355300%2C95356787%2C95356809%2C95356929&amp;oid=2&amp;pvsid=3766456785314168&amp;tmod=1728795876&amp;uas=0&amp;nvt=2&amp;ref=https%3A%2F%2Fwww.eluniversal.com%2Fpolitica%2F204650%2Fpresidente-maduro-califico-de-fracaso-la-gira-de-marco-rubio-por-el-caribe&amp;fc=1408&amp;brdim=0%2C0%2C0%2C0%2C1360%2C0%2C0%2C0%2C1360%2C607&amp;vis=1&amp;rsz=%7C%7Cs%7C&amp;abl=NS&amp;fu=128&amp;bc=31&amp;bz=0&amp;td=1&amp;tdf=2&amp;psd=W251bGwsW251bGwsbnVsbCxudWxsLCJkZXByZWNhdGVkX2thbm9uIl0sbnVsbCwzXQ..&amp;nt=1&amp;ifi=4&amp;uci=a!4&amp;btvi=3&amp;fsb=1&amp;dtd=M\" name=\"aswift_3\" width=\"675\" height=\"0\" frameborder=\"0\" marginwidth=\"0\" marginheight=\"0\" scrolling=\"no\" sandbox=\"allow-forms allow-popups allow-popups-to-escape-sandbox allow-same-origin allow-scripts allow-top-navigation-by-user-activation\" data-google-container-id=\"a!4\" aria-label=\"Advertisement\" data-google-query-id=\"CL3lxu-ctIwDFZwdaAgdbSYFlQ\" data-load-complete=\"true\" data-mce-fragment=\"1\"><\/iframe><\/div>\n<p><\/ins><\/div>\n<p>&nbsp;<\/p>\n<div>\nPor otro lado, el primer mandatario nacional manifest\u00f3 su gratitud a los gobiernos que han rechazado la deportaci\u00f3n de m\u00e1s de 200 migrantes venezolanos por parte de Estados Unidos a una c\u00e1rcel de m\u00e1xima seguridad ubicada en El Salvador, un hecho que calific\u00f3 de \u201cbochornoso\u201d.<\/p>\n<p>Durante su alocuci\u00f3n, Maduro asegur\u00f3 que son 324 los migrantes detenidos en El Salvador, aunque reconoci\u00f3 que a\u00fan no tiene un listado oficial.<\/p>\n<p>\u201cEs un bochorno que se ha cometido con el secuestro y la desaparici\u00f3n forzosa de 324 migrantes venezolanos que fueron llevados a un campo de concentraci\u00f3n nazi en El Salvador\u201d, denunci\u00f3.<\/p>\n<p>\u201cOficialmente ninguna autoridad ni de Estados Unidos ni El Salvador ha cursado una comunicaci\u00f3n oficial reconociendo a qui\u00e9n secuestraron\u201d, acot\u00f3.<\/p>\n<p>Asimismo inform\u00f3 que, en conversaciones telef\u00f3nicas con el secretario general de la Organizaci\u00f3n de Naciones Unidas (ONU), Ant\u00f3nio Guterres, y el alto comisionado para los Derechos Humanos, Volker T\u00fcrk, solicit\u00f3 diligencias para que el gobierno de Nayib Bukele entregue la lista con los nombres de los detenidos.<\/p>\n<p>\u201cEllos no cometieron ning\u00fan delito ni fueron procesados por ning\u00fan delito en Estados Unidos. La inmensa mayor\u00eda, de los que sabemos est\u00e1n secuestrados, eran barberos, m\u00fasicos, artistas, comunicadores sociales, trabajadores en general\u201d, sostuvo.<\/p>\n<p>Asever\u00f3 que, en el pasado, se promovi\u00f3 como un arma pol\u00edtica la migraci\u00f3n y se\u00f1al\u00f3 al gobierno estadounidense de imponer sanciones para crear situaciones econ\u00f3micas dif\u00edciles y despu\u00e9s estimular la migraci\u00f3n, en este caso, la migraci\u00f3n econ\u00f3mica.<\/p>\n<p>\u201cColocaron a los coyotes, dirigidos por los principales jefes de la derecha extremista en Venezuela, Juan Guaid\u00f3, Leopoldo L\u00f3pez, Mar\u00eda Corina Machado, Julio Borges, Carlos Vecchio\u201d, dijo Maduro, asegurando que el FBI y la CIA \u201ctienen las pruebas\u201d que sustentan sus afirmaciones.<\/p>\n<p>\u201cLos llevan a Estados Unidos (&#8230;) Los hacen firmar como requisito obligatorio para ingresar a Estados Unidos algo que llaman miedo cre\u00edble (&#8230;), donde dec\u00edan que Venezuela era una dictadura y los persegu\u00edan y ellos ingresaban\u201d, a\u00f1adi\u00f3.<\/p>\n<p>El Ejecutivo adem\u00e1s se\u00f1al\u00f3 que muchos de los migrantes que se fueron a EEUU \u201cpagaron entre cinco mil a siete mil d\u00f3lares\u201d a los coyotes para alcanzar su destino.<\/p>\n<p>Del mismo modo, rechaz\u00f3 que el gobierno estadounidense pretenda \u201cenarbolar una campa\u00f1a falsa\u201d contra Venezuela. \u201c(Dicen) que esto fue una invasi\u00f3n programada de delincuentes hacia Estados Unidos. Es una mentira que no se cree nadie ni los que la dicen, porque los migrantes que fueron a Estados Unidos, la gran mayor\u00eda, son gente que se dedicaba a trabajar para ellos y para su familia\u00bb, asever\u00f3.<\/p>\n<p>Durante su intervenci\u00f3n en\u00a0durante la XXV Reuni\u00f3n del Consejo Pol\u00edtico del ALBA-TCP, el mandatario nacional conden\u00f3\u00a0que EE. UU. intente justificar \u201clas violaciones de derechos humanos\u201d contra los migrantes venezolanos y afirm\u00f3 que la Ley de Enemigos Extranjeros de 1798, invocada por Donald Trump, \u201cest\u00e1 fuera del marco legal de los derechos humanos\u201d y de la \u201cConstituci\u00f3n\u201d estadounidense.<\/p><\/div>\n<div class=\"google-auto-placed ap_container\"><ins class=\"adsbygoogle adsbygoogle-noablate\" data-ad-format=\"auto\" data-ad-client=\"ca-pub-2665000277262253\" data-adsbygoogle-status=\"done\" data-ad-status=\"unfilled\"><\/p>\n<div id=\"aswift_4_host\"><iframe id=\"aswift_4\" tabindex=\"0\" title=\"Advertisement\" src=\"https:\/\/googleads.g.doubleclick.net\/pagead\/ads?gdpr=0&amp;client=ca-pub-2665000277262253&amp;output=html&amp;h=280&amp;adk=4626182&amp;adf=2156538907&amp;pi=t.aa~a.1777865122~i.18~rp.4&amp;w=675&amp;abgtt=6&amp;fwrn=4&amp;fwrnh=100&amp;lmt=1743420934&amp;num_ads=1&amp;rafmt=1&amp;armr=3&amp;sem=mc&amp;pwprc=3873405587&amp;ad_type=text_image&amp;format=675x280&amp;url=https%3A%2F%2Fwww.eluniversal.com%2Fpolitica%2F204650%2Fpresidente-maduro-califico-de-fracaso-la-gira-de-marco-rubio-por-el-caribe&amp;fwr=0&amp;pra=3&amp;rh=169&amp;rw=675&amp;rpe=1&amp;resp_fmts=3&amp;wgl=1&amp;fa=27&amp;uach=WyJXaW5kb3dzIiwiMTAuMC4wIiwieDg2IiwiIiwiMTM0LjAuNjk5OC4xNjciLG51bGwsMCxudWxsLCI2NCIsW1siQ2hyb21pdW0iLCIxMzQuMC42OTk4LjE2NyJdLFsiTm90OkEtQnJhbmQiLCIyNC4wLjAuMCJdLFsiR29vZ2xlIENocm9tZSIsIjEzNC4wLjY5OTguMTY3Il1dLDBd&amp;dt=1743420775680&amp;bpp=2&amp;bdt=3409&amp;idt=2&amp;shv=r20250327&amp;mjsv=m202503250101&amp;ptt=9&amp;saldr=aa&amp;abxe=1&amp;cookie=ID%3D7da3d1ea8b44b45a%3AT%3D1726742689%3ART%3D1743420711%3AS%3DALNI_MbzDi9ViqaN83_uyQ5FYrhOjsDkvQ&amp;gpic=UID%3D00000ef27866aaa5%3AT%3D1726742689%3ART%3D1743420711%3AS%3DALNI_MZg4wPI0sMWa2-DX1rjxPGtPO1_qw&amp;eo_id_str=ID%3D776278a70ff3de86%3AT%3D1742470873%3ART%3D1743420711%3AS%3DAA-AfjZu8Lkp8b9EP4BkRZ0didXI&amp;prev_fmts=0x0%2C675x280%2C675x280%2C675x280&amp;nras=5&amp;correlator=3207711996517&amp;frm=20&amp;pv=1&amp;u_tz=-240&amp;u_his=1&amp;u_h=768&amp;u_w=1360&amp;u_ah=728&amp;u_aw=1360&amp;u_cd=24&amp;u_sd=1&amp;dmc=8&amp;adx=305&amp;ady=3122&amp;biw=1345&amp;bih=607&amp;scr_x=0&amp;scr_y=700&amp;eid=31091240%2C42532243%2C95331833%2C95356500%2C95356506%2C31088249%2C95355300%2C95356787%2C95356809%2C95356929&amp;oid=2&amp;pvsid=3766456785314168&amp;tmod=1728795876&amp;uas=1&amp;nvt=2&amp;ref=https%3A%2F%2Fwww.eluniversal.com%2Fpolitica%2F204650%2Fpresidente-maduro-califico-de-fracaso-la-gira-de-marco-rubio-por-el-caribe&amp;fc=1408&amp;brdim=0%2C0%2C0%2C0%2C1360%2C0%2C1360%2C728%2C1360%2C607&amp;vis=1&amp;rsz=%7C%7Cs%7C&amp;abl=NS&amp;fu=128&amp;bc=31&amp;bz=1&amp;td=1&amp;tdf=2&amp;psd=W251bGwsW251bGwsbnVsbCxudWxsLCJkZXByZWNhdGVkX2thbm9uIl0sbnVsbCwzXQ..&amp;nt=1&amp;ifi=5&amp;uci=a!5&amp;btvi=4&amp;fsb=1&amp;dtd=M\" name=\"aswift_4\" width=\"675\" height=\"0\" frameborder=\"0\" marginwidth=\"0\" marginheight=\"0\" scrolling=\"no\" sandbox=\"allow-forms allow-popups allow-popups-to-escape-sandbox allow-same-origin allow-scripts allow-top-navigation-by-user-activation\" data-google-container-id=\"a!5\" aria-label=\"Advertisement\" data-google-query-id=\"CNnc8PictIwDFaMAaAgdXa40mA\" data-load-complete=\"true\" data-mce-fragment=\"1\"><\/iframe><\/div>\n<p><\/ins><\/div>\n<div><\/div>\n<div>\u201cEs un bochorno la aplicaci\u00f3n de esta ley para perseguir a los migrantes venezolanos (&#8230;) Es una violaci\u00f3n de derechos humanos\u201d, afirm\u00f3.<\/p>\n<p>Durante su intervenci\u00f3n, tambi\u00e9n asegur\u00f3 que la ONU \u201cest\u00e1 bajo un ataque mortal\u201d, al considerar que \u201ccuando se lanza un misil a un grupo de misioneros y de paz en Gaza, los misiles caen directamente sobre la estructura del derecho internacional p\u00fablico\u201d.<\/p><\/div>\n<div class=\"pvc_clear\"><\/div>\n<p id=\"pvc_stats_24770\" class=\"pvc_stats all  \" data-element-id=\"24770\" style=\"\"><i class=\"pvc-stats-icon large\" aria-hidden=\"true\"><svg xmlns=\"http:\/\/www.w3.org\/2000\/svg\" version=\"1.0\" viewBox=\"0 0 502 315\" preserveAspectRatio=\"xMidYMid meet\"><g transform=\"translate(0,332) scale(0.1,-0.1)\" fill=\"\" stroke=\"none\"><path d=\"M2394 3279 l-29 -30 -3 -207 c-2 -182 0 -211 15 -242 39 -76 157 -76 196 0 15 31 17 60 15 243 l-3 209 -33 29 c-26 23 -41 29 -80 29 -41 0 -53 -5 -78 -31z\"\/><path d=\"M3085 3251 c-45 -19 -58 -50 -96 -229 -47 -217 -49 -260 -13 -295 52 -53 146 -42 177 20 16 31 87 366 87 410 0 70 -86 122 -155 94z\"\/><path d=\"M1751 3234 c-13 -9 -29 -31 -37 -50 -12 -29 -10 -49 21 -204 19 -94 39 -189 45 -210 14 -50 54 -80 110 -80 34 0 48 6 76 34 21 21 34 44 34 59 0 14 -18 113 -40 219 -37 178 -43 195 -70 221 -36 32 -101 37 -139 11z\"\/><path d=\"M1163 3073 c-36 -7 -73 -59 -73 -102 0 -56 133 -378 171 -413 34 -32 83 -37 129 -13 70 36 67 87 -16 290 -86 209 -89 214 -129 231 -35 14 -42 15 -82 7z\"\/><path d=\"M3689 3066 c-15 -9 -33 -30 -42 -48 -48 -103 -147 -355 -147 -375 0 -98 131 -148 192 -74 13 15 57 108 97 206 80 196 84 226 37 273 -30 30 -99 39 -137 18z\"\/><path d=\"M583 2784 c-38 -19 -67 -74 -58 -113 9 -42 211 -354 242 -373 16 -10 45 -18 66 -18 51 0 107 52 107 100 0 39 -1 41 -124 234 -80 126 -108 162 -133 173 -41 17 -61 16 -100 -3z\"\/><path d=\"M4250 2784 c-14 -9 -74 -91 -133 -183 -95 -150 -107 -173 -107 -213 0 -55 33 -94 87 -104 67 -13 90 8 211 198 130 202 137 225 78 284 -27 27 -42 34 -72 34 -22 0 -50 -8 -64 -16z\"\/><path d=\"M2275 2693 c-553 -48 -1095 -270 -1585 -649 -135 -104 -459 -423 -483 -476 -23 -49 -22 -139 2 -186 73 -142 361 -457 571 -626 285 -228 642 -407 990 -497 242 -63 336 -73 660 -74 310 0 370 5 595 52 535 111 1045 392 1455 803 122 121 250 273 275 326 19 41 19 137 0 174 -41 79 -309 363 -465 492 -447 370 -946 591 -1479 653 -113 14 -422 18 -536 8z m395 -428 c171 -34 330 -124 456 -258 112 -119 167 -219 211 -378 27 -96 24 -300 -5 -401 -72 -255 -236 -447 -474 -557 -132 -62 -201 -76 -368 -76 -167 0 -236 14 -368 76 -213 98 -373 271 -451 485 -162 444 86 934 547 1084 153 49 292 57 452 25z m909 -232 c222 -123 408 -262 593 -441 76 -74 138 -139 138 -144 0 -16 -233 -242 -330 -319 -155 -123 -309 -223 -461 -299 l-81 -41 32 46 c18 26 49 83 70 128 143 306 141 649 -6 957 -25 52 -61 116 -79 142 l-34 47 45 -20 c26 -10 76 -36 113 -56z m-2057 25 c-40 -58 -105 -190 -130 -263 -110 -324 -59 -707 132 -981 25 -35 42 -64 37 -64 -19 0 -241 119 -326 174 -188 122 -406 314 -532 468 l-58 71 108 103 c185 178 428 349 672 473 66 33 121 60 123 61 2 0 -10 -19 -26 -42z\"\/><path d=\"M2375 1950 c-198 -44 -350 -190 -395 -379 -18 -76 -8 -221 19 -290 114 -284 457 -406 731 -260 98 52 188 154 231 260 27 69 37 214 19 290 -38 163 -166 304 -326 360 -67 23 -215 33 -279 19z\"\/><\/g><\/svg><\/i> <img decoding=\"async\" width=\"16\" height=\"16\" alt=\"Loading\" src=\"https:\/\/esviafm.com\/wp-content\/plugins\/page-views-count\/ajax-loader-2x.gif\" border=0 \/><\/p>\n<div class=\"pvc_clear\"><\/div>\n","protected":false},"excerpt":{"rendered":"<p>El presidente de la Rep\u00fablica, Nicol\u00e1s Maduro, asegur\u00f3 el s\u00e1bado que la reciente gira del secretario de Estado de Estados Unidos, Marco Rubio, por el Caribe fue un \u201cfracaso\u201d y agradeci\u00f3 a los gobiernos de la regi\u00f3n por la \u201crespuesta contundente\u201d a sus declaraciones sobre las misiones m\u00e9dicas cubanas. \u201cQuiero felicitar y agradecer a todos [&hellip;]<\/p>\n<div class=\"pvc_clear\"><\/div>\n<p id=\"pvc_stats_24770\" class=\"pvc_stats all  \" data-element-id=\"24770\" style=\"\"><i class=\"pvc-stats-icon large\" aria-hidden=\"true\"><svg xmlns=\"http:\/\/www.w3.org\/2000\/svg\" version=\"1.0\" viewBox=\"0 0 502 315\" preserveAspectRatio=\"xMidYMid meet\"><g transform=\"translate(0,332) scale(0.1,-0.1)\" fill=\"\" stroke=\"none\"><path d=\"M2394 3279 l-29 -30 -3 -207 c-2 -182 0 -211 15 -242 39 -76 157 -76 196 0 15 31 17 60 15 243 l-3 209 -33 29 c-26 23 -41 29 -80 29 -41 0 -53 -5 -78 -31z\"\/><path d=\"M3085 3251 c-45 -19 -58 -50 -96 -229 -47 -217 -49 -260 -13 -295 52 -53 146 -42 177 20 16 31 87 366 87 410 0 70 -86 122 -155 94z\"\/><path d=\"M1751 3234 c-13 -9 -29 -31 -37 -50 -12 -29 -10 -49 21 -204 19 -94 39 -189 45 -210 14 -50 54 -80 110 -80 34 0 48 6 76 34 21 21 34 44 34 59 0 14 -18 113 -40 219 -37 178 -43 195 -70 221 -36 32 -101 37 -139 11z\"\/><path d=\"M1163 3073 c-36 -7 -73 -59 -73 -102 0 -56 133 -378 171 -413 34 -32 83 -37 129 -13 70 36 67 87 -16 290 -86 209 -89 214 -129 231 -35 14 -42 15 -82 7z\"\/><path d=\"M3689 3066 c-15 -9 -33 -30 -42 -48 -48 -103 -147 -355 -147 -375 0 -98 131 -148 192 -74 13 15 57 108 97 206 80 196 84 226 37 273 -30 30 -99 39 -137 18z\"\/><path d=\"M583 2784 c-38 -19 -67 -74 -58 -113 9 -42 211 -354 242 -373 16 -10 45 -18 66 -18 51 0 107 52 107 100 0 39 -1 41 -124 234 -80 126 -108 162 -133 173 -41 17 -61 16 -100 -3z\"\/><path d=\"M4250 2784 c-14 -9 -74 -91 -133 -183 -95 -150 -107 -173 -107 -213 0 -55 33 -94 87 -104 67 -13 90 8 211 198 130 202 137 225 78 284 -27 27 -42 34 -72 34 -22 0 -50 -8 -64 -16z\"\/><path d=\"M2275 2693 c-553 -48 -1095 -270 -1585 -649 -135 -104 -459 -423 -483 -476 -23 -49 -22 -139 2 -186 73 -142 361 -457 571 -626 285 -228 642 -407 990 -497 242 -63 336 -73 660 -74 310 0 370 5 595 52 535 111 1045 392 1455 803 122 121 250 273 275 326 19 41 19 137 0 174 -41 79 -309 363 -465 492 -447 370 -946 591 -1479 653 -113 14 -422 18 -536 8z m395 -428 c171 -34 330 -124 456 -258 112 -119 167 -219 211 -378 27 -96 24 -300 -5 -401 -72 -255 -236 -447 -474 -557 -132 -62 -201 -76 -368 -76 -167 0 -236 14 -368 76 -213 98 -373 271 -451 485 -162 444 86 934 547 1084 153 49 292 57 452 25z m909 -232 c222 -123 408 -262 593 -441 76 -74 138 -139 138 -144 0 -16 -233 -242 -330 -319 -155 -123 -309 -223 -461 -299 l-81 -41 32 46 c18 26 49 83 70 128 143 306 141 649 -6 957 -25 52 -61 116 -79 142 l-34 47 45 -20 c26 -10 76 -36 113 -56z m-2057 25 c-40 -58 -105 -190 -130 -263 -110 -324 -59 -707 132 -981 25 -35 42 -64 37 -64 -19 0 -241 119 -326 174 -188 122 -406 314 -532 468 l-58 71 108 103 c185 178 428 349 672 473 66 33 121 60 123 61 2 0 -10 -19 -26 -42z\"\/><path d=\"M2375 1950 c-198 -44 -350 -190 -395 -379 -18 -76 -8 -221 19 -290 114 -284 457 -406 731 -260 98 52 188 154 231 260 27 69 37 214 19 290 -38 163 -166 304 -326 360 -67 23 -215 33 -279 19z\"\/><\/g><\/svg><\/i> <img decoding=\"async\" width=\"16\" height=\"16\" alt=\"Loading\" src=\"https:\/\/esviafm.com\/wp-content\/plugins\/page-views-count\/ajax-loader-2x.gif\" border=0 \/><\/p>\n<div class=\"pvc_clear\"><\/div>\n","protected":false},"author":1,"featured_media":0,"comment_status":"open","ping_status":"open","sticky":false,"template":"","format":"standard","meta":{"_et_pb_use_builder":"","_et_pb_old_content":"","_et_gb_content_width":"","footnotes":""},"categories":[25],"tags":[],"class_list":["post-24770","post","type-post","status-publish","format-standard","hentry","category-nacionales"],"_links":{"self":[{"href":"https:\/\/esviafm.com\/index.php\/wp-json\/wp\/v2\/posts\/24770","targetHints":{"allow":["GET"]}}],"collection":[{"href":"https:\/\/esviafm.com\/index.php\/wp-json\/wp\/v2\/posts"}],"about":[{"href":"https:\/\/esviafm.com\/index.php\/wp-json\/wp\/v2\/types\/post"}],"author":[{"embeddable":true,"href":"https:\/\/esviafm.com\/index.php\/wp-json\/wp\/v2\/users\/1"}],"replies":[{"embeddable":true,"href":"https:\/\/esviafm.com\/index.php\/wp-json\/wp\/v2\/comments?post=24770"}],"version-history":[{"count":1,"href":"https:\/\/esviafm.com\/index.php\/wp-json\/wp\/v2\/posts\/24770\/revisions"}],"predecessor-version":[{"id":24772,"href":"https:\/\/esviafm.com\/index.php\/wp-json\/wp\/v2\/posts\/24770\/revisions\/24772"}],"wp:attachment":[{"href":"https:\/\/esviafm.com\/index.php\/wp-json\/wp\/v2\/media?parent=24770"}],"wp:term":[{"taxonomy":"category","embeddable":true,"href":"https:\/\/esviafm.com\/index.php\/wp-json\/wp\/v2\/categories?post=24770"},{"taxonomy":"post_tag","embeddable":true,"href":"https:\/\/esviafm.com\/index.php\/wp-json\/wp\/v2\/tags?post=24770"}],"curies":[{"name":"wp","href":"https:\/\/api.w.org\/{rel}","templated":true}]}}