{"id":24729,"date":"2025-03-28T08:23:56","date_gmt":"2025-03-28T12:53:56","guid":{"rendered":"https:\/\/esviafm.com\/?p=24729"},"modified":"2025-03-28T08:24:12","modified_gmt":"2025-03-28T12:54:12","slug":"aterriza-en-venezuela-un-avion-con-178-migrantes-deportados-por-estados-unidos","status":"publish","type":"post","link":"https:\/\/esviafm.com\/index.php\/aterriza-en-venezuela-un-avion-con-178-migrantes-deportados-por-estados-unidos\/","title":{"rendered":"Aterriza en Venezuela un avi\u00f3n con 178 migrantes deportados por Estados Unidos"},"content":{"rendered":"<p>Un avi\u00f3n con 178 migrantes venezolanos -165 hombres y 13 mujeres- deportados por EE.UU. aterriz\u00f3 la madrugada de este viernes en el pa\u00eds caribe\u00f1o, el segundo grupo repatriado tras la reanudaci\u00f3n de estos vuelos, anunciada el pasado fin de semana por Caracas.<\/p>\n<p>El avi\u00f3n de la aerol\u00ednea estatal Conviasa lleg\u00f3 al aeropuerto internacional Sim\u00f3n Bol\u00edvar de Maiquet\u00eda -que sirve a Caracas-, en el estado costero de La Guaira (norte), donde el titular de Interior, Diosdado Cabello, recibi\u00f3 a los repatriados, seg\u00fan im\u00e1genes transmitidas por la estatal Venezolana de Televisi\u00f3n (VTV).<\/p>\n<p>\u00abEste vuelo trae 178 de los compatriotas que han sido en los Estados Unidos, primero, perseguidos, que han sido en los Estados Unidos estigmatizados\u00bb, afirm\u00f3 el funcionario, acompa\u00f1ado por la jefa de la misi\u00f3n \u2018Vuelta a la Patria\u2019, Anah\u00ed Arizmendi.<\/p>\n<p>Cabello insisti\u00f3 en que el Gobierno estadounidense mantiene junto al salvadore\u00f1o \u00absecuestrado a un lote de venezolanos\u00bb en el pa\u00eds centroamericano, en alusi\u00f3n a m\u00e1s de 200 nacionales deportados bajo la acusaci\u00f3n de ser presuntamente integrantes de la banda Tren de Aragua, nacida en una c\u00e1rcel de esta naci\u00f3n caribe\u00f1a.<\/p>\n<p>\u00abNosotros seguimos exigiendo la libertad de esos compatriotas que est\u00e1n all\u00e1 en el Salvador\u00bb, sentenci\u00f3 Cabello, quien ratific\u00f3 que, \u00abhasta el d\u00eda de hoy\u00bb, no han recibido \u00abni una sola persona perteneciente al Tren de Aragua\u00bb.<\/p>\n<p>El tambi\u00e9n n\u00famero dos del chavismo asegur\u00f3 que algunos de los migrantes expresaron su \u00abpreocupaci\u00f3n\u00bb debido a que sus familiares se quedaron en territorio estadounidense.<\/p>\n<p>\u00abEl Gobierno de Estados Unidos divide a las familias, mutila a las familias\u00bb, advirti\u00f3 el ministro, quien tambi\u00e9n se quej\u00f3 de que los deportados dijeron haber estado \u00abtres d\u00edas esposados\u00bb y revel\u00f3 que las autoridades estadounidenses anunciaron que en este vuelo -el octavo desde febrero- llegar\u00edan 223 personas y, al final, fueron 178.<\/p>\n<p>Con estos, han retornado a su pa\u00eds desde el pasado febrero 1.296 venezolanos, de los cuales 190 fueron recibidos en un primer momento, 176 que estaban en la base militar estadounidense de Guant\u00e1namo, 242 procedentes de M\u00e9xico, otros 311 tambi\u00e9n provenientes de ese pa\u00eds latinoamericano y, m\u00e1s recientemente, 199 que salieron de Texas y llegaron la madrugada del lunes, tras una escala en Honduras, seg\u00fan la informaci\u00f3n oficial.<\/p>\n<p>Nicol\u00e1s Maduro, quien jur\u00f3 en enero para un tercer mandato tras su cuestionada reelecci\u00f3n el a\u00f1o pasado, denunci\u00f3 esta semana que a los migrantes venezolanos en el pa\u00eds norteamericano los \u00abest\u00e1n persiguiendo, deteniendo, desapareciendo\u00bb, por lo que exigi\u00f3 a EE.UU. respetar sus derechos humanos.<\/p>\n<p>Asimismo, expres\u00f3 que espera que el Gobierno estadounidense deje \u00ablas mentiras\u00bb sobre una supuesta invasi\u00f3n del Tren de Aragua, organizaci\u00f3n que Washington considera terrorista.<\/p>\n<p>Previamente, el presidente de EE.UU., Donald Trump, hab\u00eda acusado a Caracas de haber enviado a su pa\u00eds a \u00abdecenas de miles de criminales de alto nivel y otros delincuentes\u00bb de manera \u00abintencionada y fraudulenta\u00bb, entre ellos del Tren de Aragua.<\/p>\n<p>Washington deport\u00f3 a mediados de este mes a m\u00e1s de 200 migrantes a El Salvador, aunque la Casa Blanca no ha hecho p\u00fablicas las identidades de estas personas ni las pruebas sobre su supuesta asociaci\u00f3n con ese u otro grupo.<\/p>\n<p>La Administraci\u00f3n de Maduro insiste en que no descansar\u00e1 hasta \u00abrescatar\u00bb a sus connacionales \u00absecuestrados\u00bb, dice, por el Gobierno del presidente salvadore\u00f1o, Nayib Bukele, a quien el l\u00edder del chavismo llam\u00f3 este jueves \u00abnazifascista\u00bb.<\/p>\n<p><strong>EFE<\/strong><\/p>\n<div class=\"pvc_clear\"><\/div>\n<p id=\"pvc_stats_24729\" class=\"pvc_stats all  \" data-element-id=\"24729\" style=\"\"><i class=\"pvc-stats-icon large\" aria-hidden=\"true\"><svg xmlns=\"http:\/\/www.w3.org\/2000\/svg\" version=\"1.0\" viewBox=\"0 0 502 315\" preserveAspectRatio=\"xMidYMid meet\"><g transform=\"translate(0,332) scale(0.1,-0.1)\" fill=\"\" stroke=\"none\"><path d=\"M2394 3279 l-29 -30 -3 -207 c-2 -182 0 -211 15 -242 39 -76 157 -76 196 0 15 31 17 60 15 243 l-3 209 -33 29 c-26 23 -41 29 -80 29 -41 0 -53 -5 -78 -31z\"\/><path d=\"M3085 3251 c-45 -19 -58 -50 -96 -229 -47 -217 -49 -260 -13 -295 52 -53 146 -42 177 20 16 31 87 366 87 410 0 70 -86 122 -155 94z\"\/><path d=\"M1751 3234 c-13 -9 -29 -31 -37 -50 -12 -29 -10 -49 21 -204 19 -94 39 -189 45 -210 14 -50 54 -80 110 -80 34 0 48 6 76 34 21 21 34 44 34 59 0 14 -18 113 -40 219 -37 178 -43 195 -70 221 -36 32 -101 37 -139 11z\"\/><path d=\"M1163 3073 c-36 -7 -73 -59 -73 -102 0 -56 133 -378 171 -413 34 -32 83 -37 129 -13 70 36 67 87 -16 290 -86 209 -89 214 -129 231 -35 14 -42 15 -82 7z\"\/><path d=\"M3689 3066 c-15 -9 -33 -30 -42 -48 -48 -103 -147 -355 -147 -375 0 -98 131 -148 192 -74 13 15 57 108 97 206 80 196 84 226 37 273 -30 30 -99 39 -137 18z\"\/><path d=\"M583 2784 c-38 -19 -67 -74 -58 -113 9 -42 211 -354 242 -373 16 -10 45 -18 66 -18 51 0 107 52 107 100 0 39 -1 41 -124 234 -80 126 -108 162 -133 173 -41 17 -61 16 -100 -3z\"\/><path d=\"M4250 2784 c-14 -9 -74 -91 -133 -183 -95 -150 -107 -173 -107 -213 0 -55 33 -94 87 -104 67 -13 90 8 211 198 130 202 137 225 78 284 -27 27 -42 34 -72 34 -22 0 -50 -8 -64 -16z\"\/><path d=\"M2275 2693 c-553 -48 -1095 -270 -1585 -649 -135 -104 -459 -423 -483 -476 -23 -49 -22 -139 2 -186 73 -142 361 -457 571 -626 285 -228 642 -407 990 -497 242 -63 336 -73 660 -74 310 0 370 5 595 52 535 111 1045 392 1455 803 122 121 250 273 275 326 19 41 19 137 0 174 -41 79 -309 363 -465 492 -447 370 -946 591 -1479 653 -113 14 -422 18 -536 8z m395 -428 c171 -34 330 -124 456 -258 112 -119 167 -219 211 -378 27 -96 24 -300 -5 -401 -72 -255 -236 -447 -474 -557 -132 -62 -201 -76 -368 -76 -167 0 -236 14 -368 76 -213 98 -373 271 -451 485 -162 444 86 934 547 1084 153 49 292 57 452 25z m909 -232 c222 -123 408 -262 593 -441 76 -74 138 -139 138 -144 0 -16 -233 -242 -330 -319 -155 -123 -309 -223 -461 -299 l-81 -41 32 46 c18 26 49 83 70 128 143 306 141 649 -6 957 -25 52 -61 116 -79 142 l-34 47 45 -20 c26 -10 76 -36 113 -56z m-2057 25 c-40 -58 -105 -190 -130 -263 -110 -324 -59 -707 132 -981 25 -35 42 -64 37 -64 -19 0 -241 119 -326 174 -188 122 -406 314 -532 468 l-58 71 108 103 c185 178 428 349 672 473 66 33 121 60 123 61 2 0 -10 -19 -26 -42z\"\/><path d=\"M2375 1950 c-198 -44 -350 -190 -395 -379 -18 -76 -8 -221 19 -290 114 -284 457 -406 731 -260 98 52 188 154 231 260 27 69 37 214 19 290 -38 163 -166 304 -326 360 -67 23 -215 33 -279 19z\"\/><\/g><\/svg><\/i> <img decoding=\"async\" width=\"16\" height=\"16\" alt=\"Loading\" src=\"https:\/\/esviafm.com\/wp-content\/plugins\/page-views-count\/ajax-loader-2x.gif\" border=0 \/><\/p>\n<div class=\"pvc_clear\"><\/div>\n","protected":false},"excerpt":{"rendered":"<p>Un avi\u00f3n con 178 migrantes venezolanos -165 hombres y 13 mujeres- deportados por EE.UU. aterriz\u00f3 la madrugada de este viernes en el pa\u00eds caribe\u00f1o, el segundo grupo repatriado tras la reanudaci\u00f3n de estos vuelos, anunciada el pasado fin de semana por Caracas. El avi\u00f3n de la aerol\u00ednea estatal Conviasa lleg\u00f3 al aeropuerto internacional Sim\u00f3n Bol\u00edvar [&hellip;]<\/p>\n<div class=\"pvc_clear\"><\/div>\n<p id=\"pvc_stats_24729\" class=\"pvc_stats all  \" data-element-id=\"24729\" style=\"\"><i class=\"pvc-stats-icon large\" aria-hidden=\"true\"><svg xmlns=\"http:\/\/www.w3.org\/2000\/svg\" version=\"1.0\" viewBox=\"0 0 502 315\" preserveAspectRatio=\"xMidYMid meet\"><g transform=\"translate(0,332) scale(0.1,-0.1)\" fill=\"\" stroke=\"none\"><path d=\"M2394 3279 l-29 -30 -3 -207 c-2 -182 0 -211 15 -242 39 -76 157 -76 196 0 15 31 17 60 15 243 l-3 209 -33 29 c-26 23 -41 29 -80 29 -41 0 -53 -5 -78 -31z\"\/><path d=\"M3085 3251 c-45 -19 -58 -50 -96 -229 -47 -217 -49 -260 -13 -295 52 -53 146 -42 177 20 16 31 87 366 87 410 0 70 -86 122 -155 94z\"\/><path d=\"M1751 3234 c-13 -9 -29 -31 -37 -50 -12 -29 -10 -49 21 -204 19 -94 39 -189 45 -210 14 -50 54 -80 110 -80 34 0 48 6 76 34 21 21 34 44 34 59 0 14 -18 113 -40 219 -37 178 -43 195 -70 221 -36 32 -101 37 -139 11z\"\/><path d=\"M1163 3073 c-36 -7 -73 -59 -73 -102 0 -56 133 -378 171 -413 34 -32 83 -37 129 -13 70 36 67 87 -16 290 -86 209 -89 214 -129 231 -35 14 -42 15 -82 7z\"\/><path d=\"M3689 3066 c-15 -9 -33 -30 -42 -48 -48 -103 -147 -355 -147 -375 0 -98 131 -148 192 -74 13 15 57 108 97 206 80 196 84 226 37 273 -30 30 -99 39 -137 18z\"\/><path d=\"M583 2784 c-38 -19 -67 -74 -58 -113 9 -42 211 -354 242 -373 16 -10 45 -18 66 -18 51 0 107 52 107 100 0 39 -1 41 -124 234 -80 126 -108 162 -133 173 -41 17 -61 16 -100 -3z\"\/><path d=\"M4250 2784 c-14 -9 -74 -91 -133 -183 -95 -150 -107 -173 -107 -213 0 -55 33 -94 87 -104 67 -13 90 8 211 198 130 202 137 225 78 284 -27 27 -42 34 -72 34 -22 0 -50 -8 -64 -16z\"\/><path d=\"M2275 2693 c-553 -48 -1095 -270 -1585 -649 -135 -104 -459 -423 -483 -476 -23 -49 -22 -139 2 -186 73 -142 361 -457 571 -626 285 -228 642 -407 990 -497 242 -63 336 -73 660 -74 310 0 370 5 595 52 535 111 1045 392 1455 803 122 121 250 273 275 326 19 41 19 137 0 174 -41 79 -309 363 -465 492 -447 370 -946 591 -1479 653 -113 14 -422 18 -536 8z m395 -428 c171 -34 330 -124 456 -258 112 -119 167 -219 211 -378 27 -96 24 -300 -5 -401 -72 -255 -236 -447 -474 -557 -132 -62 -201 -76 -368 -76 -167 0 -236 14 -368 76 -213 98 -373 271 -451 485 -162 444 86 934 547 1084 153 49 292 57 452 25z m909 -232 c222 -123 408 -262 593 -441 76 -74 138 -139 138 -144 0 -16 -233 -242 -330 -319 -155 -123 -309 -223 -461 -299 l-81 -41 32 46 c18 26 49 83 70 128 143 306 141 649 -6 957 -25 52 -61 116 -79 142 l-34 47 45 -20 c26 -10 76 -36 113 -56z m-2057 25 c-40 -58 -105 -190 -130 -263 -110 -324 -59 -707 132 -981 25 -35 42 -64 37 -64 -19 0 -241 119 -326 174 -188 122 -406 314 -532 468 l-58 71 108 103 c185 178 428 349 672 473 66 33 121 60 123 61 2 0 -10 -19 -26 -42z\"\/><path d=\"M2375 1950 c-198 -44 -350 -190 -395 -379 -18 -76 -8 -221 19 -290 114 -284 457 -406 731 -260 98 52 188 154 231 260 27 69 37 214 19 290 -38 163 -166 304 -326 360 -67 23 -215 33 -279 19z\"\/><\/g><\/svg><\/i> <img decoding=\"async\" width=\"16\" height=\"16\" alt=\"Loading\" src=\"https:\/\/esviafm.com\/wp-content\/plugins\/page-views-count\/ajax-loader-2x.gif\" border=0 \/><\/p>\n<div class=\"pvc_clear\"><\/div>\n","protected":false},"author":1,"featured_media":0,"comment_status":"open","ping_status":"open","sticky":false,"template":"","format":"standard","meta":{"_et_pb_use_builder":"","_et_pb_old_content":"","_et_gb_content_width":"","footnotes":""},"categories":[25,1],"tags":[],"class_list":["post-24729","post","type-post","status-publish","format-standard","hentry","category-nacionales","category-sin-categoria"],"_links":{"self":[{"href":"https:\/\/esviafm.com\/index.php\/wp-json\/wp\/v2\/posts\/24729","targetHints":{"allow":["GET"]}}],"collection":[{"href":"https:\/\/esviafm.com\/index.php\/wp-json\/wp\/v2\/posts"}],"about":[{"href":"https:\/\/esviafm.com\/index.php\/wp-json\/wp\/v2\/types\/post"}],"author":[{"embeddable":true,"href":"https:\/\/esviafm.com\/index.php\/wp-json\/wp\/v2\/users\/1"}],"replies":[{"embeddable":true,"href":"https:\/\/esviafm.com\/index.php\/wp-json\/wp\/v2\/comments?post=24729"}],"version-history":[{"count":1,"href":"https:\/\/esviafm.com\/index.php\/wp-json\/wp\/v2\/posts\/24729\/revisions"}],"predecessor-version":[{"id":24731,"href":"https:\/\/esviafm.com\/index.php\/wp-json\/wp\/v2\/posts\/24729\/revisions\/24731"}],"wp:attachment":[{"href":"https:\/\/esviafm.com\/index.php\/wp-json\/wp\/v2\/media?parent=24729"}],"wp:term":[{"taxonomy":"category","embeddable":true,"href":"https:\/\/esviafm.com\/index.php\/wp-json\/wp\/v2\/categories?post=24729"},{"taxonomy":"post_tag","embeddable":true,"href":"https:\/\/esviafm.com\/index.php\/wp-json\/wp\/v2\/tags?post=24729"}],"curies":[{"name":"wp","href":"https:\/\/api.w.org\/{rel}","templated":true}]}}