{"id":24697,"date":"2025-03-27T09:12:06","date_gmt":"2025-03-27T13:42:06","guid":{"rendered":"https:\/\/esviafm.com\/?p=24697"},"modified":"2025-03-27T09:12:06","modified_gmt":"2025-03-27T13:42:06","slug":"merida-estrena-el-sistema-de-teleferico-urbano-trolcable","status":"publish","type":"post","link":"https:\/\/esviafm.com\/index.php\/merida-estrena-el-sistema-de-teleferico-urbano-trolcable\/","title":{"rendered":"M\u00e9rida estrena el Sistema de Telef\u00e9rico Urbano Trolcable"},"content":{"rendered":"<p>En el marco de la segunda fase del Plan de las 7 Transformaciones, el presidente de la Rep\u00fablica Bolivariana de Venezuela, Nicol\u00e1s Maduro, dedic\u00f3 el mi\u00e9rcoles a las obras p\u00fablicas, y anunci\u00f3 la recuperaci\u00f3n del Sistema de Telef\u00e9rico Urbano Trolcable, reafirmando su compromiso con la mejora de infraestructura en el pa\u00eds.<\/p>\n<p>Durante el pase televisivo hasta el estado M\u00e9rida, el Mandatario declar\u00f3: \u201cConseguimos todos los recursos y hoy puedo decir al pueblo de M\u00e9rida el compromiso que asum\u00ed con ustedes hace 8 meses.\u201d<\/p>\n<p>Este anuncio marca un avance significativo en la rehabilitaci\u00f3n de servicios p\u00fablicos a pesar de las dificultades econ\u00f3micas.<\/p>\n<p><b>Optimizaci\u00f3n de servicios p\u00fablicos<br \/>\n<\/b><br \/>\nEl Presidente enfatiz\u00f3 que, a pesar de las sanciones impuestas, el gobierno ha logrado garantizar la optimizaci\u00f3n de los servicios p\u00fablicos y la ejecuci\u00f3n de obras.<\/p>\n<p><b>Reimpulso del Sistema Telef\u00e9rico Urbano<br \/>\n<\/b><br \/>\nEn este contexto, El ministro del Poder Popular para el Transporte, Ram\u00f3n Vel\u00e1squez Araguay\u00e1n, encabez\u00f3 la presentaci\u00f3n de la reapertura del Sistema Telef\u00e9rico Urbano, ubicado en el municipio Libertador, parroquia El Llano, sector La Trampa, estado M\u00e9rida. Vel\u00e1squez puntualiz\u00f3 que: \u201cA pesar del llamado de la oposici\u00f3n, gracias al esfuerzo de la clase trabajadora y la articulaci\u00f3n que hemos hecho, podemos darle esta obra ya rehabilitada a nuestra ciudad de M\u00e9rida.\u201d<\/p>\n<p><b>Mantenimiento y productividad<br \/>\n<\/b><br \/>\nEl ministro a\u00f1adi\u00f3 que las actividades de mantenimiento se est\u00e1n llevando a cabo en todo el pa\u00eds: \u201cEste sistema se eleva dentro de la productividad, para darle bondad al pueblo.\u201d La reactivaci\u00f3n del telef\u00e9rico es parte de los esfuerzos del Gobierno Bolivariano por mejorar la infraestructura tur\u00edstica y de transporte de la regi\u00f3n.<\/p>\n<p><b>Detalles de los trabajos realizados que\u00a0incluyen:<\/b><\/p>\n<div><b><br \/>\n<\/b><\/p>\n<div>\n<ul>\n<li>Sustituci\u00f3n del cable de telef\u00e9rico de 940 metros lineales.<\/li>\n<li>Cambio del cable de arrastre de 1080 metros.<\/li>\n<li>Implementaci\u00f3n de mejoras en los sistemas de seguridad y operaci\u00f3n, garantizando un servicio eficiente y seguro a los usuarios.<\/li>\n<\/ul>\n<p>El ministro tambi\u00e9n destac\u00f3 el embellecimiento de las instalaciones, lo cual no s\u00f3lo mejora la est\u00e9tica, sino que tambi\u00e9n reduce significativamente el tiempo de desplazamiento, conectando de manera inmediata a los habitantes de M\u00e9rida con su vida cotidiana y facilitando el acceso a zonas tur\u00edsticas.<\/p>\n<p>Adem\u00e1s, subray\u00f3 que el sistema opera con energ\u00eda limpia, impulsando una calidad de vida m\u00e1s sostenible para los habitantes de la parroquia.<\/p>\n<p>Marilyn Dugarte, vocera del Poder Popular, agradeci\u00f3 al presidente Maduro: \u201cGracias a usted, porque no dudo en el primer momento que le planteamos la problem\u00e1tica nos dio respuesta a pesar de que la ultraderecha nos ha hecho da\u00f1o en nuestro estado. Aqu\u00ed estamos con los trabajos y recuperaci\u00f3n del sistema telef\u00e9rico urbano.\u201d<\/p>\n<p><b>Compromiso con el Pueblo<br \/>\n<\/b><br \/>\nEl Mandatario nacional tambi\u00e9n manifest\u00f3: \u201cMe alegra poder cumplir los compromisos, gracias al pueblo de M\u00e9rida, a los profesionales y a los trabajadores y trabajadoras.\u201d<\/p>\n<p>Adem\u00e1s, subray\u00f3 que \u201cno es un hombre, es un pueblo que est\u00e1 decidido a construir su futuro contra viento y marea, y ese futuro lo vamos a vivir en paz, en libertad y con la m\u00e1xima felicidad social.\u201d<\/p>\n<p><b>Impulso al turismo en la regi\u00f3n<br \/>\n<\/b><br \/>\nLa reactivaci\u00f3n de este sistema no s\u00f3lo beneficiar\u00e1 a los habitantes de M\u00e9rida, sino que tambi\u00e9n impulsar\u00e1 el turismo en la regi\u00f3n, ofreciendo acceso a uno de los atractivos m\u00e1s ic\u00f3nicos del estado.<\/p>\n<p>Este evento es un claro ejemplo del compromiso del Gobierno Bolivariano por la mejora y desarrollo constante de Venezuela, demostrando que el trabajo en conjunto y el empoderamiento del pueblo son fundamentales para avanzar hacia un futuro pr\u00f3spero.<\/p>\n<p><b>Prensa Presidencial<\/b><\/div>\n<\/div>\n<div class=\"pvc_clear\"><\/div>\n<p id=\"pvc_stats_24697\" class=\"pvc_stats all  \" data-element-id=\"24697\" style=\"\"><i class=\"pvc-stats-icon large\" aria-hidden=\"true\"><svg xmlns=\"http:\/\/www.w3.org\/2000\/svg\" version=\"1.0\" viewBox=\"0 0 502 315\" preserveAspectRatio=\"xMidYMid meet\"><g transform=\"translate(0,332) scale(0.1,-0.1)\" fill=\"\" stroke=\"none\"><path d=\"M2394 3279 l-29 -30 -3 -207 c-2 -182 0 -211 15 -242 39 -76 157 -76 196 0 15 31 17 60 15 243 l-3 209 -33 29 c-26 23 -41 29 -80 29 -41 0 -53 -5 -78 -31z\"\/><path d=\"M3085 3251 c-45 -19 -58 -50 -96 -229 -47 -217 -49 -260 -13 -295 52 -53 146 -42 177 20 16 31 87 366 87 410 0 70 -86 122 -155 94z\"\/><path d=\"M1751 3234 c-13 -9 -29 -31 -37 -50 -12 -29 -10 -49 21 -204 19 -94 39 -189 45 -210 14 -50 54 -80 110 -80 34 0 48 6 76 34 21 21 34 44 34 59 0 14 -18 113 -40 219 -37 178 -43 195 -70 221 -36 32 -101 37 -139 11z\"\/><path d=\"M1163 3073 c-36 -7 -73 -59 -73 -102 0 -56 133 -378 171 -413 34 -32 83 -37 129 -13 70 36 67 87 -16 290 -86 209 -89 214 -129 231 -35 14 -42 15 -82 7z\"\/><path d=\"M3689 3066 c-15 -9 -33 -30 -42 -48 -48 -103 -147 -355 -147 -375 0 -98 131 -148 192 -74 13 15 57 108 97 206 80 196 84 226 37 273 -30 30 -99 39 -137 18z\"\/><path d=\"M583 2784 c-38 -19 -67 -74 -58 -113 9 -42 211 -354 242 -373 16 -10 45 -18 66 -18 51 0 107 52 107 100 0 39 -1 41 -124 234 -80 126 -108 162 -133 173 -41 17 -61 16 -100 -3z\"\/><path d=\"M4250 2784 c-14 -9 -74 -91 -133 -183 -95 -150 -107 -173 -107 -213 0 -55 33 -94 87 -104 67 -13 90 8 211 198 130 202 137 225 78 284 -27 27 -42 34 -72 34 -22 0 -50 -8 -64 -16z\"\/><path d=\"M2275 2693 c-553 -48 -1095 -270 -1585 -649 -135 -104 -459 -423 -483 -476 -23 -49 -22 -139 2 -186 73 -142 361 -457 571 -626 285 -228 642 -407 990 -497 242 -63 336 -73 660 -74 310 0 370 5 595 52 535 111 1045 392 1455 803 122 121 250 273 275 326 19 41 19 137 0 174 -41 79 -309 363 -465 492 -447 370 -946 591 -1479 653 -113 14 -422 18 -536 8z m395 -428 c171 -34 330 -124 456 -258 112 -119 167 -219 211 -378 27 -96 24 -300 -5 -401 -72 -255 -236 -447 -474 -557 -132 -62 -201 -76 -368 -76 -167 0 -236 14 -368 76 -213 98 -373 271 -451 485 -162 444 86 934 547 1084 153 49 292 57 452 25z m909 -232 c222 -123 408 -262 593 -441 76 -74 138 -139 138 -144 0 -16 -233 -242 -330 -319 -155 -123 -309 -223 -461 -299 l-81 -41 32 46 c18 26 49 83 70 128 143 306 141 649 -6 957 -25 52 -61 116 -79 142 l-34 47 45 -20 c26 -10 76 -36 113 -56z m-2057 25 c-40 -58 -105 -190 -130 -263 -110 -324 -59 -707 132 -981 25 -35 42 -64 37 -64 -19 0 -241 119 -326 174 -188 122 -406 314 -532 468 l-58 71 108 103 c185 178 428 349 672 473 66 33 121 60 123 61 2 0 -10 -19 -26 -42z\"\/><path d=\"M2375 1950 c-198 -44 -350 -190 -395 -379 -18 -76 -8 -221 19 -290 114 -284 457 -406 731 -260 98 52 188 154 231 260 27 69 37 214 19 290 -38 163 -166 304 -326 360 -67 23 -215 33 -279 19z\"\/><\/g><\/svg><\/i> <img decoding=\"async\" width=\"16\" height=\"16\" alt=\"Loading\" src=\"https:\/\/esviafm.com\/wp-content\/plugins\/page-views-count\/ajax-loader-2x.gif\" border=0 \/><\/p>\n<div class=\"pvc_clear\"><\/div>\n","protected":false},"excerpt":{"rendered":"<p>En el marco de la segunda fase del Plan de las 7 Transformaciones, el presidente de la Rep\u00fablica Bolivariana de Venezuela, Nicol\u00e1s Maduro, dedic\u00f3 el mi\u00e9rcoles a las obras p\u00fablicas, y anunci\u00f3 la recuperaci\u00f3n del Sistema de Telef\u00e9rico Urbano Trolcable, reafirmando su compromiso con la mejora de infraestructura en el pa\u00eds. Durante el pase televisivo [&hellip;]<\/p>\n<div class=\"pvc_clear\"><\/div>\n<p id=\"pvc_stats_24697\" class=\"pvc_stats all  \" data-element-id=\"24697\" style=\"\"><i class=\"pvc-stats-icon large\" aria-hidden=\"true\"><svg xmlns=\"http:\/\/www.w3.org\/2000\/svg\" version=\"1.0\" viewBox=\"0 0 502 315\" preserveAspectRatio=\"xMidYMid meet\"><g transform=\"translate(0,332) scale(0.1,-0.1)\" fill=\"\" stroke=\"none\"><path d=\"M2394 3279 l-29 -30 -3 -207 c-2 -182 0 -211 15 -242 39 -76 157 -76 196 0 15 31 17 60 15 243 l-3 209 -33 29 c-26 23 -41 29 -80 29 -41 0 -53 -5 -78 -31z\"\/><path d=\"M3085 3251 c-45 -19 -58 -50 -96 -229 -47 -217 -49 -260 -13 -295 52 -53 146 -42 177 20 16 31 87 366 87 410 0 70 -86 122 -155 94z\"\/><path d=\"M1751 3234 c-13 -9 -29 -31 -37 -50 -12 -29 -10 -49 21 -204 19 -94 39 -189 45 -210 14 -50 54 -80 110 -80 34 0 48 6 76 34 21 21 34 44 34 59 0 14 -18 113 -40 219 -37 178 -43 195 -70 221 -36 32 -101 37 -139 11z\"\/><path d=\"M1163 3073 c-36 -7 -73 -59 -73 -102 0 -56 133 -378 171 -413 34 -32 83 -37 129 -13 70 36 67 87 -16 290 -86 209 -89 214 -129 231 -35 14 -42 15 -82 7z\"\/><path d=\"M3689 3066 c-15 -9 -33 -30 -42 -48 -48 -103 -147 -355 -147 -375 0 -98 131 -148 192 -74 13 15 57 108 97 206 80 196 84 226 37 273 -30 30 -99 39 -137 18z\"\/><path d=\"M583 2784 c-38 -19 -67 -74 -58 -113 9 -42 211 -354 242 -373 16 -10 45 -18 66 -18 51 0 107 52 107 100 0 39 -1 41 -124 234 -80 126 -108 162 -133 173 -41 17 -61 16 -100 -3z\"\/><path d=\"M4250 2784 c-14 -9 -74 -91 -133 -183 -95 -150 -107 -173 -107 -213 0 -55 33 -94 87 -104 67 -13 90 8 211 198 130 202 137 225 78 284 -27 27 -42 34 -72 34 -22 0 -50 -8 -64 -16z\"\/><path d=\"M2275 2693 c-553 -48 -1095 -270 -1585 -649 -135 -104 -459 -423 -483 -476 -23 -49 -22 -139 2 -186 73 -142 361 -457 571 -626 285 -228 642 -407 990 -497 242 -63 336 -73 660 -74 310 0 370 5 595 52 535 111 1045 392 1455 803 122 121 250 273 275 326 19 41 19 137 0 174 -41 79 -309 363 -465 492 -447 370 -946 591 -1479 653 -113 14 -422 18 -536 8z m395 -428 c171 -34 330 -124 456 -258 112 -119 167 -219 211 -378 27 -96 24 -300 -5 -401 -72 -255 -236 -447 -474 -557 -132 -62 -201 -76 -368 -76 -167 0 -236 14 -368 76 -213 98 -373 271 -451 485 -162 444 86 934 547 1084 153 49 292 57 452 25z m909 -232 c222 -123 408 -262 593 -441 76 -74 138 -139 138 -144 0 -16 -233 -242 -330 -319 -155 -123 -309 -223 -461 -299 l-81 -41 32 46 c18 26 49 83 70 128 143 306 141 649 -6 957 -25 52 -61 116 -79 142 l-34 47 45 -20 c26 -10 76 -36 113 -56z m-2057 25 c-40 -58 -105 -190 -130 -263 -110 -324 -59 -707 132 -981 25 -35 42 -64 37 -64 -19 0 -241 119 -326 174 -188 122 -406 314 -532 468 l-58 71 108 103 c185 178 428 349 672 473 66 33 121 60 123 61 2 0 -10 -19 -26 -42z\"\/><path d=\"M2375 1950 c-198 -44 -350 -190 -395 -379 -18 -76 -8 -221 19 -290 114 -284 457 -406 731 -260 98 52 188 154 231 260 27 69 37 214 19 290 -38 163 -166 304 -326 360 -67 23 -215 33 -279 19z\"\/><\/g><\/svg><\/i> <img decoding=\"async\" width=\"16\" height=\"16\" alt=\"Loading\" src=\"https:\/\/esviafm.com\/wp-content\/plugins\/page-views-count\/ajax-loader-2x.gif\" border=0 \/><\/p>\n<div class=\"pvc_clear\"><\/div>\n","protected":false},"author":1,"featured_media":0,"comment_status":"open","ping_status":"open","sticky":false,"template":"","format":"standard","meta":{"_et_pb_use_builder":"","_et_pb_old_content":"","_et_gb_content_width":"","footnotes":""},"categories":[25],"tags":[],"class_list":["post-24697","post","type-post","status-publish","format-standard","hentry","category-nacionales"],"_links":{"self":[{"href":"https:\/\/esviafm.com\/index.php\/wp-json\/wp\/v2\/posts\/24697","targetHints":{"allow":["GET"]}}],"collection":[{"href":"https:\/\/esviafm.com\/index.php\/wp-json\/wp\/v2\/posts"}],"about":[{"href":"https:\/\/esviafm.com\/index.php\/wp-json\/wp\/v2\/types\/post"}],"author":[{"embeddable":true,"href":"https:\/\/esviafm.com\/index.php\/wp-json\/wp\/v2\/users\/1"}],"replies":[{"embeddable":true,"href":"https:\/\/esviafm.com\/index.php\/wp-json\/wp\/v2\/comments?post=24697"}],"version-history":[{"count":1,"href":"https:\/\/esviafm.com\/index.php\/wp-json\/wp\/v2\/posts\/24697\/revisions"}],"predecessor-version":[{"id":24699,"href":"https:\/\/esviafm.com\/index.php\/wp-json\/wp\/v2\/posts\/24697\/revisions\/24699"}],"wp:attachment":[{"href":"https:\/\/esviafm.com\/index.php\/wp-json\/wp\/v2\/media?parent=24697"}],"wp:term":[{"taxonomy":"category","embeddable":true,"href":"https:\/\/esviafm.com\/index.php\/wp-json\/wp\/v2\/categories?post=24697"},{"taxonomy":"post_tag","embeddable":true,"href":"https:\/\/esviafm.com\/index.php\/wp-json\/wp\/v2\/tags?post=24697"}],"curies":[{"name":"wp","href":"https:\/\/api.w.org\/{rel}","templated":true}]}}