{"id":24541,"date":"2025-03-21T07:33:16","date_gmt":"2025-03-21T12:03:16","guid":{"rendered":"https:\/\/esviafm.com\/?p=24541"},"modified":"2025-03-21T07:33:16","modified_gmt":"2025-03-21T12:03:16","slug":"estudiantes-de-la-ucv-denunciaron-que-fue-borrado-homenaje-a-jovenes-fallecidos-en-protestas","status":"publish","type":"post","link":"https:\/\/esviafm.com\/index.php\/estudiantes-de-la-ucv-denunciaron-que-fue-borrado-homenaje-a-jovenes-fallecidos-en-protestas\/","title":{"rendered":"Estudiantes de la UCV denunciaron que fue borrado homenaje a j\u00f3venes fallecidos en protestas"},"content":{"rendered":"<header id=\"mvp-post-head\" class=\"left relative\">\n<h1 class=\"mvp-post-title left entry-title\">Estudiantes de la UCV denunciaron que fue borrado homenaje a j\u00f3venes fallecidos en protestas<\/h1>\n<p>Los nombres hab\u00edan sido escritos en el asfalto por la comunidad estudiantil como parte de una protesta creativa que inici\u00f3 desde la Puerta Tamanaco en el marco del D\u00eda de la Juventud<\/p>\n<div class=\"mvp-author-info-wrap left relative\">\n<div class=\"mvp-author-info-text left relative\">\n<div class=\"mvp-author-info-name left relative\"><\/div>\n<\/div>\n<\/div>\n<\/header>\n<div class=\"mvp-post-main-out left relative\">\n<div class=\"mvp-post-main-in\">\n<div id=\"mvp-post-content\" class=\"left relative\">\n<div id=\"mvp-post-feat-img\" class=\"left relative mvp-post-feat-img-wide2\"><img fetchpriority=\"high\" fetchpriority=\"high\" decoding=\"async\" class=\"attachment- size- wp-post-image entered lazyloaded\" src=\"https:\/\/elcooperante.com\/wp-content\/uploads\/2025\/03\/Adobe_Express_20250320_1710090_1.jpg.webp\" sizes=\"(max-width: 1200px) 100vw, 1200px\" srcset=\"https:\/\/elcooperante.com\/wp-content\/uploads\/2025\/03\/Adobe_Express_20250320_1710090_1.jpg.webp 1200w, https:\/\/elcooperante.com\/wp-content\/uploads\/2025\/03\/Adobe_Express_20250320_1710090_1-300x150.jpg.webp 300w, https:\/\/elcooperante.com\/wp-content\/uploads\/2025\/03\/Adobe_Express_20250320_1710090_1-1024x512.jpg.webp 1024w, https:\/\/elcooperante.com\/wp-content\/uploads\/2025\/03\/Adobe_Express_20250320_1710090_1-150x75.jpg.webp 150w, https:\/\/elcooperante.com\/wp-content\/uploads\/2025\/03\/Adobe_Express_20250320_1710090_1-18x9.jpg.webp 18w\" alt=\"\" width=\"1200\" height=\"600\" data-lazy-srcset=\"https:\/\/elcooperante.com\/wp-content\/uploads\/2025\/03\/Adobe_Express_20250320_1710090_1.jpg.webp 1200w, https:\/\/elcooperante.com\/wp-content\/uploads\/2025\/03\/Adobe_Express_20250320_1710090_1-300x150.jpg.webp 300w, https:\/\/elcooperante.com\/wp-content\/uploads\/2025\/03\/Adobe_Express_20250320_1710090_1-1024x512.jpg.webp 1024w, https:\/\/elcooperante.com\/wp-content\/uploads\/2025\/03\/Adobe_Express_20250320_1710090_1-150x75.jpg.webp 150w, https:\/\/elcooperante.com\/wp-content\/uploads\/2025\/03\/Adobe_Express_20250320_1710090_1-18x9.jpg.webp 18w\" data-lazy-sizes=\"(max-width: 1200px) 100vw, 1200px\" data-lazy-src=\"https:\/\/elcooperante.com\/wp-content\/uploads\/2025\/03\/Adobe_Express_20250320_1710090_1.jpg.webp\" data-lazy-src-webp=\"https:\/\/elcooperante.com\/wp-content\/uploads\/2025\/03\/Adobe_Express_20250320_1710090_1.jpg.webp\" data-lazy-srcset-webp=\"https:\/\/elcooperante.com\/wp-content\/uploads\/2025\/03\/Adobe_Express_20250320_1710090_1.jpg.webp 1200w, https:\/\/elcooperante.com\/wp-content\/uploads\/2025\/03\/Adobe_Express_20250320_1710090_1-300x150.jpg.webp 300w, https:\/\/elcooperante.com\/wp-content\/uploads\/2025\/03\/Adobe_Express_20250320_1710090_1-1024x512.jpg.webp 1024w, https:\/\/elcooperante.com\/wp-content\/uploads\/2025\/03\/Adobe_Express_20250320_1710090_1-150x75.jpg.webp 150w, https:\/\/elcooperante.com\/wp-content\/uploads\/2025\/03\/Adobe_Express_20250320_1710090_1-18x9.jpg.webp 18w\" data-ll-status=\"loaded\" \/><\/div>\n<div id=\"mvp-content-wrap\" class=\"left relative\">\n<div class=\"mvp-post-soc-out right relative\">\n<div class=\"mvp-post-soc-wrap left relative\"><\/div>\n<div class=\"mvp-post-soc-in\">\n<div id=\"mvp-content-body\" class=\"left relative\">\n<div id=\"mvp-content-body-top\" class=\"left relative\">\n<div id=\"mvp-content-main\" class=\"left relative\">\n<p><strong>Caracas \/ Foto: @VivaLaUCV.-\u00a0<\/strong>Estudiantes de la Universidad Central de Venezuela (UCV) denunciaron este jueves que fueron borrados los nombres de los j\u00f3venes fallecidos durante las protestas antigubernamentales, pintados en las calles de acceso a la universidad el pasado 12 de febrero.<\/p>\n<blockquote class=\"wp-block-quote is-layout-flow wp-block-quote-is-layout-flow\"><p>Lea tambi\u00e9n:\u00a0<a href=\"https:\/\/elcooperante.com\/mexico-y-costa-rica-entre-los-paises-mas-felices-del-mundo\/\">M\u00e9xico y Costa Rica entre los pa\u00edses m\u00e1s felices del mundo<\/a><\/p><\/blockquote>\n<p>En la red social X, el Movimiento Estudiantil Venezolano y alumnos de la UCV compartieron im\u00e1genes del hecho y lo calificaron como un intento por \u00abborrar la memoria\u00bb de los m\u00e1s de 300 manifestantes fallecidos desde 2014 durante las protestas contra el Gobierno de Nicol\u00e1s Maduro.<\/p>\n<p>Los nombres hab\u00edan sido escritos en el asfalto por la comunidad estudiantil como parte de una protesta creativa que inici\u00f3 desde la Puerta Tamanaco en el marco del D\u00eda de la Juventud.<\/p>\n<p>\u00abNo hay pintura que tape el hecho de ser el mayor oprobio de la historia de este pa\u00eds\u00bb, dijo el presidente de la Federaci\u00f3n de Centros Universitarios de la Universidad Central de Venezuela (FCU-UCV), Miguelangel Su\u00e1rez.<\/p>\n<p>Su\u00e1rez asegur\u00f3 el pasado\u00a0<a href=\"https:\/\/x.com\/VivaLaUCV\/status\/1889708957444280818?t=5diWS-st1_VqZcbBLGx8pg&amp;s=19\">12 de febrero<\/a>\u00a0que es fundamental \u00abpreservar la memoria hist\u00f3rica de los j\u00f3venes que cayeron en resistencia protestando\u00bb. Su\u00e1rez hizo un llamado a continuar la lucha por aquellos a quienes \u00abno les permitieron so\u00f1ar otra vez\u00bb.<\/p>\n<div class=\"mvp-post-ad-wrap\"><span class=\"mvp-ad-label\">Advertisement<\/span><\/p>\n<div class=\"mvp-post-ad\"><ins class=\"adsbygoogle\" data-ad-layout=\"in-article\" data-ad-format=\"fluid\" data-ad-client=\"ca-pub-3061194307455598\" data-ad-slot=\"2889620166\" data-adsbygoogle-status=\"done\" data-ad-status=\"unfilled\"><\/p>\n<div id=\"aswift_0_host\"><iframe id=\"aswift_0\" tabindex=\"0\" title=\"Advertisement\" src=\"https:\/\/googleads.g.doubleclick.net\/pagead\/ads?client=ca-pub-3061194307455598&amp;output=html&amp;h=185&amp;slotname=2889620166&amp;adk=899522795&amp;adf=3368303637&amp;pi=t.ma~as.2889620166&amp;w=740&amp;abgtt=11&amp;fwrn=4&amp;lmt=1742557208&amp;rafmt=11&amp;format=740x185&amp;url=https%3A%2F%2Felcooperante.com%2Festudiantes-de-la-ucv-denunciaron-que-fue-borrado-homenaje-a-jovenes-fallecidos-en-protestas%2F&amp;wgl=1&amp;uach=WyJXaW5kb3dzIiwiMTAuMC4wIiwieDg2IiwiIiwiMTM0LjAuNjk5OC45MCIsbnVsbCwwLG51bGwsIjY0IixbWyJDaHJvbWl1bSIsIjEzNC4wLjY5OTguOTAiXSxbIk5vdDpBLUJyYW5kIiwiMjQuMC4wLjAiXSxbIkdvb2dsZSBDaHJvbWUiLCIxMzQuMC42OTk4LjkwIl1dLDBd&amp;dt=1742558488424&amp;bpp=5&amp;bdt=855&amp;idt=248&amp;shv=r20250319&amp;mjsv=m202503180101&amp;ptt=9&amp;saldr=aa&amp;abxe=1&amp;cookie_enabled=1&amp;eoidce=1&amp;correlator=5347128637517&amp;frm=20&amp;pv=2&amp;rplot=4&amp;u_tz=-240&amp;u_his=2&amp;u_h=768&amp;u_w=1360&amp;u_ah=728&amp;u_aw=1360&amp;u_cd=24&amp;u_sd=1&amp;dmc=8&amp;adx=153&amp;ady=1772&amp;biw=1345&amp;bih=607&amp;scr_x=0&amp;scr_y=0&amp;eid=42532523%2C95353421&amp;oid=2&amp;pvsid=3193274480254982&amp;tmod=455275879&amp;uas=0&amp;nvt=1&amp;ref=https%3A%2F%2Fwww.google.com%2F&amp;fc=640&amp;brdim=0%2C0%2C0%2C0%2C1360%2C0%2C1360%2C728%2C1360%2C607&amp;vis=1&amp;rsz=%7C%7CoeEbr%7C&amp;abl=CS&amp;pfx=0&amp;fu=128&amp;bc=31&amp;bz=1&amp;td=1&amp;tdf=2&amp;psd=W251bGwsW251bGwsbnVsbCxudWxsLCJkZXByZWNhdGVkX2thbm9uIl0sbnVsbCwzXQ..&amp;nt=1&amp;pgls=CAEaBTYuNy4y&amp;ifi=1&amp;uci=a!1&amp;btvi=1&amp;fsb=1&amp;dtd=293\" name=\"aswift_0\" width=\"740\" height=\"0\" frameborder=\"0\" marginwidth=\"0\" marginheight=\"0\" scrolling=\"no\" sandbox=\"allow-forms allow-popups allow-popups-to-escape-sandbox allow-same-origin allow-scripts allow-top-navigation-by-user-activation\" data-google-container-id=\"a!1\" aria-label=\"Advertisement\" data-google-query-id=\"COmgjI-Qm4wDFS8LaAgd9SoICg\" data-load-complete=\"true\" data-mce-fragment=\"1\"><\/iframe><\/div>\n<p><\/ins><\/div>\n<\/div>\n<p>\u00abNosotros no los olvidamos. As\u00ed como estamos dispuestos a defender la verdad, vamos a seguir elevando las exigencias para que liberen a los docentes detenidos\u00bb, expres\u00f3. Adem\u00e1s, enfatiz\u00f3 que la lucha por la libertad y la justicia \u00abdebe continuar\u00bb, honrando el sacrificio de quienes perdieron la vida en defensa de un pa\u00eds mejor.<\/p>\n<div class=\"twitter-tweet twitter-tweet-rendered\"><iframe id=\"twitter-widget-0\" class=\"\" title=\"X Post\" src=\"https:\/\/platform.twitter.com\/embed\/Tweet.html?creatorScreenName=el_cooperante&amp;dnt=false&amp;embedId=twitter-widget-0&amp;features=eyJ0ZndfdGltZWxpbmVfbGlzdCI6eyJidWNrZXQiOltdLCJ2ZXJzaW9uIjpudWxsfSwidGZ3X2ZvbGxvd2VyX2NvdW50X3N1bnNldCI6eyJidWNrZXQiOnRydWUsInZlcnNpb24iOm51bGx9LCJ0ZndfdHdlZXRfZWRpdF9iYWNrZW5kIjp7ImJ1Y2tldCI6Im9uIiwidmVyc2lvbiI6bnVsbH0sInRmd19yZWZzcmNfc2Vzc2lvbiI6eyJidWNrZXQiOiJvbiIsInZlcnNpb24iOm51bGx9LCJ0ZndfZm9zbnJfc29mdF9pbnRlcnZlbnRpb25zX2VuYWJsZWQiOnsiYnVja2V0Ijoib24iLCJ2ZXJzaW9uIjpudWxsfSwidGZ3X21peGVkX21lZGlhXzE1ODk3Ijp7ImJ1Y2tldCI6InRyZWF0bWVudCIsInZlcnNpb24iOm51bGx9LCJ0ZndfZXhwZXJpbWVudHNfY29va2llX2V4cGlyYXRpb24iOnsiYnVja2V0IjoxMjA5NjAwLCJ2ZXJzaW9uIjpudWxsfSwidGZ3X3Nob3dfYmlyZHdhdGNoX3Bpdm90c19lbmFibGVkIjp7ImJ1Y2tldCI6Im9uIiwidmVyc2lvbiI6bnVsbH0sInRmd19kdXBsaWNhdGVfc2NyaWJlc190b19zZXR0aW5ncyI6eyJidWNrZXQiOiJvbiIsInZlcnNpb24iOm51bGx9LCJ0ZndfdXNlX3Byb2ZpbGVfaW1hZ2Vfc2hhcGVfZW5hYmxlZCI6eyJidWNrZXQiOiJvbiIsInZlcnNpb24iOm51bGx9LCJ0ZndfdmlkZW9faGxzX2R5bmFtaWNfbWFuaWZlc3RzXzE1MDgyIjp7ImJ1Y2tldCI6InRydWVfYml0cmF0ZSIsInZlcnNpb24iOm51bGx9LCJ0ZndfbGVnYWN5X3RpbWVsaW5lX3N1bnNldCI6eyJidWNrZXQiOnRydWUsInZlcnNpb24iOm51bGx9LCJ0ZndfdHdlZXRfZWRpdF9mcm9udGVuZCI6eyJidWNrZXQiOiJvbiIsInZlcnNpb24iOm51bGx9fQ%3D%3D&amp;frame=false&amp;hideCard=false&amp;hideThread=false&amp;id=1902744097741492509&amp;lang=es&amp;origin=https%3A%2F%2Felcooperante.com%2Festudiantes-de-la-ucv-denunciaron-que-fue-borrado-homenaje-a-jovenes-fallecidos-en-protestas%2F&amp;sessionId=72c3fcd7002832c19434a8100767915cff3bfe71&amp;siteScreenName=el_cooperante&amp;theme=light&amp;widgetsVersion=2615f7e52b7e0%3A1702314776716&amp;width=550px\" frameborder=\"0\" scrolling=\"no\" allowfullscreen=\"allowfullscreen\" data-tweet-id=\"1902744097741492509\" data-mce-fragment=\"1\"><\/iframe><\/div>\n<div class=\"twitter-tweet twitter-tweet-rendered\"><iframe id=\"twitter-widget-1\" class=\"\" title=\"X Post\" src=\"https:\/\/platform.twitter.com\/embed\/Tweet.html?creatorScreenName=el_cooperante&amp;dnt=false&amp;embedId=twitter-widget-1&amp;features=eyJ0ZndfdGltZWxpbmVfbGlzdCI6eyJidWNrZXQiOltdLCJ2ZXJzaW9uIjpudWxsfSwidGZ3X2ZvbGxvd2VyX2NvdW50X3N1bnNldCI6eyJidWNrZXQiOnRydWUsInZlcnNpb24iOm51bGx9LCJ0ZndfdHdlZXRfZWRpdF9iYWNrZW5kIjp7ImJ1Y2tldCI6Im9uIiwidmVyc2lvbiI6bnVsbH0sInRmd19yZWZzcmNfc2Vzc2lvbiI6eyJidWNrZXQiOiJvbiIsInZlcnNpb24iOm51bGx9LCJ0ZndfZm9zbnJfc29mdF9pbnRlcnZlbnRpb25zX2VuYWJsZWQiOnsiYnVja2V0Ijoib24iLCJ2ZXJzaW9uIjpudWxsfSwidGZ3X21peGVkX21lZGlhXzE1ODk3Ijp7ImJ1Y2tldCI6InRyZWF0bWVudCIsInZlcnNpb24iOm51bGx9LCJ0ZndfZXhwZXJpbWVudHNfY29va2llX2V4cGlyYXRpb24iOnsiYnVja2V0IjoxMjA5NjAwLCJ2ZXJzaW9uIjpudWxsfSwidGZ3X3Nob3dfYmlyZHdhdGNoX3Bpdm90c19lbmFibGVkIjp7ImJ1Y2tldCI6Im9uIiwidmVyc2lvbiI6bnVsbH0sInRmd19kdXBsaWNhdGVfc2NyaWJlc190b19zZXR0aW5ncyI6eyJidWNrZXQiOiJvbiIsInZlcnNpb24iOm51bGx9LCJ0ZndfdXNlX3Byb2ZpbGVfaW1hZ2Vfc2hhcGVfZW5hYmxlZCI6eyJidWNrZXQiOiJvbiIsInZlcnNpb24iOm51bGx9LCJ0ZndfdmlkZW9faGxzX2R5bmFtaWNfbWFuaWZlc3RzXzE1MDgyIjp7ImJ1Y2tldCI6InRydWVfYml0cmF0ZSIsInZlcnNpb24iOm51bGx9LCJ0ZndfbGVnYWN5X3RpbWVsaW5lX3N1bnNldCI6eyJidWNrZXQiOnRydWUsInZlcnNpb24iOm51bGx9LCJ0ZndfdHdlZXRfZWRpdF9mcm9udGVuZCI6eyJidWNrZXQiOiJvbiIsInZlcnNpb24iOm51bGx9fQ%3D%3D&amp;frame=false&amp;hideCard=false&amp;hideThread=false&amp;id=1902726969612988694&amp;lang=es&amp;origin=https%3A%2F%2Felcooperante.com%2Festudiantes-de-la-ucv-denunciaron-que-fue-borrado-homenaje-a-jovenes-fallecidos-en-protestas%2F&amp;sessionId=72c3fcd7002832c19434a8100767915cff3bfe71&amp;siteScreenName=el_cooperante&amp;theme=light&amp;widgetsVersion=2615f7e52b7e0%3A1702314776716&amp;width=550px\" frameborder=\"0\" scrolling=\"no\" allowfullscreen=\"allowfullscreen\" data-tweet-id=\"1902726969612988694\" data-mce-fragment=\"1\"><\/iframe><\/div>\n<div class=\"twitter-tweet twitter-tweet-rendered\"><iframe id=\"twitter-widget-2\" class=\"\" title=\"X Post\" src=\"https:\/\/platform.twitter.com\/embed\/Tweet.html?creatorScreenName=el_cooperante&amp;dnt=false&amp;embedId=twitter-widget-2&amp;features=eyJ0ZndfdGltZWxpbmVfbGlzdCI6eyJidWNrZXQiOltdLCJ2ZXJzaW9uIjpudWxsfSwidGZ3X2ZvbGxvd2VyX2NvdW50X3N1bnNldCI6eyJidWNrZXQiOnRydWUsInZlcnNpb24iOm51bGx9LCJ0ZndfdHdlZXRfZWRpdF9iYWNrZW5kIjp7ImJ1Y2tldCI6Im9uIiwidmVyc2lvbiI6bnVsbH0sInRmd19yZWZzcmNfc2Vzc2lvbiI6eyJidWNrZXQiOiJvbiIsInZlcnNpb24iOm51bGx9LCJ0ZndfZm9zbnJfc29mdF9pbnRlcnZlbnRpb25zX2VuYWJsZWQiOnsiYnVja2V0Ijoib24iLCJ2ZXJzaW9uIjpudWxsfSwidGZ3X21peGVkX21lZGlhXzE1ODk3Ijp7ImJ1Y2tldCI6InRyZWF0bWVudCIsInZlcnNpb24iOm51bGx9LCJ0ZndfZXhwZXJpbWVudHNfY29va2llX2V4cGlyYXRpb24iOnsiYnVja2V0IjoxMjA5NjAwLCJ2ZXJzaW9uIjpudWxsfSwidGZ3X3Nob3dfYmlyZHdhdGNoX3Bpdm90c19lbmFibGVkIjp7ImJ1Y2tldCI6Im9uIiwidmVyc2lvbiI6bnVsbH0sInRmd19kdXBsaWNhdGVfc2NyaWJlc190b19zZXR0aW5ncyI6eyJidWNrZXQiOiJvbiIsInZlcnNpb24iOm51bGx9LCJ0ZndfdXNlX3Byb2ZpbGVfaW1hZ2Vfc2hhcGVfZW5hYmxlZCI6eyJidWNrZXQiOiJvbiIsInZlcnNpb24iOm51bGx9LCJ0ZndfdmlkZW9faGxzX2R5bmFtaWNfbWFuaWZlc3RzXzE1MDgyIjp7ImJ1Y2tldCI6InRydWVfYml0cmF0ZSIsInZlcnNpb24iOm51bGx9LCJ0ZndfbGVnYWN5X3RpbWVsaW5lX3N1bnNldCI6eyJidWNrZXQiOnRydWUsInZlcnNpb24iOm51bGx9LCJ0ZndfdHdlZXRfZWRpdF9mcm9udGVuZCI6eyJidWNrZXQiOiJvbiIsInZlcnNpb24iOm51bGx9fQ%3D%3D&amp;frame=false&amp;hideCard=false&amp;hideThread=false&amp;id=1902718365006745650&amp;lang=es&amp;origin=https%3A%2F%2Felcooperante.com%2Festudiantes-de-la-ucv-denunciaron-que-fue-borrado-homenaje-a-jovenes-fallecidos-en-protestas%2F&amp;sessionId=72c3fcd7002832c19434a8100767915cff3bfe71&amp;siteScreenName=el_cooperante&amp;theme=light&amp;widgetsVersion=2615f7e52b7e0%3A1702314776716&amp;width=550px\" frameborder=\"0\" scrolling=\"no\" allowfullscreen=\"allowfullscreen\" data-tweet-id=\"1902718365006745650\" data-mce-fragment=\"1\"><\/iframe><\/div>\n<\/div>\n<\/div>\n<\/div>\n<\/div>\n<\/div>\n<\/div>\n<\/div>\n<\/div>\n<\/div>\n<div class=\"pvc_clear\"><\/div>\n<p id=\"pvc_stats_24541\" class=\"pvc_stats all  \" data-element-id=\"24541\" style=\"\"><i class=\"pvc-stats-icon large\" aria-hidden=\"true\"><svg xmlns=\"http:\/\/www.w3.org\/2000\/svg\" version=\"1.0\" viewBox=\"0 0 502 315\" preserveAspectRatio=\"xMidYMid meet\"><g transform=\"translate(0,332) scale(0.1,-0.1)\" fill=\"\" stroke=\"none\"><path d=\"M2394 3279 l-29 -30 -3 -207 c-2 -182 0 -211 15 -242 39 -76 157 -76 196 0 15 31 17 60 15 243 l-3 209 -33 29 c-26 23 -41 29 -80 29 -41 0 -53 -5 -78 -31z\"\/><path d=\"M3085 3251 c-45 -19 -58 -50 -96 -229 -47 -217 -49 -260 -13 -295 52 -53 146 -42 177 20 16 31 87 366 87 410 0 70 -86 122 -155 94z\"\/><path d=\"M1751 3234 c-13 -9 -29 -31 -37 -50 -12 -29 -10 -49 21 -204 19 -94 39 -189 45 -210 14 -50 54 -80 110 -80 34 0 48 6 76 34 21 21 34 44 34 59 0 14 -18 113 -40 219 -37 178 -43 195 -70 221 -36 32 -101 37 -139 11z\"\/><path d=\"M1163 3073 c-36 -7 -73 -59 -73 -102 0 -56 133 -378 171 -413 34 -32 83 -37 129 -13 70 36 67 87 -16 290 -86 209 -89 214 -129 231 -35 14 -42 15 -82 7z\"\/><path d=\"M3689 3066 c-15 -9 -33 -30 -42 -48 -48 -103 -147 -355 -147 -375 0 -98 131 -148 192 -74 13 15 57 108 97 206 80 196 84 226 37 273 -30 30 -99 39 -137 18z\"\/><path d=\"M583 2784 c-38 -19 -67 -74 -58 -113 9 -42 211 -354 242 -373 16 -10 45 -18 66 -18 51 0 107 52 107 100 0 39 -1 41 -124 234 -80 126 -108 162 -133 173 -41 17 -61 16 -100 -3z\"\/><path d=\"M4250 2784 c-14 -9 -74 -91 -133 -183 -95 -150 -107 -173 -107 -213 0 -55 33 -94 87 -104 67 -13 90 8 211 198 130 202 137 225 78 284 -27 27 -42 34 -72 34 -22 0 -50 -8 -64 -16z\"\/><path d=\"M2275 2693 c-553 -48 -1095 -270 -1585 -649 -135 -104 -459 -423 -483 -476 -23 -49 -22 -139 2 -186 73 -142 361 -457 571 -626 285 -228 642 -407 990 -497 242 -63 336 -73 660 -74 310 0 370 5 595 52 535 111 1045 392 1455 803 122 121 250 273 275 326 19 41 19 137 0 174 -41 79 -309 363 -465 492 -447 370 -946 591 -1479 653 -113 14 -422 18 -536 8z m395 -428 c171 -34 330 -124 456 -258 112 -119 167 -219 211 -378 27 -96 24 -300 -5 -401 -72 -255 -236 -447 -474 -557 -132 -62 -201 -76 -368 -76 -167 0 -236 14 -368 76 -213 98 -373 271 -451 485 -162 444 86 934 547 1084 153 49 292 57 452 25z m909 -232 c222 -123 408 -262 593 -441 76 -74 138 -139 138 -144 0 -16 -233 -242 -330 -319 -155 -123 -309 -223 -461 -299 l-81 -41 32 46 c18 26 49 83 70 128 143 306 141 649 -6 957 -25 52 -61 116 -79 142 l-34 47 45 -20 c26 -10 76 -36 113 -56z m-2057 25 c-40 -58 -105 -190 -130 -263 -110 -324 -59 -707 132 -981 25 -35 42 -64 37 -64 -19 0 -241 119 -326 174 -188 122 -406 314 -532 468 l-58 71 108 103 c185 178 428 349 672 473 66 33 121 60 123 61 2 0 -10 -19 -26 -42z\"\/><path d=\"M2375 1950 c-198 -44 -350 -190 -395 -379 -18 -76 -8 -221 19 -290 114 -284 457 -406 731 -260 98 52 188 154 231 260 27 69 37 214 19 290 -38 163 -166 304 -326 360 -67 23 -215 33 -279 19z\"\/><\/g><\/svg><\/i> <img decoding=\"async\" width=\"16\" height=\"16\" alt=\"Loading\" src=\"https:\/\/esviafm.com\/wp-content\/plugins\/page-views-count\/ajax-loader-2x.gif\" border=0 \/><\/p>\n<div class=\"pvc_clear\"><\/div>\n","protected":false},"excerpt":{"rendered":"<p>Estudiantes de la UCV denunciaron que fue borrado homenaje a j\u00f3venes fallecidos en protestas Los nombres hab\u00edan sido escritos en el asfalto por la comunidad estudiantil como parte de una protesta creativa que inici\u00f3 desde la Puerta Tamanaco en el marco del D\u00eda de la Juventud Caracas \/ Foto: @VivaLaUCV.-\u00a0Estudiantes de la Universidad Central de [&hellip;]<\/p>\n<div class=\"pvc_clear\"><\/div>\n<p id=\"pvc_stats_24541\" class=\"pvc_stats all  \" data-element-id=\"24541\" style=\"\"><i class=\"pvc-stats-icon large\" aria-hidden=\"true\"><svg xmlns=\"http:\/\/www.w3.org\/2000\/svg\" version=\"1.0\" viewBox=\"0 0 502 315\" preserveAspectRatio=\"xMidYMid meet\"><g transform=\"translate(0,332) scale(0.1,-0.1)\" fill=\"\" stroke=\"none\"><path d=\"M2394 3279 l-29 -30 -3 -207 c-2 -182 0 -211 15 -242 39 -76 157 -76 196 0 15 31 17 60 15 243 l-3 209 -33 29 c-26 23 -41 29 -80 29 -41 0 -53 -5 -78 -31z\"\/><path d=\"M3085 3251 c-45 -19 -58 -50 -96 -229 -47 -217 -49 -260 -13 -295 52 -53 146 -42 177 20 16 31 87 366 87 410 0 70 -86 122 -155 94z\"\/><path d=\"M1751 3234 c-13 -9 -29 -31 -37 -50 -12 -29 -10 -49 21 -204 19 -94 39 -189 45 -210 14 -50 54 -80 110 -80 34 0 48 6 76 34 21 21 34 44 34 59 0 14 -18 113 -40 219 -37 178 -43 195 -70 221 -36 32 -101 37 -139 11z\"\/><path d=\"M1163 3073 c-36 -7 -73 -59 -73 -102 0 -56 133 -378 171 -413 34 -32 83 -37 129 -13 70 36 67 87 -16 290 -86 209 -89 214 -129 231 -35 14 -42 15 -82 7z\"\/><path d=\"M3689 3066 c-15 -9 -33 -30 -42 -48 -48 -103 -147 -355 -147 -375 0 -98 131 -148 192 -74 13 15 57 108 97 206 80 196 84 226 37 273 -30 30 -99 39 -137 18z\"\/><path d=\"M583 2784 c-38 -19 -67 -74 -58 -113 9 -42 211 -354 242 -373 16 -10 45 -18 66 -18 51 0 107 52 107 100 0 39 -1 41 -124 234 -80 126 -108 162 -133 173 -41 17 -61 16 -100 -3z\"\/><path d=\"M4250 2784 c-14 -9 -74 -91 -133 -183 -95 -150 -107 -173 -107 -213 0 -55 33 -94 87 -104 67 -13 90 8 211 198 130 202 137 225 78 284 -27 27 -42 34 -72 34 -22 0 -50 -8 -64 -16z\"\/><path d=\"M2275 2693 c-553 -48 -1095 -270 -1585 -649 -135 -104 -459 -423 -483 -476 -23 -49 -22 -139 2 -186 73 -142 361 -457 571 -626 285 -228 642 -407 990 -497 242 -63 336 -73 660 -74 310 0 370 5 595 52 535 111 1045 392 1455 803 122 121 250 273 275 326 19 41 19 137 0 174 -41 79 -309 363 -465 492 -447 370 -946 591 -1479 653 -113 14 -422 18 -536 8z m395 -428 c171 -34 330 -124 456 -258 112 -119 167 -219 211 -378 27 -96 24 -300 -5 -401 -72 -255 -236 -447 -474 -557 -132 -62 -201 -76 -368 -76 -167 0 -236 14 -368 76 -213 98 -373 271 -451 485 -162 444 86 934 547 1084 153 49 292 57 452 25z m909 -232 c222 -123 408 -262 593 -441 76 -74 138 -139 138 -144 0 -16 -233 -242 -330 -319 -155 -123 -309 -223 -461 -299 l-81 -41 32 46 c18 26 49 83 70 128 143 306 141 649 -6 957 -25 52 -61 116 -79 142 l-34 47 45 -20 c26 -10 76 -36 113 -56z m-2057 25 c-40 -58 -105 -190 -130 -263 -110 -324 -59 -707 132 -981 25 -35 42 -64 37 -64 -19 0 -241 119 -326 174 -188 122 -406 314 -532 468 l-58 71 108 103 c185 178 428 349 672 473 66 33 121 60 123 61 2 0 -10 -19 -26 -42z\"\/><path d=\"M2375 1950 c-198 -44 -350 -190 -395 -379 -18 -76 -8 -221 19 -290 114 -284 457 -406 731 -260 98 52 188 154 231 260 27 69 37 214 19 290 -38 163 -166 304 -326 360 -67 23 -215 33 -279 19z\"\/><\/g><\/svg><\/i> <img decoding=\"async\" width=\"16\" height=\"16\" alt=\"Loading\" src=\"https:\/\/esviafm.com\/wp-content\/plugins\/page-views-count\/ajax-loader-2x.gif\" border=0 \/><\/p>\n<div class=\"pvc_clear\"><\/div>\n","protected":false},"author":1,"featured_media":0,"comment_status":"open","ping_status":"open","sticky":false,"template":"","format":"standard","meta":{"_et_pb_use_builder":"","_et_pb_old_content":"","_et_gb_content_width":"","footnotes":""},"categories":[25],"tags":[],"class_list":["post-24541","post","type-post","status-publish","format-standard","hentry","category-nacionales"],"_links":{"self":[{"href":"https:\/\/esviafm.com\/index.php\/wp-json\/wp\/v2\/posts\/24541","targetHints":{"allow":["GET"]}}],"collection":[{"href":"https:\/\/esviafm.com\/index.php\/wp-json\/wp\/v2\/posts"}],"about":[{"href":"https:\/\/esviafm.com\/index.php\/wp-json\/wp\/v2\/types\/post"}],"author":[{"embeddable":true,"href":"https:\/\/esviafm.com\/index.php\/wp-json\/wp\/v2\/users\/1"}],"replies":[{"embeddable":true,"href":"https:\/\/esviafm.com\/index.php\/wp-json\/wp\/v2\/comments?post=24541"}],"version-history":[{"count":1,"href":"https:\/\/esviafm.com\/index.php\/wp-json\/wp\/v2\/posts\/24541\/revisions"}],"predecessor-version":[{"id":24543,"href":"https:\/\/esviafm.com\/index.php\/wp-json\/wp\/v2\/posts\/24541\/revisions\/24543"}],"wp:attachment":[{"href":"https:\/\/esviafm.com\/index.php\/wp-json\/wp\/v2\/media?parent=24541"}],"wp:term":[{"taxonomy":"category","embeddable":true,"href":"https:\/\/esviafm.com\/index.php\/wp-json\/wp\/v2\/categories?post=24541"},{"taxonomy":"post_tag","embeddable":true,"href":"https:\/\/esviafm.com\/index.php\/wp-json\/wp\/v2\/tags?post=24541"}],"curies":[{"name":"wp","href":"https:\/\/api.w.org\/{rel}","templated":true}]}}