{"id":24491,"date":"2025-03-20T07:19:26","date_gmt":"2025-03-20T11:49:26","guid":{"rendered":"https:\/\/esviafm.com\/?p=24491"},"modified":"2025-03-20T07:19:26","modified_gmt":"2025-03-20T11:49:26","slug":"trabajadores-universitarios-protestan-en-caracas-exigiendo-salarios-dignos-y-respeto-a-la-autonomia-universitaria","status":"publish","type":"post","link":"https:\/\/esviafm.com\/index.php\/trabajadores-universitarios-protestan-en-caracas-exigiendo-salarios-dignos-y-respeto-a-la-autonomia-universitaria\/","title":{"rendered":"Trabajadores universitarios protestan en Caracas exigiendo salarios dignos y respeto a la autonom\u00eda universitaria"},"content":{"rendered":"<p>Trabajadores universitarios de Caracas se movilizaron este martes en una masiva\u00a0<strong>manifestaci\u00f3n para exigir salarios dignos<\/strong>, un presupuesto justo para las universidades y el respeto a la autonom\u00eda universitaria. Los manifestantes marchar\u00e1 por la ciudad hasta la sede del<strong>\u00a0Ministerio de Educaci\u00f3n Universitaria<\/strong>\u00a0en la Esquina de El Chorro.<\/p>\n<div id=\"elimp-1590121742\" class=\"elimp-contenido\"><\/div>\n<p>La protesta, enmarcada en la jornada nacional convocada por trabajadores p\u00fablicos, activos y jubilados, evidenci\u00f3 el profundo<strong>\u00a0malestar del sector educativo ante la falta de ajustes salariales<\/strong>\u00a0y la precaria situaci\u00f3n presupuestaria que enfrentan las instituciones de educaci\u00f3n superior.<\/p>\n<h2 class=\"wp-block-heading\">Derechos salariales y cesta b\u00e1sica<\/h2>\n<p>La jornada se inici\u00f3 con una concentraci\u00f3n en la\u00a0<strong>Plaza del Rectorado de la Universidad Central de Venezuela (UCV)<\/strong>, donde empleados, obreros y profesores se congregaron para iniciar su marcha hacia el centro de Caracas.<\/p>\n<div class=\"google-anno-skip google-anno-sc\" tabindex=\"0\" role=\"link\" aria-label=\"Viajes a Venezuela\" data-google-vignette=\"false\" data-google-interstitial=\"false\">Viajes a Venezuela<\/div>\n<p>La vice-rectora Acad\u00e9mica de la UCV, F\u00e1tima Garc\u00e9s, acompa\u00f1\u00f3 la movilizaci\u00f3n, respaldando las demandas de la Intergremial Universitaria.<\/p>\n<div class=\"google-auto-placed ap_container\"><ins class=\"adsbygoogle adsbygoogle-noablate\" data-ad-format=\"auto\" data-ad-client=\"ca-pub-7690825590694655\" data-adsbygoogle-status=\"done\" data-ad-status=\"unfilled\"><\/p>\n<div id=\"aswift_4_host\"><iframe id=\"aswift_4\" tabindex=\"0\" title=\"Advertisement\" src=\"https:\/\/googleads.g.doubleclick.net\/pagead\/ads?gdpr=0&amp;us_privacy=1---&amp;gpp_sid=-1&amp;client=ca-pub-7690825590694655&amp;output=html&amp;h=280&amp;adk=1710619859&amp;adf=3412200666&amp;w=762&amp;abgtt=6&amp;fwrn=4&amp;fwrnh=100&amp;lmt=1742397945&amp;num_ads=1&amp;rafmt=1&amp;armr=3&amp;sem=mc&amp;pwprc=4512835788&amp;ad_type=text_image&amp;format=762x280&amp;url=https%3A%2F%2Fwww.elimpulso.com%2F2025%2F03%2F19%2Fvideo-trabajadores-universitarios-protestan-en-caracas-exigiendo-salarios-dignos-y-respeto-a-la-autonomia-universitaria-19mar%2F&amp;fwr=0&amp;pra=3&amp;rh=191&amp;rw=762&amp;rpe=1&amp;resp_fmts=3&amp;wgl=1&amp;fa=27&amp;uach=WyJXaW5kb3dzIiwiMTAuMC4wIiwieDg2IiwiIiwiMTM0LjAuNjk5OC44OSIsbnVsbCwwLG51bGwsIjY0IixbWyJDaHJvbWl1bSIsIjEzNC4wLjY5OTguODkiXSxbIk5vdDpBLUJyYW5kIiwiMjQuMC4wLjAiXSxbIkdvb2dsZSBDaHJvbWUiLCIxMzQuMC42OTk4Ljg5Il1dLDBd&amp;dt=1742470899708&amp;bpp=4&amp;bdt=21804&amp;idt=5&amp;shv=r20250318&amp;mjsv=m202503170101&amp;ptt=9&amp;saldr=aa&amp;abxe=1&amp;cookie=ID%3D5cbf05c4edc88cfd%3AT%3D1726743684%3ART%3D1742470854%3AS%3DALNI_MZ7yYR3L6L7Mth26yAo2nEf_I7C1g&amp;gpic=UID%3D00000a5188f9e391%3AT%3D1726743684%3ART%3D1742470854%3AS%3DALNI_Mbs8_TawpzmiipOiKIpE59SFoiHQg&amp;eo_id_str=ID%3D4cd9d5eb846f1048%3AT%3D1742295899%3ART%3D1742470854%3AS%3DAA-AfjY-muD1nxavWgjmIUeRTde5&amp;prev_fmts=0x0%2C762x191%2C300x250&amp;nras=2&amp;correlator=927582066984&amp;frm=20&amp;pv=1&amp;u_tz=-240&amp;u_his=1&amp;u_h=768&amp;u_w=1360&amp;u_ah=728&amp;u_aw=1360&amp;u_cd=24&amp;u_sd=1&amp;dmc=8&amp;adx=131&amp;ady=2046&amp;biw=1345&amp;bih=607&amp;scr_x=0&amp;scr_y=0&amp;eid=95353929%2C31091112%2C31090357&amp;oid=2&amp;pvsid=4027156213663199&amp;tmod=55922203&amp;uas=0&amp;nvt=1&amp;fc=1408&amp;brdim=0%2C0%2C0%2C0%2C1360%2C0%2C0%2C0%2C1360%2C607&amp;vis=1&amp;rsz=%7C%7Cs%7C&amp;abl=NS&amp;fu=128&amp;bc=31&amp;bz=0&amp;td=1&amp;tdf=2&amp;psd=W251bGwsW251bGwsbnVsbCxudWxsLCJkZXByZWNhdGVkX2thbm9uIl0sbnVsbCwzXQ..&amp;nt=1&amp;ifi=5&amp;uci=a!5&amp;btvi=3&amp;fsb=1&amp;dtd=M\" name=\"aswift_4\" width=\"762\" height=\"0\" frameborder=\"0\" marginwidth=\"0\" marginheight=\"0\" scrolling=\"no\" sandbox=\"allow-forms allow-popups allow-popups-to-escape-sandbox allow-same-origin allow-scripts allow-top-navigation-by-user-activation\" data-google-container-id=\"a!5\" aria-label=\"Advertisement\" data-google-query-id=\"CPS-lrTLmIwDFSPauAgdEsYESg\" data-load-complete=\"true\" data-mce-fragment=\"1\"><\/iframe><\/div>\n<p><\/ins><\/div>\n<p>Trabajadores, empleados y obreros de las<strong>\u00a0universidades Sim\u00f3n Rodr\u00edguez y Sim\u00f3n Bolivar<\/strong>, acompa\u00f1an la movilizaci\u00f3n convocada por la Intergremial UCV exigiendo salarios dignos y presupuesto justo.<\/p>\n<figure class=\"wp-block-embed is-type-rich is-provider-twitter wp-block-embed-twitter\">\n<div class=\"wp-block-embed__wrapper\">\n<div class=\"twitter-tweet twitter-tweet-rendered\"><iframe id=\"twitter-widget-0\" class=\"\" title=\"X Post\" src=\"https:\/\/platform.twitter.com\/embed\/Tweet.html?creatorScreenName=Carmenmilagro_&amp;dnt=true&amp;embedId=twitter-widget-0&amp;features=eyJ0ZndfdGltZWxpbmVfbGlzdCI6eyJidWNrZXQiOltdLCJ2ZXJzaW9uIjpudWxsfSwidGZ3X2ZvbGxvd2VyX2NvdW50X3N1bnNldCI6eyJidWNrZXQiOnRydWUsInZlcnNpb24iOm51bGx9LCJ0ZndfdHdlZXRfZWRpdF9iYWNrZW5kIjp7ImJ1Y2tldCI6Im9uIiwidmVyc2lvbiI6bnVsbH0sInRmd19yZWZzcmNfc2Vzc2lvbiI6eyJidWNrZXQiOiJvbiIsInZlcnNpb24iOm51bGx9LCJ0ZndfZm9zbnJfc29mdF9pbnRlcnZlbnRpb25zX2VuYWJsZWQiOnsiYnVja2V0Ijoib24iLCJ2ZXJzaW9uIjpudWxsfSwidGZ3X21peGVkX21lZGlhXzE1ODk3Ijp7ImJ1Y2tldCI6InRyZWF0bWVudCIsInZlcnNpb24iOm51bGx9LCJ0ZndfZXhwZXJpbWVudHNfY29va2llX2V4cGlyYXRpb24iOnsiYnVja2V0IjoxMjA5NjAwLCJ2ZXJzaW9uIjpudWxsfSwidGZ3X3Nob3dfYmlyZHdhdGNoX3Bpdm90c19lbmFibGVkIjp7ImJ1Y2tldCI6Im9uIiwidmVyc2lvbiI6bnVsbH0sInRmd19kdXBsaWNhdGVfc2NyaWJlc190b19zZXR0aW5ncyI6eyJidWNrZXQiOiJvbiIsInZlcnNpb24iOm51bGx9LCJ0ZndfdXNlX3Byb2ZpbGVfaW1hZ2Vfc2hhcGVfZW5hYmxlZCI6eyJidWNrZXQiOiJvbiIsInZlcnNpb24iOm51bGx9LCJ0ZndfdmlkZW9faGxzX2R5bmFtaWNfbWFuaWZlc3RzXzE1MDgyIjp7ImJ1Y2tldCI6InRydWVfYml0cmF0ZSIsInZlcnNpb24iOm51bGx9LCJ0ZndfbGVnYWN5X3RpbWVsaW5lX3N1bnNldCI6eyJidWNrZXQiOnRydWUsInZlcnNpb24iOm51bGx9LCJ0ZndfdHdlZXRfZWRpdF9mcm9udGVuZCI6eyJidWNrZXQiOiJvbiIsInZlcnNpb24iOm51bGx9fQ%3D%3D&amp;frame=false&amp;hideCard=false&amp;hideThread=false&amp;id=1902374016247099506&amp;lang=es&amp;origin=https%3A%2F%2Fwww.elimpulso.com%2F2025%2F03%2F19%2Fvideo-trabajadores-universitarios-protestan-en-caracas-exigiendo-salarios-dignos-y-respeto-a-la-autonomia-universitaria-19mar%2F&amp;sessionId=076a1bb45b9d11f02f1c14b2c90100ae7a94dd49&amp;siteScreenName=elimpulsocom&amp;theme=light&amp;widgetsVersion=2615f7e52b7e0%3A1702314776716&amp;width=550px\" frameborder=\"0\" scrolling=\"no\" allowfullscreen=\"allowfullscreen\" data-tweet-id=\"1902374016247099506\" data-mce-fragment=\"1\"><\/iframe><\/div>\n<\/div>\n<\/figure>\n<h2 class=\"wp-block-heading\">\u00abCumplir con la Constituci\u00f3n\u00bb<\/h2>\n<p>Carlos Timaure, representante de la Comisi\u00f3n Sindical de Conflicto, fue enf\u00e1tico en sus declaraciones: \u00abNo estamos pidiendo nada extra\u00f1o, estamos pidiendo que se cumpla con la Constituci\u00f3n Nacional\u00bb.<\/p>\n<div class=\"google-auto-placed ap_container\"><ins class=\"adsbygoogle adsbygoogle-noablate\" data-ad-format=\"auto\" data-ad-client=\"ca-pub-7690825590694655\" data-adsbygoogle-status=\"done\" data-ad-status=\"unfilled\"><\/p>\n<div id=\"aswift_5_host\"><iframe id=\"aswift_5\" tabindex=\"0\" title=\"Advertisement\" src=\"https:\/\/googleads.g.doubleclick.net\/pagead\/ads?gdpr=0&amp;us_privacy=1---&amp;gpp_sid=-1&amp;client=ca-pub-7690825590694655&amp;output=html&amp;h=280&amp;adk=1710619859&amp;adf=630973265&amp;w=762&amp;abgtt=6&amp;fwrn=4&amp;fwrnh=100&amp;lmt=1742397945&amp;num_ads=1&amp;rafmt=1&amp;armr=3&amp;sem=mc&amp;pwprc=4512835788&amp;ad_type=text_image&amp;format=762x280&amp;url=https%3A%2F%2Fwww.elimpulso.com%2F2025%2F03%2F19%2Fvideo-trabajadores-universitarios-protestan-en-caracas-exigiendo-salarios-dignos-y-respeto-a-la-autonomia-universitaria-19mar%2F&amp;fwr=0&amp;pra=3&amp;rh=191&amp;rw=762&amp;rpe=1&amp;resp_fmts=3&amp;wgl=1&amp;fa=27&amp;uach=WyJXaW5kb3dzIiwiMTAuMC4wIiwieDg2IiwiIiwiMTM0LjAuNjk5OC44OSIsbnVsbCwwLG51bGwsIjY0IixbWyJDaHJvbWl1bSIsIjEzNC4wLjY5OTguODkiXSxbIk5vdDpBLUJyYW5kIiwiMjQuMC4wLjAiXSxbIkdvb2dsZSBDaHJvbWUiLCIxMzQuMC42OTk4Ljg5Il1dLDBd&amp;dt=1742470899733&amp;bpp=2&amp;bdt=21829&amp;idt=3&amp;shv=r20250318&amp;mjsv=m202503170101&amp;ptt=9&amp;saldr=aa&amp;abxe=1&amp;cookie=ID%3D5cbf05c4edc88cfd%3AT%3D1726743684%3ART%3D1742471294%3AS%3DALNI_MZ7yYR3L6L7Mth26yAo2nEf_I7C1g&amp;gpic=UID%3D00000a5188f9e391%3AT%3D1726743684%3ART%3D1742471294%3AS%3DALNI_Mbs8_TawpzmiipOiKIpE59SFoiHQg&amp;eo_id_str=ID%3D4cd9d5eb846f1048%3AT%3D1742295899%3ART%3D1742471294%3AS%3DAA-AfjY-muD1nxavWgjmIUeRTde5&amp;prev_fmts=0x0%2C762x191%2C300x250%2C762x280&amp;nras=3&amp;correlator=927582066984&amp;frm=20&amp;pv=1&amp;u_tz=-240&amp;u_his=1&amp;u_h=768&amp;u_w=1360&amp;u_ah=728&amp;u_aw=1360&amp;u_cd=24&amp;u_sd=1&amp;dmc=8&amp;adx=131&amp;ady=2755&amp;biw=1345&amp;bih=607&amp;scr_x=0&amp;scr_y=400&amp;eid=95353929%2C31091112%2C31090357&amp;oid=2&amp;pvsid=4027156213663199&amp;tmod=55922203&amp;uas=0&amp;nvt=1&amp;fc=1408&amp;brdim=0%2C0%2C0%2C0%2C1360%2C0%2C1360%2C728%2C1360%2C607&amp;vis=1&amp;rsz=%7C%7Cs%7C&amp;abl=NS&amp;fu=128&amp;bc=31&amp;bz=1&amp;td=1&amp;tdf=2&amp;psd=W251bGwsW251bGwsbnVsbCxudWxsLCJkZXByZWNhdGVkX2thbm9uIl0sbnVsbCwzXQ..&amp;nt=1&amp;ifi=6&amp;uci=a!6&amp;btvi=4&amp;fsb=1&amp;dtd=M\" name=\"aswift_5\" width=\"762\" height=\"0\" frameborder=\"0\" marginwidth=\"0\" marginheight=\"0\" scrolling=\"no\" sandbox=\"allow-forms allow-popups allow-popups-to-escape-sandbox allow-same-origin allow-scripts allow-top-navigation-by-user-activation\" data-google-container-id=\"a!6\" aria-label=\"Advertisement\" data-google-query-id=\"CNuOp7bLmIwDFUzi_QUdKuUiQA\" data-load-complete=\"true\" data-mce-fragment=\"1\"><\/iframe><\/div>\n<p><\/ins><\/div>\n<p><strong>Timaure cuestion\u00f3 la propuesta de modificar la Constituci\u00f3n<\/strong>, argumentando que la actual es perfecta y contempla todos sus derechos, especialmente el art\u00edculo 91, que establece el ajuste anual del salario seg\u00fan la canasta alimentaria.<\/p>\n<blockquote class=\"wp-block-quote td_pull_quote td_pull_center is-layout-flow wp-block-quote-is-layout-flow\">\n<p class=\"has-black-color has-text-color has-link-color wp-elements-8979baa1abeed2bbbb6775bb0d5315c7\">\u00abAl gremio de educaci\u00f3n, profesores, trabajadores, jubilados y pensionados, en esa lucha diaria por obtener un ingreso justo, que le permita costear con sus necesidades elementales como todo ciudadano\u00bb, exigi\u00f3.<\/p>\n<\/blockquote>\n<p>Seg\u00fan expertos, esta canasta se sit\u00faa actualmente alrededor de los 1500 d\u00f3lares, contrastando dr\u00e1sticamente con los salarios de los trabajadores, que apenas alcanzan los 3 d\u00f3lares, y los de jubilados y pensionados, que rondan el d\u00f3lar con 20 centavos por quincena, enfatiz\u00f3.<\/p>\n<figure class=\"wp-block-gallery has-nested-images columns-default is-cropped wp-block-gallery-1 is-layout-flex wp-block-gallery-is-layout-flex\">\n<figure class=\"wp-block-image size-large\"><a class=\"td-modal-image\" href=\"https:\/\/cdn.elimpulso.com\/media\/2025\/03\/protesta-de-trabajadores-universitarios-1.jpg\"><img fetchpriority=\"high\" fetchpriority=\"high\" decoding=\"async\" class=\"wp-image-1284458\" src=\"https:\/\/cdn.elimpulso.com\/media\/2025\/03\/protesta-de-trabajadores-universitarios-1-1280x720.jpg\" sizes=\"(max-width: 1280px) 100vw, 1280px\" srcset=\"https:\/\/cdn.elimpulso.com\/media\/2025\/03\/protesta-de-trabajadores-universitarios-1-1280x720.jpg 1280w, https:\/\/cdn.elimpulso.com\/media\/2025\/03\/protesta-de-trabajadores-universitarios-1-768x432.jpg 768w, https:\/\/cdn.elimpulso.com\/media\/2025\/03\/protesta-de-trabajadores-universitarios-1-1536x864.jpg 1536w, https:\/\/cdn.elimpulso.com\/media\/2025\/03\/protesta-de-trabajadores-universitarios-1-747x420.jpg 747w, https:\/\/cdn.elimpulso.com\/media\/2025\/03\/protesta-de-trabajadores-universitarios-1-1493x840.jpg 1493w, https:\/\/cdn.elimpulso.com\/media\/2025\/03\/protesta-de-trabajadores-universitarios-1-696x392.jpg 696w, https:\/\/cdn.elimpulso.com\/media\/2025\/03\/protesta-de-trabajadores-universitarios-1-1392x783.jpg 1392w, https:\/\/cdn.elimpulso.com\/media\/2025\/03\/protesta-de-trabajadores-universitarios-1-1068x601.jpg 1068w, https:\/\/cdn.elimpulso.com\/media\/2025\/03\/protesta-de-trabajadores-universitarios-1-150x84.jpg 150w, https:\/\/cdn.elimpulso.com\/media\/2025\/03\/protesta-de-trabajadores-universitarios-1.jpg 1920w\" alt=\"\" width=\"1280\" height=\"720\" data-id=\"1284458\" \/><\/a><figcaption class=\"wp-element-caption\">\u00abSalario igual a la canasta b\u00e1sica\u00bb, exigen los trabajadores universitarios.<\/figcaption><\/figure>\n<figure class=\"wp-block-image size-large\"><a class=\"td-modal-image\" href=\"https:\/\/cdn.elimpulso.com\/media\/2025\/03\/marcha.jpg\"><img decoding=\"async\" class=\"wp-image-1284459\" src=\"https:\/\/cdn.elimpulso.com\/media\/2025\/03\/marcha-1280x720.jpg\" sizes=\"(max-width: 1280px) 100vw, 1280px\" srcset=\"https:\/\/cdn.elimpulso.com\/media\/2025\/03\/marcha-1280x720.jpg 1280w, https:\/\/cdn.elimpulso.com\/media\/2025\/03\/marcha-768x432.jpg 768w, https:\/\/cdn.elimpulso.com\/media\/2025\/03\/marcha-1536x864.jpg 1536w, https:\/\/cdn.elimpulso.com\/media\/2025\/03\/marcha-747x420.jpg 747w, https:\/\/cdn.elimpulso.com\/media\/2025\/03\/marcha-1493x840.jpg 1493w, https:\/\/cdn.elimpulso.com\/media\/2025\/03\/marcha-696x392.jpg 696w, https:\/\/cdn.elimpulso.com\/media\/2025\/03\/marcha-1392x783.jpg 1392w, https:\/\/cdn.elimpulso.com\/media\/2025\/03\/marcha-1068x601.jpg 1068w, https:\/\/cdn.elimpulso.com\/media\/2025\/03\/marcha-150x84.jpg 150w, https:\/\/cdn.elimpulso.com\/media\/2025\/03\/marcha.jpg 1920w\" alt=\"\" width=\"1280\" height=\"720\" data-id=\"1284459\" \/><\/a><figcaption class=\"wp-element-caption\">Exigen presupuesto universitario, becas y ajuste salarial<\/figcaption><\/figure>\n<\/figure>\n<h2 class=\"wp-block-heading\">Estudiantes acompa\u00f1aron la movilizaci\u00f3n<\/h2>\n<div class=\"google-auto-placed ap_container\"><ins class=\"adsbygoogle adsbygoogle-noablate\" data-ad-format=\"auto\" data-ad-client=\"ca-pub-7690825590694655\" data-adsbygoogle-status=\"done\" data-ad-status=\"unfilled\"><\/p>\n<div id=\"aswift_6_host\"><iframe id=\"aswift_6\" tabindex=\"0\" title=\"Advertisement\" src=\"https:\/\/googleads.g.doubleclick.net\/pagead\/ads?gdpr=0&amp;us_privacy=1---&amp;gpp_sid=-1&amp;client=ca-pub-7690825590694655&amp;output=html&amp;h=280&amp;adk=1710619859&amp;adf=2336972936&amp;w=762&amp;abgtt=6&amp;fwrn=4&amp;fwrnh=100&amp;lmt=1742397945&amp;num_ads=1&amp;rafmt=1&amp;armr=3&amp;sem=mc&amp;pwprc=4512835788&amp;ad_type=text_image&amp;format=762x280&amp;url=https%3A%2F%2Fwww.elimpulso.com%2F2025%2F03%2F19%2Fvideo-trabajadores-universitarios-protestan-en-caracas-exigiendo-salarios-dignos-y-respeto-a-la-autonomia-universitaria-19mar%2F&amp;fwr=0&amp;pra=3&amp;rh=191&amp;rw=762&amp;rpe=1&amp;resp_fmts=3&amp;wgl=1&amp;fa=27&amp;uach=WyJXaW5kb3dzIiwiMTAuMC4wIiwieDg2IiwiIiwiMTM0LjAuNjk5OC44OSIsbnVsbCwwLG51bGwsIjY0IixbWyJDaHJvbWl1bSIsIjEzNC4wLjY5OTguODkiXSxbIk5vdDpBLUJyYW5kIiwiMjQuMC4wLjAiXSxbIkdvb2dsZSBDaHJvbWUiLCIxMzQuMC42OTk4Ljg5Il1dLDBd&amp;dt=1742470899754&amp;bpp=2&amp;bdt=21850&amp;idt=2&amp;shv=r20250318&amp;mjsv=m202503170101&amp;ptt=9&amp;saldr=aa&amp;abxe=1&amp;cookie=ID%3D5cbf05c4edc88cfd%3AT%3D1726743684%3ART%3D1742471294%3AS%3DALNI_MZ7yYR3L6L7Mth26yAo2nEf_I7C1g&amp;gpic=UID%3D00000a5188f9e391%3AT%3D1726743684%3ART%3D1742471294%3AS%3DALNI_Mbs8_TawpzmiipOiKIpE59SFoiHQg&amp;eo_id_str=ID%3D4cd9d5eb846f1048%3AT%3D1742295899%3ART%3D1742471294%3AS%3DAA-AfjY-muD1nxavWgjmIUeRTde5&amp;prev_fmts=0x0%2C762x191%2C300x250%2C762x280%2C762x280&amp;nras=4&amp;correlator=927582066984&amp;frm=20&amp;pv=1&amp;u_tz=-240&amp;u_his=1&amp;u_h=768&amp;u_w=1360&amp;u_ah=728&amp;u_aw=1360&amp;u_cd=24&amp;u_sd=1&amp;dmc=8&amp;adx=131&amp;ady=3464&amp;biw=1345&amp;bih=607&amp;scr_x=0&amp;scr_y=1100&amp;eid=95353929%2C31091112%2C31090357&amp;oid=2&amp;pvsid=4027156213663199&amp;tmod=55922203&amp;uas=1&amp;nvt=1&amp;fc=1408&amp;brdim=0%2C0%2C0%2C0%2C1360%2C0%2C1360%2C728%2C1360%2C607&amp;vis=1&amp;rsz=%7C%7Cs%7C&amp;abl=NS&amp;fu=128&amp;bc=31&amp;bz=1&amp;td=1&amp;tdf=2&amp;psd=W251bGwsW251bGwsbnVsbCxudWxsLCJkZXByZWNhdGVkX2thbm9uIl0sbnVsbCwzXQ..&amp;nt=1&amp;ifi=7&amp;uci=a!7&amp;btvi=5&amp;fsb=1&amp;dtd=M\" name=\"aswift_6\" width=\"762\" height=\"0\" frameborder=\"0\" marginwidth=\"0\" marginheight=\"0\" scrolling=\"no\" sandbox=\"allow-forms allow-popups allow-popups-to-escape-sandbox allow-same-origin allow-scripts allow-top-navigation-by-user-activation\" data-google-container-id=\"a!7\" aria-label=\"Advertisement\" data-google-query-id=\"COPd9b7LmIwDFXPh_QUdJZMryA\" data-load-complete=\"true\" data-mce-fragment=\"1\"><\/iframe><\/div>\n<p><\/ins><\/div>\n<p>Los manifestantes corearon consignas en defensa de la educaci\u00f3n gratuita y de calidad, exigiendo un aumento de becas para los estudiantes y un\u00a0<strong>presupuesto adecuado para las universidades<\/strong>. La protesta se desarrolla de manera pac\u00edfica, pero con la firmeza de quienes llevan tres a\u00f1os sin recibir un aumento salarial que les permita cubrir sus necesidades b\u00e1sicas.<\/p>\n<p>La masiva movilizaci\u00f3n de los trabajadores universitarios de Caracas refleja la\u00a0<strong>creciente presi\u00f3n social ante la crisis econ\u00f3mica\u00a0<\/strong>y la falta de respuestas a las demandas de los distintos sectores de la sociedad. La exigencia de salarios dignos y el respeto a la autonom\u00eda universitaria resuenan como un llamado urgente a las autoridades para atender las necesidades del sector educativo y garantizar un futuro para la educaci\u00f3n superior en Venezuela.<\/p>\n<div class=\"google-anno-skip google-anno-sc\" tabindex=\"0\" role=\"link\" aria-label=\"Viajes a Venezuela\" data-google-vignette=\"false\" data-google-interstitial=\"false\">Viajes a Venezuela<\/div>\n<div class=\"pvc_clear\"><\/div>\n<p id=\"pvc_stats_24491\" class=\"pvc_stats all  \" data-element-id=\"24491\" style=\"\"><i class=\"pvc-stats-icon large\" aria-hidden=\"true\"><svg xmlns=\"http:\/\/www.w3.org\/2000\/svg\" version=\"1.0\" viewBox=\"0 0 502 315\" preserveAspectRatio=\"xMidYMid meet\"><g transform=\"translate(0,332) scale(0.1,-0.1)\" fill=\"\" stroke=\"none\"><path d=\"M2394 3279 l-29 -30 -3 -207 c-2 -182 0 -211 15 -242 39 -76 157 -76 196 0 15 31 17 60 15 243 l-3 209 -33 29 c-26 23 -41 29 -80 29 -41 0 -53 -5 -78 -31z\"\/><path d=\"M3085 3251 c-45 -19 -58 -50 -96 -229 -47 -217 -49 -260 -13 -295 52 -53 146 -42 177 20 16 31 87 366 87 410 0 70 -86 122 -155 94z\"\/><path d=\"M1751 3234 c-13 -9 -29 -31 -37 -50 -12 -29 -10 -49 21 -204 19 -94 39 -189 45 -210 14 -50 54 -80 110 -80 34 0 48 6 76 34 21 21 34 44 34 59 0 14 -18 113 -40 219 -37 178 -43 195 -70 221 -36 32 -101 37 -139 11z\"\/><path d=\"M1163 3073 c-36 -7 -73 -59 -73 -102 0 -56 133 -378 171 -413 34 -32 83 -37 129 -13 70 36 67 87 -16 290 -86 209 -89 214 -129 231 -35 14 -42 15 -82 7z\"\/><path d=\"M3689 3066 c-15 -9 -33 -30 -42 -48 -48 -103 -147 -355 -147 -375 0 -98 131 -148 192 -74 13 15 57 108 97 206 80 196 84 226 37 273 -30 30 -99 39 -137 18z\"\/><path d=\"M583 2784 c-38 -19 -67 -74 -58 -113 9 -42 211 -354 242 -373 16 -10 45 -18 66 -18 51 0 107 52 107 100 0 39 -1 41 -124 234 -80 126 -108 162 -133 173 -41 17 -61 16 -100 -3z\"\/><path d=\"M4250 2784 c-14 -9 -74 -91 -133 -183 -95 -150 -107 -173 -107 -213 0 -55 33 -94 87 -104 67 -13 90 8 211 198 130 202 137 225 78 284 -27 27 -42 34 -72 34 -22 0 -50 -8 -64 -16z\"\/><path d=\"M2275 2693 c-553 -48 -1095 -270 -1585 -649 -135 -104 -459 -423 -483 -476 -23 -49 -22 -139 2 -186 73 -142 361 -457 571 -626 285 -228 642 -407 990 -497 242 -63 336 -73 660 -74 310 0 370 5 595 52 535 111 1045 392 1455 803 122 121 250 273 275 326 19 41 19 137 0 174 -41 79 -309 363 -465 492 -447 370 -946 591 -1479 653 -113 14 -422 18 -536 8z m395 -428 c171 -34 330 -124 456 -258 112 -119 167 -219 211 -378 27 -96 24 -300 -5 -401 -72 -255 -236 -447 -474 -557 -132 -62 -201 -76 -368 -76 -167 0 -236 14 -368 76 -213 98 -373 271 -451 485 -162 444 86 934 547 1084 153 49 292 57 452 25z m909 -232 c222 -123 408 -262 593 -441 76 -74 138 -139 138 -144 0 -16 -233 -242 -330 -319 -155 -123 -309 -223 -461 -299 l-81 -41 32 46 c18 26 49 83 70 128 143 306 141 649 -6 957 -25 52 -61 116 -79 142 l-34 47 45 -20 c26 -10 76 -36 113 -56z m-2057 25 c-40 -58 -105 -190 -130 -263 -110 -324 -59 -707 132 -981 25 -35 42 -64 37 -64 -19 0 -241 119 -326 174 -188 122 -406 314 -532 468 l-58 71 108 103 c185 178 428 349 672 473 66 33 121 60 123 61 2 0 -10 -19 -26 -42z\"\/><path d=\"M2375 1950 c-198 -44 -350 -190 -395 -379 -18 -76 -8 -221 19 -290 114 -284 457 -406 731 -260 98 52 188 154 231 260 27 69 37 214 19 290 -38 163 -166 304 -326 360 -67 23 -215 33 -279 19z\"\/><\/g><\/svg><\/i> <img decoding=\"async\" width=\"16\" height=\"16\" alt=\"Loading\" src=\"https:\/\/esviafm.com\/wp-content\/plugins\/page-views-count\/ajax-loader-2x.gif\" border=0 \/><\/p>\n<div class=\"pvc_clear\"><\/div>\n","protected":false},"excerpt":{"rendered":"<p>Trabajadores universitarios de Caracas se movilizaron este martes en una masiva\u00a0manifestaci\u00f3n para exigir salarios dignos, un presupuesto justo para las universidades y el respeto a la autonom\u00eda universitaria. Los manifestantes marchar\u00e1 por la ciudad hasta la sede del\u00a0Ministerio de Educaci\u00f3n Universitaria\u00a0en la Esquina de El Chorro. La protesta, enmarcada en la jornada nacional convocada por [&hellip;]<\/p>\n<div class=\"pvc_clear\"><\/div>\n<p id=\"pvc_stats_24491\" class=\"pvc_stats all  \" data-element-id=\"24491\" style=\"\"><i class=\"pvc-stats-icon large\" aria-hidden=\"true\"><svg xmlns=\"http:\/\/www.w3.org\/2000\/svg\" version=\"1.0\" viewBox=\"0 0 502 315\" preserveAspectRatio=\"xMidYMid meet\"><g transform=\"translate(0,332) scale(0.1,-0.1)\" fill=\"\" stroke=\"none\"><path d=\"M2394 3279 l-29 -30 -3 -207 c-2 -182 0 -211 15 -242 39 -76 157 -76 196 0 15 31 17 60 15 243 l-3 209 -33 29 c-26 23 -41 29 -80 29 -41 0 -53 -5 -78 -31z\"\/><path d=\"M3085 3251 c-45 -19 -58 -50 -96 -229 -47 -217 -49 -260 -13 -295 52 -53 146 -42 177 20 16 31 87 366 87 410 0 70 -86 122 -155 94z\"\/><path d=\"M1751 3234 c-13 -9 -29 -31 -37 -50 -12 -29 -10 -49 21 -204 19 -94 39 -189 45 -210 14 -50 54 -80 110 -80 34 0 48 6 76 34 21 21 34 44 34 59 0 14 -18 113 -40 219 -37 178 -43 195 -70 221 -36 32 -101 37 -139 11z\"\/><path d=\"M1163 3073 c-36 -7 -73 -59 -73 -102 0 -56 133 -378 171 -413 34 -32 83 -37 129 -13 70 36 67 87 -16 290 -86 209 -89 214 -129 231 -35 14 -42 15 -82 7z\"\/><path d=\"M3689 3066 c-15 -9 -33 -30 -42 -48 -48 -103 -147 -355 -147 -375 0 -98 131 -148 192 -74 13 15 57 108 97 206 80 196 84 226 37 273 -30 30 -99 39 -137 18z\"\/><path d=\"M583 2784 c-38 -19 -67 -74 -58 -113 9 -42 211 -354 242 -373 16 -10 45 -18 66 -18 51 0 107 52 107 100 0 39 -1 41 -124 234 -80 126 -108 162 -133 173 -41 17 -61 16 -100 -3z\"\/><path d=\"M4250 2784 c-14 -9 -74 -91 -133 -183 -95 -150 -107 -173 -107 -213 0 -55 33 -94 87 -104 67 -13 90 8 211 198 130 202 137 225 78 284 -27 27 -42 34 -72 34 -22 0 -50 -8 -64 -16z\"\/><path d=\"M2275 2693 c-553 -48 -1095 -270 -1585 -649 -135 -104 -459 -423 -483 -476 -23 -49 -22 -139 2 -186 73 -142 361 -457 571 -626 285 -228 642 -407 990 -497 242 -63 336 -73 660 -74 310 0 370 5 595 52 535 111 1045 392 1455 803 122 121 250 273 275 326 19 41 19 137 0 174 -41 79 -309 363 -465 492 -447 370 -946 591 -1479 653 -113 14 -422 18 -536 8z m395 -428 c171 -34 330 -124 456 -258 112 -119 167 -219 211 -378 27 -96 24 -300 -5 -401 -72 -255 -236 -447 -474 -557 -132 -62 -201 -76 -368 -76 -167 0 -236 14 -368 76 -213 98 -373 271 -451 485 -162 444 86 934 547 1084 153 49 292 57 452 25z m909 -232 c222 -123 408 -262 593 -441 76 -74 138 -139 138 -144 0 -16 -233 -242 -330 -319 -155 -123 -309 -223 -461 -299 l-81 -41 32 46 c18 26 49 83 70 128 143 306 141 649 -6 957 -25 52 -61 116 -79 142 l-34 47 45 -20 c26 -10 76 -36 113 -56z m-2057 25 c-40 -58 -105 -190 -130 -263 -110 -324 -59 -707 132 -981 25 -35 42 -64 37 -64 -19 0 -241 119 -326 174 -188 122 -406 314 -532 468 l-58 71 108 103 c185 178 428 349 672 473 66 33 121 60 123 61 2 0 -10 -19 -26 -42z\"\/><path d=\"M2375 1950 c-198 -44 -350 -190 -395 -379 -18 -76 -8 -221 19 -290 114 -284 457 -406 731 -260 98 52 188 154 231 260 27 69 37 214 19 290 -38 163 -166 304 -326 360 -67 23 -215 33 -279 19z\"\/><\/g><\/svg><\/i> <img decoding=\"async\" width=\"16\" height=\"16\" alt=\"Loading\" src=\"https:\/\/esviafm.com\/wp-content\/plugins\/page-views-count\/ajax-loader-2x.gif\" border=0 \/><\/p>\n<div class=\"pvc_clear\"><\/div>\n","protected":false},"author":1,"featured_media":0,"comment_status":"open","ping_status":"open","sticky":false,"template":"","format":"standard","meta":{"_et_pb_use_builder":"","_et_pb_old_content":"","_et_gb_content_width":"","footnotes":""},"categories":[25],"tags":[],"class_list":["post-24491","post","type-post","status-publish","format-standard","hentry","category-nacionales"],"_links":{"self":[{"href":"https:\/\/esviafm.com\/index.php\/wp-json\/wp\/v2\/posts\/24491","targetHints":{"allow":["GET"]}}],"collection":[{"href":"https:\/\/esviafm.com\/index.php\/wp-json\/wp\/v2\/posts"}],"about":[{"href":"https:\/\/esviafm.com\/index.php\/wp-json\/wp\/v2\/types\/post"}],"author":[{"embeddable":true,"href":"https:\/\/esviafm.com\/index.php\/wp-json\/wp\/v2\/users\/1"}],"replies":[{"embeddable":true,"href":"https:\/\/esviafm.com\/index.php\/wp-json\/wp\/v2\/comments?post=24491"}],"version-history":[{"count":1,"href":"https:\/\/esviafm.com\/index.php\/wp-json\/wp\/v2\/posts\/24491\/revisions"}],"predecessor-version":[{"id":24493,"href":"https:\/\/esviafm.com\/index.php\/wp-json\/wp\/v2\/posts\/24491\/revisions\/24493"}],"wp:attachment":[{"href":"https:\/\/esviafm.com\/index.php\/wp-json\/wp\/v2\/media?parent=24491"}],"wp:term":[{"taxonomy":"category","embeddable":true,"href":"https:\/\/esviafm.com\/index.php\/wp-json\/wp\/v2\/categories?post=24491"},{"taxonomy":"post_tag","embeddable":true,"href":"https:\/\/esviafm.com\/index.php\/wp-json\/wp\/v2\/tags?post=24491"}],"curies":[{"name":"wp","href":"https:\/\/api.w.org\/{rel}","templated":true}]}}