{"id":24331,"date":"2025-03-13T07:16:48","date_gmt":"2025-03-13T11:46:48","guid":{"rendered":"https:\/\/esviafm.com\/?p=24331"},"modified":"2025-03-13T07:16:48","modified_gmt":"2025-03-13T11:46:48","slug":"parlamento-de-venezuela-creara-una-ley-para-proteger-la-funcion-de-la-cruz-roja-nacional","status":"publish","type":"post","link":"https:\/\/esviafm.com\/index.php\/parlamento-de-venezuela-creara-una-ley-para-proteger-la-funcion-de-la-cruz-roja-nacional\/","title":{"rendered":"Parlamento de Venezuela crear\u00e1 una ley para \u00abproteger\u00bb la funci\u00f3n de la Cruz Roja nacional"},"content":{"rendered":"<p>Caracas, 11 mar (EFE).- La Asamblea Nacional (AN) de Venezuela, controlada por el chavismo, crear\u00e1 una ley para \u00abproteger\u00bb la funci\u00f3n de la Cruz Roja Venezolana (CRV), tras m\u00e1s de cuatro d\u00e9cadas bajo una direcci\u00f3n que \u00abutiliz\u00f3 a la instituci\u00f3n\u00bb para \u00abdegradarla\u00bb, inform\u00f3 este martes el presidente del Parlamento unicameral, Jorge Rodr\u00edguez.<\/p>\n<p>Durante una sesi\u00f3n del Legislativo, el diputado explic\u00f3 que el planteamiento de la ley fue hecho por el presidente de la CRV, Luis Far\u00edas, con quien se reuni\u00f3 este martes, junto a otros directivos de la instituci\u00f3n venezolana y \u00abmiembros de la Federaci\u00f3n Internacional de la Cruz Roja\u00bb.<\/p>\n<p>Seg\u00fan Rodr\u00edguez, Far\u00edas subray\u00f3 la \u00abnecesidad de que, as\u00ed como ha ocurrido en otros pa\u00edses del continente americano, como es el caso de Argentina, de Costa Rica y de Rep\u00fablica Dominicana, pueda Venezuela tambi\u00e9n contar con una ley de la cruz roja para proteger\u00bb su funci\u00f3n y, en ese sentido, \u00abimpedir que se desv\u00ede\u00bb.<\/p>\n<p>\u00abEl anterior presidente de la Cruz Roja (venezolana, Mario Villaroel) fue presidente por (\u2026) 46 a\u00f1os, y en esos 46 a\u00f1os no hizo una sola elecci\u00f3n para escoger a la junta directiva de la Cruz Roja, y despachaba desde su mansi\u00f3n en Miami\u00bb, dijo el chavista.<\/p>\n<p>Asimismo, seg\u00fan Rodr\u00edguez, Villaroel utilizaba a la instituci\u00f3n para \u00abdeteriorarla\u00bb y \u00abobtener ingentes beneficios personales por la v\u00eda de la extorsi\u00f3n, del chantaje y de aliarse con los enemigos de Venezuela\u00bb.<\/p>\n<p>La Cruz Roja nacional fue intervenida en agosto de 2023 por orden del Tribunal Supremo de Justicia (TSJ), una semana despu\u00e9s de que la Fiscal\u00eda abriera una investigaci\u00f3n contra Villarroel por el \u00abpresunto acoso y maltrato\u00bb a voluntarios y trabajadores de la organizaci\u00f3n.<\/p>\n<p>Villarroel rechaz\u00f3 las acusaciones en su contra, que tild\u00f3 de \u00abdeshonestas\u00bb, y consider\u00f3 como \u00abilegal\u00bb la intervenci\u00f3n, que incluy\u00f3 tambi\u00e9n la designaci\u00f3n por parte del Supremo de una directiva para su reestructuraci\u00f3n.<\/p>\n<p>El jefe del Parlamento asegur\u00f3 este martes que, desde entonces, ha habido \u00abun nuevo aire que ha refrescado la funci\u00f3n para la cual fue fundada\u00bb la Cruz Roja, que ha trabajado junto con el Estado, brindado atenci\u00f3n a los migrantes venezolanos que han retornado a su pa\u00eds a trav\u00e9s del programa de repatriaci\u00f3n Vuelta a la Patria y a poblaciones en zonas fronterizas, seg\u00fan Rodr\u00edguez.<\/p>\n<p>Por tanto, orden\u00f3 a la Comisi\u00f3n de Educaci\u00f3n, Salud, Ciencia, Tecnolog\u00eda e Innovaci\u00f3n del Legislativo trabajar con la CRV en un proyecto de ley que ser\u00e1 posteriormente presentado ante la plenaria.<\/p>\n<p>En la reuni\u00f3n de este martes, estuvieron presentes la jefa de la Delegaci\u00f3n Regional Caracas del Comit\u00e9 Internacional de la Cruz Roja (CICR), Valerie Aubert, y el jefe de delegaci\u00f3n de la Federaci\u00f3n Internacional de Sociedades de la Cruz Roja y de la Media Luna Roja (IFRC), Nelson Aly.<\/p>\n<p>Seg\u00fan dijo a EFE el equipo de comunicaciones de la instituci\u00f3n venezolana, se busca, como en \u00abtodos los pa\u00edses donde est\u00e1 una Cruz Roja\u00bb, que \u00abse garantice el car\u00e1cter auxiliar de la misma en materia humanitaria\u00bb.<\/p>\n<p>En la regi\u00f3n latinoamericana, Argentina, Guatemala, Panam\u00e1 y Costa Rica cuentan con una Ley de la Cruz Roja, mientras que en Ecuador, M\u00e9xico, Uruguay y Honduras este tipo de normativa est\u00e1 en proceso de aprobaci\u00f3n, seg\u00fan la CRV.<\/p>\n<p>El pasado octubre, Far\u00edas dijo a EFE que la Cruz Roja Venezolana est\u00e1 viviendo una \u00abrefundaci\u00f3n\u00bb tras la crisis que culmin\u00f3 en 2023 con el cese de Villarroel, quien estuvo en el cargo desde 1978, y que ahora la meta de la organizaci\u00f3n es \u00abser m\u00e1s transparente y confiable\u00bb. EFE<\/p>\n<div class=\"pvc_clear\"><\/div>\n<p id=\"pvc_stats_24331\" class=\"pvc_stats all  \" data-element-id=\"24331\" style=\"\"><i class=\"pvc-stats-icon large\" aria-hidden=\"true\"><svg xmlns=\"http:\/\/www.w3.org\/2000\/svg\" version=\"1.0\" viewBox=\"0 0 502 315\" preserveAspectRatio=\"xMidYMid meet\"><g transform=\"translate(0,332) scale(0.1,-0.1)\" fill=\"\" stroke=\"none\"><path d=\"M2394 3279 l-29 -30 -3 -207 c-2 -182 0 -211 15 -242 39 -76 157 -76 196 0 15 31 17 60 15 243 l-3 209 -33 29 c-26 23 -41 29 -80 29 -41 0 -53 -5 -78 -31z\"\/><path d=\"M3085 3251 c-45 -19 -58 -50 -96 -229 -47 -217 -49 -260 -13 -295 52 -53 146 -42 177 20 16 31 87 366 87 410 0 70 -86 122 -155 94z\"\/><path d=\"M1751 3234 c-13 -9 -29 -31 -37 -50 -12 -29 -10 -49 21 -204 19 -94 39 -189 45 -210 14 -50 54 -80 110 -80 34 0 48 6 76 34 21 21 34 44 34 59 0 14 -18 113 -40 219 -37 178 -43 195 -70 221 -36 32 -101 37 -139 11z\"\/><path d=\"M1163 3073 c-36 -7 -73 -59 -73 -102 0 -56 133 -378 171 -413 34 -32 83 -37 129 -13 70 36 67 87 -16 290 -86 209 -89 214 -129 231 -35 14 -42 15 -82 7z\"\/><path d=\"M3689 3066 c-15 -9 -33 -30 -42 -48 -48 -103 -147 -355 -147 -375 0 -98 131 -148 192 -74 13 15 57 108 97 206 80 196 84 226 37 273 -30 30 -99 39 -137 18z\"\/><path d=\"M583 2784 c-38 -19 -67 -74 -58 -113 9 -42 211 -354 242 -373 16 -10 45 -18 66 -18 51 0 107 52 107 100 0 39 -1 41 -124 234 -80 126 -108 162 -133 173 -41 17 -61 16 -100 -3z\"\/><path d=\"M4250 2784 c-14 -9 -74 -91 -133 -183 -95 -150 -107 -173 -107 -213 0 -55 33 -94 87 -104 67 -13 90 8 211 198 130 202 137 225 78 284 -27 27 -42 34 -72 34 -22 0 -50 -8 -64 -16z\"\/><path d=\"M2275 2693 c-553 -48 -1095 -270 -1585 -649 -135 -104 -459 -423 -483 -476 -23 -49 -22 -139 2 -186 73 -142 361 -457 571 -626 285 -228 642 -407 990 -497 242 -63 336 -73 660 -74 310 0 370 5 595 52 535 111 1045 392 1455 803 122 121 250 273 275 326 19 41 19 137 0 174 -41 79 -309 363 -465 492 -447 370 -946 591 -1479 653 -113 14 -422 18 -536 8z m395 -428 c171 -34 330 -124 456 -258 112 -119 167 -219 211 -378 27 -96 24 -300 -5 -401 -72 -255 -236 -447 -474 -557 -132 -62 -201 -76 -368 -76 -167 0 -236 14 -368 76 -213 98 -373 271 -451 485 -162 444 86 934 547 1084 153 49 292 57 452 25z m909 -232 c222 -123 408 -262 593 -441 76 -74 138 -139 138 -144 0 -16 -233 -242 -330 -319 -155 -123 -309 -223 -461 -299 l-81 -41 32 46 c18 26 49 83 70 128 143 306 141 649 -6 957 -25 52 -61 116 -79 142 l-34 47 45 -20 c26 -10 76 -36 113 -56z m-2057 25 c-40 -58 -105 -190 -130 -263 -110 -324 -59 -707 132 -981 25 -35 42 -64 37 -64 -19 0 -241 119 -326 174 -188 122 -406 314 -532 468 l-58 71 108 103 c185 178 428 349 672 473 66 33 121 60 123 61 2 0 -10 -19 -26 -42z\"\/><path d=\"M2375 1950 c-198 -44 -350 -190 -395 -379 -18 -76 -8 -221 19 -290 114 -284 457 -406 731 -260 98 52 188 154 231 260 27 69 37 214 19 290 -38 163 -166 304 -326 360 -67 23 -215 33 -279 19z\"\/><\/g><\/svg><\/i> <img decoding=\"async\" width=\"16\" height=\"16\" alt=\"Loading\" src=\"https:\/\/esviafm.com\/wp-content\/plugins\/page-views-count\/ajax-loader-2x.gif\" border=0 \/><\/p>\n<div class=\"pvc_clear\"><\/div>\n","protected":false},"excerpt":{"rendered":"<p>Caracas, 11 mar (EFE).- La Asamblea Nacional (AN) de Venezuela, controlada por el chavismo, crear\u00e1 una ley para \u00abproteger\u00bb la funci\u00f3n de la Cruz Roja Venezolana (CRV), tras m\u00e1s de cuatro d\u00e9cadas bajo una direcci\u00f3n que \u00abutiliz\u00f3 a la instituci\u00f3n\u00bb para \u00abdegradarla\u00bb, inform\u00f3 este martes el presidente del Parlamento unicameral, Jorge Rodr\u00edguez. Durante una sesi\u00f3n [&hellip;]<\/p>\n<div class=\"pvc_clear\"><\/div>\n<p id=\"pvc_stats_24331\" class=\"pvc_stats all  \" data-element-id=\"24331\" style=\"\"><i class=\"pvc-stats-icon large\" aria-hidden=\"true\"><svg xmlns=\"http:\/\/www.w3.org\/2000\/svg\" version=\"1.0\" viewBox=\"0 0 502 315\" preserveAspectRatio=\"xMidYMid meet\"><g transform=\"translate(0,332) scale(0.1,-0.1)\" fill=\"\" stroke=\"none\"><path d=\"M2394 3279 l-29 -30 -3 -207 c-2 -182 0 -211 15 -242 39 -76 157 -76 196 0 15 31 17 60 15 243 l-3 209 -33 29 c-26 23 -41 29 -80 29 -41 0 -53 -5 -78 -31z\"\/><path d=\"M3085 3251 c-45 -19 -58 -50 -96 -229 -47 -217 -49 -260 -13 -295 52 -53 146 -42 177 20 16 31 87 366 87 410 0 70 -86 122 -155 94z\"\/><path d=\"M1751 3234 c-13 -9 -29 -31 -37 -50 -12 -29 -10 -49 21 -204 19 -94 39 -189 45 -210 14 -50 54 -80 110 -80 34 0 48 6 76 34 21 21 34 44 34 59 0 14 -18 113 -40 219 -37 178 -43 195 -70 221 -36 32 -101 37 -139 11z\"\/><path d=\"M1163 3073 c-36 -7 -73 -59 -73 -102 0 -56 133 -378 171 -413 34 -32 83 -37 129 -13 70 36 67 87 -16 290 -86 209 -89 214 -129 231 -35 14 -42 15 -82 7z\"\/><path d=\"M3689 3066 c-15 -9 -33 -30 -42 -48 -48 -103 -147 -355 -147 -375 0 -98 131 -148 192 -74 13 15 57 108 97 206 80 196 84 226 37 273 -30 30 -99 39 -137 18z\"\/><path d=\"M583 2784 c-38 -19 -67 -74 -58 -113 9 -42 211 -354 242 -373 16 -10 45 -18 66 -18 51 0 107 52 107 100 0 39 -1 41 -124 234 -80 126 -108 162 -133 173 -41 17 -61 16 -100 -3z\"\/><path d=\"M4250 2784 c-14 -9 -74 -91 -133 -183 -95 -150 -107 -173 -107 -213 0 -55 33 -94 87 -104 67 -13 90 8 211 198 130 202 137 225 78 284 -27 27 -42 34 -72 34 -22 0 -50 -8 -64 -16z\"\/><path d=\"M2275 2693 c-553 -48 -1095 -270 -1585 -649 -135 -104 -459 -423 -483 -476 -23 -49 -22 -139 2 -186 73 -142 361 -457 571 -626 285 -228 642 -407 990 -497 242 -63 336 -73 660 -74 310 0 370 5 595 52 535 111 1045 392 1455 803 122 121 250 273 275 326 19 41 19 137 0 174 -41 79 -309 363 -465 492 -447 370 -946 591 -1479 653 -113 14 -422 18 -536 8z m395 -428 c171 -34 330 -124 456 -258 112 -119 167 -219 211 -378 27 -96 24 -300 -5 -401 -72 -255 -236 -447 -474 -557 -132 -62 -201 -76 -368 -76 -167 0 -236 14 -368 76 -213 98 -373 271 -451 485 -162 444 86 934 547 1084 153 49 292 57 452 25z m909 -232 c222 -123 408 -262 593 -441 76 -74 138 -139 138 -144 0 -16 -233 -242 -330 -319 -155 -123 -309 -223 -461 -299 l-81 -41 32 46 c18 26 49 83 70 128 143 306 141 649 -6 957 -25 52 -61 116 -79 142 l-34 47 45 -20 c26 -10 76 -36 113 -56z m-2057 25 c-40 -58 -105 -190 -130 -263 -110 -324 -59 -707 132 -981 25 -35 42 -64 37 -64 -19 0 -241 119 -326 174 -188 122 -406 314 -532 468 l-58 71 108 103 c185 178 428 349 672 473 66 33 121 60 123 61 2 0 -10 -19 -26 -42z\"\/><path d=\"M2375 1950 c-198 -44 -350 -190 -395 -379 -18 -76 -8 -221 19 -290 114 -284 457 -406 731 -260 98 52 188 154 231 260 27 69 37 214 19 290 -38 163 -166 304 -326 360 -67 23 -215 33 -279 19z\"\/><\/g><\/svg><\/i> <img decoding=\"async\" width=\"16\" height=\"16\" alt=\"Loading\" src=\"https:\/\/esviafm.com\/wp-content\/plugins\/page-views-count\/ajax-loader-2x.gif\" border=0 \/><\/p>\n<div class=\"pvc_clear\"><\/div>\n","protected":false},"author":5,"featured_media":0,"comment_status":"open","ping_status":"open","sticky":false,"template":"","format":"standard","meta":{"_et_pb_use_builder":"","_et_pb_old_content":"","_et_gb_content_width":"","footnotes":""},"categories":[25],"tags":[],"class_list":["post-24331","post","type-post","status-publish","format-standard","hentry","category-nacionales"],"_links":{"self":[{"href":"https:\/\/esviafm.com\/index.php\/wp-json\/wp\/v2\/posts\/24331","targetHints":{"allow":["GET"]}}],"collection":[{"href":"https:\/\/esviafm.com\/index.php\/wp-json\/wp\/v2\/posts"}],"about":[{"href":"https:\/\/esviafm.com\/index.php\/wp-json\/wp\/v2\/types\/post"}],"author":[{"embeddable":true,"href":"https:\/\/esviafm.com\/index.php\/wp-json\/wp\/v2\/users\/5"}],"replies":[{"embeddable":true,"href":"https:\/\/esviafm.com\/index.php\/wp-json\/wp\/v2\/comments?post=24331"}],"version-history":[{"count":1,"href":"https:\/\/esviafm.com\/index.php\/wp-json\/wp\/v2\/posts\/24331\/revisions"}],"predecessor-version":[{"id":24335,"href":"https:\/\/esviafm.com\/index.php\/wp-json\/wp\/v2\/posts\/24331\/revisions\/24335"}],"wp:attachment":[{"href":"https:\/\/esviafm.com\/index.php\/wp-json\/wp\/v2\/media?parent=24331"}],"wp:term":[{"taxonomy":"category","embeddable":true,"href":"https:\/\/esviafm.com\/index.php\/wp-json\/wp\/v2\/categories?post=24331"},{"taxonomy":"post_tag","embeddable":true,"href":"https:\/\/esviafm.com\/index.php\/wp-json\/wp\/v2\/tags?post=24331"}],"curies":[{"name":"wp","href":"https:\/\/api.w.org\/{rel}","templated":true}]}}