{"id":24327,"date":"2025-03-13T07:13:57","date_gmt":"2025-03-13T11:43:57","guid":{"rendered":"https:\/\/esviafm.com\/?p=24327"},"modified":"2025-03-13T07:14:10","modified_gmt":"2025-03-13T11:44:10","slug":"dirigentes-de-oposicion-rechazaron-creacion-de-movimiento-28-de-julio-por-parte-del-chavismo","status":"publish","type":"post","link":"https:\/\/esviafm.com\/index.php\/dirigentes-de-oposicion-rechazaron-creacion-de-movimiento-28-de-julio-por-parte-del-chavismo\/","title":{"rendered":"Dirigentes de oposici\u00f3n rechazaron creaci\u00f3n de Movimiento 28 de Julio por parte del chavismo"},"content":{"rendered":"<p>Distintos dirigentes de oposici\u00f3n se pronunciaron para rechazar la creaci\u00f3n del<strong>\u00a0Movimiento 28 de Julio<\/strong>\u00a0por parte del chavismo, una iniciativa que busca lograr \u201cel consenso electoral para la aprobaci\u00f3n de la Reforma Constitucional\u201d.<\/p>\n<p>El<strong>\u00a0ex gobernador de T\u00e1chira, C\u00e9sar P\u00e9rez Vivas<\/strong>, conden\u00f3 que el Partido Socialista Unido de Venezuela (Psuv), intente apropiarse de una fecha en la que, seg\u00fan las actas divulgadas por la Plataforma Unitaria Democr\u00e1tica (PUD) hace m\u00e1s de siete meses, habr\u00eda resultado vencedor Edmundo Gonz\u00e1lez Urrutia.<\/p>\n<p>\u201cSiguen con<strong>\u00a0el paralelismo y la pirater\u00eda pol\u00edtica<\/strong>. El 28 de julio ser\u00e1 recordado como el d\u00eda del m\u00e1s vulgar asalto a la soberan\u00eda popular cometido por una camarilla armada. M\u00e1s que un fraude lo que se dio ese d\u00eda fue un atraco a mano armada. La dictadura busca borrar esa verdad\u201d, se\u00f1al\u00f3 P\u00e9rez Vivas.<\/p>\n<p>Seg\u00fan indic\u00f3 el lunes el\u00a0<strong>secretario general del Psuv, Diosdado Cabello, el Movimiento 28 de Julio<\/strong>\u00a0busca rendir \u201chomenaje tanto a la fecha de nacimiento del comandante Hugo Ch\u00e1vez, como al triunfo del mandatario Nicol\u00e1s Maduro\u201d en los comicios presidenciales del 28-J.<\/p>\n<p>El<strong>\u00a0dirigente de La Causa R, Andr\u00e9s Vel\u00e1squez<\/strong>, advirti\u00f3 que ese d\u00eda representa en realidad la \u201cpaliza electoral a Maduro y hagan lo que hagan o digan, eso no lo podr\u00e1n borrar\u201d.<\/p>\n<p>\u201cEl rid\u00edculo de Diosdado tratando de apropiarse de la fecha.<strong>\u00a0El 28-J e<\/strong>st\u00e1 marcado en la conciencia de la poblaci\u00f3n como el d\u00eda hist\u00f3rico de la gran victoria democr\u00e1tica\u201d, sentenci\u00f3 Vel\u00e1squez a trav\u00e9s de su cuenta en la red social X.<\/p>\n<h2 class=\"wp-block-heading\"><strong>Guanipa: es un acto de cinismo<\/strong><\/h2>\n<p>Cabello indic\u00f3 que el movimiento, ser\u00e1 \u201cde amplitud, de sumatoria y de consenso para que la reforma sea aprobada (electoralmente) por la gran mayor\u00eda de los venezolanos\u201d. El proyecto de cambios a la Carta Magna, una vez sea entregado por la<strong>\u00a0Comisi\u00f3n Especial<\/strong>\u00a0creada por el Ejecutivo a la Asamblea Nacional (AN), ser\u00e1 sometido a discusi\u00f3n y, posteriormente, ser\u00e1 objeto de un referendo aprobatorio.<\/p>\n<div class=\"google-auto-placed ap_container\">\n<p>&nbsp;<\/p>\n<div id=\"aswift_4_host\"><iframe id=\"aswift_4\" tabindex=\"0\" title=\"Advertisement\" src=\"https:\/\/googleads.g.doubleclick.net\/pagead\/ads?gdpr=0&amp;us_privacy=1---&amp;gpp_sid=-1&amp;client=ca-pub-1335675150850756&amp;output=html&amp;h=280&amp;adk=1869233220&amp;adf=180861369&amp;w=819&amp;abgtt=6&amp;fwrn=4&amp;fwrnh=100&amp;lmt=1741802423&amp;num_ads=1&amp;rafmt=1&amp;armr=3&amp;sem=mc&amp;pwprc=4168079041&amp;ad_type=text_image&amp;format=819x280&amp;url=https%3A%2F%2Fwww.elimpulso.com%2F2025%2F03%2F12%2Fdirigentes-de-oposicion-rechazaron-creacion-de-movimiento-28-de-julio-por-parte-del-chavismo-12mar%2F&amp;fwr=0&amp;pra=3&amp;rh=200&amp;rw=819&amp;rpe=1&amp;resp_fmts=3&amp;wgl=1&amp;fa=27&amp;uach=WyJXaW5kb3dzIiwiMC4xLjAiLCJ4ODYiLCIiLCIxMDkuMC41NDE0LjEyMCIsbnVsbCwwLG51bGwsIjY0IixbWyJOb3RfQSBCcmFuZCIsIjk5LjAuMC4wIl0sWyJHb29nbGUgQ2hyb21lIiwiMTA5LjAuNTQxNC4xMjAiXSxbIkNocm9taXVtIiwiMTA5LjAuNTQxNC4xMjAiXV0sMF0.&amp;dt=1741867770637&amp;bpp=14&amp;bdt=208564&amp;idt=14&amp;shv=r20250311&amp;mjsv=m202503060101&amp;ptt=9&amp;saldr=aa&amp;abxe=1&amp;cookie=ID%3Decd4ac7a2ca02805%3AT%3D1741703502%3ART%3D1741865977%3AS%3DALNI_Mbgl2Jdes_h_fqK3o_hxzYaqdKPRQ&amp;gpic=UID%3D0000106818e3f817%3AT%3D1741703502%3ART%3D1741865977%3AS%3DALNI_MZH1_I6y9v7GWzC9Wck8LUg_nNaaA&amp;eo_id_str=ID%3D7168cabe1d5a3821%3AT%3D1741703502%3ART%3D1741865977%3AS%3DAA-AfjZUQcK0gRtmNJuqtJIviixG&amp;prev_fmts=0x0%2C819x200%2C300x250%2C819x491&amp;nras=2&amp;correlator=3485997420618&amp;frm=20&amp;pv=1&amp;u_tz=-240&amp;u_his=1&amp;u_h=1024&amp;u_w=1280&amp;u_ah=984&amp;u_aw=1280&amp;u_cd=24&amp;u_sd=0.5&amp;dmc=4&amp;adx=682&amp;ady=1848&amp;biw=2526&amp;bih=1648&amp;scr_x=0&amp;scr_y=0&amp;eid=95354310%2C95354337%2C95354598&amp;oid=2&amp;pvsid=2607860888955525&amp;tmod=82981639&amp;uas=0&amp;nvt=1&amp;fc=1408&amp;brdim=0%2C0%2C0%2C0%2C1280%2C0%2C0%2C0%2C2560%2C1648&amp;vis=1&amp;rsz=%7C%7Cs%7C&amp;abl=NS&amp;fu=128&amp;bc=31&amp;bz=0&amp;psd=W251bGwsbnVsbCxudWxsLDNd&amp;ifi=5&amp;uci=a!5&amp;btvi=2&amp;fsb=1&amp;dtd=M\" name=\"aswift_4\" width=\"819\" height=\"0\" frameborder=\"0\" marginwidth=\"0\" marginheight=\"0\" scrolling=\"no\" sandbox=\"allow-forms allow-popups allow-popups-to-escape-sandbox allow-same-origin allow-scripts allow-top-navigation-by-user-activation\" data-google-container-id=\"a!5\" aria-label=\"Advertisement\" data-google-query-id=\"CPuYuZr9howDFVdMCAQdz5kcbw\" data-load-complete=\"true\" data-mce-fragment=\"1\"><\/iframe><\/div>\n<p>&nbsp;<\/p>\n<\/div>\n<p>El\u00a0<strong>dirigente de Primero Justicia (PJ), Juan Pablo Guanipa,<\/strong>\u00a0consider\u00f3 que la creaci\u00f3n del Movimiento 28 de Julio es un \u201cacto de cinismo y desverg\u00fcenza\u201d por parte de Cabello.<\/p>\n<p>\u201cEl 28-J el pueblo les dio una patada. El candidato (del Gobierno) perdi\u00f3 en todos los estados y en casi todos los municipios y eso ustedes lo saben y lo reconocen. Ahora vienen a decir que van a enaltecer esa \u2018victoria\u2019. Pura falsedad. El 28-J es de la gente. Es la fecha de la dignidad y la resistencia de toda una naci\u00f3n. Para ustedes es el d\u00eda del atraco a mano armada\u201d, sentenci\u00f3 Guanipa a trav\u00e9s de un mensaje grabado difundido en redes sociales y dirigido a Cabello.<\/p>\n<div class=\"pvc_clear\"><\/div>\n<p id=\"pvc_stats_24327\" class=\"pvc_stats all  \" data-element-id=\"24327\" style=\"\"><i class=\"pvc-stats-icon large\" aria-hidden=\"true\"><svg xmlns=\"http:\/\/www.w3.org\/2000\/svg\" version=\"1.0\" viewBox=\"0 0 502 315\" preserveAspectRatio=\"xMidYMid meet\"><g transform=\"translate(0,332) scale(0.1,-0.1)\" fill=\"\" stroke=\"none\"><path d=\"M2394 3279 l-29 -30 -3 -207 c-2 -182 0 -211 15 -242 39 -76 157 -76 196 0 15 31 17 60 15 243 l-3 209 -33 29 c-26 23 -41 29 -80 29 -41 0 -53 -5 -78 -31z\"\/><path d=\"M3085 3251 c-45 -19 -58 -50 -96 -229 -47 -217 -49 -260 -13 -295 52 -53 146 -42 177 20 16 31 87 366 87 410 0 70 -86 122 -155 94z\"\/><path d=\"M1751 3234 c-13 -9 -29 -31 -37 -50 -12 -29 -10 -49 21 -204 19 -94 39 -189 45 -210 14 -50 54 -80 110 -80 34 0 48 6 76 34 21 21 34 44 34 59 0 14 -18 113 -40 219 -37 178 -43 195 -70 221 -36 32 -101 37 -139 11z\"\/><path d=\"M1163 3073 c-36 -7 -73 -59 -73 -102 0 -56 133 -378 171 -413 34 -32 83 -37 129 -13 70 36 67 87 -16 290 -86 209 -89 214 -129 231 -35 14 -42 15 -82 7z\"\/><path d=\"M3689 3066 c-15 -9 -33 -30 -42 -48 -48 -103 -147 -355 -147 -375 0 -98 131 -148 192 -74 13 15 57 108 97 206 80 196 84 226 37 273 -30 30 -99 39 -137 18z\"\/><path d=\"M583 2784 c-38 -19 -67 -74 -58 -113 9 -42 211 -354 242 -373 16 -10 45 -18 66 -18 51 0 107 52 107 100 0 39 -1 41 -124 234 -80 126 -108 162 -133 173 -41 17 -61 16 -100 -3z\"\/><path d=\"M4250 2784 c-14 -9 -74 -91 -133 -183 -95 -150 -107 -173 -107 -213 0 -55 33 -94 87 -104 67 -13 90 8 211 198 130 202 137 225 78 284 -27 27 -42 34 -72 34 -22 0 -50 -8 -64 -16z\"\/><path d=\"M2275 2693 c-553 -48 -1095 -270 -1585 -649 -135 -104 -459 -423 -483 -476 -23 -49 -22 -139 2 -186 73 -142 361 -457 571 -626 285 -228 642 -407 990 -497 242 -63 336 -73 660 -74 310 0 370 5 595 52 535 111 1045 392 1455 803 122 121 250 273 275 326 19 41 19 137 0 174 -41 79 -309 363 -465 492 -447 370 -946 591 -1479 653 -113 14 -422 18 -536 8z m395 -428 c171 -34 330 -124 456 -258 112 -119 167 -219 211 -378 27 -96 24 -300 -5 -401 -72 -255 -236 -447 -474 -557 -132 -62 -201 -76 -368 -76 -167 0 -236 14 -368 76 -213 98 -373 271 -451 485 -162 444 86 934 547 1084 153 49 292 57 452 25z m909 -232 c222 -123 408 -262 593 -441 76 -74 138 -139 138 -144 0 -16 -233 -242 -330 -319 -155 -123 -309 -223 -461 -299 l-81 -41 32 46 c18 26 49 83 70 128 143 306 141 649 -6 957 -25 52 -61 116 -79 142 l-34 47 45 -20 c26 -10 76 -36 113 -56z m-2057 25 c-40 -58 -105 -190 -130 -263 -110 -324 -59 -707 132 -981 25 -35 42 -64 37 -64 -19 0 -241 119 -326 174 -188 122 -406 314 -532 468 l-58 71 108 103 c185 178 428 349 672 473 66 33 121 60 123 61 2 0 -10 -19 -26 -42z\"\/><path d=\"M2375 1950 c-198 -44 -350 -190 -395 -379 -18 -76 -8 -221 19 -290 114 -284 457 -406 731 -260 98 52 188 154 231 260 27 69 37 214 19 290 -38 163 -166 304 -326 360 -67 23 -215 33 -279 19z\"\/><\/g><\/svg><\/i> <img decoding=\"async\" width=\"16\" height=\"16\" alt=\"Loading\" src=\"https:\/\/esviafm.com\/wp-content\/plugins\/page-views-count\/ajax-loader-2x.gif\" border=0 \/><\/p>\n<div class=\"pvc_clear\"><\/div>\n","protected":false},"excerpt":{"rendered":"<p>Distintos dirigentes de oposici\u00f3n se pronunciaron para rechazar la creaci\u00f3n del\u00a0Movimiento 28 de Julio\u00a0por parte del chavismo, una iniciativa que busca lograr \u201cel consenso electoral para la aprobaci\u00f3n de la Reforma Constitucional\u201d. El\u00a0ex gobernador de T\u00e1chira, C\u00e9sar P\u00e9rez Vivas, conden\u00f3 que el Partido Socialista Unido de Venezuela (Psuv), intente apropiarse de una fecha en la [&hellip;]<\/p>\n<div class=\"pvc_clear\"><\/div>\n<p id=\"pvc_stats_24327\" class=\"pvc_stats all  \" data-element-id=\"24327\" style=\"\"><i class=\"pvc-stats-icon large\" aria-hidden=\"true\"><svg xmlns=\"http:\/\/www.w3.org\/2000\/svg\" version=\"1.0\" viewBox=\"0 0 502 315\" preserveAspectRatio=\"xMidYMid meet\"><g transform=\"translate(0,332) scale(0.1,-0.1)\" fill=\"\" stroke=\"none\"><path d=\"M2394 3279 l-29 -30 -3 -207 c-2 -182 0 -211 15 -242 39 -76 157 -76 196 0 15 31 17 60 15 243 l-3 209 -33 29 c-26 23 -41 29 -80 29 -41 0 -53 -5 -78 -31z\"\/><path d=\"M3085 3251 c-45 -19 -58 -50 -96 -229 -47 -217 -49 -260 -13 -295 52 -53 146 -42 177 20 16 31 87 366 87 410 0 70 -86 122 -155 94z\"\/><path d=\"M1751 3234 c-13 -9 -29 -31 -37 -50 -12 -29 -10 -49 21 -204 19 -94 39 -189 45 -210 14 -50 54 -80 110 -80 34 0 48 6 76 34 21 21 34 44 34 59 0 14 -18 113 -40 219 -37 178 -43 195 -70 221 -36 32 -101 37 -139 11z\"\/><path d=\"M1163 3073 c-36 -7 -73 -59 -73 -102 0 -56 133 -378 171 -413 34 -32 83 -37 129 -13 70 36 67 87 -16 290 -86 209 -89 214 -129 231 -35 14 -42 15 -82 7z\"\/><path d=\"M3689 3066 c-15 -9 -33 -30 -42 -48 -48 -103 -147 -355 -147 -375 0 -98 131 -148 192 -74 13 15 57 108 97 206 80 196 84 226 37 273 -30 30 -99 39 -137 18z\"\/><path d=\"M583 2784 c-38 -19 -67 -74 -58 -113 9 -42 211 -354 242 -373 16 -10 45 -18 66 -18 51 0 107 52 107 100 0 39 -1 41 -124 234 -80 126 -108 162 -133 173 -41 17 -61 16 -100 -3z\"\/><path d=\"M4250 2784 c-14 -9 -74 -91 -133 -183 -95 -150 -107 -173 -107 -213 0 -55 33 -94 87 -104 67 -13 90 8 211 198 130 202 137 225 78 284 -27 27 -42 34 -72 34 -22 0 -50 -8 -64 -16z\"\/><path d=\"M2275 2693 c-553 -48 -1095 -270 -1585 -649 -135 -104 -459 -423 -483 -476 -23 -49 -22 -139 2 -186 73 -142 361 -457 571 -626 285 -228 642 -407 990 -497 242 -63 336 -73 660 -74 310 0 370 5 595 52 535 111 1045 392 1455 803 122 121 250 273 275 326 19 41 19 137 0 174 -41 79 -309 363 -465 492 -447 370 -946 591 -1479 653 -113 14 -422 18 -536 8z m395 -428 c171 -34 330 -124 456 -258 112 -119 167 -219 211 -378 27 -96 24 -300 -5 -401 -72 -255 -236 -447 -474 -557 -132 -62 -201 -76 -368 -76 -167 0 -236 14 -368 76 -213 98 -373 271 -451 485 -162 444 86 934 547 1084 153 49 292 57 452 25z m909 -232 c222 -123 408 -262 593 -441 76 -74 138 -139 138 -144 0 -16 -233 -242 -330 -319 -155 -123 -309 -223 -461 -299 l-81 -41 32 46 c18 26 49 83 70 128 143 306 141 649 -6 957 -25 52 -61 116 -79 142 l-34 47 45 -20 c26 -10 76 -36 113 -56z m-2057 25 c-40 -58 -105 -190 -130 -263 -110 -324 -59 -707 132 -981 25 -35 42 -64 37 -64 -19 0 -241 119 -326 174 -188 122 -406 314 -532 468 l-58 71 108 103 c185 178 428 349 672 473 66 33 121 60 123 61 2 0 -10 -19 -26 -42z\"\/><path d=\"M2375 1950 c-198 -44 -350 -190 -395 -379 -18 -76 -8 -221 19 -290 114 -284 457 -406 731 -260 98 52 188 154 231 260 27 69 37 214 19 290 -38 163 -166 304 -326 360 -67 23 -215 33 -279 19z\"\/><\/g><\/svg><\/i> <img decoding=\"async\" width=\"16\" height=\"16\" alt=\"Loading\" src=\"https:\/\/esviafm.com\/wp-content\/plugins\/page-views-count\/ajax-loader-2x.gif\" border=0 \/><\/p>\n<div class=\"pvc_clear\"><\/div>\n","protected":false},"author":5,"featured_media":0,"comment_status":"open","ping_status":"open","sticky":false,"template":"","format":"standard","meta":{"_et_pb_use_builder":"","_et_pb_old_content":"","_et_gb_content_width":"","footnotes":""},"categories":[25],"tags":[],"class_list":["post-24327","post","type-post","status-publish","format-standard","hentry","category-nacionales"],"_links":{"self":[{"href":"https:\/\/esviafm.com\/index.php\/wp-json\/wp\/v2\/posts\/24327","targetHints":{"allow":["GET"]}}],"collection":[{"href":"https:\/\/esviafm.com\/index.php\/wp-json\/wp\/v2\/posts"}],"about":[{"href":"https:\/\/esviafm.com\/index.php\/wp-json\/wp\/v2\/types\/post"}],"author":[{"embeddable":true,"href":"https:\/\/esviafm.com\/index.php\/wp-json\/wp\/v2\/users\/5"}],"replies":[{"embeddable":true,"href":"https:\/\/esviafm.com\/index.php\/wp-json\/wp\/v2\/comments?post=24327"}],"version-history":[{"count":2,"href":"https:\/\/esviafm.com\/index.php\/wp-json\/wp\/v2\/posts\/24327\/revisions"}],"predecessor-version":[{"id":24330,"href":"https:\/\/esviafm.com\/index.php\/wp-json\/wp\/v2\/posts\/24327\/revisions\/24330"}],"wp:attachment":[{"href":"https:\/\/esviafm.com\/index.php\/wp-json\/wp\/v2\/media?parent=24327"}],"wp:term":[{"taxonomy":"category","embeddable":true,"href":"https:\/\/esviafm.com\/index.php\/wp-json\/wp\/v2\/categories?post=24327"},{"taxonomy":"post_tag","embeddable":true,"href":"https:\/\/esviafm.com\/index.php\/wp-json\/wp\/v2\/tags?post=24327"}],"curies":[{"name":"wp","href":"https:\/\/api.w.org\/{rel}","templated":true}]}}