{"id":24279,"date":"2025-03-12T07:24:16","date_gmt":"2025-03-12T11:54:16","guid":{"rendered":"https:\/\/esviafm.com\/?p=24279"},"modified":"2025-03-12T07:24:16","modified_gmt":"2025-03-12T11:54:16","slug":"el-regimen-de-maduro-provoca-a-guyana-elegira-a-ocho-diputados-del-esequibo-en-los-comicios-de-regionales-de-mayo","status":"publish","type":"post","link":"https:\/\/esviafm.com\/index.php\/el-regimen-de-maduro-provoca-a-guyana-elegira-a-ocho-diputados-del-esequibo-en-los-comicios-de-regionales-de-mayo\/","title":{"rendered":"El r\u00e9gimen de Maduro provoca a Guyana: elegir\u00e1 a ocho diputados del Esequibo en los comicios de regionales de mayo"},"content":{"rendered":"<p class=\"paragraph\">El\u00a0<b>ministro de Interior y Justicia de Venezuela<\/b>,\u00a0<b>Diosdado Cabello<\/b>, asegur\u00f3 este lunes que en los comicios regionales del pr\u00f3ximo 25 de mayo, adem\u00e1s de elegir un gobernador, el pa\u00eds votar\u00e1 por ocho diputados y sus suplentes del\u00a0<b>Esequibo<\/b>, el territorio en disputa con\u00a0<b>Guyana<\/b>.<\/p>\n<p class=\"paragraph\"><b>Cabello<\/b>, quien tambi\u00e9n es primer vicepresidente del\u00a0<b>Partido Socialista Unido de Venezuela (PSUV)<\/b>, indic\u00f3 en su rueda de prensa semanal que, por primera vez, se escoger\u00e1n 285 parlamentarios con sus respectivos suplentes para la\u00a0<b>Asamblea Nacional (AN)<\/b>, incluyendo los representantes del\u00a0<b>Esequibo<\/b>.<\/p>\n<div class=\"inline ad-wrapper amp ad-amp\"><\/div>\n<p class=\"paragraph\"><b>\u201cEl d\u00eda 25 de mayo va a haber elecciones, y va a haber elecciones en nuestra Guayana Esequiba (&#8230;). Ellos ver\u00e1n qu\u00e9 hacen con eso, nosotros seguiremos avanzando porque eso es territorio nuestro\u201d<\/b>, declar\u00f3\u00a0<b>Cabello<\/b>, acompa\u00f1ado por el presidente del Parlamento,\u00a0<b>Jorge Rodr\u00edguez<\/b>.<\/p>\n<p class=\"paragraph\">El dirigente\u00a0<b>chavista<\/b>\u00a0reafirm\u00f3 la postura de su gobierno sobre la soberan\u00eda de\u00a0<b>Venezuela<\/b>\u00a0en la zona, al insistir en que\u00a0<b>\u201ctodo lo que est\u00e9 del lado oeste del r\u00edo Esequibo le pertenece a Venezuela\u201d<\/b>. El territorio en disputa, de aproximadamente 160.000 kil\u00f3metros cuadrados, es rico en petr\u00f3leo y otros recursos naturales.<\/p>\n<div>\n<div class=\"hide-only-es\">\n<div class=\"inline_2 ad-wrapper ad-mobile amp ad-amp\"><\/div>\n<\/div>\n<\/div>\n<p class=\"paragraph\"><b>Cabello<\/b>\u00a0tambi\u00e9n denunci\u00f3 supuestas provocaciones por parte del\u00a0<b>Ej\u00e9rcito guyan\u00e9s<\/b>\u00a0hacia la\u00a0<b>Fuerza Armada Nacional Bolivariana (FANB)<\/b>.<\/p>\n<p class=\"paragraph\"><b>Cabello<\/b>\u00a0anunci\u00f3 que el 15 de marzo, el\u00a0<b>PSUV<\/b>\u00a0celebrar\u00e1 asambleas en 47.560 comunidades en todo el pa\u00eds para definir a los aspirantes a las elecciones de mayo. Seg\u00fan un documento aprobado en febrero, el presidente\u00a0<b>Nicol\u00e1s Maduro<\/b>\u00a0y el alto mando pol\u00edtico del\u00a0<b>PSUV<\/b>\u00a0tendr\u00e1n la decisi\u00f3n final sobre la selecci\u00f3n de candidatos.<\/p>\n<p class=\"paragraph\">El proceso electoral ha sido rechazado por el l\u00edder de la mayor coalici\u00f3n opositora,\u00a0<b>Edmundo Gonz\u00e1lez Urrutia<\/b>, quien ha cuestionado\u00a0<b>la legitimidad de la administraci\u00f3n de Maduro tras su pol\u00e9mica reelecci\u00f3n en 2023<\/b>.<\/p>\n<div class=\"headline-wrapper\">\n<h2 class=\"header headline-class-h2\">Reclamo en la CIJ<\/h2>\n<\/div>\n<p class=\"paragraph\">El ministro desestim\u00f3 la reciente solicitud de\u00a0<b>Guyana<\/b>\u00a0a la\u00a0<b>Corte Internacional de Justicia<\/b>\u00a0(<b>CIJ<\/b>) para que emita medidas cautelares que obliguen a\u00a0<b>Venezuela<\/b>\u00a0a no celebrar elecciones en el\u00a0<b>Esequibo<\/b>\u00a0y a abstenerse de acciones para anexar el territorio. La\u00a0<b>CIJ<\/b>\u00a0se declar\u00f3 competente para resolver la controversia, pero el gobierno venezolano ha rechazado la jurisdicci\u00f3n del tribunal en este caso.<\/p>\n<div>\n<div class=\"amp_visual_image\"><img decoding=\"async\" class=\"i-amphtml-fill-content i-amphtml-replaced-content\" src=\"https:\/\/www.infobae.com\/resizer\/v2\/SFC7LDTAM2GUYH3A5VZK73S4TM.jpg?auth=dcffd106bdfba1997e6b700a191b4e2731bb86d1eb63bbe980318ff8491d8c7e&amp;smart=true&amp;width=350&amp;height=233&amp;quality=85\" sizes=\"(max-width: 2560px) 2560px, 100vw\" srcset=\"https:\/\/www.infobae.com\/resizer\/v2\/SFC7LDTAM2GUYH3A5VZK73S4TM.jpg?auth=dcffd106bdfba1997e6b700a191b4e2731bb86d1eb63bbe980318ff8491d8c7e&amp;smart=true&amp;width=350&amp;height=233&amp;quality=85 350w, https:\/\/www.infobae.com\/resizer\/v2\/SFC7LDTAM2GUYH3A5VZK73S4TM.jpg?auth=dcffd106bdfba1997e6b700a191b4e2731bb86d1eb63bbe980318ff8491d8c7e&amp;smart=true&amp;width=420&amp;height=280&amp;quality=85 420w, https:\/\/www.infobae.com\/resizer\/v2\/SFC7LDTAM2GUYH3A5VZK73S4TM.jpg?auth=dcffd106bdfba1997e6b700a191b4e2731bb86d1eb63bbe980318ff8491d8c7e&amp;smart=true&amp;width=577&amp;height=385&amp;quality=85 577w, https:\/\/www.infobae.com\/resizer\/v2\/SFC7LDTAM2GUYH3A5VZK73S4TM.jpg?auth=dcffd106bdfba1997e6b700a191b4e2731bb86d1eb63bbe980318ff8491d8c7e&amp;smart=true&amp;width=768&amp;height=512&amp;quality=85 768w, https:\/\/www.infobae.com\/resizer\/v2\/SFC7LDTAM2GUYH3A5VZK73S4TM.jpg?auth=dcffd106bdfba1997e6b700a191b4e2731bb86d1eb63bbe980318ff8491d8c7e&amp;smart=true&amp;width=992&amp;height=661&amp;quality=85 992w, https:\/\/www.infobae.com\/resizer\/v2\/SFC7LDTAM2GUYH3A5VZK73S4TM.jpg?auth=dcffd106bdfba1997e6b700a191b4e2731bb86d1eb63bbe980318ff8491d8c7e&amp;smart=true&amp;width=1200&amp;height=800&amp;quality=85 1200w\" alt=\"Venezuela insiste en que el\" data-amp-auto-lightbox-disable=\"true\" data-hero=\"true\" \/>Venezuela insiste en que el conflicto del Esequibo debe resolverse bajo el Acuerdo de Ginebra firmado en 1966 (REUTERS\/ARCHIVO)<\/div>\n<\/div>\n<p class=\"paragraph\"><b>Guyana<\/b>\u00a0pidi\u00f3 la semana pasada a la\u00a0<b>Corte Internacional de Justicia<\/b>\u00a0emitir de forma \u201curgente\u201d medidas cautelares para exigir a\u00a0<b>Caracas<\/b>\u00a0\u201cno celebrar elecciones en ninguna parte del territorio guyan\u00e9s\u201d y \u201cabstenerse de cualquier acci\u00f3n que pretende anexar\u201d el territorio en disputa, incluida la incorporaci\u00f3n de \u201c<b>Guyana Esequiba<\/b>\u201d como parte de\u00a0<b>Venezuela<\/b>.<\/p>\n<p class=\"paragraph\">La\u00a0<b>CIJ<\/b>\u00a0explic\u00f3 que\u00a0<b>Guyana<\/b>\u00a0argument\u00f3 su solicitud en el anuncio de\u00a0<b>Venezuela<\/b>\u00a0de celebrar el 25 de mayo elecciones en la regi\u00f3n de\u00a0<b>Esequibo<\/b>, territorio en disputa entre ambos, lo que, se\u00f1al\u00f3 el Gobierno guyan\u00e9s, violar\u00eda \u201csu soberan\u00eda, integridad territorial e independencia pol\u00edtica\u201d.<\/p>\n<p class=\"paragraph\"><b>Guyana<\/b>\u00a0sostiene que la adopci\u00f3n de medidas cautelares es \u201curgente\u201d porque estas acciones de\u00a0<b>Venezuela<\/b>\u00a0le causar\u00edan \u201cda\u00f1os irreparables\u201d, adem\u00e1s de incumplir la orden de este tribunal de la\u00a0<b>ONU<\/b>\u00a0de diciembre de 2023, que exigi\u00f3 a\u00a0<b>Caracas<\/b>\u00a0abstenerse de tomar \u201cacciones unilaterales\u201d que alteraran la situaci\u00f3n actual, donde\u00a0<b>Guyana<\/b>\u00a0administra la regi\u00f3n.<\/p>\n<p class=\"paragraph\"><b>En este sentido, pidi\u00f3 exigir a Venezuela que no celebre elecciones en ninguna parte del territorio guyan\u00e9s definido por el Laudo Arbitral de 1899<\/b>\u00a0incluyendo: extender el derecho a voto a personas residentes en el territorio en disputa; distribuir boletas electorales, tarjetas de votaci\u00f3n u otros materiales electorales f\u00edsicos o electr\u00f3nicos en la zona; o presentar, nombrar o apoyar candidatos venezolanos en elecciones en el territorio.<\/p>\n<p class=\"paragraph\">Tambi\u00e9n le solicit\u00f3 impedir a\u00a0<b>Caracas<\/b>\u00a0establecer mesas de votaci\u00f3n, centros de conteo o sedes electorales en dicho territorio; crear, elegir o designar gobernadores, consejos legislativos u otros funcionarios gubernamentales para el \u00e1rea en disputa; o comunicarse con los residentes del territorio en relaci\u00f3n con elecciones organizadas por\u00a0<b>Venezuela<\/b>.<\/p>\n<p class=\"paragraph\">La segunda medida cautelar solicitada por\u00a0<b>Guyana<\/b>\u00a0exige a\u00a0<b>Caracas<\/b>\u00a0\u201cabstenerse de cualquier acci\u00f3n que pretenda anexar, de jure o de facto, el territorio en disputa, incluyendo la incorporaci\u00f3n de &#8216;<b>Guayana Esequiba<\/b>&#8216; como parte de\u00a0<b>Venezuela<\/b>\u201d.<\/p>\n<div>\n<div class=\"amp_visual_image\"><img decoding=\"async\" class=\"i-amphtml-fill-content i-amphtml-replaced-content\" src=\"https:\/\/www.infobae.com\/resizer\/v2\/3Z5O5IMN7JCWLPAKMAHCTIIKEY?auth=7702015d5e79aeb72f7bb4e52604b48d07f37be738fe209d98d9e9747ed2e149&amp;smart=true&amp;width=350&amp;height=197&amp;quality=85\" sizes=\"(max-width: 2560px) 2560px, 100vw\" srcset=\"https:\/\/www.infobae.com\/resizer\/v2\/3Z5O5IMN7JCWLPAKMAHCTIIKEY?auth=7702015d5e79aeb72f7bb4e52604b48d07f37be738fe209d98d9e9747ed2e149&amp;smart=true&amp;width=350&amp;height=197&amp;quality=85 350w, https:\/\/www.infobae.com\/resizer\/v2\/3Z5O5IMN7JCWLPAKMAHCTIIKEY?auth=7702015d5e79aeb72f7bb4e52604b48d07f37be738fe209d98d9e9747ed2e149&amp;smart=true&amp;width=420&amp;height=236&amp;quality=85 420w, https:\/\/www.infobae.com\/resizer\/v2\/3Z5O5IMN7JCWLPAKMAHCTIIKEY?auth=7702015d5e79aeb72f7bb4e52604b48d07f37be738fe209d98d9e9747ed2e149&amp;smart=true&amp;width=577&amp;height=325&amp;quality=85 577w, https:\/\/www.infobae.com\/resizer\/v2\/3Z5O5IMN7JCWLPAKMAHCTIIKEY?auth=7702015d5e79aeb72f7bb4e52604b48d07f37be738fe209d98d9e9747ed2e149&amp;smart=true&amp;width=768&amp;height=432&amp;quality=85 768w, https:\/\/www.infobae.com\/resizer\/v2\/3Z5O5IMN7JCWLPAKMAHCTIIKEY?auth=7702015d5e79aeb72f7bb4e52604b48d07f37be738fe209d98d9e9747ed2e149&amp;smart=true&amp;width=992&amp;height=558&amp;quality=85 992w, https:\/\/www.infobae.com\/resizer\/v2\/3Z5O5IMN7JCWLPAKMAHCTIIKEY?auth=7702015d5e79aeb72f7bb4e52604b48d07f37be738fe209d98d9e9747ed2e149&amp;smart=true&amp;width=1200&amp;height=675&amp;quality=85 1200w\" alt=\"Guyana solicit\u00f3 a la CIJ\" data-amp-auto-lightbox-disable=\"true\" data-hero=\"true\" \/>Guyana solicit\u00f3 a la CIJ impedir acciones de Venezuela que modifiquen la situaci\u00f3n en la regi\u00f3n administrada por Georgetown (EFE\/ ARCHIVO)<\/div>\n<\/div>\n<p class=\"paragraph\">Finalmente, quiere que la\u00a0<b>CIJ<\/b>\u00a0ordene a\u00a0<b>Venezuela<\/b>\u00a0que \u201cse abstenga de modificar la situaci\u00f3n actual en la zona en disputa, donde\u00a0<b>Guyana<\/b>\u00a0administra y ejerce control\u201d.<\/p>\n<p class=\"paragraph\"><b>Venezuela<\/b>\u00a0reclama la regi\u00f3n de\u00a0<b>Esequibo<\/b>, alrededor del 70 % del territorio de\u00a0<b>Guyana<\/b>, incluidas las reservas de petr\u00f3leo en alta mar, argumentando que el laudo arbitral es nulo y sin efecto debido a que\u00a0<b>\u2018afect\u00f3 fraudulentamente 159.500 kil\u00f3metros cuadrados del territorio de la Guayana Esequiba,\u2019 como la llama el Gobierno venezolano<\/b>.<\/p>\n<p class=\"paragraph\">El Gobierno venezolano reconoce como \u00fanico instrumento legal para resolver esta controversia el\u00a0<b>Acuerdo de Ginebra<\/b>, firmado en 1966 con\u00a0<b>Reino Unido<\/b>\u00a0(antes de la independencia guyanesa), y que establece bases para una soluci\u00f3n negociada, pero las negociaciones se extendieron durante m\u00e1s de dos d\u00e9cadas sin resultados.<\/p>\n<p class=\"paragraph\">En 2018,\u00a0<b>Guyana<\/b>, antigua colonia brit\u00e1nica, interpuso una demanda contra\u00a0<b>Caracas<\/b>\u00a0en la\u00a0<b>CIJ<\/b>, y en abril de 2023, la\u00a0<b>Corte<\/b>\u00a0se declar\u00f3 competente para pronunciarse sobre el caso, lo que fue en un golpe a\u00a0<b>Caracas<\/b>, que hab\u00eda intentado que se declarara \u201cinadmisible\u201d este caso, y subray\u00f3 en numerosas ocasiones que no consiente la jurisdicci\u00f3n de esta\u00a0<b>Corte<\/b>\u00a0sobre esta controversia.<\/p>\n<p class=\"paragraph\"><i>(Con informaci\u00f3n de EFE)<\/i><\/p>\n<div class=\"pvc_clear\"><\/div>\n<p id=\"pvc_stats_24279\" class=\"pvc_stats all  \" data-element-id=\"24279\" style=\"\"><i class=\"pvc-stats-icon large\" aria-hidden=\"true\"><svg xmlns=\"http:\/\/www.w3.org\/2000\/svg\" version=\"1.0\" viewBox=\"0 0 502 315\" preserveAspectRatio=\"xMidYMid meet\"><g transform=\"translate(0,332) scale(0.1,-0.1)\" fill=\"\" stroke=\"none\"><path d=\"M2394 3279 l-29 -30 -3 -207 c-2 -182 0 -211 15 -242 39 -76 157 -76 196 0 15 31 17 60 15 243 l-3 209 -33 29 c-26 23 -41 29 -80 29 -41 0 -53 -5 -78 -31z\"\/><path d=\"M3085 3251 c-45 -19 -58 -50 -96 -229 -47 -217 -49 -260 -13 -295 52 -53 146 -42 177 20 16 31 87 366 87 410 0 70 -86 122 -155 94z\"\/><path d=\"M1751 3234 c-13 -9 -29 -31 -37 -50 -12 -29 -10 -49 21 -204 19 -94 39 -189 45 -210 14 -50 54 -80 110 -80 34 0 48 6 76 34 21 21 34 44 34 59 0 14 -18 113 -40 219 -37 178 -43 195 -70 221 -36 32 -101 37 -139 11z\"\/><path d=\"M1163 3073 c-36 -7 -73 -59 -73 -102 0 -56 133 -378 171 -413 34 -32 83 -37 129 -13 70 36 67 87 -16 290 -86 209 -89 214 -129 231 -35 14 -42 15 -82 7z\"\/><path d=\"M3689 3066 c-15 -9 -33 -30 -42 -48 -48 -103 -147 -355 -147 -375 0 -98 131 -148 192 -74 13 15 57 108 97 206 80 196 84 226 37 273 -30 30 -99 39 -137 18z\"\/><path d=\"M583 2784 c-38 -19 -67 -74 -58 -113 9 -42 211 -354 242 -373 16 -10 45 -18 66 -18 51 0 107 52 107 100 0 39 -1 41 -124 234 -80 126 -108 162 -133 173 -41 17 -61 16 -100 -3z\"\/><path d=\"M4250 2784 c-14 -9 -74 -91 -133 -183 -95 -150 -107 -173 -107 -213 0 -55 33 -94 87 -104 67 -13 90 8 211 198 130 202 137 225 78 284 -27 27 -42 34 -72 34 -22 0 -50 -8 -64 -16z\"\/><path d=\"M2275 2693 c-553 -48 -1095 -270 -1585 -649 -135 -104 -459 -423 -483 -476 -23 -49 -22 -139 2 -186 73 -142 361 -457 571 -626 285 -228 642 -407 990 -497 242 -63 336 -73 660 -74 310 0 370 5 595 52 535 111 1045 392 1455 803 122 121 250 273 275 326 19 41 19 137 0 174 -41 79 -309 363 -465 492 -447 370 -946 591 -1479 653 -113 14 -422 18 -536 8z m395 -428 c171 -34 330 -124 456 -258 112 -119 167 -219 211 -378 27 -96 24 -300 -5 -401 -72 -255 -236 -447 -474 -557 -132 -62 -201 -76 -368 -76 -167 0 -236 14 -368 76 -213 98 -373 271 -451 485 -162 444 86 934 547 1084 153 49 292 57 452 25z m909 -232 c222 -123 408 -262 593 -441 76 -74 138 -139 138 -144 0 -16 -233 -242 -330 -319 -155 -123 -309 -223 -461 -299 l-81 -41 32 46 c18 26 49 83 70 128 143 306 141 649 -6 957 -25 52 -61 116 -79 142 l-34 47 45 -20 c26 -10 76 -36 113 -56z m-2057 25 c-40 -58 -105 -190 -130 -263 -110 -324 -59 -707 132 -981 25 -35 42 -64 37 -64 -19 0 -241 119 -326 174 -188 122 -406 314 -532 468 l-58 71 108 103 c185 178 428 349 672 473 66 33 121 60 123 61 2 0 -10 -19 -26 -42z\"\/><path d=\"M2375 1950 c-198 -44 -350 -190 -395 -379 -18 -76 -8 -221 19 -290 114 -284 457 -406 731 -260 98 52 188 154 231 260 27 69 37 214 19 290 -38 163 -166 304 -326 360 -67 23 -215 33 -279 19z\"\/><\/g><\/svg><\/i> <img decoding=\"async\" width=\"16\" height=\"16\" alt=\"Loading\" src=\"https:\/\/esviafm.com\/wp-content\/plugins\/page-views-count\/ajax-loader-2x.gif\" border=0 \/><\/p>\n<div class=\"pvc_clear\"><\/div>\n","protected":false},"excerpt":{"rendered":"<p>El\u00a0ministro de Interior y Justicia de Venezuela,\u00a0Diosdado Cabello, asegur\u00f3 este lunes que en los comicios regionales del pr\u00f3ximo 25 de mayo, adem\u00e1s de elegir un gobernador, el pa\u00eds votar\u00e1 por ocho diputados y sus suplentes del\u00a0Esequibo, el territorio en disputa con\u00a0Guyana. Cabello, quien tambi\u00e9n es primer vicepresidente del\u00a0Partido Socialista Unido de Venezuela (PSUV), indic\u00f3 en [&hellip;]<\/p>\n<div class=\"pvc_clear\"><\/div>\n<p id=\"pvc_stats_24279\" class=\"pvc_stats all  \" data-element-id=\"24279\" style=\"\"><i class=\"pvc-stats-icon large\" aria-hidden=\"true\"><svg xmlns=\"http:\/\/www.w3.org\/2000\/svg\" version=\"1.0\" viewBox=\"0 0 502 315\" preserveAspectRatio=\"xMidYMid meet\"><g transform=\"translate(0,332) scale(0.1,-0.1)\" fill=\"\" stroke=\"none\"><path d=\"M2394 3279 l-29 -30 -3 -207 c-2 -182 0 -211 15 -242 39 -76 157 -76 196 0 15 31 17 60 15 243 l-3 209 -33 29 c-26 23 -41 29 -80 29 -41 0 -53 -5 -78 -31z\"\/><path d=\"M3085 3251 c-45 -19 -58 -50 -96 -229 -47 -217 -49 -260 -13 -295 52 -53 146 -42 177 20 16 31 87 366 87 410 0 70 -86 122 -155 94z\"\/><path d=\"M1751 3234 c-13 -9 -29 -31 -37 -50 -12 -29 -10 -49 21 -204 19 -94 39 -189 45 -210 14 -50 54 -80 110 -80 34 0 48 6 76 34 21 21 34 44 34 59 0 14 -18 113 -40 219 -37 178 -43 195 -70 221 -36 32 -101 37 -139 11z\"\/><path d=\"M1163 3073 c-36 -7 -73 -59 -73 -102 0 -56 133 -378 171 -413 34 -32 83 -37 129 -13 70 36 67 87 -16 290 -86 209 -89 214 -129 231 -35 14 -42 15 -82 7z\"\/><path d=\"M3689 3066 c-15 -9 -33 -30 -42 -48 -48 -103 -147 -355 -147 -375 0 -98 131 -148 192 -74 13 15 57 108 97 206 80 196 84 226 37 273 -30 30 -99 39 -137 18z\"\/><path d=\"M583 2784 c-38 -19 -67 -74 -58 -113 9 -42 211 -354 242 -373 16 -10 45 -18 66 -18 51 0 107 52 107 100 0 39 -1 41 -124 234 -80 126 -108 162 -133 173 -41 17 -61 16 -100 -3z\"\/><path d=\"M4250 2784 c-14 -9 -74 -91 -133 -183 -95 -150 -107 -173 -107 -213 0 -55 33 -94 87 -104 67 -13 90 8 211 198 130 202 137 225 78 284 -27 27 -42 34 -72 34 -22 0 -50 -8 -64 -16z\"\/><path d=\"M2275 2693 c-553 -48 -1095 -270 -1585 -649 -135 -104 -459 -423 -483 -476 -23 -49 -22 -139 2 -186 73 -142 361 -457 571 -626 285 -228 642 -407 990 -497 242 -63 336 -73 660 -74 310 0 370 5 595 52 535 111 1045 392 1455 803 122 121 250 273 275 326 19 41 19 137 0 174 -41 79 -309 363 -465 492 -447 370 -946 591 -1479 653 -113 14 -422 18 -536 8z m395 -428 c171 -34 330 -124 456 -258 112 -119 167 -219 211 -378 27 -96 24 -300 -5 -401 -72 -255 -236 -447 -474 -557 -132 -62 -201 -76 -368 -76 -167 0 -236 14 -368 76 -213 98 -373 271 -451 485 -162 444 86 934 547 1084 153 49 292 57 452 25z m909 -232 c222 -123 408 -262 593 -441 76 -74 138 -139 138 -144 0 -16 -233 -242 -330 -319 -155 -123 -309 -223 -461 -299 l-81 -41 32 46 c18 26 49 83 70 128 143 306 141 649 -6 957 -25 52 -61 116 -79 142 l-34 47 45 -20 c26 -10 76 -36 113 -56z m-2057 25 c-40 -58 -105 -190 -130 -263 -110 -324 -59 -707 132 -981 25 -35 42 -64 37 -64 -19 0 -241 119 -326 174 -188 122 -406 314 -532 468 l-58 71 108 103 c185 178 428 349 672 473 66 33 121 60 123 61 2 0 -10 -19 -26 -42z\"\/><path d=\"M2375 1950 c-198 -44 -350 -190 -395 -379 -18 -76 -8 -221 19 -290 114 -284 457 -406 731 -260 98 52 188 154 231 260 27 69 37 214 19 290 -38 163 -166 304 -326 360 -67 23 -215 33 -279 19z\"\/><\/g><\/svg><\/i> <img decoding=\"async\" width=\"16\" height=\"16\" alt=\"Loading\" src=\"https:\/\/esviafm.com\/wp-content\/plugins\/page-views-count\/ajax-loader-2x.gif\" border=0 \/><\/p>\n<div class=\"pvc_clear\"><\/div>\n","protected":false},"author":5,"featured_media":0,"comment_status":"open","ping_status":"open","sticky":false,"template":"","format":"standard","meta":{"_et_pb_use_builder":"","_et_pb_old_content":"","_et_gb_content_width":"","footnotes":""},"categories":[25],"tags":[],"class_list":["post-24279","post","type-post","status-publish","format-standard","hentry","category-nacionales"],"_links":{"self":[{"href":"https:\/\/esviafm.com\/index.php\/wp-json\/wp\/v2\/posts\/24279","targetHints":{"allow":["GET"]}}],"collection":[{"href":"https:\/\/esviafm.com\/index.php\/wp-json\/wp\/v2\/posts"}],"about":[{"href":"https:\/\/esviafm.com\/index.php\/wp-json\/wp\/v2\/types\/post"}],"author":[{"embeddable":true,"href":"https:\/\/esviafm.com\/index.php\/wp-json\/wp\/v2\/users\/5"}],"replies":[{"embeddable":true,"href":"https:\/\/esviafm.com\/index.php\/wp-json\/wp\/v2\/comments?post=24279"}],"version-history":[{"count":1,"href":"https:\/\/esviafm.com\/index.php\/wp-json\/wp\/v2\/posts\/24279\/revisions"}],"predecessor-version":[{"id":24281,"href":"https:\/\/esviafm.com\/index.php\/wp-json\/wp\/v2\/posts\/24279\/revisions\/24281"}],"wp:attachment":[{"href":"https:\/\/esviafm.com\/index.php\/wp-json\/wp\/v2\/media?parent=24279"}],"wp:term":[{"taxonomy":"category","embeddable":true,"href":"https:\/\/esviafm.com\/index.php\/wp-json\/wp\/v2\/categories?post=24279"},{"taxonomy":"post_tag","embeddable":true,"href":"https:\/\/esviafm.com\/index.php\/wp-json\/wp\/v2\/tags?post=24279"}],"curies":[{"name":"wp","href":"https:\/\/api.w.org\/{rel}","templated":true}]}}