{"id":24180,"date":"2025-02-26T08:27:47","date_gmt":"2025-02-26T12:57:47","guid":{"rendered":"https:\/\/esviafm.com\/?p=24180"},"modified":"2025-02-26T08:27:47","modified_gmt":"2025-02-26T12:57:47","slug":"el-papa-francisco-sigue-critico-pero-estable","status":"publish","type":"post","link":"https:\/\/esviafm.com\/index.php\/el-papa-francisco-sigue-critico-pero-estable\/","title":{"rendered":"El papa Francisco sigue \u00abcr\u00edtico pero estable\u00bb"},"content":{"rendered":"<p>El papa Francisco, que padece una doble neumon\u00eda, sigue \u00abcr\u00edtico pero estable\u00bb, anunci\u00f3 el Vaticano el martes por la noche, en el 12\u00ba d\u00eda de su hospitalizaci\u00f3n, subrayando que el pont\u00edfice, de 88 a\u00f1os, hab\u00eda trabajado durante el d\u00eda.<\/p>\n<p>\u00abEl estado cl\u00ednico del Santo Padre sigue siendo cr\u00edtico pero estable\u00bb, indic\u00f3 la Santa Sede en un breve comunicado, en el que agreg\u00f3 que \u00abel pron\u00f3stico permanece reservado\u00bb.<\/p>\n<p>La salud de Jorge Bergoglio preocupa en todo el mundo pero el Vaticano precis\u00f3 que el jesuita permanece activo: \u00abPor la ma\u00f1ana, despu\u00e9s de recibir la eucarist\u00eda, reanud\u00f3 su trabajo\u00bb.<\/p>\n<p>Adem\u00e1s, se someti\u00f3 a un \u00abTAC [tomograf\u00eda computarizada] de control programado para el monitoreo radiol\u00f3gico de la neumon\u00eda bilateral\u00bb, una infecci\u00f3n del tejido pulmonar potencialmente mortal.<\/p>\n<p>El Vaticano hab\u00eda anunciado m\u00e1s temprano \u00a0que el papa hab\u00eda recibido el lunes la visita del secretario de Estado, el cardenal italiano Pietro Parolin, y del arzobispo Edgar Pe\u00f1a Parra, respectivamente n\u00fameros dos y tres de la Santa Sede.<\/p>\n<p>Durante esta visita, la primera desde su ingreso en el hospital Gemelli de Roma, Francisco autoriz\u00f3 la canonizaci\u00f3n de dos laicos, de Venezuela e Italia, y convoc\u00f3 un consistorio (asamblea de cardenales), cuya fecha no precis\u00f3.<\/p>\n<p>Jos\u00e9 Gregorio Hern\u00e1ndez\u00a0Cisneros, conocido como\u00a0 el \u2018M\u00e9dico de los pobres\u2019 (1864-1919), fue beatificado el 30 de abril de 2021 en Caracas y ahora se convertir\u00e1 en el primer santo de Venezuela.<\/p>\n<p>\u2013 \u00abDoble oraci\u00f3n\u00bb \u2013<\/p>\n<p>Una fuente del Vaticano hab\u00eda indicado el lunes que Francisco pod\u00eda levantarse y alimentarse con normalidad, y que se encontraba con buen estado de \u00e1nimo. Seg\u00fan la Santa Sede, incluso llam\u00f3 a la parroquia de Gaza el lunes, como lo ha hecho desde el comienzo de la guerra.<\/p>\n<p>\u00abTodo el mundo est\u00e1 rezando por usted y le est\u00e1 muy agradecido y todos le deseamos su salud\u00bb, afirm\u00f3 el cura de la parroquia Sagrada Familia de Gaza, Gabriel Romanelli, rodeado de fieles, en un video publicado por Vatican News.<\/p>\n<p>Por otra parte, la Oficina de Prensa del Vaticano desminti\u00f3 una informaci\u00f3n publicada por el semanario franc\u00e9s Paris Match, seg\u00fan la cual el papa ser\u00eda trasladado pr\u00f3ximamente a otro hospital de la isla Tiberina, en Roma.<\/p>\n<p>Por la noche, decenas de miembros de la comunidad argentina en Roma se congregaron en su iglesia \u00abnacional\u00bb, Santa Mar\u00eda Dolorosa, para orar por su compatriota.<\/p>\n<p>Ante una iglesia, presidida por la bandera argentina y la Virgen de Luj\u00e1n, su patrona, el cardenal italiano Baldo Reina reclam\u00f3 una \u00aboraci\u00f3n coral\u00bb para que \u00abel Se\u00f1or d\u00e9 al papa Francisco salud, fortaleza (\u2026), capacidad para enfrentar este momento\u00bb.<\/p>\n<p>\u00abSiempre rezamos por \u00e9l y ahora redoblamos. Es doble oraci\u00f3n, con toda la fe del mundo. Por eso estamos ac\u00e1\u00bb, asegur\u00f3 Marcela Oviedo, una argentina de 55 a\u00f1os de paso en Roma.<\/p>\n<p>Horas antes, pese a la lluvia, cientos de fieles se congregaron por segundo d\u00eda consecutivo en la plaza de San Pedro para rezar para que el papa se recupere.<\/p>\n<p>La escena recordaba a las concentraciones que hubo antes de que se muriera Juan Pablo II, en 2005, pero el cardenal hondure\u00f1o \u00d3scar Rodr\u00edguez Maradiaga, quien coordin\u00f3 el Consejo de Cardenales del papa, se\u00f1al\u00f3 que \u00aba\u00fan no es momento para que \u00e9l se vaya al cielo\u00bb.<\/p>\n<p>\u00abEs alguien que no retrocede ante las dificultades, no se desanima, no se paraliza y no deja de avanzar\u00bb, dijo al diario La Repubblica.<\/p>\n<p>Frente al hospital Gemelli se congreg\u00f3 una multitud de fieles de origen vietnamita, rezando y cantando, observ\u00f3 AFPTV.<\/p>\n<p>\u2013 Conjeturas \u2013<\/p>\n<p>Dirigentes del mundo entero han enviado mensajes de aliento al papa.<\/p>\n<p>\u00abLa situaci\u00f3n es muy grave, pero le deseamos la recuperaci\u00f3n\u00bb, declar\u00f3 el presidente estadounidense, Donald Trump, mientras que su hom\u00f3logo franc\u00e9s, Emmanuel Macron, le dese\u00f3 una \u00abpronta recuperaci\u00f3n\u00bb.<\/p>\n<p>En Venezuela, el presidente Nicol\u00e1s Maduro dijo el lunes que hab\u00eda enviado al papa una carta \u00abexpres\u00e1ndole toda nuestra admiraci\u00f3n\u00bb, y describi\u00f3 a Francisco como \u00abun l\u00edder \u00e9tico de la humanidad (\u2026) amado por todas las religiones\u00bb.<\/p>\n<p>Esta hospitalizaci\u00f3n, la cuarta y m\u00e1s larga desde 2021, est\u00e1 causando gran preocupaci\u00f3n por los problemas previos que han debilitado la salud del papa en los \u00faltimos a\u00f1os. Entre otras cosas, se ha sometido a operaciones en el colon y el abdomen y ha tenido dificultades para caminar.<\/p>\n<p>La hospitalizaci\u00f3n del papa, l\u00edder espiritual de 1.400 millones de cat\u00f3licos, ha reabierto las interrogantes sobre su capacidad para desempe\u00f1ar sus funciones. El derecho can\u00f3nico no prev\u00e9 ninguna disposici\u00f3n en caso de un problema grave que pueda afectar a su lucidez.<\/p>\n<p>Tambi\u00e9n reaviv\u00f3 las especulaciones sobre la posibilidad de que Francisco renuncie, aunque ha dicho varias veces que ese momento a\u00fan no ha llegado.<\/p>\n<div class=\"pvc_clear\"><\/div>\n<p id=\"pvc_stats_24180\" class=\"pvc_stats all  \" data-element-id=\"24180\" style=\"\"><i class=\"pvc-stats-icon large\" aria-hidden=\"true\"><svg xmlns=\"http:\/\/www.w3.org\/2000\/svg\" version=\"1.0\" viewBox=\"0 0 502 315\" preserveAspectRatio=\"xMidYMid meet\"><g transform=\"translate(0,332) scale(0.1,-0.1)\" fill=\"\" stroke=\"none\"><path d=\"M2394 3279 l-29 -30 -3 -207 c-2 -182 0 -211 15 -242 39 -76 157 -76 196 0 15 31 17 60 15 243 l-3 209 -33 29 c-26 23 -41 29 -80 29 -41 0 -53 -5 -78 -31z\"\/><path d=\"M3085 3251 c-45 -19 -58 -50 -96 -229 -47 -217 -49 -260 -13 -295 52 -53 146 -42 177 20 16 31 87 366 87 410 0 70 -86 122 -155 94z\"\/><path d=\"M1751 3234 c-13 -9 -29 -31 -37 -50 -12 -29 -10 -49 21 -204 19 -94 39 -189 45 -210 14 -50 54 -80 110 -80 34 0 48 6 76 34 21 21 34 44 34 59 0 14 -18 113 -40 219 -37 178 -43 195 -70 221 -36 32 -101 37 -139 11z\"\/><path d=\"M1163 3073 c-36 -7 -73 -59 -73 -102 0 -56 133 -378 171 -413 34 -32 83 -37 129 -13 70 36 67 87 -16 290 -86 209 -89 214 -129 231 -35 14 -42 15 -82 7z\"\/><path d=\"M3689 3066 c-15 -9 -33 -30 -42 -48 -48 -103 -147 -355 -147 -375 0 -98 131 -148 192 -74 13 15 57 108 97 206 80 196 84 226 37 273 -30 30 -99 39 -137 18z\"\/><path d=\"M583 2784 c-38 -19 -67 -74 -58 -113 9 -42 211 -354 242 -373 16 -10 45 -18 66 -18 51 0 107 52 107 100 0 39 -1 41 -124 234 -80 126 -108 162 -133 173 -41 17 -61 16 -100 -3z\"\/><path d=\"M4250 2784 c-14 -9 -74 -91 -133 -183 -95 -150 -107 -173 -107 -213 0 -55 33 -94 87 -104 67 -13 90 8 211 198 130 202 137 225 78 284 -27 27 -42 34 -72 34 -22 0 -50 -8 -64 -16z\"\/><path d=\"M2275 2693 c-553 -48 -1095 -270 -1585 -649 -135 -104 -459 -423 -483 -476 -23 -49 -22 -139 2 -186 73 -142 361 -457 571 -626 285 -228 642 -407 990 -497 242 -63 336 -73 660 -74 310 0 370 5 595 52 535 111 1045 392 1455 803 122 121 250 273 275 326 19 41 19 137 0 174 -41 79 -309 363 -465 492 -447 370 -946 591 -1479 653 -113 14 -422 18 -536 8z m395 -428 c171 -34 330 -124 456 -258 112 -119 167 -219 211 -378 27 -96 24 -300 -5 -401 -72 -255 -236 -447 -474 -557 -132 -62 -201 -76 -368 -76 -167 0 -236 14 -368 76 -213 98 -373 271 -451 485 -162 444 86 934 547 1084 153 49 292 57 452 25z m909 -232 c222 -123 408 -262 593 -441 76 -74 138 -139 138 -144 0 -16 -233 -242 -330 -319 -155 -123 -309 -223 -461 -299 l-81 -41 32 46 c18 26 49 83 70 128 143 306 141 649 -6 957 -25 52 -61 116 -79 142 l-34 47 45 -20 c26 -10 76 -36 113 -56z m-2057 25 c-40 -58 -105 -190 -130 -263 -110 -324 -59 -707 132 -981 25 -35 42 -64 37 -64 -19 0 -241 119 -326 174 -188 122 -406 314 -532 468 l-58 71 108 103 c185 178 428 349 672 473 66 33 121 60 123 61 2 0 -10 -19 -26 -42z\"\/><path d=\"M2375 1950 c-198 -44 -350 -190 -395 -379 -18 -76 -8 -221 19 -290 114 -284 457 -406 731 -260 98 52 188 154 231 260 27 69 37 214 19 290 -38 163 -166 304 -326 360 -67 23 -215 33 -279 19z\"\/><\/g><\/svg><\/i> <img decoding=\"async\" width=\"16\" height=\"16\" alt=\"Loading\" src=\"https:\/\/esviafm.com\/wp-content\/plugins\/page-views-count\/ajax-loader-2x.gif\" border=0 \/><\/p>\n<div class=\"pvc_clear\"><\/div>\n","protected":false},"excerpt":{"rendered":"<p>El papa Francisco, que padece una doble neumon\u00eda, sigue \u00abcr\u00edtico pero estable\u00bb, anunci\u00f3 el Vaticano el martes por la noche, en el 12\u00ba d\u00eda de su hospitalizaci\u00f3n, subrayando que el pont\u00edfice, de 88 a\u00f1os, hab\u00eda trabajado durante el d\u00eda. \u00abEl estado cl\u00ednico del Santo Padre sigue siendo cr\u00edtico pero estable\u00bb, indic\u00f3 la Santa Sede en [&hellip;]<\/p>\n<div class=\"pvc_clear\"><\/div>\n<p id=\"pvc_stats_24180\" class=\"pvc_stats all  \" data-element-id=\"24180\" style=\"\"><i class=\"pvc-stats-icon large\" aria-hidden=\"true\"><svg xmlns=\"http:\/\/www.w3.org\/2000\/svg\" version=\"1.0\" viewBox=\"0 0 502 315\" preserveAspectRatio=\"xMidYMid meet\"><g transform=\"translate(0,332) scale(0.1,-0.1)\" fill=\"\" stroke=\"none\"><path d=\"M2394 3279 l-29 -30 -3 -207 c-2 -182 0 -211 15 -242 39 -76 157 -76 196 0 15 31 17 60 15 243 l-3 209 -33 29 c-26 23 -41 29 -80 29 -41 0 -53 -5 -78 -31z\"\/><path d=\"M3085 3251 c-45 -19 -58 -50 -96 -229 -47 -217 -49 -260 -13 -295 52 -53 146 -42 177 20 16 31 87 366 87 410 0 70 -86 122 -155 94z\"\/><path d=\"M1751 3234 c-13 -9 -29 -31 -37 -50 -12 -29 -10 -49 21 -204 19 -94 39 -189 45 -210 14 -50 54 -80 110 -80 34 0 48 6 76 34 21 21 34 44 34 59 0 14 -18 113 -40 219 -37 178 -43 195 -70 221 -36 32 -101 37 -139 11z\"\/><path d=\"M1163 3073 c-36 -7 -73 -59 -73 -102 0 -56 133 -378 171 -413 34 -32 83 -37 129 -13 70 36 67 87 -16 290 -86 209 -89 214 -129 231 -35 14 -42 15 -82 7z\"\/><path d=\"M3689 3066 c-15 -9 -33 -30 -42 -48 -48 -103 -147 -355 -147 -375 0 -98 131 -148 192 -74 13 15 57 108 97 206 80 196 84 226 37 273 -30 30 -99 39 -137 18z\"\/><path d=\"M583 2784 c-38 -19 -67 -74 -58 -113 9 -42 211 -354 242 -373 16 -10 45 -18 66 -18 51 0 107 52 107 100 0 39 -1 41 -124 234 -80 126 -108 162 -133 173 -41 17 -61 16 -100 -3z\"\/><path d=\"M4250 2784 c-14 -9 -74 -91 -133 -183 -95 -150 -107 -173 -107 -213 0 -55 33 -94 87 -104 67 -13 90 8 211 198 130 202 137 225 78 284 -27 27 -42 34 -72 34 -22 0 -50 -8 -64 -16z\"\/><path d=\"M2275 2693 c-553 -48 -1095 -270 -1585 -649 -135 -104 -459 -423 -483 -476 -23 -49 -22 -139 2 -186 73 -142 361 -457 571 -626 285 -228 642 -407 990 -497 242 -63 336 -73 660 -74 310 0 370 5 595 52 535 111 1045 392 1455 803 122 121 250 273 275 326 19 41 19 137 0 174 -41 79 -309 363 -465 492 -447 370 -946 591 -1479 653 -113 14 -422 18 -536 8z m395 -428 c171 -34 330 -124 456 -258 112 -119 167 -219 211 -378 27 -96 24 -300 -5 -401 -72 -255 -236 -447 -474 -557 -132 -62 -201 -76 -368 -76 -167 0 -236 14 -368 76 -213 98 -373 271 -451 485 -162 444 86 934 547 1084 153 49 292 57 452 25z m909 -232 c222 -123 408 -262 593 -441 76 -74 138 -139 138 -144 0 -16 -233 -242 -330 -319 -155 -123 -309 -223 -461 -299 l-81 -41 32 46 c18 26 49 83 70 128 143 306 141 649 -6 957 -25 52 -61 116 -79 142 l-34 47 45 -20 c26 -10 76 -36 113 -56z m-2057 25 c-40 -58 -105 -190 -130 -263 -110 -324 -59 -707 132 -981 25 -35 42 -64 37 -64 -19 0 -241 119 -326 174 -188 122 -406 314 -532 468 l-58 71 108 103 c185 178 428 349 672 473 66 33 121 60 123 61 2 0 -10 -19 -26 -42z\"\/><path d=\"M2375 1950 c-198 -44 -350 -190 -395 -379 -18 -76 -8 -221 19 -290 114 -284 457 -406 731 -260 98 52 188 154 231 260 27 69 37 214 19 290 -38 163 -166 304 -326 360 -67 23 -215 33 -279 19z\"\/><\/g><\/svg><\/i> <img decoding=\"async\" width=\"16\" height=\"16\" alt=\"Loading\" src=\"https:\/\/esviafm.com\/wp-content\/plugins\/page-views-count\/ajax-loader-2x.gif\" border=0 \/><\/p>\n<div class=\"pvc_clear\"><\/div>\n","protected":false},"author":1,"featured_media":0,"comment_status":"open","ping_status":"open","sticky":false,"template":"","format":"standard","meta":{"_et_pb_use_builder":"","_et_pb_old_content":"","_et_gb_content_width":"","footnotes":""},"categories":[25],"tags":[],"class_list":["post-24180","post","type-post","status-publish","format-standard","hentry","category-nacionales"],"_links":{"self":[{"href":"https:\/\/esviafm.com\/index.php\/wp-json\/wp\/v2\/posts\/24180","targetHints":{"allow":["GET"]}}],"collection":[{"href":"https:\/\/esviafm.com\/index.php\/wp-json\/wp\/v2\/posts"}],"about":[{"href":"https:\/\/esviafm.com\/index.php\/wp-json\/wp\/v2\/types\/post"}],"author":[{"embeddable":true,"href":"https:\/\/esviafm.com\/index.php\/wp-json\/wp\/v2\/users\/1"}],"replies":[{"embeddable":true,"href":"https:\/\/esviafm.com\/index.php\/wp-json\/wp\/v2\/comments?post=24180"}],"version-history":[{"count":1,"href":"https:\/\/esviafm.com\/index.php\/wp-json\/wp\/v2\/posts\/24180\/revisions"}],"predecessor-version":[{"id":24182,"href":"https:\/\/esviafm.com\/index.php\/wp-json\/wp\/v2\/posts\/24180\/revisions\/24182"}],"wp:attachment":[{"href":"https:\/\/esviafm.com\/index.php\/wp-json\/wp\/v2\/media?parent=24180"}],"wp:term":[{"taxonomy":"category","embeddable":true,"href":"https:\/\/esviafm.com\/index.php\/wp-json\/wp\/v2\/categories?post=24180"},{"taxonomy":"post_tag","embeddable":true,"href":"https:\/\/esviafm.com\/index.php\/wp-json\/wp\/v2\/tags?post=24180"}],"curies":[{"name":"wp","href":"https:\/\/api.w.org\/{rel}","templated":true}]}}