{"id":23915,"date":"2025-02-18T06:33:44","date_gmt":"2025-02-18T11:03:44","guid":{"rendered":"https:\/\/esviafm.com\/?p=23915"},"modified":"2025-02-18T06:33:44","modified_gmt":"2025-02-18T11:03:44","slug":"docentes-rechazan-trabajar-la-jornada-completa-bajo-actuales-condiciones-de-salario-e-infraestructura","status":"publish","type":"post","link":"https:\/\/esviafm.com\/index.php\/docentes-rechazan-trabajar-la-jornada-completa-bajo-actuales-condiciones-de-salario-e-infraestructura\/","title":{"rendered":"Docentes rechazan trabajar la jornada completa bajo actuales condiciones de salario e infraestructura"},"content":{"rendered":"<p>Profesores y de la Unidad Educativa Nacional San Francisco Javier han manifestado su rechazo a la\u00a0<strong>imposici\u00f3n de la jornada completa a mitad del a\u00f1o escolar<\/strong>, una medida dictada por el Ministerio de Educaci\u00f3n, sin considerar las condiciones laborales y de infraestructura necesarias para su aplicaci\u00f3n.<\/p>\n<p>La profesora Carmen Hu\u00e9rfano, vocera del gremio docente de la instituci\u00f3n, explic\u00f3 que este cambio impacta negativamente tanto a educadores como a estudiantes y sus familias. \u201c<strong>Los docentes ya tenemos planificada nuestra carga acad\u00e9mica y los alumnos est\u00e1n adaptados a su horario<\/strong>. Modificarlo sin previo aviso genera desorganizaci\u00f3n y afecta su desempe\u00f1o\u201d, se\u00f1al\u00f3.<\/p>\n<h2 class=\"wp-block-heading\">Salarios insuficientes y condiciones laborales precarias<\/h2>\n<p>Uno de los principales reclamos de los educadores es el bajo salario que perciben, el cual no cubre ni una m\u00ednima parte de la canasta b\u00e1sica. \u201c<strong>Muchos de nosotros debemos buscar otras fuentes de ingresos para sobrevivir<\/strong>. Si nos obligan a cumplir una jornada completa, \u00bfC\u00f3mo hacemos para mantener a nuestras familias?\u201d, cuestion\u00f3 Hu\u00e9rfano.<\/p>\n<p>Adem\u00e1s, denunci\u00f3 que las condiciones de la instituci\u00f3n no son aptas para una jornada extendida. La infraestructura presenta fallas graves, como la falta de suficientes aulas para la cantidad de alumnos, la escasez de pupitres y la precariedad de los ba\u00f1os. \u201cNo tenemos agua de manera continua, los ba\u00f1os est\u00e1n colapsados y los profesores ni siquiera contamos con uno propio.\u00a0<strong>En algunos casos, los estudiantes deben salir de la escuela para hacer sus necesidades fisiol\u00f3gicas en casa<\/strong>\u201d, agreg\u00f3.<\/p>\n<h2 class=\"wp-block-heading\">Ausencia de servicio de alimentaci\u00f3n<\/h2>\n<p>Otro factor que preocupa a los docentes es la falta de un comedor escolar adecuado. Seg\u00fan declaraciones oficiales del Ministerio de Educaci\u00f3n, la jornada completa solo se implementar\u00eda cuando todas las instituciones contaran con un servicio de alimentaci\u00f3n garantizado, lo cual no se cumple en San Francisco Javier.<\/p>\n<p>\u201cAqu\u00ed los ni\u00f1os tienen que comer en el suelo porque no hay espacios destinados para eso. Muchos deben traer su comida de casa, lo que no siempre es posible en un contexto econ\u00f3mico tan dif\u00edcil\u201d, denunci\u00f3 Hu\u00e9rfano.<\/p>\n<h2 class=\"wp-block-heading\">Exigen mejoras salariales y respeto a la estabilidad laboral<\/h2>\n<p>Los docentes tambi\u00e9n se\u00f1alaron que la implementaci\u00f3n de la jornada completa ha implicado el\u00a0<strong>traslado inconsulto de algunos profesores<\/strong>, a pesar de la vigencia del decreto de inamovilidad laboral hasta 2026. \u201cNo pueden reubicar a los docentes sin su consentimiento. Adem\u00e1s, eliminaron materias esenciales sin justificaci\u00f3n, dejando a muchos compa\u00f1eros en el aire\u201d, explic\u00f3 la profesora.<\/p>\n<p>Ante esta situaci\u00f3n, los trabajadores exigen un aumento salarial digno y el cumplimiento de las condiciones necesarias antes de aplicar cualquier cambio en la jornada escolar. \u201cUn bono no es soluci\u00f3n, porque no es computable para prestaciones ni beneficios.\u00a0<strong>Exigimos un salario justo que nos permita vivir con dignidad<\/strong>\u201d, concluy\u00f3 Hu\u00e9rfano.<\/p>\n<p>Los docentes y trabajadores han hecho un llamado a la comunidad educativa y a los representantes a sumarse a sus exigencias, ya que\u00a0<strong>estas condiciones afectan directamente la calidad educativa y el bienestar de los estudiantes<\/strong>.<\/p>\n<div class=\"pvc_clear\"><\/div>\n<p id=\"pvc_stats_23915\" class=\"pvc_stats all  \" data-element-id=\"23915\" style=\"\"><i class=\"pvc-stats-icon large\" aria-hidden=\"true\"><svg xmlns=\"http:\/\/www.w3.org\/2000\/svg\" version=\"1.0\" viewBox=\"0 0 502 315\" preserveAspectRatio=\"xMidYMid meet\"><g transform=\"translate(0,332) scale(0.1,-0.1)\" fill=\"\" stroke=\"none\"><path d=\"M2394 3279 l-29 -30 -3 -207 c-2 -182 0 -211 15 -242 39 -76 157 -76 196 0 15 31 17 60 15 243 l-3 209 -33 29 c-26 23 -41 29 -80 29 -41 0 -53 -5 -78 -31z\"\/><path d=\"M3085 3251 c-45 -19 -58 -50 -96 -229 -47 -217 -49 -260 -13 -295 52 -53 146 -42 177 20 16 31 87 366 87 410 0 70 -86 122 -155 94z\"\/><path d=\"M1751 3234 c-13 -9 -29 -31 -37 -50 -12 -29 -10 -49 21 -204 19 -94 39 -189 45 -210 14 -50 54 -80 110 -80 34 0 48 6 76 34 21 21 34 44 34 59 0 14 -18 113 -40 219 -37 178 -43 195 -70 221 -36 32 -101 37 -139 11z\"\/><path d=\"M1163 3073 c-36 -7 -73 -59 -73 -102 0 -56 133 -378 171 -413 34 -32 83 -37 129 -13 70 36 67 87 -16 290 -86 209 -89 214 -129 231 -35 14 -42 15 -82 7z\"\/><path d=\"M3689 3066 c-15 -9 -33 -30 -42 -48 -48 -103 -147 -355 -147 -375 0 -98 131 -148 192 -74 13 15 57 108 97 206 80 196 84 226 37 273 -30 30 -99 39 -137 18z\"\/><path d=\"M583 2784 c-38 -19 -67 -74 -58 -113 9 -42 211 -354 242 -373 16 -10 45 -18 66 -18 51 0 107 52 107 100 0 39 -1 41 -124 234 -80 126 -108 162 -133 173 -41 17 -61 16 -100 -3z\"\/><path d=\"M4250 2784 c-14 -9 -74 -91 -133 -183 -95 -150 -107 -173 -107 -213 0 -55 33 -94 87 -104 67 -13 90 8 211 198 130 202 137 225 78 284 -27 27 -42 34 -72 34 -22 0 -50 -8 -64 -16z\"\/><path d=\"M2275 2693 c-553 -48 -1095 -270 -1585 -649 -135 -104 -459 -423 -483 -476 -23 -49 -22 -139 2 -186 73 -142 361 -457 571 -626 285 -228 642 -407 990 -497 242 -63 336 -73 660 -74 310 0 370 5 595 52 535 111 1045 392 1455 803 122 121 250 273 275 326 19 41 19 137 0 174 -41 79 -309 363 -465 492 -447 370 -946 591 -1479 653 -113 14 -422 18 -536 8z m395 -428 c171 -34 330 -124 456 -258 112 -119 167 -219 211 -378 27 -96 24 -300 -5 -401 -72 -255 -236 -447 -474 -557 -132 -62 -201 -76 -368 -76 -167 0 -236 14 -368 76 -213 98 -373 271 -451 485 -162 444 86 934 547 1084 153 49 292 57 452 25z m909 -232 c222 -123 408 -262 593 -441 76 -74 138 -139 138 -144 0 -16 -233 -242 -330 -319 -155 -123 -309 -223 -461 -299 l-81 -41 32 46 c18 26 49 83 70 128 143 306 141 649 -6 957 -25 52 -61 116 -79 142 l-34 47 45 -20 c26 -10 76 -36 113 -56z m-2057 25 c-40 -58 -105 -190 -130 -263 -110 -324 -59 -707 132 -981 25 -35 42 -64 37 -64 -19 0 -241 119 -326 174 -188 122 -406 314 -532 468 l-58 71 108 103 c185 178 428 349 672 473 66 33 121 60 123 61 2 0 -10 -19 -26 -42z\"\/><path d=\"M2375 1950 c-198 -44 -350 -190 -395 -379 -18 -76 -8 -221 19 -290 114 -284 457 -406 731 -260 98 52 188 154 231 260 27 69 37 214 19 290 -38 163 -166 304 -326 360 -67 23 -215 33 -279 19z\"\/><\/g><\/svg><\/i> <img decoding=\"async\" width=\"16\" height=\"16\" alt=\"Loading\" src=\"https:\/\/esviafm.com\/wp-content\/plugins\/page-views-count\/ajax-loader-2x.gif\" border=0 \/><\/p>\n<div class=\"pvc_clear\"><\/div>\n","protected":false},"excerpt":{"rendered":"<p>Profesores y de la Unidad Educativa Nacional San Francisco Javier han manifestado su rechazo a la\u00a0imposici\u00f3n de la jornada completa a mitad del a\u00f1o escolar, una medida dictada por el Ministerio de Educaci\u00f3n, sin considerar las condiciones laborales y de infraestructura necesarias para su aplicaci\u00f3n. La profesora Carmen Hu\u00e9rfano, vocera del gremio docente de la [&hellip;]<\/p>\n<div class=\"pvc_clear\"><\/div>\n<p id=\"pvc_stats_23915\" class=\"pvc_stats all  \" data-element-id=\"23915\" style=\"\"><i class=\"pvc-stats-icon large\" aria-hidden=\"true\"><svg xmlns=\"http:\/\/www.w3.org\/2000\/svg\" version=\"1.0\" viewBox=\"0 0 502 315\" preserveAspectRatio=\"xMidYMid meet\"><g transform=\"translate(0,332) scale(0.1,-0.1)\" fill=\"\" stroke=\"none\"><path d=\"M2394 3279 l-29 -30 -3 -207 c-2 -182 0 -211 15 -242 39 -76 157 -76 196 0 15 31 17 60 15 243 l-3 209 -33 29 c-26 23 -41 29 -80 29 -41 0 -53 -5 -78 -31z\"\/><path d=\"M3085 3251 c-45 -19 -58 -50 -96 -229 -47 -217 -49 -260 -13 -295 52 -53 146 -42 177 20 16 31 87 366 87 410 0 70 -86 122 -155 94z\"\/><path d=\"M1751 3234 c-13 -9 -29 -31 -37 -50 -12 -29 -10 -49 21 -204 19 -94 39 -189 45 -210 14 -50 54 -80 110 -80 34 0 48 6 76 34 21 21 34 44 34 59 0 14 -18 113 -40 219 -37 178 -43 195 -70 221 -36 32 -101 37 -139 11z\"\/><path d=\"M1163 3073 c-36 -7 -73 -59 -73 -102 0 -56 133 -378 171 -413 34 -32 83 -37 129 -13 70 36 67 87 -16 290 -86 209 -89 214 -129 231 -35 14 -42 15 -82 7z\"\/><path d=\"M3689 3066 c-15 -9 -33 -30 -42 -48 -48 -103 -147 -355 -147 -375 0 -98 131 -148 192 -74 13 15 57 108 97 206 80 196 84 226 37 273 -30 30 -99 39 -137 18z\"\/><path d=\"M583 2784 c-38 -19 -67 -74 -58 -113 9 -42 211 -354 242 -373 16 -10 45 -18 66 -18 51 0 107 52 107 100 0 39 -1 41 -124 234 -80 126 -108 162 -133 173 -41 17 -61 16 -100 -3z\"\/><path d=\"M4250 2784 c-14 -9 -74 -91 -133 -183 -95 -150 -107 -173 -107 -213 0 -55 33 -94 87 -104 67 -13 90 8 211 198 130 202 137 225 78 284 -27 27 -42 34 -72 34 -22 0 -50 -8 -64 -16z\"\/><path d=\"M2275 2693 c-553 -48 -1095 -270 -1585 -649 -135 -104 -459 -423 -483 -476 -23 -49 -22 -139 2 -186 73 -142 361 -457 571 -626 285 -228 642 -407 990 -497 242 -63 336 -73 660 -74 310 0 370 5 595 52 535 111 1045 392 1455 803 122 121 250 273 275 326 19 41 19 137 0 174 -41 79 -309 363 -465 492 -447 370 -946 591 -1479 653 -113 14 -422 18 -536 8z m395 -428 c171 -34 330 -124 456 -258 112 -119 167 -219 211 -378 27 -96 24 -300 -5 -401 -72 -255 -236 -447 -474 -557 -132 -62 -201 -76 -368 -76 -167 0 -236 14 -368 76 -213 98 -373 271 -451 485 -162 444 86 934 547 1084 153 49 292 57 452 25z m909 -232 c222 -123 408 -262 593 -441 76 -74 138 -139 138 -144 0 -16 -233 -242 -330 -319 -155 -123 -309 -223 -461 -299 l-81 -41 32 46 c18 26 49 83 70 128 143 306 141 649 -6 957 -25 52 -61 116 -79 142 l-34 47 45 -20 c26 -10 76 -36 113 -56z m-2057 25 c-40 -58 -105 -190 -130 -263 -110 -324 -59 -707 132 -981 25 -35 42 -64 37 -64 -19 0 -241 119 -326 174 -188 122 -406 314 -532 468 l-58 71 108 103 c185 178 428 349 672 473 66 33 121 60 123 61 2 0 -10 -19 -26 -42z\"\/><path d=\"M2375 1950 c-198 -44 -350 -190 -395 -379 -18 -76 -8 -221 19 -290 114 -284 457 -406 731 -260 98 52 188 154 231 260 27 69 37 214 19 290 -38 163 -166 304 -326 360 -67 23 -215 33 -279 19z\"\/><\/g><\/svg><\/i> <img decoding=\"async\" width=\"16\" height=\"16\" alt=\"Loading\" src=\"https:\/\/esviafm.com\/wp-content\/plugins\/page-views-count\/ajax-loader-2x.gif\" border=0 \/><\/p>\n<div class=\"pvc_clear\"><\/div>\n","protected":false},"author":1,"featured_media":0,"comment_status":"open","ping_status":"open","sticky":false,"template":"","format":"standard","meta":{"_et_pb_use_builder":"","_et_pb_old_content":"","_et_gb_content_width":"","footnotes":""},"categories":[25],"tags":[],"class_list":["post-23915","post","type-post","status-publish","format-standard","hentry","category-nacionales"],"_links":{"self":[{"href":"https:\/\/esviafm.com\/index.php\/wp-json\/wp\/v2\/posts\/23915","targetHints":{"allow":["GET"]}}],"collection":[{"href":"https:\/\/esviafm.com\/index.php\/wp-json\/wp\/v2\/posts"}],"about":[{"href":"https:\/\/esviafm.com\/index.php\/wp-json\/wp\/v2\/types\/post"}],"author":[{"embeddable":true,"href":"https:\/\/esviafm.com\/index.php\/wp-json\/wp\/v2\/users\/1"}],"replies":[{"embeddable":true,"href":"https:\/\/esviafm.com\/index.php\/wp-json\/wp\/v2\/comments?post=23915"}],"version-history":[{"count":1,"href":"https:\/\/esviafm.com\/index.php\/wp-json\/wp\/v2\/posts\/23915\/revisions"}],"predecessor-version":[{"id":23917,"href":"https:\/\/esviafm.com\/index.php\/wp-json\/wp\/v2\/posts\/23915\/revisions\/23917"}],"wp:attachment":[{"href":"https:\/\/esviafm.com\/index.php\/wp-json\/wp\/v2\/media?parent=23915"}],"wp:term":[{"taxonomy":"category","embeddable":true,"href":"https:\/\/esviafm.com\/index.php\/wp-json\/wp\/v2\/categories?post=23915"},{"taxonomy":"post_tag","embeddable":true,"href":"https:\/\/esviafm.com\/index.php\/wp-json\/wp\/v2\/tags?post=23915"}],"curies":[{"name":"wp","href":"https:\/\/api.w.org\/{rel}","templated":true}]}}