{"id":23817,"date":"2025-02-13T06:42:42","date_gmt":"2025-02-13T11:12:42","guid":{"rendered":"https:\/\/esviafm.com\/?p=23817"},"modified":"2025-02-13T06:42:42","modified_gmt":"2025-02-13T11:12:42","slug":"estudiantes-de-la-ucv-rinden-homenaje-a-los-jovenes-caidos-en-protestas-desde-2014","status":"publish","type":"post","link":"https:\/\/esviafm.com\/index.php\/estudiantes-de-la-ucv-rinden-homenaje-a-los-jovenes-caidos-en-protestas-desde-2014\/","title":{"rendered":"Estudiantes de la UCV rinden homenaje a los j\u00f3venes ca\u00eddos en protestas desde 2014"},"content":{"rendered":"<p>Miembros de la Federaci\u00f3n de Centros Universitarios de la Universidad Central de Venezuela (FCU-UCV), junto con la comunidad estudiantil, llevaron a cabo una protesta pac\u00edfica en la puerta Tamanaco, donde\u00a0<strong>pintaron los nombres de m\u00e1s de 300 j\u00f3venes que han perdido la vida en protestas<\/strong>\u00a0desde el a\u00f1o 2014.<\/p>\n<p>La actividad, realizada en el marco del D\u00eda de la Juventud, tuvo como lema \u00ab<strong>\u00a1Prohibido olvidar!<\/strong>\u00bb y busc\u00f3 rendir tributo a quienes fallecieron en la lucha por un pa\u00eds en libertad.<\/p>\n<p>Rosa Cucunuba, vicepresidenta electa de la FCU-UCV, destac\u00f3 la importancia de la iniciativa, \u00abdesde la FCU hoy, D\u00eda de la Juventud, nos encontramos presentes en la puerta Tamanaco pintando los nombres de los\u00a0<strong>m\u00e1s de 300 j\u00f3venes ca\u00eddos en las protestas<\/strong>\u00a0desde el 2014 hasta la actualidad, cuyos sue\u00f1os fueron arrebatados. \u00a1Nos sobran razones para seguir defendiendo la verdad!\u00bb, afirm\u00f3.<\/p>\n<p>El movimiento estudiantil reiter\u00f3 su compromiso con la memoria de los ca\u00eddos y su lucha por una Venezuela en libertad. \u00ab<strong>\u00a1Su lucha nunca ser\u00e1 olvidada!<\/strong>\u00ab, expresaron los organizadores de la actividad.<\/p>\n<div class=\"google-auto-placed ap_container\"><ins class=\"adsbygoogle adsbygoogle-noablate\" data-ad-format=\"auto\" data-ad-client=\"ca-pub-1335675150850756\" data-adsbygoogle-status=\"done\" data-ad-status=\"unfilled\"><\/p>\n<div id=\"aswift_4_host\"><iframe id=\"aswift_4\" tabindex=\"0\" title=\"Advertisement\" src=\"https:\/\/googleads.g.doubleclick.net\/pagead\/ads?gdpr=0&amp;us_privacy=1---&amp;gpp_sid=-1&amp;client=ca-pub-1335675150850756&amp;output=html&amp;h=280&amp;adk=2050119885&amp;adf=1748698929&amp;w=761&amp;abgtt=6&amp;fwrn=4&amp;fwrnh=100&amp;lmt=1739387409&amp;num_ads=1&amp;rafmt=1&amp;armr=3&amp;sem=mc&amp;pwprc=4168079041&amp;ad_type=text_image&amp;format=761x280&amp;url=https%3A%2F%2Fwww.elimpulso.com%2F2025%2F02%2F12%2Festudiantes-de-la-ucv-rinden-homenaje-a-los-jovenes-caidos-en-protestas-desde-2014-12feb%2F&amp;fwr=0&amp;pra=3&amp;rh=191&amp;rw=761&amp;rpe=1&amp;resp_fmts=3&amp;wgl=1&amp;fa=27&amp;uach=WyJXaW5kb3dzIiwiMTAuMC4wIiwieDg2IiwiIiwiMTMyLjAuNjgzNC4xNjAiLG51bGwsMCxudWxsLCI2NCIsW1siTm90IEEoQnJhbmQiLCI4LjAuMC4wIl0sWyJDaHJvbWl1bSIsIjEzMi4wLjY4MzQuMTYwIl0sWyJHb29nbGUgQ2hyb21lIiwiMTMyLjAuNjgzNC4xNjAiXV0sMF0.&amp;dt=1739444880690&amp;bpp=5&amp;bdt=6231&amp;idt=5&amp;shv=r20250210&amp;mjsv=m202502060101&amp;ptt=9&amp;saldr=aa&amp;abxe=1&amp;cookie=ID%3D5cbf05c4edc88cfd%3AT%3D1726743684%3ART%3D1739444879%3AS%3DALNI_MZ7yYR3L6L7Mth26yAo2nEf_I7C1g&amp;gpic=UID%3D00000a5188f9e391%3AT%3D1726743684%3ART%3D1739444879%3AS%3DALNI_Mbs8_TawpzmiipOiKIpE59SFoiHQg&amp;eo_id_str=ID%3Dc9dae7cc7928f3d2%3AT%3D1726743684%3ART%3D1739444879%3AS%3DAA-AfjYWKUJYT1gf_0vXWGTc2GlG&amp;prev_fmts=0x0%2C1343x607%2C761x191%2C300x250&amp;nras=3&amp;correlator=3076417787176&amp;rume=1&amp;frm=20&amp;pv=1&amp;u_tz=-240&amp;u_his=1&amp;u_h=768&amp;u_w=1360&amp;u_ah=728&amp;u_aw=1360&amp;u_cd=24&amp;u_sd=1&amp;dmc=8&amp;adx=131&amp;ady=1540&amp;biw=1343&amp;bih=607&amp;scr_x=0&amp;scr_y=0&amp;eid=31090260%2C31090267%2C31090270%2C31090303%2C95352069%2C95347433%2C95350015%2C31061691%2C31061692&amp;oid=2&amp;pvsid=2208763273361320&amp;tmod=356817088&amp;uas=0&amp;nvt=1&amp;fc=1408&amp;brdim=0%2C0%2C0%2C0%2C1360%2C0%2C0%2C0%2C1360%2C607&amp;vis=1&amp;rsz=%7C%7Cs%7C&amp;abl=NS&amp;fu=128&amp;bc=31&amp;bz=0&amp;td=1&amp;tdf=2&amp;psd=W251bGwsW251bGwsbnVsbCxudWxsLCJkZXByZWNhdGVkX2thbm9uIl0sbnVsbCwzXQ..&amp;nt=1&amp;ifi=5&amp;uci=a!5&amp;btvi=3&amp;fsb=1&amp;dtd=M\" name=\"aswift_4\" width=\"761\" height=\"0\" frameborder=\"0\" marginwidth=\"0\" marginheight=\"0\" scrolling=\"no\" sandbox=\"allow-forms allow-popups allow-popups-to-escape-sandbox allow-same-origin allow-scripts allow-top-navigation-by-user-activation\" data-google-container-id=\"a!5\" aria-label=\"Advertisement\" data-google-query-id=\"CLyb8vjBwIsDFbiI7gEdX_QQrQ\" data-load-complete=\"true\" data-mce-fragment=\"1\"><\/iframe><\/div>\n<p><\/ins><\/div>\n<p>La jornada estuvo marcada por un ambiente de respeto y reflexi\u00f3n, en el que los estudiantes reafirmaron su determinaci\u00f3n de continuar en la b\u00fasqueda de justicia y democracia en el pa\u00eds.<\/p>\n<h2 class=\"wp-block-heading\">Mar\u00eda Corina Machado se pronunci\u00f3 al respecto<\/h2>\n<div class=\"google-auto-placed ap_container\"><ins class=\"adsbygoogle adsbygoogle-noablate\" data-ad-format=\"auto\" data-ad-client=\"ca-pub-1335675150850756\" data-adsbygoogle-status=\"done\" data-ad-status=\"unfilled\"><\/p>\n<div id=\"aswift_5_host\"><iframe id=\"aswift_5\" tabindex=\"0\" title=\"Advertisement\" src=\"https:\/\/googleads.g.doubleclick.net\/pagead\/ads?gdpr=0&amp;us_privacy=1---&amp;gpp_sid=-1&amp;client=ca-pub-1335675150850756&amp;output=html&amp;h=280&amp;adk=2050119885&amp;adf=4191060690&amp;w=761&amp;abgtt=6&amp;fwrn=4&amp;fwrnh=100&amp;lmt=1739387409&amp;num_ads=1&amp;rafmt=1&amp;armr=3&amp;sem=mc&amp;pwprc=4168079041&amp;ad_type=text_image&amp;format=761x280&amp;url=https%3A%2F%2Fwww.elimpulso.com%2F2025%2F02%2F12%2Festudiantes-de-la-ucv-rinden-homenaje-a-los-jovenes-caidos-en-protestas-desde-2014-12feb%2F&amp;fwr=0&amp;pra=3&amp;rh=191&amp;rw=761&amp;rpe=1&amp;resp_fmts=3&amp;wgl=1&amp;fa=27&amp;uach=WyJXaW5kb3dzIiwiMTAuMC4wIiwieDg2IiwiIiwiMTMyLjAuNjgzNC4xNjAiLG51bGwsMCxudWxsLCI2NCIsW1siTm90IEEoQnJhbmQiLCI4LjAuMC4wIl0sWyJDaHJvbWl1bSIsIjEzMi4wLjY4MzQuMTYwIl0sWyJHb29nbGUgQ2hyb21lIiwiMTMyLjAuNjgzNC4xNjAiXV0sMF0.&amp;dt=1739444880705&amp;bpp=2&amp;bdt=6245&amp;idt=2&amp;shv=r20250210&amp;mjsv=m202502060101&amp;ptt=9&amp;saldr=aa&amp;abxe=1&amp;cookie=ID%3D5cbf05c4edc88cfd%3AT%3D1726743684%3ART%3D1739444879%3AS%3DALNI_MZ7yYR3L6L7Mth26yAo2nEf_I7C1g&amp;gpic=UID%3D00000a5188f9e391%3AT%3D1726743684%3ART%3D1739444879%3AS%3DALNI_Mbs8_TawpzmiipOiKIpE59SFoiHQg&amp;eo_id_str=ID%3Dc9dae7cc7928f3d2%3AT%3D1726743684%3ART%3D1739444879%3AS%3DAA-AfjYWKUJYT1gf_0vXWGTc2GlG&amp;prev_fmts=0x0%2C1343x607%2C761x191%2C300x250%2C761x280&amp;nras=4&amp;correlator=3076417787176&amp;rume=1&amp;frm=20&amp;pv=1&amp;u_tz=-240&amp;u_his=1&amp;u_h=768&amp;u_w=1360&amp;u_ah=728&amp;u_aw=1360&amp;u_cd=24&amp;u_sd=1&amp;dmc=8&amp;adx=131&amp;ady=2347&amp;biw=1343&amp;bih=607&amp;scr_x=0&amp;scr_y=0&amp;eid=31090260%2C31090267%2C31090270%2C31090303%2C95352069%2C95347433%2C95350015%2C31061691%2C31061692&amp;oid=2&amp;pvsid=2208763273361320&amp;tmod=356817088&amp;uas=0&amp;nvt=1&amp;fc=1408&amp;brdim=0%2C0%2C0%2C0%2C1360%2C0%2C1360%2C728%2C1360%2C607&amp;vis=1&amp;rsz=%7C%7Cs%7C&amp;abl=NS&amp;fu=128&amp;bc=31&amp;bz=1&amp;td=1&amp;tdf=2&amp;psd=W251bGwsW251bGwsbnVsbCxudWxsLCJkZXByZWNhdGVkX2thbm9uIl0sbnVsbCwzXQ..&amp;nt=1&amp;ifi=6&amp;uci=a!6&amp;btvi=4&amp;fsb=1&amp;dtd=M\" name=\"aswift_5\" width=\"761\" height=\"0\" frameborder=\"0\" marginwidth=\"0\" marginheight=\"0\" scrolling=\"no\" sandbox=\"allow-forms allow-popups allow-popups-to-escape-sandbox allow-same-origin allow-scripts allow-top-navigation-by-user-activation\" data-google-container-id=\"a!6\" aria-label=\"Advertisement\" data-google-query-id=\"CP7RhPnBwIsDFUc9RAgdvk8Bvg\" data-load-complete=\"true\" data-mce-fragment=\"1\"><\/iframe><\/div>\n<p><\/ins><\/div>\n<p>Machado expres\u00f3 su apoyo y admiraci\u00f3n hacia los j\u00f3venes de la UCV, declarando que \u00aben el D\u00eda de la Juventud, los VALIENTES muchachos de la UCV hacen un homenaje a la entrega y al hero\u00edsmo de aquellos compa\u00f1eros que cayeron en esta lucha. Siempre los recordaremos y honraremos!!! Muchachos, ustedes son un ORGULLO de Venezuela y una INSPIRACI\u00d3N para todos. Este pa\u00eds decidi\u00f3 y no nos vamos a detener hasta LOGRAR LA LIBERTAD. Y despu\u00e9s de desalojar la tiran\u00eda, vamos a dejar el resto para construir un pa\u00eds con oportunidades infinitas para cada uno de ustedes! Vamos con TODO y HASTA EL FINAL!!!\u00bb.<\/p>\n<div class=\"pvc_clear\"><\/div>\n<p id=\"pvc_stats_23817\" class=\"pvc_stats all  \" data-element-id=\"23817\" style=\"\"><i class=\"pvc-stats-icon large\" aria-hidden=\"true\"><svg xmlns=\"http:\/\/www.w3.org\/2000\/svg\" version=\"1.0\" viewBox=\"0 0 502 315\" preserveAspectRatio=\"xMidYMid meet\"><g transform=\"translate(0,332) scale(0.1,-0.1)\" fill=\"\" stroke=\"none\"><path d=\"M2394 3279 l-29 -30 -3 -207 c-2 -182 0 -211 15 -242 39 -76 157 -76 196 0 15 31 17 60 15 243 l-3 209 -33 29 c-26 23 -41 29 -80 29 -41 0 -53 -5 -78 -31z\"\/><path d=\"M3085 3251 c-45 -19 -58 -50 -96 -229 -47 -217 -49 -260 -13 -295 52 -53 146 -42 177 20 16 31 87 366 87 410 0 70 -86 122 -155 94z\"\/><path d=\"M1751 3234 c-13 -9 -29 -31 -37 -50 -12 -29 -10 -49 21 -204 19 -94 39 -189 45 -210 14 -50 54 -80 110 -80 34 0 48 6 76 34 21 21 34 44 34 59 0 14 -18 113 -40 219 -37 178 -43 195 -70 221 -36 32 -101 37 -139 11z\"\/><path d=\"M1163 3073 c-36 -7 -73 -59 -73 -102 0 -56 133 -378 171 -413 34 -32 83 -37 129 -13 70 36 67 87 -16 290 -86 209 -89 214 -129 231 -35 14 -42 15 -82 7z\"\/><path d=\"M3689 3066 c-15 -9 -33 -30 -42 -48 -48 -103 -147 -355 -147 -375 0 -98 131 -148 192 -74 13 15 57 108 97 206 80 196 84 226 37 273 -30 30 -99 39 -137 18z\"\/><path d=\"M583 2784 c-38 -19 -67 -74 -58 -113 9 -42 211 -354 242 -373 16 -10 45 -18 66 -18 51 0 107 52 107 100 0 39 -1 41 -124 234 -80 126 -108 162 -133 173 -41 17 -61 16 -100 -3z\"\/><path d=\"M4250 2784 c-14 -9 -74 -91 -133 -183 -95 -150 -107 -173 -107 -213 0 -55 33 -94 87 -104 67 -13 90 8 211 198 130 202 137 225 78 284 -27 27 -42 34 -72 34 -22 0 -50 -8 -64 -16z\"\/><path d=\"M2275 2693 c-553 -48 -1095 -270 -1585 -649 -135 -104 -459 -423 -483 -476 -23 -49 -22 -139 2 -186 73 -142 361 -457 571 -626 285 -228 642 -407 990 -497 242 -63 336 -73 660 -74 310 0 370 5 595 52 535 111 1045 392 1455 803 122 121 250 273 275 326 19 41 19 137 0 174 -41 79 -309 363 -465 492 -447 370 -946 591 -1479 653 -113 14 -422 18 -536 8z m395 -428 c171 -34 330 -124 456 -258 112 -119 167 -219 211 -378 27 -96 24 -300 -5 -401 -72 -255 -236 -447 -474 -557 -132 -62 -201 -76 -368 -76 -167 0 -236 14 -368 76 -213 98 -373 271 -451 485 -162 444 86 934 547 1084 153 49 292 57 452 25z m909 -232 c222 -123 408 -262 593 -441 76 -74 138 -139 138 -144 0 -16 -233 -242 -330 -319 -155 -123 -309 -223 -461 -299 l-81 -41 32 46 c18 26 49 83 70 128 143 306 141 649 -6 957 -25 52 -61 116 -79 142 l-34 47 45 -20 c26 -10 76 -36 113 -56z m-2057 25 c-40 -58 -105 -190 -130 -263 -110 -324 -59 -707 132 -981 25 -35 42 -64 37 -64 -19 0 -241 119 -326 174 -188 122 -406 314 -532 468 l-58 71 108 103 c185 178 428 349 672 473 66 33 121 60 123 61 2 0 -10 -19 -26 -42z\"\/><path d=\"M2375 1950 c-198 -44 -350 -190 -395 -379 -18 -76 -8 -221 19 -290 114 -284 457 -406 731 -260 98 52 188 154 231 260 27 69 37 214 19 290 -38 163 -166 304 -326 360 -67 23 -215 33 -279 19z\"\/><\/g><\/svg><\/i> <img decoding=\"async\" width=\"16\" height=\"16\" alt=\"Loading\" src=\"https:\/\/esviafm.com\/wp-content\/plugins\/page-views-count\/ajax-loader-2x.gif\" border=0 \/><\/p>\n<div class=\"pvc_clear\"><\/div>\n","protected":false},"excerpt":{"rendered":"<p>Miembros de la Federaci\u00f3n de Centros Universitarios de la Universidad Central de Venezuela (FCU-UCV), junto con la comunidad estudiantil, llevaron a cabo una protesta pac\u00edfica en la puerta Tamanaco, donde\u00a0pintaron los nombres de m\u00e1s de 300 j\u00f3venes que han perdido la vida en protestas\u00a0desde el a\u00f1o 2014. La actividad, realizada en el marco del D\u00eda [&hellip;]<\/p>\n<div class=\"pvc_clear\"><\/div>\n<p id=\"pvc_stats_23817\" class=\"pvc_stats all  \" data-element-id=\"23817\" style=\"\"><i class=\"pvc-stats-icon large\" aria-hidden=\"true\"><svg xmlns=\"http:\/\/www.w3.org\/2000\/svg\" version=\"1.0\" viewBox=\"0 0 502 315\" preserveAspectRatio=\"xMidYMid meet\"><g transform=\"translate(0,332) scale(0.1,-0.1)\" fill=\"\" stroke=\"none\"><path d=\"M2394 3279 l-29 -30 -3 -207 c-2 -182 0 -211 15 -242 39 -76 157 -76 196 0 15 31 17 60 15 243 l-3 209 -33 29 c-26 23 -41 29 -80 29 -41 0 -53 -5 -78 -31z\"\/><path d=\"M3085 3251 c-45 -19 -58 -50 -96 -229 -47 -217 -49 -260 -13 -295 52 -53 146 -42 177 20 16 31 87 366 87 410 0 70 -86 122 -155 94z\"\/><path d=\"M1751 3234 c-13 -9 -29 -31 -37 -50 -12 -29 -10 -49 21 -204 19 -94 39 -189 45 -210 14 -50 54 -80 110 -80 34 0 48 6 76 34 21 21 34 44 34 59 0 14 -18 113 -40 219 -37 178 -43 195 -70 221 -36 32 -101 37 -139 11z\"\/><path d=\"M1163 3073 c-36 -7 -73 -59 -73 -102 0 -56 133 -378 171 -413 34 -32 83 -37 129 -13 70 36 67 87 -16 290 -86 209 -89 214 -129 231 -35 14 -42 15 -82 7z\"\/><path d=\"M3689 3066 c-15 -9 -33 -30 -42 -48 -48 -103 -147 -355 -147 -375 0 -98 131 -148 192 -74 13 15 57 108 97 206 80 196 84 226 37 273 -30 30 -99 39 -137 18z\"\/><path d=\"M583 2784 c-38 -19 -67 -74 -58 -113 9 -42 211 -354 242 -373 16 -10 45 -18 66 -18 51 0 107 52 107 100 0 39 -1 41 -124 234 -80 126 -108 162 -133 173 -41 17 -61 16 -100 -3z\"\/><path d=\"M4250 2784 c-14 -9 -74 -91 -133 -183 -95 -150 -107 -173 -107 -213 0 -55 33 -94 87 -104 67 -13 90 8 211 198 130 202 137 225 78 284 -27 27 -42 34 -72 34 -22 0 -50 -8 -64 -16z\"\/><path d=\"M2275 2693 c-553 -48 -1095 -270 -1585 -649 -135 -104 -459 -423 -483 -476 -23 -49 -22 -139 2 -186 73 -142 361 -457 571 -626 285 -228 642 -407 990 -497 242 -63 336 -73 660 -74 310 0 370 5 595 52 535 111 1045 392 1455 803 122 121 250 273 275 326 19 41 19 137 0 174 -41 79 -309 363 -465 492 -447 370 -946 591 -1479 653 -113 14 -422 18 -536 8z m395 -428 c171 -34 330 -124 456 -258 112 -119 167 -219 211 -378 27 -96 24 -300 -5 -401 -72 -255 -236 -447 -474 -557 -132 -62 -201 -76 -368 -76 -167 0 -236 14 -368 76 -213 98 -373 271 -451 485 -162 444 86 934 547 1084 153 49 292 57 452 25z m909 -232 c222 -123 408 -262 593 -441 76 -74 138 -139 138 -144 0 -16 -233 -242 -330 -319 -155 -123 -309 -223 -461 -299 l-81 -41 32 46 c18 26 49 83 70 128 143 306 141 649 -6 957 -25 52 -61 116 -79 142 l-34 47 45 -20 c26 -10 76 -36 113 -56z m-2057 25 c-40 -58 -105 -190 -130 -263 -110 -324 -59 -707 132 -981 25 -35 42 -64 37 -64 -19 0 -241 119 -326 174 -188 122 -406 314 -532 468 l-58 71 108 103 c185 178 428 349 672 473 66 33 121 60 123 61 2 0 -10 -19 -26 -42z\"\/><path d=\"M2375 1950 c-198 -44 -350 -190 -395 -379 -18 -76 -8 -221 19 -290 114 -284 457 -406 731 -260 98 52 188 154 231 260 27 69 37 214 19 290 -38 163 -166 304 -326 360 -67 23 -215 33 -279 19z\"\/><\/g><\/svg><\/i> <img decoding=\"async\" width=\"16\" height=\"16\" alt=\"Loading\" src=\"https:\/\/esviafm.com\/wp-content\/plugins\/page-views-count\/ajax-loader-2x.gif\" border=0 \/><\/p>\n<div class=\"pvc_clear\"><\/div>\n","protected":false},"author":1,"featured_media":0,"comment_status":"open","ping_status":"open","sticky":false,"template":"","format":"standard","meta":{"_et_pb_use_builder":"","_et_pb_old_content":"","_et_gb_content_width":"","footnotes":""},"categories":[25],"tags":[],"class_list":["post-23817","post","type-post","status-publish","format-standard","hentry","category-nacionales"],"_links":{"self":[{"href":"https:\/\/esviafm.com\/index.php\/wp-json\/wp\/v2\/posts\/23817","targetHints":{"allow":["GET"]}}],"collection":[{"href":"https:\/\/esviafm.com\/index.php\/wp-json\/wp\/v2\/posts"}],"about":[{"href":"https:\/\/esviafm.com\/index.php\/wp-json\/wp\/v2\/types\/post"}],"author":[{"embeddable":true,"href":"https:\/\/esviafm.com\/index.php\/wp-json\/wp\/v2\/users\/1"}],"replies":[{"embeddable":true,"href":"https:\/\/esviafm.com\/index.php\/wp-json\/wp\/v2\/comments?post=23817"}],"version-history":[{"count":1,"href":"https:\/\/esviafm.com\/index.php\/wp-json\/wp\/v2\/posts\/23817\/revisions"}],"predecessor-version":[{"id":23819,"href":"https:\/\/esviafm.com\/index.php\/wp-json\/wp\/v2\/posts\/23817\/revisions\/23819"}],"wp:attachment":[{"href":"https:\/\/esviafm.com\/index.php\/wp-json\/wp\/v2\/media?parent=23817"}],"wp:term":[{"taxonomy":"category","embeddable":true,"href":"https:\/\/esviafm.com\/index.php\/wp-json\/wp\/v2\/categories?post=23817"},{"taxonomy":"post_tag","embeddable":true,"href":"https:\/\/esviafm.com\/index.php\/wp-json\/wp\/v2\/tags?post=23817"}],"curies":[{"name":"wp","href":"https:\/\/api.w.org\/{rel}","templated":true}]}}