{"id":23811,"date":"2025-02-13T06:39:57","date_gmt":"2025-02-13T11:09:57","guid":{"rendered":"https:\/\/esviafm.com\/?p=23811"},"modified":"2025-02-13T06:39:57","modified_gmt":"2025-02-13T11:09:57","slug":"experto-advierte-que-un-hipotetico-regreso-de-millones-de-venezolanos-profundizaria-la-crisis-humanitaria","status":"publish","type":"post","link":"https:\/\/esviafm.com\/index.php\/experto-advierte-que-un-hipotetico-regreso-de-millones-de-venezolanos-profundizaria-la-crisis-humanitaria\/","title":{"rendered":"Experto advierte que un hipot\u00e9tico regreso de millones de venezolanos profundizar\u00eda la \u201ccrisis humanitaria\u201d"},"content":{"rendered":"<p>La migraci\u00f3n ha sido de inter\u00e9s a\u00f1o tras a\u00f1o por la\u00a0<strong>emergencia humanitaria<\/strong>\u00a0compleja que afecta a Venezuela, seg\u00fan activistas, ONG y organismos internacionales. En 2025, la discusi\u00f3n ha girado en torno a la deportaci\u00f3n de latinos desde Estados Unidos y la eliminaci\u00f3n de asilo pol\u00edtico y de permisos de\u00a0permanencia temporal\u00a0por parte de la administraci\u00f3n de Donald Trump.<\/p>\n<p>El\u00a0<strong>abogado y coordinador del Centro de Estudios de Fronteras e Integraci\u00f3n en Universidad de los Andes,\u00a0Carlos Casanova Leal,<\/strong>\u00a0afirm\u00f3 que estamos ante un problema \u201ccomplejo\u201d y que \u201cdebe atenderse\u201d especialmente porque Venezuela no estar\u00eda lista para recibir a siete millones de venezolanos.<\/p>\n<p>\u201cEl problema es much\u00edsimo m\u00e1s complejo y debe atenderse. Y lo primero que yo considero es que se deber\u00eda discutir realmente cu\u00e1les son las pol\u00edticas para que se genere el empleo, porque si no tenemos empleo y adicionalmente de ello regresan siete millones de venezolanos, pues la crisis humanitaria se profundizar\u00e1 en el pa\u00eds\u201d, sostuvo en entrevista para el programa\u00a0<em>Punto y Seguimos<\/em>\u00a0de<strong>\u00a0Radio Fe y Alegr\u00eda Noticias<\/strong>.<\/p>\n<div class=\"google-auto-placed ap_container\"><ins class=\"adsbygoogle adsbygoogle-noablate\" data-ad-format=\"auto\" data-ad-client=\"ca-pub-1335675150850756\" data-adsbygoogle-status=\"done\" data-ad-status=\"unfilled\"><\/p>\n<div id=\"aswift_4_host\"><iframe id=\"aswift_4\" tabindex=\"0\" title=\"Advertisement\" src=\"https:\/\/googleads.g.doubleclick.net\/pagead\/ads?gdpr=0&amp;us_privacy=1---&amp;gpp_sid=-1&amp;client=ca-pub-1335675150850756&amp;output=html&amp;h=280&amp;adk=2050119885&amp;adf=1748698929&amp;w=761&amp;abgtt=6&amp;fwrn=4&amp;fwrnh=100&amp;lmt=1739386815&amp;num_ads=1&amp;rafmt=1&amp;armr=3&amp;sem=mc&amp;pwprc=4168079041&amp;ad_type=text_image&amp;format=761x280&amp;url=https%3A%2F%2Fwww.elimpulso.com%2F2025%2F02%2F12%2Fexperto-advierte-que-un-hipotetico-regreso-de-millones-de-venezolanos-profundizaria-la-crisis-humanitaria-12feb%2F&amp;fwr=0&amp;pra=3&amp;rh=191&amp;rw=761&amp;rpe=1&amp;resp_fmts=3&amp;wgl=1&amp;fa=27&amp;uach=WyJXaW5kb3dzIiwiMTAuMC4wIiwieDg2IiwiIiwiMTMyLjAuNjgzNC4xNjAiLG51bGwsMCxudWxsLCI2NCIsW1siTm90IEEoQnJhbmQiLCI4LjAuMC4wIl0sWyJDaHJvbWl1bSIsIjEzMi4wLjY4MzQuMTYwIl0sWyJHb29nbGUgQ2hyb21lIiwiMTMyLjAuNjgzNC4xNjAiXV0sMF0.&amp;dt=1739444931594&amp;bpp=11&amp;bdt=49801&amp;idt=-M&amp;shv=r20250210&amp;mjsv=m202502060101&amp;ptt=9&amp;saldr=aa&amp;abxe=1&amp;cookie=ID%3D5cbf05c4edc88cfd%3AT%3D1726743684%3ART%3D1739444879%3AS%3DALNI_MZ7yYR3L6L7Mth26yAo2nEf_I7C1g&amp;gpic=UID%3D00000a5188f9e391%3AT%3D1726743684%3ART%3D1739444879%3AS%3DALNI_Mbs8_TawpzmiipOiKIpE59SFoiHQg&amp;eo_id_str=ID%3Dc9dae7cc7928f3d2%3AT%3D1726743684%3ART%3D1739444879%3AS%3DAA-AfjYWKUJYT1gf_0vXWGTc2GlG&amp;prev_fmts=0x0%2C761x191%2C300x250&amp;nras=2&amp;correlator=3265729811217&amp;frm=20&amp;pv=1&amp;u_tz=-240&amp;u_his=1&amp;u_h=768&amp;u_w=1360&amp;u_ah=728&amp;u_aw=1360&amp;u_cd=24&amp;u_sd=1&amp;dmc=8&amp;adx=131&amp;ady=1394&amp;biw=1343&amp;bih=607&amp;scr_x=0&amp;scr_y=100&amp;eid=31090259%2C31090265%2C42532523%2C95352069%2C95347433%2C95350015&amp;oid=2&amp;pvsid=1896047489427119&amp;tmod=356817088&amp;uas=3&amp;nvt=1&amp;fc=1408&amp;brdim=0%2C0%2C0%2C0%2C1360%2C0%2C1360%2C728%2C1360%2C607&amp;vis=1&amp;rsz=%7C%7Cs%7C&amp;abl=NS&amp;fu=128&amp;bc=31&amp;bz=1&amp;td=1&amp;tdf=2&amp;psd=W251bGwsW251bGwsbnVsbCxudWxsLCJkZXByZWNhdGVkX2thbm9uIl0sbnVsbCwzXQ..&amp;nt=1&amp;ifi=5&amp;uci=a!5&amp;btvi=3&amp;fsb=1&amp;dtd=229\" name=\"aswift_4\" width=\"761\" height=\"0\" frameborder=\"0\" marginwidth=\"0\" marginheight=\"0\" scrolling=\"no\" sandbox=\"allow-forms allow-popups allow-popups-to-escape-sandbox allow-same-origin allow-scripts allow-top-navigation-by-user-activation\" data-google-container-id=\"a!5\" aria-label=\"Advertisement\" data-google-query-id=\"CIffg6rBwIsDFeE4RAgdCVgR5w\" data-load-complete=\"true\" data-mce-fragment=\"1\"><\/iframe><\/div>\n<p><\/ins><\/div>\n<p>En ese contexto, Salas alert\u00f3 que, adem\u00e1s de que los pa\u00edses no quieren recibir migraciones masivas, los recursos financieros que anteriormente se aportaban para la atenci\u00f3n de migrantes se est\u00e1n paralizando.<\/p>\n<h2 class=\"wp-block-heading\"><strong>Una reflexi\u00f3n global<\/strong><\/h2>\n<p>Seg\u00fan Casanova Leal, en la regi\u00f3n no se ha atendido las causas del problema migratorio.<\/p>\n<p>\u201cCuando nosotros apreciamos, por ejemplo, que llegan de regreso los deportados, uno de lo primero que tiene que preguntarse es por cu\u00e1l raz\u00f3n se fueron, y si las razones por las que se fueron ya cambiaron. Si ya cambiaron, pues bienvenido, pero si las razones por las que se fueron son las mismas, si iban a ir a buscar un destino mejor, pues ya sabe que de regreso tampoco lo va a conseguir\u201d, puntualiz\u00f3.<\/p>\n<p>\u201cEsto deber\u00eda llamarnos a una reflexi\u00f3n global\u201d, insisti\u00f3.<\/p>\n<h2 class=\"wp-block-heading\"><strong>Migraci\u00f3n disminuy\u00f3 casi totalmente por C\u00facuta<\/strong><\/h2>\n<div class=\"google-auto-placed ap_container\"><ins class=\"adsbygoogle adsbygoogle-noablate\" data-ad-format=\"auto\" data-ad-client=\"ca-pub-1335675150850756\" data-adsbygoogle-status=\"done\" data-ad-status=\"unfilled\"><\/p>\n<div id=\"aswift_5_host\"><iframe id=\"aswift_5\" tabindex=\"0\" title=\"Advertisement\" src=\"https:\/\/googleads.g.doubleclick.net\/pagead\/ads?gdpr=0&amp;us_privacy=1---&amp;gpp_sid=-1&amp;client=ca-pub-1335675150850756&amp;output=html&amp;h=280&amp;adk=2050119885&amp;adf=4191060690&amp;w=761&amp;abgtt=6&amp;fwrn=4&amp;fwrnh=100&amp;lmt=1739386815&amp;num_ads=1&amp;rafmt=1&amp;armr=3&amp;sem=mc&amp;pwprc=4168079041&amp;ad_type=text_image&amp;format=761x280&amp;url=https%3A%2F%2Fwww.elimpulso.com%2F2025%2F02%2F12%2Fexperto-advierte-que-un-hipotetico-regreso-de-millones-de-venezolanos-profundizaria-la-crisis-humanitaria-12feb%2F&amp;fwr=0&amp;pra=3&amp;rh=191&amp;rw=761&amp;rpe=1&amp;resp_fmts=3&amp;wgl=1&amp;fa=27&amp;uach=WyJXaW5kb3dzIiwiMTAuMC4wIiwieDg2IiwiIiwiMTMyLjAuNjgzNC4xNjAiLG51bGwsMCxudWxsLCI2NCIsW1siTm90IEEoQnJhbmQiLCI4LjAuMC4wIl0sWyJDaHJvbWl1bSIsIjEzMi4wLjY4MzQuMTYwIl0sWyJHb29nbGUgQ2hyb21lIiwiMTMyLjAuNjgzNC4xNjAiXV0sMF0.&amp;dt=1739444931594&amp;bpp=3&amp;bdt=49801&amp;idt=-M&amp;shv=r20250210&amp;mjsv=m202502060101&amp;ptt=9&amp;saldr=aa&amp;abxe=1&amp;cookie=ID%3D5cbf05c4edc88cfd%3AT%3D1726743684%3ART%3D1739444879%3AS%3DALNI_MZ7yYR3L6L7Mth26yAo2nEf_I7C1g&amp;gpic=UID%3D00000a5188f9e391%3AT%3D1726743684%3ART%3D1739444879%3AS%3DALNI_Mbs8_TawpzmiipOiKIpE59SFoiHQg&amp;eo_id_str=ID%3Dc9dae7cc7928f3d2%3AT%3D1726743684%3ART%3D1739444879%3AS%3DAA-AfjYWKUJYT1gf_0vXWGTc2GlG&amp;prev_fmts=0x0%2C761x191%2C300x250%2C761x280&amp;nras=3&amp;correlator=3265729811217&amp;frm=20&amp;pv=1&amp;u_tz=-240&amp;u_his=1&amp;u_h=768&amp;u_w=1360&amp;u_ah=728&amp;u_aw=1360&amp;u_cd=24&amp;u_sd=1&amp;dmc=8&amp;adx=131&amp;ady=2227&amp;biw=1343&amp;bih=607&amp;scr_x=0&amp;scr_y=100&amp;eid=31090259%2C31090265%2C42532523%2C95352069%2C95347433%2C95350015&amp;oid=2&amp;pvsid=1896047489427119&amp;tmod=356817088&amp;uas=3&amp;nvt=1&amp;fc=1408&amp;brdim=0%2C0%2C0%2C0%2C1360%2C0%2C1360%2C728%2C1360%2C607&amp;vis=1&amp;rsz=%7C%7Cs%7C&amp;abl=NS&amp;fu=128&amp;bc=31&amp;bz=1&amp;td=1&amp;tdf=2&amp;psd=W251bGwsW251bGwsbnVsbCxudWxsLCJkZXByZWNhdGVkX2thbm9uIl0sbnVsbCwzXQ..&amp;nt=1&amp;ifi=6&amp;uci=a!6&amp;btvi=4&amp;fsb=1&amp;dtd=342\" name=\"aswift_5\" width=\"761\" height=\"0\" frameborder=\"0\" marginwidth=\"0\" marginheight=\"0\" scrolling=\"no\" sandbox=\"allow-forms allow-popups allow-popups-to-escape-sandbox allow-same-origin allow-scripts allow-top-navigation-by-user-activation\" data-google-container-id=\"a!6\" aria-label=\"Advertisement\" data-google-query-id=\"CMKoiqrBwIsDFZGG7gEdxrIT9w\" data-load-complete=\"true\" data-mce-fragment=\"1\"><\/iframe><\/div>\n<p><\/ins><\/div>\n<p>expres\u00f3 que ha habido una\u00a0<strong>disminuci\u00f3n de la migraci\u00f3n por la frontera entre C\u00facuta y Venezuela\u00a0<\/strong>debido a las bajas expectativas de llegar a pa\u00edses en Centroam\u00e9rica.<\/p>\n<p>\u201cEsa migraci\u00f3n ha disminuido casi que un 90 por ciento, vale decir, como consecuencia de los procesos de cierre en M\u00e9xico y de M\u00e9xico a Estados Unidos\u201d, declar\u00f3. \u201cLa selva del Dari\u00e9n tambi\u00e9n qued\u00f3 pr\u00e1cticamente cerrada\u201d, agreg\u00f3.<\/p>\n<p>El especialista destac\u00f3 que aunque casi no hay personas transitando por el Dari\u00e9n, las personas siguen movi\u00e9ndose: est\u00e1n desplaz\u00e1ndose desde Estados Unidos a Canad\u00e1 o Espa\u00f1a, y desde Venezuela hasta Brasil.<\/p>\n<div class=\"pvc_clear\"><\/div>\n<p id=\"pvc_stats_23811\" class=\"pvc_stats all  \" data-element-id=\"23811\" style=\"\"><i class=\"pvc-stats-icon large\" aria-hidden=\"true\"><svg xmlns=\"http:\/\/www.w3.org\/2000\/svg\" version=\"1.0\" viewBox=\"0 0 502 315\" preserveAspectRatio=\"xMidYMid meet\"><g transform=\"translate(0,332) scale(0.1,-0.1)\" fill=\"\" stroke=\"none\"><path d=\"M2394 3279 l-29 -30 -3 -207 c-2 -182 0 -211 15 -242 39 -76 157 -76 196 0 15 31 17 60 15 243 l-3 209 -33 29 c-26 23 -41 29 -80 29 -41 0 -53 -5 -78 -31z\"\/><path d=\"M3085 3251 c-45 -19 -58 -50 -96 -229 -47 -217 -49 -260 -13 -295 52 -53 146 -42 177 20 16 31 87 366 87 410 0 70 -86 122 -155 94z\"\/><path d=\"M1751 3234 c-13 -9 -29 -31 -37 -50 -12 -29 -10 -49 21 -204 19 -94 39 -189 45 -210 14 -50 54 -80 110 -80 34 0 48 6 76 34 21 21 34 44 34 59 0 14 -18 113 -40 219 -37 178 -43 195 -70 221 -36 32 -101 37 -139 11z\"\/><path d=\"M1163 3073 c-36 -7 -73 -59 -73 -102 0 -56 133 -378 171 -413 34 -32 83 -37 129 -13 70 36 67 87 -16 290 -86 209 -89 214 -129 231 -35 14 -42 15 -82 7z\"\/><path d=\"M3689 3066 c-15 -9 -33 -30 -42 -48 -48 -103 -147 -355 -147 -375 0 -98 131 -148 192 -74 13 15 57 108 97 206 80 196 84 226 37 273 -30 30 -99 39 -137 18z\"\/><path d=\"M583 2784 c-38 -19 -67 -74 -58 -113 9 -42 211 -354 242 -373 16 -10 45 -18 66 -18 51 0 107 52 107 100 0 39 -1 41 -124 234 -80 126 -108 162 -133 173 -41 17 -61 16 -100 -3z\"\/><path d=\"M4250 2784 c-14 -9 -74 -91 -133 -183 -95 -150 -107 -173 -107 -213 0 -55 33 -94 87 -104 67 -13 90 8 211 198 130 202 137 225 78 284 -27 27 -42 34 -72 34 -22 0 -50 -8 -64 -16z\"\/><path d=\"M2275 2693 c-553 -48 -1095 -270 -1585 -649 -135 -104 -459 -423 -483 -476 -23 -49 -22 -139 2 -186 73 -142 361 -457 571 -626 285 -228 642 -407 990 -497 242 -63 336 -73 660 -74 310 0 370 5 595 52 535 111 1045 392 1455 803 122 121 250 273 275 326 19 41 19 137 0 174 -41 79 -309 363 -465 492 -447 370 -946 591 -1479 653 -113 14 -422 18 -536 8z m395 -428 c171 -34 330 -124 456 -258 112 -119 167 -219 211 -378 27 -96 24 -300 -5 -401 -72 -255 -236 -447 -474 -557 -132 -62 -201 -76 -368 -76 -167 0 -236 14 -368 76 -213 98 -373 271 -451 485 -162 444 86 934 547 1084 153 49 292 57 452 25z m909 -232 c222 -123 408 -262 593 -441 76 -74 138 -139 138 -144 0 -16 -233 -242 -330 -319 -155 -123 -309 -223 -461 -299 l-81 -41 32 46 c18 26 49 83 70 128 143 306 141 649 -6 957 -25 52 -61 116 -79 142 l-34 47 45 -20 c26 -10 76 -36 113 -56z m-2057 25 c-40 -58 -105 -190 -130 -263 -110 -324 -59 -707 132 -981 25 -35 42 -64 37 -64 -19 0 -241 119 -326 174 -188 122 -406 314 -532 468 l-58 71 108 103 c185 178 428 349 672 473 66 33 121 60 123 61 2 0 -10 -19 -26 -42z\"\/><path d=\"M2375 1950 c-198 -44 -350 -190 -395 -379 -18 -76 -8 -221 19 -290 114 -284 457 -406 731 -260 98 52 188 154 231 260 27 69 37 214 19 290 -38 163 -166 304 -326 360 -67 23 -215 33 -279 19z\"\/><\/g><\/svg><\/i> <img decoding=\"async\" width=\"16\" height=\"16\" alt=\"Loading\" src=\"https:\/\/esviafm.com\/wp-content\/plugins\/page-views-count\/ajax-loader-2x.gif\" border=0 \/><\/p>\n<div class=\"pvc_clear\"><\/div>\n","protected":false},"excerpt":{"rendered":"<p>La migraci\u00f3n ha sido de inter\u00e9s a\u00f1o tras a\u00f1o por la\u00a0emergencia humanitaria\u00a0compleja que afecta a Venezuela, seg\u00fan activistas, ONG y organismos internacionales. En 2025, la discusi\u00f3n ha girado en torno a la deportaci\u00f3n de latinos desde Estados Unidos y la eliminaci\u00f3n de asilo pol\u00edtico y de permisos de\u00a0permanencia temporal\u00a0por parte de la administraci\u00f3n de Donald [&hellip;]<\/p>\n<div class=\"pvc_clear\"><\/div>\n<p id=\"pvc_stats_23811\" class=\"pvc_stats all  \" data-element-id=\"23811\" style=\"\"><i class=\"pvc-stats-icon large\" aria-hidden=\"true\"><svg xmlns=\"http:\/\/www.w3.org\/2000\/svg\" version=\"1.0\" viewBox=\"0 0 502 315\" preserveAspectRatio=\"xMidYMid meet\"><g transform=\"translate(0,332) scale(0.1,-0.1)\" fill=\"\" stroke=\"none\"><path d=\"M2394 3279 l-29 -30 -3 -207 c-2 -182 0 -211 15 -242 39 -76 157 -76 196 0 15 31 17 60 15 243 l-3 209 -33 29 c-26 23 -41 29 -80 29 -41 0 -53 -5 -78 -31z\"\/><path d=\"M3085 3251 c-45 -19 -58 -50 -96 -229 -47 -217 -49 -260 -13 -295 52 -53 146 -42 177 20 16 31 87 366 87 410 0 70 -86 122 -155 94z\"\/><path d=\"M1751 3234 c-13 -9 -29 -31 -37 -50 -12 -29 -10 -49 21 -204 19 -94 39 -189 45 -210 14 -50 54 -80 110 -80 34 0 48 6 76 34 21 21 34 44 34 59 0 14 -18 113 -40 219 -37 178 -43 195 -70 221 -36 32 -101 37 -139 11z\"\/><path d=\"M1163 3073 c-36 -7 -73 -59 -73 -102 0 -56 133 -378 171 -413 34 -32 83 -37 129 -13 70 36 67 87 -16 290 -86 209 -89 214 -129 231 -35 14 -42 15 -82 7z\"\/><path d=\"M3689 3066 c-15 -9 -33 -30 -42 -48 -48 -103 -147 -355 -147 -375 0 -98 131 -148 192 -74 13 15 57 108 97 206 80 196 84 226 37 273 -30 30 -99 39 -137 18z\"\/><path d=\"M583 2784 c-38 -19 -67 -74 -58 -113 9 -42 211 -354 242 -373 16 -10 45 -18 66 -18 51 0 107 52 107 100 0 39 -1 41 -124 234 -80 126 -108 162 -133 173 -41 17 -61 16 -100 -3z\"\/><path d=\"M4250 2784 c-14 -9 -74 -91 -133 -183 -95 -150 -107 -173 -107 -213 0 -55 33 -94 87 -104 67 -13 90 8 211 198 130 202 137 225 78 284 -27 27 -42 34 -72 34 -22 0 -50 -8 -64 -16z\"\/><path d=\"M2275 2693 c-553 -48 -1095 -270 -1585 -649 -135 -104 -459 -423 -483 -476 -23 -49 -22 -139 2 -186 73 -142 361 -457 571 -626 285 -228 642 -407 990 -497 242 -63 336 -73 660 -74 310 0 370 5 595 52 535 111 1045 392 1455 803 122 121 250 273 275 326 19 41 19 137 0 174 -41 79 -309 363 -465 492 -447 370 -946 591 -1479 653 -113 14 -422 18 -536 8z m395 -428 c171 -34 330 -124 456 -258 112 -119 167 -219 211 -378 27 -96 24 -300 -5 -401 -72 -255 -236 -447 -474 -557 -132 -62 -201 -76 -368 -76 -167 0 -236 14 -368 76 -213 98 -373 271 -451 485 -162 444 86 934 547 1084 153 49 292 57 452 25z m909 -232 c222 -123 408 -262 593 -441 76 -74 138 -139 138 -144 0 -16 -233 -242 -330 -319 -155 -123 -309 -223 -461 -299 l-81 -41 32 46 c18 26 49 83 70 128 143 306 141 649 -6 957 -25 52 -61 116 -79 142 l-34 47 45 -20 c26 -10 76 -36 113 -56z m-2057 25 c-40 -58 -105 -190 -130 -263 -110 -324 -59 -707 132 -981 25 -35 42 -64 37 -64 -19 0 -241 119 -326 174 -188 122 -406 314 -532 468 l-58 71 108 103 c185 178 428 349 672 473 66 33 121 60 123 61 2 0 -10 -19 -26 -42z\"\/><path d=\"M2375 1950 c-198 -44 -350 -190 -395 -379 -18 -76 -8 -221 19 -290 114 -284 457 -406 731 -260 98 52 188 154 231 260 27 69 37 214 19 290 -38 163 -166 304 -326 360 -67 23 -215 33 -279 19z\"\/><\/g><\/svg><\/i> <img decoding=\"async\" width=\"16\" height=\"16\" alt=\"Loading\" src=\"https:\/\/esviafm.com\/wp-content\/plugins\/page-views-count\/ajax-loader-2x.gif\" border=0 \/><\/p>\n<div class=\"pvc_clear\"><\/div>\n","protected":false},"author":1,"featured_media":0,"comment_status":"open","ping_status":"open","sticky":false,"template":"","format":"standard","meta":{"_et_pb_use_builder":"","_et_pb_old_content":"","_et_gb_content_width":"","footnotes":""},"categories":[25],"tags":[],"class_list":["post-23811","post","type-post","status-publish","format-standard","hentry","category-nacionales"],"_links":{"self":[{"href":"https:\/\/esviafm.com\/index.php\/wp-json\/wp\/v2\/posts\/23811","targetHints":{"allow":["GET"]}}],"collection":[{"href":"https:\/\/esviafm.com\/index.php\/wp-json\/wp\/v2\/posts"}],"about":[{"href":"https:\/\/esviafm.com\/index.php\/wp-json\/wp\/v2\/types\/post"}],"author":[{"embeddable":true,"href":"https:\/\/esviafm.com\/index.php\/wp-json\/wp\/v2\/users\/1"}],"replies":[{"embeddable":true,"href":"https:\/\/esviafm.com\/index.php\/wp-json\/wp\/v2\/comments?post=23811"}],"version-history":[{"count":1,"href":"https:\/\/esviafm.com\/index.php\/wp-json\/wp\/v2\/posts\/23811\/revisions"}],"predecessor-version":[{"id":23813,"href":"https:\/\/esviafm.com\/index.php\/wp-json\/wp\/v2\/posts\/23811\/revisions\/23813"}],"wp:attachment":[{"href":"https:\/\/esviafm.com\/index.php\/wp-json\/wp\/v2\/media?parent=23811"}],"wp:term":[{"taxonomy":"category","embeddable":true,"href":"https:\/\/esviafm.com\/index.php\/wp-json\/wp\/v2\/categories?post=23811"},{"taxonomy":"post_tag","embeddable":true,"href":"https:\/\/esviafm.com\/index.php\/wp-json\/wp\/v2\/tags?post=23811"}],"curies":[{"name":"wp","href":"https:\/\/api.w.org\/{rel}","templated":true}]}}