{"id":23258,"date":"2025-01-21T06:47:02","date_gmt":"2025-01-21T11:17:02","guid":{"rendered":"https:\/\/esviafm.com\/?p=23258"},"modified":"2025-01-21T06:47:02","modified_gmt":"2025-01-21T11:17:02","slug":"bernabe-gutierrez-ad-participara-en-todas-las-elecciones-del-2025-y-la-reforma-constitucional","status":"publish","type":"post","link":"https:\/\/esviafm.com\/index.php\/bernabe-gutierrez-ad-participara-en-todas-las-elecciones-del-2025-y-la-reforma-constitucional\/","title":{"rendered":"Bernab\u00e9 Guti\u00e9rrez: AD participar\u00e1 en todas las elecciones del 2025 y la Reforma Constitucional"},"content":{"rendered":"<div>Bernab\u00e9 Guti\u00e9rrez, Secretario General Nacional de Acci\u00f3n Democr\u00e1tica y Diputado a la Asamblea Nacional, fij\u00f3 la posici\u00f3n de la tolda blanca sobre la participaci\u00f3n en los comicios electorales de este 2025 y la Reforma Constitucional que anunci\u00f3 el Poder Ejecutivo.<\/div>\n<div>\n\u00abHemos nombrado una comisi\u00f3n nacional que se encargar\u00e1 en la selecci\u00f3n de los candidatos y candidatas ADecos para las elecciones 2025, la cual est\u00e1 presidida por el diputado Jos\u00e9 Gregorio Correa, Jos\u00e9 Peraza, Myriam Do Nascimento, Isabel Calder\u00f3n y Oscar Ronderos\u00bb, exhort\u00f3 Guti\u00e9rrez.<\/p>\n<p>Asimismo, se\u00f1al\u00f3 que ante la reuni\u00f3n convocada por la Asamblea Nacional para la realizaci\u00f3n del cronograma electoral, AD propuso realizar las elecciones en dos partes:<\/p>\n<div class=\"google-auto-placed ap_container\"><ins class=\"adsbygoogle adsbygoogle-noablate\" data-ad-format=\"auto\" data-ad-client=\"ca-pub-2665000277262253\" data-adsbygoogle-status=\"done\" data-ad-status=\"unfilled\"><\/p>\n<div id=\"aswift_1_host\"><iframe id=\"aswift_1\" tabindex=\"0\" title=\"Advertisement\" src=\"https:\/\/googleads.g.doubleclick.net\/pagead\/ads?gdpr=0&amp;client=ca-pub-2665000277262253&amp;output=html&amp;h=280&amp;adk=2346455929&amp;adf=76613472&amp;pi=t.aa~a.1113354480~i.4~rp.1&amp;w=675&amp;abgtt=6&amp;fwrn=4&amp;fwrnh=100&amp;lmt=1737458113&amp;num_ads=1&amp;rafmt=1&amp;armr=3&amp;sem=mc&amp;pwprc=3873405587&amp;ad_type=text_image&amp;format=675x280&amp;url=https%3A%2F%2Fwww.eluniversal.com%2Fpolitica%2F199438%2Fbernabe-gutierrez-ad-participara-en-todas-las-elecciones-del-2025-y-la-reforma-constitucional&amp;fwr=0&amp;pra=3&amp;rh=169&amp;rw=675&amp;rpe=1&amp;resp_fmts=3&amp;wgl=1&amp;fa=27&amp;uach=WyJXaW5kb3dzIiwiMTAuMC4wIiwieDg2IiwiIiwiMTMxLjAuNjc3OC4yNjUiLG51bGwsMCxudWxsLCI2NCIsW1siR29vZ2xlIENocm9tZSIsIjEzMS4wLjY3NzguMjY1Il0sWyJDaHJvbWl1bSIsIjEzMS4wLjY3NzguMjY1Il0sWyJOb3RfQSBCcmFuZCIsIjI0LjAuMC4wIl1dLDBd&amp;dt=1737458113340&amp;bpp=3&amp;bdt=1815&amp;idt=-M&amp;shv=r20250114&amp;mjsv=m202501140101&amp;ptt=9&amp;saldr=aa&amp;abxe=1&amp;cookie=ID%3D7da3d1ea8b44b45a%3AT%3D1726742689%3ART%3D1737458131%3AS%3DALNI_MbzDi9ViqaN83_uyQ5FYrhOjsDkvQ&amp;gpic=UID%3D00000ef27866aaa5%3AT%3D1726742689%3ART%3D1737458131%3AS%3DALNI_MZg4wPI0sMWa2-DX1rjxPGtPO1_qw&amp;eo_id_str=ID%3Dc1fa7ab9f685d7a9%3AT%3D1726742689%3ART%3D1737458131%3AS%3DAA-AfjZPoV_mEEEE3f--TR_-vyKs&amp;prev_fmts=0x0&amp;nras=2&amp;correlator=3192057730924&amp;frm=20&amp;pv=1&amp;u_tz=-240&amp;u_his=1&amp;u_h=768&amp;u_w=1360&amp;u_ah=728&amp;u_aw=1360&amp;u_cd=24&amp;u_sd=1&amp;dmc=8&amp;adx=304&amp;ady=1391&amp;biw=1343&amp;bih=607&amp;scr_x=0&amp;scr_y=140&amp;eid=95348682%2C31088038%2C95344788%2C95350245%2C31089800%2C95347432&amp;oid=2&amp;pvsid=893772056919277&amp;tmod=222220831&amp;uas=3&amp;nvt=2&amp;ref=https%3A%2F%2Fwww.eluniversal.com%2Fpolitica%2F199438%2Fbernabe-gutierrez-ad-participara-en-todas-las-elecciones-del-2025-y-la-reforma-constitucional&amp;fc=1408&amp;brdim=0%2C0%2C0%2C0%2C1360%2C0%2C1360%2C728%2C1360%2C607&amp;vis=1&amp;rsz=%7C%7Cs%7C&amp;abl=NS&amp;fu=128&amp;bc=31&amp;bz=1&amp;td=1&amp;tdf=2&amp;psd=W251bGwsW251bGwsbnVsbCxudWxsLCJkZXByZWNhdGVkX2thbm9uIl0sbnVsbCwzXQ..&amp;nt=1&amp;ifi=2&amp;uci=a!2&amp;btvi=1&amp;fsb=1&amp;dtd=26\" name=\"aswift_1\" width=\"675\" height=\"0\" frameborder=\"0\" marginwidth=\"0\" marginheight=\"0\" scrolling=\"no\" sandbox=\"allow-forms allow-popups allow-popups-to-escape-sandbox allow-same-origin allow-scripts allow-top-navigation-by-user-activation\" data-google-container-id=\"a!2\" aria-label=\"Advertisement\" data-google-query-id=\"CM-4zPfXhosDFb8caAgdem4r_w\" data-load-complete=\"true\" data-mce-fragment=\"1\"><\/iframe><\/div>\n<p><\/ins><\/div>\n<p>1. Elecciones de diputados a la Asamblea Nacional, gobernadores y diputados regionales.<\/p>\n<p>2. Elecciones de alcaldes y concejales.<\/p>\n<p>\u00abTambi\u00e9n quiero se\u00f1alar, as\u00ed como se lo dije al presidente Maduro en Miraflores, AD participar\u00e1 en la Reforma Constitucional, cuando sea convocada\u00bb, a lo que ha propuesto 7 puntos:<\/p>\n<p>1. Que se establezca el poder bicameral, c\u00e1mara de diputados y el senado<\/p>\n<div class=\"google-auto-placed ap_container\"><ins class=\"adsbygoogle adsbygoogle-noablate\" data-ad-format=\"auto\" data-ad-client=\"ca-pub-2665000277262253\" data-adsbygoogle-status=\"done\" data-ad-status=\"unfilled\"><\/p>\n<div id=\"aswift_2_host\"><iframe id=\"aswift_2\" tabindex=\"0\" title=\"Advertisement\" src=\"https:\/\/googleads.g.doubleclick.net\/pagead\/ads?gdpr=0&amp;client=ca-pub-2665000277262253&amp;output=html&amp;h=280&amp;adk=2346455929&amp;adf=3163679261&amp;pi=t.aa~a.1113354480~i.20~rp.1&amp;w=675&amp;abgtt=6&amp;fwrn=4&amp;fwrnh=100&amp;lmt=1737458113&amp;num_ads=1&amp;rafmt=1&amp;armr=3&amp;sem=mc&amp;pwprc=3873405587&amp;ad_type=text_image&amp;format=675x280&amp;url=https%3A%2F%2Fwww.eluniversal.com%2Fpolitica%2F199438%2Fbernabe-gutierrez-ad-participara-en-todas-las-elecciones-del-2025-y-la-reforma-constitucional&amp;fwr=0&amp;pra=3&amp;rh=169&amp;rw=675&amp;rpe=1&amp;resp_fmts=3&amp;wgl=1&amp;fa=27&amp;uach=WyJXaW5kb3dzIiwiMTAuMC4wIiwieDg2IiwiIiwiMTMxLjAuNjc3OC4yNjUiLG51bGwsMCxudWxsLCI2NCIsW1siR29vZ2xlIENocm9tZSIsIjEzMS4wLjY3NzguMjY1Il0sWyJDaHJvbWl1bSIsIjEzMS4wLjY3NzguMjY1Il0sWyJOb3RfQSBCcmFuZCIsIjI0LjAuMC4wIl1dLDBd&amp;dt=1737458113340&amp;bpp=4&amp;bdt=1814&amp;idt=-M&amp;shv=r20250114&amp;mjsv=m202501140101&amp;ptt=9&amp;saldr=aa&amp;abxe=1&amp;cookie=ID%3D7da3d1ea8b44b45a%3AT%3D1726742689%3ART%3D1737458131%3AS%3DALNI_MbzDi9ViqaN83_uyQ5FYrhOjsDkvQ&amp;gpic=UID%3D00000ef27866aaa5%3AT%3D1726742689%3ART%3D1737458131%3AS%3DALNI_MZg4wPI0sMWa2-DX1rjxPGtPO1_qw&amp;eo_id_str=ID%3Dc1fa7ab9f685d7a9%3AT%3D1726742689%3ART%3D1737458131%3AS%3DAA-AfjZPoV_mEEEE3f--TR_-vyKs&amp;prev_fmts=0x0%2C675x280&amp;nras=3&amp;correlator=3192057730924&amp;frm=20&amp;pv=1&amp;u_tz=-240&amp;u_his=1&amp;u_h=768&amp;u_w=1360&amp;u_ah=728&amp;u_aw=1360&amp;u_cd=24&amp;u_sd=1&amp;dmc=8&amp;adx=304&amp;ady=1935&amp;biw=1343&amp;bih=607&amp;scr_x=0&amp;scr_y=140&amp;eid=95348682%2C31088038%2C95344788%2C95350245%2C31089800%2C95347432&amp;oid=2&amp;pvsid=893772056919277&amp;tmod=222220831&amp;uas=3&amp;nvt=2&amp;ref=https%3A%2F%2Fwww.eluniversal.com%2Fpolitica%2F199438%2Fbernabe-gutierrez-ad-participara-en-todas-las-elecciones-del-2025-y-la-reforma-constitucional&amp;fc=1408&amp;brdim=0%2C0%2C0%2C0%2C1360%2C0%2C1360%2C728%2C1360%2C607&amp;vis=1&amp;rsz=%7C%7Cs%7C&amp;abl=NS&amp;fu=128&amp;bc=31&amp;bz=1&amp;td=1&amp;tdf=2&amp;psd=W251bGwsW251bGwsbnVsbCxudWxsLCJkZXByZWNhdGVkX2thbm9uIl0sbnVsbCwzXQ..&amp;nt=1&amp;ifi=3&amp;uci=a!3&amp;btvi=2&amp;fsb=1&amp;dtd=40\" name=\"aswift_2\" width=\"675\" height=\"0\" frameborder=\"0\" marginwidth=\"0\" marginheight=\"0\" scrolling=\"no\" sandbox=\"allow-forms allow-popups allow-popups-to-escape-sandbox allow-same-origin allow-scripts allow-top-navigation-by-user-activation\" data-google-container-id=\"a!3\" aria-label=\"Advertisement\" data-google-query-id=\"CLK4zffXhosDFbUEaAgdLEob3w\" data-load-complete=\"true\" data-mce-fragment=\"1\"><\/iframe><\/div>\n<p><\/ins><\/div>\n<p>2. Eliminaci\u00f3n de la reelecci\u00f3n indefinida del presidente, gobernadores y alcalde. Hasta por dos periodos una vez electo.<\/p>\n<p>3. El per\u00edodo presidencial de 5 a\u00f1os y dos reelecciones m\u00e1s. Al terminar el periodo se incorpora al parlamento de manera indefinida.<\/p>\n<div class=\"google-auto-placed ap_container\"><ins class=\"adsbygoogle adsbygoogle-noablate\" data-ad-format=\"auto\" data-ad-client=\"ca-pub-2665000277262253\" data-adsbygoogle-status=\"done\" data-ad-status=\"unfilled\"><\/p>\n<div id=\"aswift_3_host\"><iframe id=\"aswift_3\" tabindex=\"0\" title=\"Advertisement\" src=\"https:\/\/googleads.g.doubleclick.net\/pagead\/ads?gdpr=0&amp;client=ca-pub-2665000277262253&amp;output=html&amp;h=280&amp;adk=2346455929&amp;adf=1796733587&amp;pi=t.aa~a.1113354480~i.28~rp.1&amp;w=675&amp;abgtt=6&amp;fwrn=4&amp;fwrnh=100&amp;lmt=1737458113&amp;num_ads=1&amp;rafmt=1&amp;armr=3&amp;sem=mc&amp;pwprc=3873405587&amp;ad_type=text_image&amp;format=675x280&amp;url=https%3A%2F%2Fwww.eluniversal.com%2Fpolitica%2F199438%2Fbernabe-gutierrez-ad-participara-en-todas-las-elecciones-del-2025-y-la-reforma-constitucional&amp;fwr=0&amp;pra=3&amp;rh=169&amp;rw=675&amp;rpe=1&amp;resp_fmts=3&amp;wgl=1&amp;fa=27&amp;uach=WyJXaW5kb3dzIiwiMTAuMC4wIiwieDg2IiwiIiwiMTMxLjAuNjc3OC4yNjUiLG51bGwsMCxudWxsLCI2NCIsW1siR29vZ2xlIENocm9tZSIsIjEzMS4wLjY3NzguMjY1Il0sWyJDaHJvbWl1bSIsIjEzMS4wLjY3NzguMjY1Il0sWyJOb3RfQSBCcmFuZCIsIjI0LjAuMC4wIl1dLDBd&amp;dt=1737458113340&amp;bpp=2&amp;bdt=1815&amp;idt=2&amp;shv=r20250114&amp;mjsv=m202501140101&amp;ptt=9&amp;saldr=aa&amp;abxe=1&amp;cookie=ID%3D7da3d1ea8b44b45a%3AT%3D1726742689%3ART%3D1737458131%3AS%3DALNI_MbzDi9ViqaN83_uyQ5FYrhOjsDkvQ&amp;gpic=UID%3D00000ef27866aaa5%3AT%3D1726742689%3ART%3D1737458131%3AS%3DALNI_MZg4wPI0sMWa2-DX1rjxPGtPO1_qw&amp;eo_id_str=ID%3Dc1fa7ab9f685d7a9%3AT%3D1726742689%3ART%3D1737458131%3AS%3DAA-AfjZPoV_mEEEE3f--TR_-vyKs&amp;prev_fmts=0x0%2C675x280%2C675x280&amp;nras=4&amp;correlator=3192057730924&amp;frm=20&amp;pv=1&amp;u_tz=-240&amp;u_his=1&amp;u_h=768&amp;u_w=1360&amp;u_ah=728&amp;u_aw=1360&amp;u_cd=24&amp;u_sd=1&amp;dmc=8&amp;adx=304&amp;ady=2383&amp;biw=1343&amp;bih=607&amp;scr_x=0&amp;scr_y=140&amp;eid=95348682%2C31088038%2C95344788%2C95350245%2C31089800%2C95347432&amp;oid=2&amp;pvsid=893772056919277&amp;tmod=222220831&amp;uas=3&amp;nvt=2&amp;ref=https%3A%2F%2Fwww.eluniversal.com%2Fpolitica%2F199438%2Fbernabe-gutierrez-ad-participara-en-todas-las-elecciones-del-2025-y-la-reforma-constitucional&amp;fc=1408&amp;brdim=0%2C0%2C0%2C0%2C1360%2C0%2C1360%2C728%2C1360%2C607&amp;vis=1&amp;rsz=%7C%7Cs%7C&amp;abl=NS&amp;fu=128&amp;bc=31&amp;bz=1&amp;td=1&amp;tdf=2&amp;psd=W251bGwsW251bGwsbnVsbCxudWxsLCJkZXByZWNhdGVkX2thbm9uIl0sbnVsbCwzXQ..&amp;nt=1&amp;ifi=4&amp;uci=a!4&amp;btvi=3&amp;fsb=1&amp;dtd=51\" name=\"aswift_3\" width=\"675\" height=\"0\" frameborder=\"0\" marginwidth=\"0\" marginheight=\"0\" scrolling=\"no\" sandbox=\"allow-forms allow-popups allow-popups-to-escape-sandbox allow-same-origin allow-scripts allow-top-navigation-by-user-activation\" data-google-container-id=\"a!4\" aria-label=\"Advertisement\" data-google-query-id=\"CPXCzvfXhosDFcgmaAgdY2YsoA\" data-load-complete=\"true\" data-mce-fragment=\"1\"><\/iframe><\/div>\n<p><\/ins><\/div>\n<p>4. Quien haya ocupado la presidencia de la Rep\u00fablica por m\u00e1s de la mitad de un per\u00edodo se incorpora al senado como senador permanente o diputado permanente a la Asamblea Nacional<\/p>\n<p>5. Profundizar la descentralizaci\u00f3n para que los recursos vayan directamente a las gobernaciones y alcald\u00edas<\/p>\n<div class=\"google-auto-placed ap_container\"><ins class=\"adsbygoogle adsbygoogle-noablate\" data-ad-format=\"auto\" data-ad-client=\"ca-pub-2665000277262253\" data-adsbygoogle-status=\"done\" data-ad-status=\"unfilled\"><\/p>\n<div id=\"aswift_4_host\"><iframe id=\"aswift_4\" tabindex=\"0\" title=\"Advertisement\" src=\"https:\/\/googleads.g.doubleclick.net\/pagead\/ads?gdpr=0&amp;client=ca-pub-2665000277262253&amp;output=html&amp;h=280&amp;adk=2346455929&amp;adf=3691926467&amp;pi=t.aa~a.1113354480~i.36~rp.1&amp;w=675&amp;abgtt=6&amp;fwrn=4&amp;fwrnh=100&amp;lmt=1737458113&amp;num_ads=1&amp;rafmt=1&amp;armr=3&amp;sem=mc&amp;pwprc=3873405587&amp;ad_type=text_image&amp;format=675x280&amp;url=https%3A%2F%2Fwww.eluniversal.com%2Fpolitica%2F199438%2Fbernabe-gutierrez-ad-participara-en-todas-las-elecciones-del-2025-y-la-reforma-constitucional&amp;fwr=0&amp;pra=3&amp;rh=169&amp;rw=675&amp;rpe=1&amp;resp_fmts=3&amp;wgl=1&amp;fa=27&amp;uach=WyJXaW5kb3dzIiwiMTAuMC4wIiwieDg2IiwiIiwiMTMxLjAuNjc3OC4yNjUiLG51bGwsMCxudWxsLCI2NCIsW1siR29vZ2xlIENocm9tZSIsIjEzMS4wLjY3NzguMjY1Il0sWyJDaHJvbWl1bSIsIjEzMS4wLjY3NzguMjY1Il0sWyJOb3RfQSBCcmFuZCIsIjI0LjAuMC4wIl1dLDBd&amp;dt=1737458113349&amp;bpp=2&amp;bdt=1823&amp;idt=3&amp;shv=r20250114&amp;mjsv=m202501140101&amp;ptt=9&amp;saldr=aa&amp;abxe=1&amp;cookie=ID%3D7da3d1ea8b44b45a%3AT%3D1726742689%3ART%3D1737458131%3AS%3DALNI_MbzDi9ViqaN83_uyQ5FYrhOjsDkvQ&amp;gpic=UID%3D00000ef27866aaa5%3AT%3D1726742689%3ART%3D1737458131%3AS%3DALNI_MZg4wPI0sMWa2-DX1rjxPGtPO1_qw&amp;eo_id_str=ID%3Dc1fa7ab9f685d7a9%3AT%3D1726742689%3ART%3D1737458131%3AS%3DAA-AfjZPoV_mEEEE3f--TR_-vyKs&amp;prev_fmts=0x0%2C675x280%2C675x280%2C675x280&amp;nras=5&amp;correlator=3192057730924&amp;frm=20&amp;pv=1&amp;u_tz=-240&amp;u_his=1&amp;u_h=768&amp;u_w=1360&amp;u_ah=728&amp;u_aw=1360&amp;u_cd=24&amp;u_sd=1&amp;dmc=8&amp;adx=304&amp;ady=2295&amp;biw=1343&amp;bih=607&amp;scr_x=0&amp;scr_y=140&amp;eid=95348682%2C31088038%2C95344788%2C95350245%2C31089800%2C95347432&amp;oid=2&amp;pvsid=893772056919277&amp;tmod=222220831&amp;uas=3&amp;nvt=2&amp;ref=https%3A%2F%2Fwww.eluniversal.com%2Fpolitica%2F199438%2Fbernabe-gutierrez-ad-participara-en-todas-las-elecciones-del-2025-y-la-reforma-constitucional&amp;fc=1408&amp;brdim=0%2C0%2C0%2C0%2C1360%2C0%2C1360%2C728%2C1360%2C607&amp;vis=1&amp;rsz=%7C%7Cs%7C&amp;abl=NS&amp;fu=128&amp;bc=31&amp;bz=1&amp;td=1&amp;tdf=2&amp;psd=W251bGwsW251bGwsbnVsbCxudWxsLCJkZXByZWNhdGVkX2thbm9uIl0sbnVsbCwzXQ..&amp;nt=1&amp;ifi=5&amp;uci=a!5&amp;btvi=4&amp;fsb=1&amp;dtd=295\" name=\"aswift_4\" width=\"675\" height=\"0\" frameborder=\"0\" marginwidth=\"0\" marginheight=\"0\" scrolling=\"no\" sandbox=\"allow-forms allow-popups allow-popups-to-escape-sandbox allow-same-origin allow-scripts allow-top-navigation-by-user-activation\" data-google-container-id=\"a!5\" aria-label=\"Advertisement\" data-google-query-id=\"CKiA3vfXhosDFfcwaAgdVR89-A\" data-load-complete=\"true\" data-mce-fragment=\"1\"><\/iframe><\/div>\n<p><\/ins><\/div>\n<p>6. Igualdad de g\u00e9nero desde el punto de vista constitucional, a todos los niveles, nacional, regional y municipal.<\/p>\n<p>7. Representaci\u00f3n proporcional de las minor\u00edas<\/p>\n<p>Finaliz\u00f3 asegurando que AD es un partido amplio y est\u00e1 dispuesto a dialogar con todos los factores pol\u00edticos del pa\u00eds, \u00abla Maquinaria Electoral ADeca est\u00e1 preparada y en acci\u00f3n para los comicios que vengan, porque nuestra \u00fanica arma es el VOTO y la PAZ, para recuperar a Venezuela\u00bb.<\/p><\/div>\n<div class=\"pvc_clear\"><\/div>\n<p id=\"pvc_stats_23258\" class=\"pvc_stats all  \" data-element-id=\"23258\" style=\"\"><i class=\"pvc-stats-icon large\" aria-hidden=\"true\"><svg xmlns=\"http:\/\/www.w3.org\/2000\/svg\" version=\"1.0\" viewBox=\"0 0 502 315\" preserveAspectRatio=\"xMidYMid meet\"><g transform=\"translate(0,332) scale(0.1,-0.1)\" fill=\"\" stroke=\"none\"><path d=\"M2394 3279 l-29 -30 -3 -207 c-2 -182 0 -211 15 -242 39 -76 157 -76 196 0 15 31 17 60 15 243 l-3 209 -33 29 c-26 23 -41 29 -80 29 -41 0 -53 -5 -78 -31z\"\/><path d=\"M3085 3251 c-45 -19 -58 -50 -96 -229 -47 -217 -49 -260 -13 -295 52 -53 146 -42 177 20 16 31 87 366 87 410 0 70 -86 122 -155 94z\"\/><path d=\"M1751 3234 c-13 -9 -29 -31 -37 -50 -12 -29 -10 -49 21 -204 19 -94 39 -189 45 -210 14 -50 54 -80 110 -80 34 0 48 6 76 34 21 21 34 44 34 59 0 14 -18 113 -40 219 -37 178 -43 195 -70 221 -36 32 -101 37 -139 11z\"\/><path d=\"M1163 3073 c-36 -7 -73 -59 -73 -102 0 -56 133 -378 171 -413 34 -32 83 -37 129 -13 70 36 67 87 -16 290 -86 209 -89 214 -129 231 -35 14 -42 15 -82 7z\"\/><path d=\"M3689 3066 c-15 -9 -33 -30 -42 -48 -48 -103 -147 -355 -147 -375 0 -98 131 -148 192 -74 13 15 57 108 97 206 80 196 84 226 37 273 -30 30 -99 39 -137 18z\"\/><path d=\"M583 2784 c-38 -19 -67 -74 -58 -113 9 -42 211 -354 242 -373 16 -10 45 -18 66 -18 51 0 107 52 107 100 0 39 -1 41 -124 234 -80 126 -108 162 -133 173 -41 17 -61 16 -100 -3z\"\/><path d=\"M4250 2784 c-14 -9 -74 -91 -133 -183 -95 -150 -107 -173 -107 -213 0 -55 33 -94 87 -104 67 -13 90 8 211 198 130 202 137 225 78 284 -27 27 -42 34 -72 34 -22 0 -50 -8 -64 -16z\"\/><path d=\"M2275 2693 c-553 -48 -1095 -270 -1585 -649 -135 -104 -459 -423 -483 -476 -23 -49 -22 -139 2 -186 73 -142 361 -457 571 -626 285 -228 642 -407 990 -497 242 -63 336 -73 660 -74 310 0 370 5 595 52 535 111 1045 392 1455 803 122 121 250 273 275 326 19 41 19 137 0 174 -41 79 -309 363 -465 492 -447 370 -946 591 -1479 653 -113 14 -422 18 -536 8z m395 -428 c171 -34 330 -124 456 -258 112 -119 167 -219 211 -378 27 -96 24 -300 -5 -401 -72 -255 -236 -447 -474 -557 -132 -62 -201 -76 -368 -76 -167 0 -236 14 -368 76 -213 98 -373 271 -451 485 -162 444 86 934 547 1084 153 49 292 57 452 25z m909 -232 c222 -123 408 -262 593 -441 76 -74 138 -139 138 -144 0 -16 -233 -242 -330 -319 -155 -123 -309 -223 -461 -299 l-81 -41 32 46 c18 26 49 83 70 128 143 306 141 649 -6 957 -25 52 -61 116 -79 142 l-34 47 45 -20 c26 -10 76 -36 113 -56z m-2057 25 c-40 -58 -105 -190 -130 -263 -110 -324 -59 -707 132 -981 25 -35 42 -64 37 -64 -19 0 -241 119 -326 174 -188 122 -406 314 -532 468 l-58 71 108 103 c185 178 428 349 672 473 66 33 121 60 123 61 2 0 -10 -19 -26 -42z\"\/><path d=\"M2375 1950 c-198 -44 -350 -190 -395 -379 -18 -76 -8 -221 19 -290 114 -284 457 -406 731 -260 98 52 188 154 231 260 27 69 37 214 19 290 -38 163 -166 304 -326 360 -67 23 -215 33 -279 19z\"\/><\/g><\/svg><\/i> <img decoding=\"async\" width=\"16\" height=\"16\" alt=\"Loading\" src=\"https:\/\/esviafm.com\/wp-content\/plugins\/page-views-count\/ajax-loader-2x.gif\" border=0 \/><\/p>\n<div class=\"pvc_clear\"><\/div>\n","protected":false},"excerpt":{"rendered":"<p>Bernab\u00e9 Guti\u00e9rrez, Secretario General Nacional de Acci\u00f3n Democr\u00e1tica y Diputado a la Asamblea Nacional, fij\u00f3 la posici\u00f3n de la tolda blanca sobre la participaci\u00f3n en los comicios electorales de este 2025 y la Reforma Constitucional que anunci\u00f3 el Poder Ejecutivo. \u00abHemos nombrado una comisi\u00f3n nacional que se encargar\u00e1 en la selecci\u00f3n de los candidatos y [&hellip;]<\/p>\n<div class=\"pvc_clear\"><\/div>\n<p id=\"pvc_stats_23258\" class=\"pvc_stats all  \" data-element-id=\"23258\" style=\"\"><i class=\"pvc-stats-icon large\" aria-hidden=\"true\"><svg xmlns=\"http:\/\/www.w3.org\/2000\/svg\" version=\"1.0\" viewBox=\"0 0 502 315\" preserveAspectRatio=\"xMidYMid meet\"><g transform=\"translate(0,332) scale(0.1,-0.1)\" fill=\"\" stroke=\"none\"><path d=\"M2394 3279 l-29 -30 -3 -207 c-2 -182 0 -211 15 -242 39 -76 157 -76 196 0 15 31 17 60 15 243 l-3 209 -33 29 c-26 23 -41 29 -80 29 -41 0 -53 -5 -78 -31z\"\/><path d=\"M3085 3251 c-45 -19 -58 -50 -96 -229 -47 -217 -49 -260 -13 -295 52 -53 146 -42 177 20 16 31 87 366 87 410 0 70 -86 122 -155 94z\"\/><path d=\"M1751 3234 c-13 -9 -29 -31 -37 -50 -12 -29 -10 -49 21 -204 19 -94 39 -189 45 -210 14 -50 54 -80 110 -80 34 0 48 6 76 34 21 21 34 44 34 59 0 14 -18 113 -40 219 -37 178 -43 195 -70 221 -36 32 -101 37 -139 11z\"\/><path d=\"M1163 3073 c-36 -7 -73 -59 -73 -102 0 -56 133 -378 171 -413 34 -32 83 -37 129 -13 70 36 67 87 -16 290 -86 209 -89 214 -129 231 -35 14 -42 15 -82 7z\"\/><path d=\"M3689 3066 c-15 -9 -33 -30 -42 -48 -48 -103 -147 -355 -147 -375 0 -98 131 -148 192 -74 13 15 57 108 97 206 80 196 84 226 37 273 -30 30 -99 39 -137 18z\"\/><path d=\"M583 2784 c-38 -19 -67 -74 -58 -113 9 -42 211 -354 242 -373 16 -10 45 -18 66 -18 51 0 107 52 107 100 0 39 -1 41 -124 234 -80 126 -108 162 -133 173 -41 17 -61 16 -100 -3z\"\/><path d=\"M4250 2784 c-14 -9 -74 -91 -133 -183 -95 -150 -107 -173 -107 -213 0 -55 33 -94 87 -104 67 -13 90 8 211 198 130 202 137 225 78 284 -27 27 -42 34 -72 34 -22 0 -50 -8 -64 -16z\"\/><path d=\"M2275 2693 c-553 -48 -1095 -270 -1585 -649 -135 -104 -459 -423 -483 -476 -23 -49 -22 -139 2 -186 73 -142 361 -457 571 -626 285 -228 642 -407 990 -497 242 -63 336 -73 660 -74 310 0 370 5 595 52 535 111 1045 392 1455 803 122 121 250 273 275 326 19 41 19 137 0 174 -41 79 -309 363 -465 492 -447 370 -946 591 -1479 653 -113 14 -422 18 -536 8z m395 -428 c171 -34 330 -124 456 -258 112 -119 167 -219 211 -378 27 -96 24 -300 -5 -401 -72 -255 -236 -447 -474 -557 -132 -62 -201 -76 -368 -76 -167 0 -236 14 -368 76 -213 98 -373 271 -451 485 -162 444 86 934 547 1084 153 49 292 57 452 25z m909 -232 c222 -123 408 -262 593 -441 76 -74 138 -139 138 -144 0 -16 -233 -242 -330 -319 -155 -123 -309 -223 -461 -299 l-81 -41 32 46 c18 26 49 83 70 128 143 306 141 649 -6 957 -25 52 -61 116 -79 142 l-34 47 45 -20 c26 -10 76 -36 113 -56z m-2057 25 c-40 -58 -105 -190 -130 -263 -110 -324 -59 -707 132 -981 25 -35 42 -64 37 -64 -19 0 -241 119 -326 174 -188 122 -406 314 -532 468 l-58 71 108 103 c185 178 428 349 672 473 66 33 121 60 123 61 2 0 -10 -19 -26 -42z\"\/><path d=\"M2375 1950 c-198 -44 -350 -190 -395 -379 -18 -76 -8 -221 19 -290 114 -284 457 -406 731 -260 98 52 188 154 231 260 27 69 37 214 19 290 -38 163 -166 304 -326 360 -67 23 -215 33 -279 19z\"\/><\/g><\/svg><\/i> <img decoding=\"async\" width=\"16\" height=\"16\" alt=\"Loading\" src=\"https:\/\/esviafm.com\/wp-content\/plugins\/page-views-count\/ajax-loader-2x.gif\" border=0 \/><\/p>\n<div class=\"pvc_clear\"><\/div>\n","protected":false},"author":1,"featured_media":0,"comment_status":"open","ping_status":"open","sticky":false,"template":"","format":"standard","meta":{"_et_pb_use_builder":"","_et_pb_old_content":"","_et_gb_content_width":"","footnotes":""},"categories":[25],"tags":[],"class_list":["post-23258","post","type-post","status-publish","format-standard","hentry","category-nacionales"],"_links":{"self":[{"href":"https:\/\/esviafm.com\/index.php\/wp-json\/wp\/v2\/posts\/23258","targetHints":{"allow":["GET"]}}],"collection":[{"href":"https:\/\/esviafm.com\/index.php\/wp-json\/wp\/v2\/posts"}],"about":[{"href":"https:\/\/esviafm.com\/index.php\/wp-json\/wp\/v2\/types\/post"}],"author":[{"embeddable":true,"href":"https:\/\/esviafm.com\/index.php\/wp-json\/wp\/v2\/users\/1"}],"replies":[{"embeddable":true,"href":"https:\/\/esviafm.com\/index.php\/wp-json\/wp\/v2\/comments?post=23258"}],"version-history":[{"count":1,"href":"https:\/\/esviafm.com\/index.php\/wp-json\/wp\/v2\/posts\/23258\/revisions"}],"predecessor-version":[{"id":23260,"href":"https:\/\/esviafm.com\/index.php\/wp-json\/wp\/v2\/posts\/23258\/revisions\/23260"}],"wp:attachment":[{"href":"https:\/\/esviafm.com\/index.php\/wp-json\/wp\/v2\/media?parent=23258"}],"wp:term":[{"taxonomy":"category","embeddable":true,"href":"https:\/\/esviafm.com\/index.php\/wp-json\/wp\/v2\/categories?post=23258"},{"taxonomy":"post_tag","embeddable":true,"href":"https:\/\/esviafm.com\/index.php\/wp-json\/wp\/v2\/tags?post=23258"}],"curies":[{"name":"wp","href":"https:\/\/api.w.org\/{rel}","templated":true}]}}