{"id":23181,"date":"2024-11-28T07:58:03","date_gmt":"2024-11-28T12:28:03","guid":{"rendered":"https:\/\/esviafm.com\/?p=23181"},"modified":"2024-11-28T07:58:03","modified_gmt":"2024-11-28T12:28:03","slug":"presidente-maduro-crea-la-condecoracion-gran-victoria-de-ayacucho-para-distinguir-a-funcionarios-sancionados","status":"publish","type":"post","link":"https:\/\/esviafm.com\/index.php\/presidente-maduro-crea-la-condecoracion-gran-victoria-de-ayacucho-para-distinguir-a-funcionarios-sancionados\/","title":{"rendered":"Presidente Maduro crea la condecoraci\u00f3n Gran Victoria de Ayacucho para distinguir a funcionarios sancionados"},"content":{"rendered":"<p><b><a class=\"google-anno\" href=\"https:\/\/www.eluniversal.com\/#\" data-google-vignette=\"false\" data-google-interstitial=\"false\">\u00a0<span class=\"google-anno-t\">Caracas<\/span><\/a>.-<\/b>\u00a0Este mi\u00e9rcoles 27 de noviembre el presidente de la Rep\u00fablica, Nicol\u00e1s Maduro, desde la Base A\u00e9rea El Libertador, en el estado Aragua, anunci\u00f3 la creaci\u00f3n de la condecoraci\u00f3n Gran Victoria de Ayacucho, para distinguir a todos los funcionarios pol\u00edticos, militares y policiales que fueron sancionados recientemente por los Estados Unidos.<\/p>\n<p>\u201cHoy el gobierno decadente de los Estados Unidos sac\u00f3 lo que ellos llaman sanciones contra un grupo de eminentes hombres de nuestro pa\u00eds, l\u00edderes populares, escritores, literatos, dirigentes pol\u00edticos, contra un grupo de l\u00edderes militares, excelentes profesionales, y contra un grupo de l\u00edderes policiales, para golpear la fusi\u00f3n popular, militar, policial\u201d, se\u00f1al\u00f3 el jefe de Estado, durante la ceremonia conmemorativa del 104\u00ba aniversario de la Aviaci\u00f3n Militar Bolivariana y del 32\u00ba aniversario de la Rebeli\u00f3n C\u00edvico-Militar del 27 de noviembre de 1992.<iframe id=\"aswift_1\" tabindex=\"0\" title=\"Advertisement\" src=\"https:\/\/googleads.g.doubleclick.net\/pagead\/ads?gdpr=0&amp;client=ca-pub-2665000277262253&amp;output=html&amp;h=280&amp;adk=4626182&amp;adf=669100782&amp;pi=t.aa~a.1811011180~i.5~rp.1&amp;w=675&amp;abgtt=6&amp;fwrn=4&amp;fwrnh=100&amp;lmt=1732796771&amp;num_ads=1&amp;rafmt=1&amp;armr=3&amp;sem=mc&amp;pwprc=3873405587&amp;ad_type=text_image&amp;format=675x280&amp;url=https%3A%2F%2Fwww.eluniversal.com%2Fpolitica%2F196028%2Flo-ultimo-maduro-crea-la-condecoracion-gran-victoria-de-ayacucho-para-distinguir-a-funcionarios&amp;fwr=0&amp;pra=3&amp;rh=169&amp;rw=675&amp;rpe=1&amp;resp_fmts=3&amp;wgl=1&amp;fa=27&amp;uach=WyJXaW5kb3dzIiwiMTAuMC4wIiwieDg2IiwiIiwiMTMxLjAuNjc3OC44NiIsbnVsbCwwLG51bGwsIjY0IixbWyJHb29nbGUgQ2hyb21lIiwiMTMxLjAuNjc3OC44NiJdLFsiQ2hyb21pdW0iLCIxMzEuMC42Nzc4Ljg2Il0sWyJOb3RfQSBCcmFuZCIsIjI0LjAuMC4wIl1dLDBd&amp;dt=1732796694024&amp;bpp=4&amp;bdt=2319&amp;idt=4&amp;shv=r20241120&amp;mjsv=m202411140101&amp;ptt=9&amp;saldr=aa&amp;abxe=1&amp;cookie=ID%3D7da3d1ea8b44b45a%3AT%3D1726742689%3ART%3D1732796694%3AS%3DALNI_MbzDi9ViqaN83_uyQ5FYrhOjsDkvQ&amp;gpic=UID%3D00000ef27866aaa5%3AT%3D1726742689%3ART%3D1732796694%3AS%3DALNI_MZg4wPI0sMWa2-DX1rjxPGtPO1_qw&amp;eo_id_str=ID%3Dc1fa7ab9f685d7a9%3AT%3D1726742689%3ART%3D1732796694%3AS%3DAA-AfjZPoV_mEEEE3f--TR_-vyKs&amp;prev_fmts=0x0&amp;nras=2&amp;correlator=639851075462&amp;frm=20&amp;pv=1&amp;u_tz=-240&amp;u_his=1&amp;u_h=768&amp;u_w=1366&amp;u_ah=728&amp;u_aw=1366&amp;u_cd=24&amp;u_sd=1&amp;dmc=8&amp;adx=307&amp;ady=1541&amp;biw=1349&amp;bih=607&amp;scr_x=0&amp;scr_y=0&amp;eid=31088728%2C31088960%2C31088458%2C95345966%2C95347755&amp;oid=2&amp;pvsid=2537974701169852&amp;tmod=1008233179&amp;uas=0&amp;nvt=2&amp;ref=https%3A%2F%2Fwww.eluniversal.com%2Fpolitica%2F196028%2Flo-ultimo-maduro-crea-la-condecoracion-gran-victoria-de-ayacucho-para-distinguir-a-funcionarios&amp;fc=1408&amp;brdim=0%2C0%2C0%2C0%2C1366%2C0%2C1366%2C728%2C1366%2C607&amp;vis=1&amp;rsz=%7C%7Cs%7C&amp;abl=NS&amp;fu=128&amp;bc=31&amp;bz=1&amp;td=1&amp;tdf=2&amp;psd=W251bGwsW251bGwsbnVsbCxudWxsLCJkZXByZWNhdGVkX2thbm9uIl0sbnVsbCwzXQ..&amp;nt=1&amp;ifi=2&amp;uci=a!2&amp;btvi=1&amp;fsb=1&amp;dtd=77505\" name=\"aswift_1\" width=\"675\" height=\"0\" frameborder=\"0\" marginwidth=\"0\" marginheight=\"0\" scrolling=\"no\" sandbox=\"allow-forms allow-popups allow-popups-to-escape-sandbox allow-same-origin allow-scripts allow-top-navigation-by-user-activation\" data-google-container-id=\"a!2\" aria-label=\"Advertisement\" data-google-query-id=\"CO-Zs4CD_4kDFfENaAgdAYYgAg\" data-load-complete=\"true\" data-mce-fragment=\"1\"><\/iframe><\/p>\n<p>\u201cHe dado la orden de crear, en los pr\u00f3ximos d\u00edas, la alta condecoraci\u00f3n de la Rep\u00fablica, que llevar\u00e1 el nombre La Gran Victoria de Ayacucho. Y le voy a colocar la condecoraci\u00f3n que estoy creando a cada uno de estos hombres, que han sido hoy agredidos\u201d, agreg\u00f3. El reconocimiento, por cierto, es creado en honor a los 200 a\u00f1os de la referida gesta hist\u00f3rica.<\/p>\n<div class=\"ngb_box\">\n<div id=\"ngb_si1152\" class=\"ngb_ad ngb_si\" data-id=\"1152\" data-google-query-id=\"CJL11NuC_4kDFdWVywEdyhEdJA\">\n<div id=\"google_ads_iframe_\/21712171430\/box2_n_0__container__\">El presidente Maduro, invit\u00f3 a los funcionarios sancionados a subir a la tarima en la que se encontraba. \u201cSi no fuera tan serio el tema de las agresiones, a trav\u00e9s de las llamadas sanciones, yo dir\u00eda que es risible y rid\u00edculo lo que han hecho. Me atrever\u00eda a decir que son unos rid\u00edculos y que nos re\u00edmos de sus sanciones, pero no lo voy a hacer\u201d, manifest\u00f3.<iframe id=\"aswift_2\" tabindex=\"0\" title=\"Advertisement\" src=\"https:\/\/googleads.g.doubleclick.net\/pagead\/ads?gdpr=0&amp;client=ca-pub-2665000277262253&amp;output=html&amp;h=280&amp;adk=4626182&amp;adf=1125368554&amp;pi=t.aa~a.1811011180~i.12~rp.1&amp;w=675&amp;abgtt=6&amp;fwrn=4&amp;fwrnh=100&amp;lmt=1732796771&amp;num_ads=1&amp;rafmt=1&amp;armr=3&amp;sem=mc&amp;pwprc=3873405587&amp;ad_type=text_image&amp;format=675x280&amp;url=https%3A%2F%2Fwww.eluniversal.com%2Fpolitica%2F196028%2Flo-ultimo-maduro-crea-la-condecoracion-gran-victoria-de-ayacucho-para-distinguir-a-funcionarios&amp;fwr=0&amp;pra=3&amp;rh=169&amp;rw=675&amp;rpe=1&amp;resp_fmts=3&amp;wgl=1&amp;fa=27&amp;uach=WyJXaW5kb3dzIiwiMTAuMC4wIiwieDg2IiwiIiwiMTMxLjAuNjc3OC44NiIsbnVsbCwwLG51bGwsIjY0IixbWyJHb29nbGUgQ2hyb21lIiwiMTMxLjAuNjc3OC44NiJdLFsiQ2hyb21pdW0iLCIxMzEuMC42Nzc4Ljg2Il0sWyJOb3RfQSBCcmFuZCIsIjI0LjAuMC4wIl1dLDBd&amp;dt=1732796694034&amp;bpp=1&amp;bdt=2329&amp;idt=1&amp;shv=r20241120&amp;mjsv=m202411140101&amp;ptt=9&amp;saldr=aa&amp;abxe=1&amp;cookie=ID%3D7da3d1ea8b44b45a%3AT%3D1726742689%3ART%3D1732796694%3AS%3DALNI_MbzDi9ViqaN83_uyQ5FYrhOjsDkvQ&amp;gpic=UID%3D00000ef27866aaa5%3AT%3D1726742689%3ART%3D1732796694%3AS%3DALNI_MZg4wPI0sMWa2-DX1rjxPGtPO1_qw&amp;eo_id_str=ID%3Dc1fa7ab9f685d7a9%3AT%3D1726742689%3ART%3D1732796694%3AS%3DAA-AfjZPoV_mEEEE3f--TR_-vyKs&amp;prev_fmts=0x0%2C675x280&amp;nras=3&amp;correlator=639851075462&amp;frm=20&amp;pv=1&amp;u_tz=-240&amp;u_his=1&amp;u_h=768&amp;u_w=1366&amp;u_ah=728&amp;u_aw=1366&amp;u_cd=24&amp;u_sd=1&amp;dmc=8&amp;adx=307&amp;ady=2144&amp;biw=1349&amp;bih=607&amp;scr_x=0&amp;scr_y=0&amp;eid=31088728%2C31088960%2C31088458%2C95345966%2C95347755&amp;oid=2&amp;pvsid=2537974701169852&amp;tmod=1008233179&amp;uas=0&amp;nvt=2&amp;ref=https%3A%2F%2Fwww.eluniversal.com%2Fpolitica%2F196028%2Flo-ultimo-maduro-crea-la-condecoracion-gran-victoria-de-ayacucho-para-distinguir-a-funcionarios&amp;fc=1408&amp;brdim=0%2C0%2C0%2C0%2C1366%2C0%2C1366%2C728%2C1366%2C607&amp;vis=1&amp;rsz=%7C%7Cs%7C&amp;abl=NS&amp;fu=128&amp;bc=31&amp;bz=1&amp;td=1&amp;tdf=2&amp;psd=W251bGwsW251bGwsbnVsbCxudWxsLCJkZXByZWNhdGVkX2thbm9uIl0sbnVsbCwzXQ..&amp;nt=1&amp;ifi=3&amp;uci=a!3&amp;btvi=2&amp;fsb=1&amp;dtd=77528\" name=\"aswift_2\" width=\"675\" height=\"0\" frameborder=\"0\" marginwidth=\"0\" marginheight=\"0\" scrolling=\"no\" sandbox=\"allow-forms allow-popups allow-popups-to-escape-sandbox allow-same-origin allow-scripts allow-top-navigation-by-user-activation\" data-google-container-id=\"a!3\" aria-label=\"Advertisement\" data-google-query-id=\"COWhs4CD_4kDFWkOaAgd_b46OQ\" data-load-complete=\"true\" data-mce-fragment=\"1\"><\/iframe><\/div>\n<\/div>\n<\/div>\n<p><iframe id=\"aswift_2\" tabindex=\"0\" title=\"Advertisement\" src=\"https:\/\/googleads.g.doubleclick.net\/pagead\/ads?gdpr=0&amp;client=ca-pub-2665000277262253&amp;output=html&amp;h=280&amp;adk=4626182&amp;adf=1125368554&amp;pi=t.aa~a.1811011180~i.12~rp.1&amp;w=675&amp;abgtt=6&amp;fwrn=4&amp;fwrnh=100&amp;lmt=1732796771&amp;num_ads=1&amp;rafmt=1&amp;armr=3&amp;sem=mc&amp;pwprc=3873405587&amp;ad_type=text_image&amp;format=675x280&amp;url=https%3A%2F%2Fwww.eluniversal.com%2Fpolitica%2F196028%2Flo-ultimo-maduro-crea-la-condecoracion-gran-victoria-de-ayacucho-para-distinguir-a-funcionarios&amp;fwr=0&amp;pra=3&amp;rh=169&amp;rw=675&amp;rpe=1&amp;resp_fmts=3&amp;wgl=1&amp;fa=27&amp;uach=WyJXaW5kb3dzIiwiMTAuMC4wIiwieDg2IiwiIiwiMTMxLjAuNjc3OC44NiIsbnVsbCwwLG51bGwsIjY0IixbWyJHb29nbGUgQ2hyb21lIiwiMTMxLjAuNjc3OC44NiJdLFsiQ2hyb21pdW0iLCIxMzEuMC42Nzc4Ljg2Il0sWyJOb3RfQSBCcmFuZCIsIjI0LjAuMC4wIl1dLDBd&amp;dt=1732796694034&amp;bpp=1&amp;bdt=2329&amp;idt=1&amp;shv=r20241120&amp;mjsv=m202411140101&amp;ptt=9&amp;saldr=aa&amp;abxe=1&amp;cookie=ID%3D7da3d1ea8b44b45a%3AT%3D1726742689%3ART%3D1732796694%3AS%3DALNI_MbzDi9ViqaN83_uyQ5FYrhOjsDkvQ&amp;gpic=UID%3D00000ef27866aaa5%3AT%3D1726742689%3ART%3D1732796694%3AS%3DALNI_MZg4wPI0sMWa2-DX1rjxPGtPO1_qw&amp;eo_id_str=ID%3Dc1fa7ab9f685d7a9%3AT%3D1726742689%3ART%3D1732796694%3AS%3DAA-AfjZPoV_mEEEE3f--TR_-vyKs&amp;prev_fmts=0x0%2C675x280&amp;nras=3&amp;correlator=639851075462&amp;frm=20&amp;pv=1&amp;u_tz=-240&amp;u_his=1&amp;u_h=768&amp;u_w=1366&amp;u_ah=728&amp;u_aw=1366&amp;u_cd=24&amp;u_sd=1&amp;dmc=8&amp;adx=307&amp;ady=2144&amp;biw=1349&amp;bih=607&amp;scr_x=0&amp;scr_y=0&amp;eid=31088728%2C31088960%2C31088458%2C95345966%2C95347755&amp;oid=2&amp;pvsid=2537974701169852&amp;tmod=1008233179&amp;uas=0&amp;nvt=2&amp;ref=https%3A%2F%2Fwww.eluniversal.com%2Fpolitica%2F196028%2Flo-ultimo-maduro-crea-la-condecoracion-gran-victoria-de-ayacucho-para-distinguir-a-funcionarios&amp;fc=1408&amp;brdim=0%2C0%2C0%2C0%2C1366%2C0%2C1366%2C728%2C1366%2C607&amp;vis=1&amp;rsz=%7C%7Cs%7C&amp;abl=NS&amp;fu=128&amp;bc=31&amp;bz=1&amp;td=1&amp;tdf=2&amp;psd=W251bGwsW251bGwsbnVsbCxudWxsLCJkZXByZWNhdGVkX2thbm9uIl0sbnVsbCwzXQ..&amp;nt=1&amp;ifi=3&amp;uci=a!3&amp;btvi=2&amp;fsb=1&amp;dtd=77528\" name=\"aswift_2\" width=\"675\" height=\"0\" frameborder=\"0\" marginwidth=\"0\" marginheight=\"0\" scrolling=\"no\" sandbox=\"allow-forms allow-popups allow-popups-to-escape-sandbox allow-same-origin allow-scripts allow-top-navigation-by-user-activation\" data-google-container-id=\"a!3\" aria-label=\"Advertisement\" data-google-query-id=\"COWhs4CD_4kDFWkOaAgd_b46OQ\" data-load-complete=\"true\" data-mce-fragment=\"1\"><\/iframe><\/p>\n<p>\u201cYo les cambio las sanciones rid\u00edculas del imperio por la condecoraci\u00f3n de nuestra victoria hace 200 a\u00f1os\u201d, concluy\u00f3-<\/p>\n<p>Recordemos que este mismo mi\u00e9rcoles el gobierno de Estados Unidos, a trav\u00e9s de la Oficina de Control de Activos Extranjeros (OFAC) del Departamento del Tesoro, dio a conocer una nueva tanda de sanciones contra 21 funcionarios venezolanos, en la que est\u00e1n incluidos ministros, diputados y militares.<iframe id=\"aswift_3\" tabindex=\"0\" title=\"Advertisement\" src=\"https:\/\/googleads.g.doubleclick.net\/pagead\/ads?gdpr=0&amp;client=ca-pub-2665000277262253&amp;output=html&amp;h=280&amp;adk=4626182&amp;adf=211163108&amp;pi=t.aa~a.1811011180~i.18~rp.1&amp;w=675&amp;abgtt=6&amp;fwrn=4&amp;fwrnh=100&amp;lmt=1732796771&amp;num_ads=1&amp;rafmt=1&amp;armr=3&amp;sem=mc&amp;pwprc=3873405587&amp;ad_type=text_image&amp;format=675x280&amp;url=https%3A%2F%2Fwww.eluniversal.com%2Fpolitica%2F196028%2Flo-ultimo-maduro-crea-la-condecoracion-gran-victoria-de-ayacucho-para-distinguir-a-funcionarios&amp;fwr=0&amp;pra=3&amp;rh=169&amp;rw=675&amp;rpe=1&amp;resp_fmts=3&amp;wgl=1&amp;fa=27&amp;uach=WyJXaW5kb3dzIiwiMTAuMC4wIiwieDg2IiwiIiwiMTMxLjAuNjc3OC44NiIsbnVsbCwwLG51bGwsIjY0IixbWyJHb29nbGUgQ2hyb21lIiwiMTMxLjAuNjc3OC44NiJdLFsiQ2hyb21pdW0iLCIxMzEuMC42Nzc4Ljg2Il0sWyJOb3RfQSBCcmFuZCIsIjI0LjAuMC4wIl1dLDBd&amp;dt=1732796694042&amp;bpp=1&amp;bdt=2337&amp;idt=1&amp;shv=r20241120&amp;mjsv=m202411140101&amp;ptt=9&amp;saldr=aa&amp;abxe=1&amp;cookie=ID%3D7da3d1ea8b44b45a%3AT%3D1726742689%3ART%3D1732796694%3AS%3DALNI_MbzDi9ViqaN83_uyQ5FYrhOjsDkvQ&amp;gpic=UID%3D00000ef27866aaa5%3AT%3D1726742689%3ART%3D1732796694%3AS%3DALNI_MZg4wPI0sMWa2-DX1rjxPGtPO1_qw&amp;eo_id_str=ID%3Dc1fa7ab9f685d7a9%3AT%3D1726742689%3ART%3D1732796694%3AS%3DAA-AfjZPoV_mEEEE3f--TR_-vyKs&amp;prev_fmts=0x0%2C675x280%2C675x280&amp;nras=4&amp;correlator=639851075462&amp;frm=20&amp;pv=1&amp;u_tz=-240&amp;u_his=1&amp;u_h=768&amp;u_w=1366&amp;u_ah=728&amp;u_aw=1366&amp;u_cd=24&amp;u_sd=1&amp;dmc=8&amp;adx=307&amp;ady=2360&amp;biw=1349&amp;bih=607&amp;scr_x=0&amp;scr_y=0&amp;eid=31088728%2C31088960%2C31088458%2C95345966%2C95347755&amp;oid=2&amp;pvsid=2537974701169852&amp;tmod=1008233179&amp;uas=0&amp;nvt=2&amp;ref=https%3A%2F%2Fwww.eluniversal.com%2Fpolitica%2F196028%2Flo-ultimo-maduro-crea-la-condecoracion-gran-victoria-de-ayacucho-para-distinguir-a-funcionarios&amp;fc=1408&amp;brdim=0%2C0%2C0%2C0%2C1366%2C0%2C1366%2C728%2C1366%2C607&amp;vis=1&amp;rsz=%7C%7Cs%7C&amp;abl=NS&amp;fu=128&amp;bc=31&amp;bz=1&amp;td=1&amp;tdf=2&amp;psd=W251bGwsW251bGwsbnVsbCxudWxsLCJkZXByZWNhdGVkX2thbm9uIl0sbnVsbCwzXQ..&amp;nt=1&amp;ifi=4&amp;uci=a!4&amp;btvi=3&amp;fsb=1&amp;dtd=77848\" name=\"aswift_3\" width=\"675\" height=\"0\" frameborder=\"0\" marginwidth=\"0\" marginheight=\"0\" scrolling=\"no\" sandbox=\"allow-forms allow-popups allow-popups-to-escape-sandbox allow-same-origin allow-scripts allow-top-navigation-by-user-activation\" data-google-container-id=\"a!4\" aria-label=\"Advertisement\" data-google-query-id=\"CLWyxICD_4kDFZAaaAgdetQgmg\" data-load-complete=\"true\" data-mce-fragment=\"1\"><\/iframe><\/p>\n<p>En esta oportunidad los nombres que sobresalen en el paquete son Freddy \u00d1\u00e1\u00f1ez (ministro para Comunicaci\u00f3n e Informaci\u00f3n), Julio Garc\u00eda Zerpa (ministro para Asuntos Penitenciarios), William Castillo Boll\u00e9 (viceministro de Pol\u00edticas Antibloqueo), Daniella Cabello (presidenta de Marca Pa\u00eds), Alexis Rodr\u00edguez Cabello (Director del Sebin) y varios generales de la Fuerza Armada Bolivariana (FANB), entre otros.<\/p>\n<div><\/div>\n<div class=\"pvc_clear\"><\/div>\n<p id=\"pvc_stats_23181\" class=\"pvc_stats all  \" data-element-id=\"23181\" style=\"\"><i class=\"pvc-stats-icon large\" aria-hidden=\"true\"><svg xmlns=\"http:\/\/www.w3.org\/2000\/svg\" version=\"1.0\" viewBox=\"0 0 502 315\" preserveAspectRatio=\"xMidYMid meet\"><g transform=\"translate(0,332) scale(0.1,-0.1)\" fill=\"\" stroke=\"none\"><path d=\"M2394 3279 l-29 -30 -3 -207 c-2 -182 0 -211 15 -242 39 -76 157 -76 196 0 15 31 17 60 15 243 l-3 209 -33 29 c-26 23 -41 29 -80 29 -41 0 -53 -5 -78 -31z\"\/><path d=\"M3085 3251 c-45 -19 -58 -50 -96 -229 -47 -217 -49 -260 -13 -295 52 -53 146 -42 177 20 16 31 87 366 87 410 0 70 -86 122 -155 94z\"\/><path d=\"M1751 3234 c-13 -9 -29 -31 -37 -50 -12 -29 -10 -49 21 -204 19 -94 39 -189 45 -210 14 -50 54 -80 110 -80 34 0 48 6 76 34 21 21 34 44 34 59 0 14 -18 113 -40 219 -37 178 -43 195 -70 221 -36 32 -101 37 -139 11z\"\/><path d=\"M1163 3073 c-36 -7 -73 -59 -73 -102 0 -56 133 -378 171 -413 34 -32 83 -37 129 -13 70 36 67 87 -16 290 -86 209 -89 214 -129 231 -35 14 -42 15 -82 7z\"\/><path d=\"M3689 3066 c-15 -9 -33 -30 -42 -48 -48 -103 -147 -355 -147 -375 0 -98 131 -148 192 -74 13 15 57 108 97 206 80 196 84 226 37 273 -30 30 -99 39 -137 18z\"\/><path d=\"M583 2784 c-38 -19 -67 -74 -58 -113 9 -42 211 -354 242 -373 16 -10 45 -18 66 -18 51 0 107 52 107 100 0 39 -1 41 -124 234 -80 126 -108 162 -133 173 -41 17 -61 16 -100 -3z\"\/><path d=\"M4250 2784 c-14 -9 -74 -91 -133 -183 -95 -150 -107 -173 -107 -213 0 -55 33 -94 87 -104 67 -13 90 8 211 198 130 202 137 225 78 284 -27 27 -42 34 -72 34 -22 0 -50 -8 -64 -16z\"\/><path d=\"M2275 2693 c-553 -48 -1095 -270 -1585 -649 -135 -104 -459 -423 -483 -476 -23 -49 -22 -139 2 -186 73 -142 361 -457 571 -626 285 -228 642 -407 990 -497 242 -63 336 -73 660 -74 310 0 370 5 595 52 535 111 1045 392 1455 803 122 121 250 273 275 326 19 41 19 137 0 174 -41 79 -309 363 -465 492 -447 370 -946 591 -1479 653 -113 14 -422 18 -536 8z m395 -428 c171 -34 330 -124 456 -258 112 -119 167 -219 211 -378 27 -96 24 -300 -5 -401 -72 -255 -236 -447 -474 -557 -132 -62 -201 -76 -368 -76 -167 0 -236 14 -368 76 -213 98 -373 271 -451 485 -162 444 86 934 547 1084 153 49 292 57 452 25z m909 -232 c222 -123 408 -262 593 -441 76 -74 138 -139 138 -144 0 -16 -233 -242 -330 -319 -155 -123 -309 -223 -461 -299 l-81 -41 32 46 c18 26 49 83 70 128 143 306 141 649 -6 957 -25 52 -61 116 -79 142 l-34 47 45 -20 c26 -10 76 -36 113 -56z m-2057 25 c-40 -58 -105 -190 -130 -263 -110 -324 -59 -707 132 -981 25 -35 42 -64 37 -64 -19 0 -241 119 -326 174 -188 122 -406 314 -532 468 l-58 71 108 103 c185 178 428 349 672 473 66 33 121 60 123 61 2 0 -10 -19 -26 -42z\"\/><path d=\"M2375 1950 c-198 -44 -350 -190 -395 -379 -18 -76 -8 -221 19 -290 114 -284 457 -406 731 -260 98 52 188 154 231 260 27 69 37 214 19 290 -38 163 -166 304 -326 360 -67 23 -215 33 -279 19z\"\/><\/g><\/svg><\/i> <img decoding=\"async\" width=\"16\" height=\"16\" alt=\"Loading\" src=\"https:\/\/esviafm.com\/wp-content\/plugins\/page-views-count\/ajax-loader-2x.gif\" border=0 \/><\/p>\n<div class=\"pvc_clear\"><\/div>\n","protected":false},"excerpt":{"rendered":"<p>\u00a0Caracas.-\u00a0Este mi\u00e9rcoles 27 de noviembre el presidente de la Rep\u00fablica, Nicol\u00e1s Maduro, desde la Base A\u00e9rea El Libertador, en el estado Aragua, anunci\u00f3 la creaci\u00f3n de la condecoraci\u00f3n Gran Victoria de Ayacucho, para distinguir a todos los funcionarios pol\u00edticos, militares y policiales que fueron sancionados recientemente por los Estados Unidos. \u201cHoy el gobierno decadente de [&hellip;]<\/p>\n<div class=\"pvc_clear\"><\/div>\n<p id=\"pvc_stats_23181\" class=\"pvc_stats all  \" data-element-id=\"23181\" style=\"\"><i class=\"pvc-stats-icon large\" aria-hidden=\"true\"><svg xmlns=\"http:\/\/www.w3.org\/2000\/svg\" version=\"1.0\" viewBox=\"0 0 502 315\" preserveAspectRatio=\"xMidYMid meet\"><g transform=\"translate(0,332) scale(0.1,-0.1)\" fill=\"\" stroke=\"none\"><path d=\"M2394 3279 l-29 -30 -3 -207 c-2 -182 0 -211 15 -242 39 -76 157 -76 196 0 15 31 17 60 15 243 l-3 209 -33 29 c-26 23 -41 29 -80 29 -41 0 -53 -5 -78 -31z\"\/><path d=\"M3085 3251 c-45 -19 -58 -50 -96 -229 -47 -217 -49 -260 -13 -295 52 -53 146 -42 177 20 16 31 87 366 87 410 0 70 -86 122 -155 94z\"\/><path d=\"M1751 3234 c-13 -9 -29 -31 -37 -50 -12 -29 -10 -49 21 -204 19 -94 39 -189 45 -210 14 -50 54 -80 110 -80 34 0 48 6 76 34 21 21 34 44 34 59 0 14 -18 113 -40 219 -37 178 -43 195 -70 221 -36 32 -101 37 -139 11z\"\/><path d=\"M1163 3073 c-36 -7 -73 -59 -73 -102 0 -56 133 -378 171 -413 34 -32 83 -37 129 -13 70 36 67 87 -16 290 -86 209 -89 214 -129 231 -35 14 -42 15 -82 7z\"\/><path d=\"M3689 3066 c-15 -9 -33 -30 -42 -48 -48 -103 -147 -355 -147 -375 0 -98 131 -148 192 -74 13 15 57 108 97 206 80 196 84 226 37 273 -30 30 -99 39 -137 18z\"\/><path d=\"M583 2784 c-38 -19 -67 -74 -58 -113 9 -42 211 -354 242 -373 16 -10 45 -18 66 -18 51 0 107 52 107 100 0 39 -1 41 -124 234 -80 126 -108 162 -133 173 -41 17 -61 16 -100 -3z\"\/><path d=\"M4250 2784 c-14 -9 -74 -91 -133 -183 -95 -150 -107 -173 -107 -213 0 -55 33 -94 87 -104 67 -13 90 8 211 198 130 202 137 225 78 284 -27 27 -42 34 -72 34 -22 0 -50 -8 -64 -16z\"\/><path d=\"M2275 2693 c-553 -48 -1095 -270 -1585 -649 -135 -104 -459 -423 -483 -476 -23 -49 -22 -139 2 -186 73 -142 361 -457 571 -626 285 -228 642 -407 990 -497 242 -63 336 -73 660 -74 310 0 370 5 595 52 535 111 1045 392 1455 803 122 121 250 273 275 326 19 41 19 137 0 174 -41 79 -309 363 -465 492 -447 370 -946 591 -1479 653 -113 14 -422 18 -536 8z m395 -428 c171 -34 330 -124 456 -258 112 -119 167 -219 211 -378 27 -96 24 -300 -5 -401 -72 -255 -236 -447 -474 -557 -132 -62 -201 -76 -368 -76 -167 0 -236 14 -368 76 -213 98 -373 271 -451 485 -162 444 86 934 547 1084 153 49 292 57 452 25z m909 -232 c222 -123 408 -262 593 -441 76 -74 138 -139 138 -144 0 -16 -233 -242 -330 -319 -155 -123 -309 -223 -461 -299 l-81 -41 32 46 c18 26 49 83 70 128 143 306 141 649 -6 957 -25 52 -61 116 -79 142 l-34 47 45 -20 c26 -10 76 -36 113 -56z m-2057 25 c-40 -58 -105 -190 -130 -263 -110 -324 -59 -707 132 -981 25 -35 42 -64 37 -64 -19 0 -241 119 -326 174 -188 122 -406 314 -532 468 l-58 71 108 103 c185 178 428 349 672 473 66 33 121 60 123 61 2 0 -10 -19 -26 -42z\"\/><path d=\"M2375 1950 c-198 -44 -350 -190 -395 -379 -18 -76 -8 -221 19 -290 114 -284 457 -406 731 -260 98 52 188 154 231 260 27 69 37 214 19 290 -38 163 -166 304 -326 360 -67 23 -215 33 -279 19z\"\/><\/g><\/svg><\/i> <img decoding=\"async\" width=\"16\" height=\"16\" alt=\"Loading\" src=\"https:\/\/esviafm.com\/wp-content\/plugins\/page-views-count\/ajax-loader-2x.gif\" border=0 \/><\/p>\n<div class=\"pvc_clear\"><\/div>\n","protected":false},"author":1,"featured_media":0,"comment_status":"open","ping_status":"open","sticky":false,"template":"","format":"standard","meta":{"_et_pb_use_builder":"","_et_pb_old_content":"","_et_gb_content_width":"","footnotes":""},"categories":[25],"tags":[],"class_list":["post-23181","post","type-post","status-publish","format-standard","hentry","category-nacionales"],"_links":{"self":[{"href":"https:\/\/esviafm.com\/index.php\/wp-json\/wp\/v2\/posts\/23181","targetHints":{"allow":["GET"]}}],"collection":[{"href":"https:\/\/esviafm.com\/index.php\/wp-json\/wp\/v2\/posts"}],"about":[{"href":"https:\/\/esviafm.com\/index.php\/wp-json\/wp\/v2\/types\/post"}],"author":[{"embeddable":true,"href":"https:\/\/esviafm.com\/index.php\/wp-json\/wp\/v2\/users\/1"}],"replies":[{"embeddable":true,"href":"https:\/\/esviafm.com\/index.php\/wp-json\/wp\/v2\/comments?post=23181"}],"version-history":[{"count":1,"href":"https:\/\/esviafm.com\/index.php\/wp-json\/wp\/v2\/posts\/23181\/revisions"}],"predecessor-version":[{"id":23183,"href":"https:\/\/esviafm.com\/index.php\/wp-json\/wp\/v2\/posts\/23181\/revisions\/23183"}],"wp:attachment":[{"href":"https:\/\/esviafm.com\/index.php\/wp-json\/wp\/v2\/media?parent=23181"}],"wp:term":[{"taxonomy":"category","embeddable":true,"href":"https:\/\/esviafm.com\/index.php\/wp-json\/wp\/v2\/categories?post=23181"},{"taxonomy":"post_tag","embeddable":true,"href":"https:\/\/esviafm.com\/index.php\/wp-json\/wp\/v2\/tags?post=23181"}],"curies":[{"name":"wp","href":"https:\/\/api.w.org\/{rel}","templated":true}]}}