{"id":23071,"date":"2024-11-21T06:53:02","date_gmt":"2024-11-21T11:23:02","guid":{"rendered":"https:\/\/esviafm.com\/?p=23071"},"modified":"2024-11-21T06:53:02","modified_gmt":"2024-11-21T11:23:02","slug":"fiscal-general-tarek-william-saab-instalo-el-comite-por-la-justicia-de-victimas-del-fascismo-2024","status":"publish","type":"post","link":"https:\/\/esviafm.com\/index.php\/fiscal-general-tarek-william-saab-instalo-el-comite-por-la-justicia-de-victimas-del-fascismo-2024\/","title":{"rendered":"Fiscal General Tarek William Saab instal\u00f3 el Comit\u00e9 por la Justicia de V\u00edctimas del Fascismo 2024"},"content":{"rendered":"<div>El Fiscal General de la Rep\u00fablica, Tarek William Saab instal\u00f3 este mi\u00e9rcoles el Comit\u00e9 por la Justicia de V\u00edctimas del Fascismo 2024 que contempla la atenci\u00f3n directa a las v\u00edctimas de los hechos violentos ocurridos en el pa\u00eds los d\u00edas 29 y 30 de julio tras el resultado de la elecci\u00f3n presidencial en el pa\u00eds.<\/p>\n<p>Saab recalc\u00f3 que han sido liberados\u00a0\u00ab225 venezolanos que recibieron medidas cautelares. Pero, a los que se demuestre a trav\u00e9s del mismo mecanismo de investigaci\u00f3n, culpabilidad, ser\u00e1n sancionados condenados por estos hechos\u00bb, refiri\u00f3.<\/p><\/div>\n<div>\nEn rueda de prensa, el titular del Ministerio P\u00fablico record\u00f3 que\u00a0las acciones fascistas dejaron un saldo de 28 muertos y 190 heridos en un intento de \u00abpromover en Venezuela una insurrecci\u00f3n civil armada, un golpe de Estado\u00bb.<\/div>\n<div><\/div>\n<div>Tambi\u00e9n detall\u00f3 que\u00a0\u00abhubo 75 centros educativos destruidos, 41 centros de salud prendidos en fuego, 254 m\u00f3dulos policiales vandalizados\u00bb, en torno a estos hechos Saab agreg\u00f3 que el Ministerio P\u00fablico ha realizado 1.192 experticias, \u00abtodas con el debido procedimiento, de la mano con el \u00f3rgano auxiliar de investigaci\u00f3n penal; adem\u00e1s han sido realizadas 107 reconocimientos m\u00e9dicos a las personas detenidas o est\u00e1n siendo investigadas\u00bb.<\/div>\n<div><\/div>\n<div>Recalc\u00f3 que \u00ab<b>n<\/b><b>inguna ONG puede atribuirse acci\u00f3n alguna en estas investigaciones porque no tienen nada que ver<\/b>,\u00a0<b>no forman parte del proceso penal en curso,\u00a0<\/b>pero si lo utilizan para propagandizar en contra del Estado venezolano, grabando y diciendo cosas y luego pedir el financiamiento poder justificar la acci\u00f3n contra la democracia venezolana\u00bb.<\/div>\n<div>\n\u00abA ellos no les duele para nada las v\u00edctimas aqu\u00ed presentes\u00bb, asever\u00f3.<\/p>\n<p>Asimismo, recalc\u00f3 que habr\u00e1 justicia \u00abcon aquellos que pretendieron escalar en una acci\u00f3n violenta buscando de coartada desconocer unos resultados electorales, ellos son pr\u00f3fugos de la justicia y quieren utilizar a estos m\u00e1rtires&#8230; a favor de las 28 personas asesinadas, las 195 personas heridas, 486 bienes publicas afectados todo por el desconocimiento de los resultados electorales instrumentalizas por los comanditos, liderado por Edmundo (Gonz\u00e1lez)\u00bb.<\/p>\n<\/div>\n<div>La instalaci\u00f3n de este Comit\u00e9 cont\u00f3 con la presencia de familiares de las v\u00edctimas de estos hechos violentos; el Defensor del Pueblo, Alfredo Ruiz; el secretario ejecutivo del Consejo Nacional de los Derechos Humanos, Larry Devoe; y la activista de Derechos Humanos, Mar\u00eda Eugenia Russian, quien tambi\u00e9n es la presidenta de la Fundaci\u00f3n Latinoamericana de los Derechos Humanos y el Desarrollo Social (Fundalatin).<\/div>\n<div><\/div>\n<div>El Fiscal refiri\u00f3 que \u00abeste comit\u00e9 por la justicia ha logrado en este trabajo contactar a los familiares de las v\u00edctimas fatales y nos est\u00e1n acompa\u00f1ado 20 v\u00edctimas directas\u00bb, y que \u00abel fin es crear una estructura organizada de las v\u00edctimas de la violencia para atender de forma directa personalizada cada caso y as\u00ed evitar que queden impunes\u00bb.<\/p>\n<p>\u00abEl Ministerio P\u00fablico, junto al Consejo Nacional de Derechos Humanos, la Defensor\u00eda del Pueblo, entre otros movimientos. Estaremos siempre al lado de los que necesiten justicia, ese es el principal objetivo de este Comit\u00e9\u00bb, reiter\u00f3.<\/p><\/div>\n<div class=\"pvc_clear\"><\/div>\n<p id=\"pvc_stats_23071\" class=\"pvc_stats all  \" data-element-id=\"23071\" style=\"\"><i class=\"pvc-stats-icon large\" aria-hidden=\"true\"><svg xmlns=\"http:\/\/www.w3.org\/2000\/svg\" version=\"1.0\" viewBox=\"0 0 502 315\" preserveAspectRatio=\"xMidYMid meet\"><g transform=\"translate(0,332) scale(0.1,-0.1)\" fill=\"\" stroke=\"none\"><path d=\"M2394 3279 l-29 -30 -3 -207 c-2 -182 0 -211 15 -242 39 -76 157 -76 196 0 15 31 17 60 15 243 l-3 209 -33 29 c-26 23 -41 29 -80 29 -41 0 -53 -5 -78 -31z\"\/><path d=\"M3085 3251 c-45 -19 -58 -50 -96 -229 -47 -217 -49 -260 -13 -295 52 -53 146 -42 177 20 16 31 87 366 87 410 0 70 -86 122 -155 94z\"\/><path d=\"M1751 3234 c-13 -9 -29 -31 -37 -50 -12 -29 -10 -49 21 -204 19 -94 39 -189 45 -210 14 -50 54 -80 110 -80 34 0 48 6 76 34 21 21 34 44 34 59 0 14 -18 113 -40 219 -37 178 -43 195 -70 221 -36 32 -101 37 -139 11z\"\/><path d=\"M1163 3073 c-36 -7 -73 -59 -73 -102 0 -56 133 -378 171 -413 34 -32 83 -37 129 -13 70 36 67 87 -16 290 -86 209 -89 214 -129 231 -35 14 -42 15 -82 7z\"\/><path d=\"M3689 3066 c-15 -9 -33 -30 -42 -48 -48 -103 -147 -355 -147 -375 0 -98 131 -148 192 -74 13 15 57 108 97 206 80 196 84 226 37 273 -30 30 -99 39 -137 18z\"\/><path d=\"M583 2784 c-38 -19 -67 -74 -58 -113 9 -42 211 -354 242 -373 16 -10 45 -18 66 -18 51 0 107 52 107 100 0 39 -1 41 -124 234 -80 126 -108 162 -133 173 -41 17 -61 16 -100 -3z\"\/><path d=\"M4250 2784 c-14 -9 -74 -91 -133 -183 -95 -150 -107 -173 -107 -213 0 -55 33 -94 87 -104 67 -13 90 8 211 198 130 202 137 225 78 284 -27 27 -42 34 -72 34 -22 0 -50 -8 -64 -16z\"\/><path d=\"M2275 2693 c-553 -48 -1095 -270 -1585 -649 -135 -104 -459 -423 -483 -476 -23 -49 -22 -139 2 -186 73 -142 361 -457 571 -626 285 -228 642 -407 990 -497 242 -63 336 -73 660 -74 310 0 370 5 595 52 535 111 1045 392 1455 803 122 121 250 273 275 326 19 41 19 137 0 174 -41 79 -309 363 -465 492 -447 370 -946 591 -1479 653 -113 14 -422 18 -536 8z m395 -428 c171 -34 330 -124 456 -258 112 -119 167 -219 211 -378 27 -96 24 -300 -5 -401 -72 -255 -236 -447 -474 -557 -132 -62 -201 -76 -368 -76 -167 0 -236 14 -368 76 -213 98 -373 271 -451 485 -162 444 86 934 547 1084 153 49 292 57 452 25z m909 -232 c222 -123 408 -262 593 -441 76 -74 138 -139 138 -144 0 -16 -233 -242 -330 -319 -155 -123 -309 -223 -461 -299 l-81 -41 32 46 c18 26 49 83 70 128 143 306 141 649 -6 957 -25 52 -61 116 -79 142 l-34 47 45 -20 c26 -10 76 -36 113 -56z m-2057 25 c-40 -58 -105 -190 -130 -263 -110 -324 -59 -707 132 -981 25 -35 42 -64 37 -64 -19 0 -241 119 -326 174 -188 122 -406 314 -532 468 l-58 71 108 103 c185 178 428 349 672 473 66 33 121 60 123 61 2 0 -10 -19 -26 -42z\"\/><path d=\"M2375 1950 c-198 -44 -350 -190 -395 -379 -18 -76 -8 -221 19 -290 114 -284 457 -406 731 -260 98 52 188 154 231 260 27 69 37 214 19 290 -38 163 -166 304 -326 360 -67 23 -215 33 -279 19z\"\/><\/g><\/svg><\/i> <img decoding=\"async\" width=\"16\" height=\"16\" alt=\"Loading\" src=\"https:\/\/esviafm.com\/wp-content\/plugins\/page-views-count\/ajax-loader-2x.gif\" border=0 \/><\/p>\n<div class=\"pvc_clear\"><\/div>\n","protected":false},"excerpt":{"rendered":"<p>El Fiscal General de la Rep\u00fablica, Tarek William Saab instal\u00f3 este mi\u00e9rcoles el Comit\u00e9 por la Justicia de V\u00edctimas del Fascismo 2024 que contempla la atenci\u00f3n directa a las v\u00edctimas de los hechos violentos ocurridos en el pa\u00eds los d\u00edas 29 y 30 de julio tras el resultado de la elecci\u00f3n presidencial en el pa\u00eds. [&hellip;]<\/p>\n<div class=\"pvc_clear\"><\/div>\n<p id=\"pvc_stats_23071\" class=\"pvc_stats all  \" data-element-id=\"23071\" style=\"\"><i class=\"pvc-stats-icon large\" aria-hidden=\"true\"><svg xmlns=\"http:\/\/www.w3.org\/2000\/svg\" version=\"1.0\" viewBox=\"0 0 502 315\" preserveAspectRatio=\"xMidYMid meet\"><g transform=\"translate(0,332) scale(0.1,-0.1)\" fill=\"\" stroke=\"none\"><path d=\"M2394 3279 l-29 -30 -3 -207 c-2 -182 0 -211 15 -242 39 -76 157 -76 196 0 15 31 17 60 15 243 l-3 209 -33 29 c-26 23 -41 29 -80 29 -41 0 -53 -5 -78 -31z\"\/><path d=\"M3085 3251 c-45 -19 -58 -50 -96 -229 -47 -217 -49 -260 -13 -295 52 -53 146 -42 177 20 16 31 87 366 87 410 0 70 -86 122 -155 94z\"\/><path d=\"M1751 3234 c-13 -9 -29 -31 -37 -50 -12 -29 -10 -49 21 -204 19 -94 39 -189 45 -210 14 -50 54 -80 110 -80 34 0 48 6 76 34 21 21 34 44 34 59 0 14 -18 113 -40 219 -37 178 -43 195 -70 221 -36 32 -101 37 -139 11z\"\/><path d=\"M1163 3073 c-36 -7 -73 -59 -73 -102 0 -56 133 -378 171 -413 34 -32 83 -37 129 -13 70 36 67 87 -16 290 -86 209 -89 214 -129 231 -35 14 -42 15 -82 7z\"\/><path d=\"M3689 3066 c-15 -9 -33 -30 -42 -48 -48 -103 -147 -355 -147 -375 0 -98 131 -148 192 -74 13 15 57 108 97 206 80 196 84 226 37 273 -30 30 -99 39 -137 18z\"\/><path d=\"M583 2784 c-38 -19 -67 -74 -58 -113 9 -42 211 -354 242 -373 16 -10 45 -18 66 -18 51 0 107 52 107 100 0 39 -1 41 -124 234 -80 126 -108 162 -133 173 -41 17 -61 16 -100 -3z\"\/><path d=\"M4250 2784 c-14 -9 -74 -91 -133 -183 -95 -150 -107 -173 -107 -213 0 -55 33 -94 87 -104 67 -13 90 8 211 198 130 202 137 225 78 284 -27 27 -42 34 -72 34 -22 0 -50 -8 -64 -16z\"\/><path d=\"M2275 2693 c-553 -48 -1095 -270 -1585 -649 -135 -104 -459 -423 -483 -476 -23 -49 -22 -139 2 -186 73 -142 361 -457 571 -626 285 -228 642 -407 990 -497 242 -63 336 -73 660 -74 310 0 370 5 595 52 535 111 1045 392 1455 803 122 121 250 273 275 326 19 41 19 137 0 174 -41 79 -309 363 -465 492 -447 370 -946 591 -1479 653 -113 14 -422 18 -536 8z m395 -428 c171 -34 330 -124 456 -258 112 -119 167 -219 211 -378 27 -96 24 -300 -5 -401 -72 -255 -236 -447 -474 -557 -132 -62 -201 -76 -368 -76 -167 0 -236 14 -368 76 -213 98 -373 271 -451 485 -162 444 86 934 547 1084 153 49 292 57 452 25z m909 -232 c222 -123 408 -262 593 -441 76 -74 138 -139 138 -144 0 -16 -233 -242 -330 -319 -155 -123 -309 -223 -461 -299 l-81 -41 32 46 c18 26 49 83 70 128 143 306 141 649 -6 957 -25 52 -61 116 -79 142 l-34 47 45 -20 c26 -10 76 -36 113 -56z m-2057 25 c-40 -58 -105 -190 -130 -263 -110 -324 -59 -707 132 -981 25 -35 42 -64 37 -64 -19 0 -241 119 -326 174 -188 122 -406 314 -532 468 l-58 71 108 103 c185 178 428 349 672 473 66 33 121 60 123 61 2 0 -10 -19 -26 -42z\"\/><path d=\"M2375 1950 c-198 -44 -350 -190 -395 -379 -18 -76 -8 -221 19 -290 114 -284 457 -406 731 -260 98 52 188 154 231 260 27 69 37 214 19 290 -38 163 -166 304 -326 360 -67 23 -215 33 -279 19z\"\/><\/g><\/svg><\/i> <img decoding=\"async\" width=\"16\" height=\"16\" alt=\"Loading\" src=\"https:\/\/esviafm.com\/wp-content\/plugins\/page-views-count\/ajax-loader-2x.gif\" border=0 \/><\/p>\n<div class=\"pvc_clear\"><\/div>\n","protected":false},"author":1,"featured_media":0,"comment_status":"open","ping_status":"open","sticky":false,"template":"","format":"standard","meta":{"_et_pb_use_builder":"","_et_pb_old_content":"","_et_gb_content_width":"","footnotes":""},"categories":[25],"tags":[],"class_list":["post-23071","post","type-post","status-publish","format-standard","hentry","category-nacionales"],"_links":{"self":[{"href":"https:\/\/esviafm.com\/index.php\/wp-json\/wp\/v2\/posts\/23071","targetHints":{"allow":["GET"]}}],"collection":[{"href":"https:\/\/esviafm.com\/index.php\/wp-json\/wp\/v2\/posts"}],"about":[{"href":"https:\/\/esviafm.com\/index.php\/wp-json\/wp\/v2\/types\/post"}],"author":[{"embeddable":true,"href":"https:\/\/esviafm.com\/index.php\/wp-json\/wp\/v2\/users\/1"}],"replies":[{"embeddable":true,"href":"https:\/\/esviafm.com\/index.php\/wp-json\/wp\/v2\/comments?post=23071"}],"version-history":[{"count":1,"href":"https:\/\/esviafm.com\/index.php\/wp-json\/wp\/v2\/posts\/23071\/revisions"}],"predecessor-version":[{"id":23073,"href":"https:\/\/esviafm.com\/index.php\/wp-json\/wp\/v2\/posts\/23071\/revisions\/23073"}],"wp:attachment":[{"href":"https:\/\/esviafm.com\/index.php\/wp-json\/wp\/v2\/media?parent=23071"}],"wp:term":[{"taxonomy":"category","embeddable":true,"href":"https:\/\/esviafm.com\/index.php\/wp-json\/wp\/v2\/categories?post=23071"},{"taxonomy":"post_tag","embeddable":true,"href":"https:\/\/esviafm.com\/index.php\/wp-json\/wp\/v2\/tags?post=23071"}],"curies":[{"name":"wp","href":"https:\/\/api.w.org\/{rel}","templated":true}]}}