{"id":22935,"date":"2024-11-14T07:44:13","date_gmt":"2024-11-14T12:14:13","guid":{"rendered":"https:\/\/esviafm.com\/?p=22935"},"modified":"2024-11-14T07:44:13","modified_gmt":"2024-11-14T12:14:13","slug":"los-muchachos-van-a-salir-tarek-william-saab-se-compromete-a-agilizar-procesos-judiciales-de-detenidos","status":"publish","type":"post","link":"https:\/\/esviafm.com\/index.php\/los-muchachos-van-a-salir-tarek-william-saab-se-compromete-a-agilizar-procesos-judiciales-de-detenidos\/","title":{"rendered":"\u201cLos muchachos van a salir\u201d: Tarek William Saab se compromete a agilizar procesos judiciales de detenidos"},"content":{"rendered":"<p>El\u00a0<strong>fiscal general de la Rep\u00fablica,\u00a0<a href=\"https:\/\/www.elimpulso.com\/2024\/10\/31\/tarek-william-saab-fue-ratificado-como-fiscal-general-de-venezuela-en-el-ministerio-publico-31oct\/\">Tarek William Saab<\/a><\/strong>, se comprometi\u00f3 a\u00a0<strong>agilizar los procesos judiciales<\/strong>\u00a0de los 69 adolescentes detenidos en el contexto de la crisis poselectoral que sigui\u00f3 a las\u00a0<strong>presidenciales del 28 de julio<\/strong>.<\/p>\n<p>As\u00ed lo se\u00f1al\u00f3 en un encuentro solicitado por los familiares de los aprehendidos, que se llev\u00f3 a cabo en la sede de la\u00a0<strong>Fiscal\u00eda General de la Rep\u00fablica<\/strong>\u00a0y fue descrito por los asistentes como un paso hacia la resoluci\u00f3n de los casos, especialmente los de los menores de edad.<\/p>\n<p><strong>Theany Urbina<\/strong>, madre de uno de los adolescentes detenidos, expres\u00f3 su esperanza tras la reuni\u00f3n, se\u00f1alando que el fiscal\u00a0<strong>prometi\u00f3 \u00abagilizar los procesos\u00bb<\/strong>\u00a0y que los \u00abinocentes\u00bb ser\u00edan liberados. Seg\u00fan Urbina, el fiscal les asegur\u00f3 que \u00abvendr\u00e1n cosas buenas para los muchachos\u00bb y que se buscar\u00eda la verdad detr\u00e1s de estas detenciones. No obstante, la madre tambi\u00e9n indic\u00f3 que, aunque no se dieron plazos espec\u00edficos, el tono del fiscal les dio confianza en que las promesas de justicia se cumplir\u00edan pronto.<\/p>\n<p>Durante la reuni\u00f3n, los familiares tambi\u00e9n aprovecharon para denunciar los\u00a0<strong>maltratos<\/strong>\u00a0y\u00a0<strong>agresiones<\/strong>\u00a0que, seg\u00fan ellos, han sufrido los detenidos, algunos de los cuales aseguran haber sido v\u00edctimas de abuso por parte de los cuerpos policiales.\u00a0<strong>Dionexis Garc\u00eda<\/strong>, madre de otro de los adolescentes detenidos, expres\u00f3 su deseo de que el proceso judicial avance r\u00e1pidamente y que se concedan\u00a0<strong>medidas cautelares<\/strong>\u00a0o incluso el\u00a0<strong>sobreseimiento<\/strong>\u00a0de las causas, en algunos casos. Garc\u00eda reiter\u00f3 que esperan que, para la primera semana de diciembre,\u00a0<strong><a href=\"https:\/\/www.elimpulso.com\/2024\/11\/12\/rafael-narvaez-exige-liberacion-de-adolescentes-detenidos-como-reparacion-por-injusticias-del-sistema-de-justicia-12nov\/\">sus hijos est\u00e9n nuevamente en casa.<\/a><\/strong><\/p>\n<div class=\"google-auto-placed ap_container\"><ins class=\"adsbygoogle adsbygoogle-noablate\" data-ad-format=\"auto\" data-ad-client=\"ca-pub-7690825590694655\" data-adsbygoogle-status=\"done\" data-ad-status=\"unfilled\"><\/p>\n<div id=\"aswift_3_host\"><iframe id=\"aswift_3\" tabindex=\"0\" title=\"Advertisement\" src=\"https:\/\/googleads.g.doubleclick.net\/pagead\/ads?gdpr=0&amp;us_privacy=1---&amp;gpp_sid=-1&amp;client=ca-pub-7690825590694655&amp;output=html&amp;h=280&amp;adk=1202060795&amp;adf=314186231&amp;w=765&amp;abgtt=6&amp;fwrn=4&amp;fwrnh=100&amp;lmt=1731510964&amp;num_ads=1&amp;rafmt=1&amp;armr=3&amp;sem=mc&amp;pwprc=4512835788&amp;ad_type=text_image&amp;format=765x280&amp;url=https%3A%2F%2Fwww.elimpulso.com%2F2024%2F11%2F13%2Flos-muchachos-van-a-salir-tarek-william-saab-se-compromete-a-agilizar-procesos-judiciales-de-detenidos-13nov%2F&amp;fwr=0&amp;pra=3&amp;rh=191&amp;rw=764&amp;rpe=1&amp;resp_fmts=3&amp;wgl=1&amp;fa=27&amp;uach=WyJXaW5kb3dzIiwiMTAuMC4wIiwieDg2IiwiIiwiMTMwLjAuNjcyMy4xMTciLG51bGwsMCxudWxsLCI2NCIsW1siQ2hyb21pdW0iLCIxMzAuMC42NzIzLjExNyJdLFsiR29vZ2xlIENocm9tZSIsIjEzMC4wLjY3MjMuMTE3Il0sWyJOb3Q_QV9CcmFuZCIsIjk5LjAuMC4wIl1dLDBd&amp;dt=1731585999229&amp;bpp=2&amp;bdt=2855&amp;idt=3&amp;shv=r20241112&amp;mjsv=m202411120101&amp;ptt=9&amp;saldr=aa&amp;abxe=1&amp;cookie=ID%3D5cbf05c4edc88cfd%3AT%3D1726743684%3ART%3D1731586313%3AS%3DALNI_MZ7yYR3L6L7Mth26yAo2nEf_I7C1g&amp;gpic=UID%3D00000a5188f9e391%3AT%3D1726743684%3ART%3D1731586313%3AS%3DALNI_Mbs8_TawpzmiipOiKIpE59SFoiHQg&amp;eo_id_str=ID%3Dc9dae7cc7928f3d2%3AT%3D1726743684%3ART%3D1731586313%3AS%3DAA-AfjYWKUJYT1gf_0vXWGTc2GlG&amp;prev_fmts=0x0%2C765x192&amp;nras=2&amp;correlator=8077081554268&amp;frm=20&amp;pv=1&amp;u_tz=-240&amp;u_his=1&amp;u_h=768&amp;u_w=1366&amp;u_ah=728&amp;u_aw=1366&amp;u_cd=24&amp;u_sd=1&amp;dmc=8&amp;adx=131&amp;ady=1998&amp;biw=1349&amp;bih=607&amp;scr_x=0&amp;scr_y=0&amp;eid=44759876%2C44759927%2C31084128%2C31088128%2C95344190%2C31088894%2C31088457%2C95345967%2C95347654&amp;oid=2&amp;pvsid=266139026603857&amp;tmod=642547549&amp;uas=0&amp;nvt=1&amp;fc=1408&amp;brdim=0%2C0%2C0%2C0%2C1366%2C0%2C0%2C0%2C1366%2C607&amp;vis=1&amp;rsz=%7C%7Cs%7C&amp;abl=NS&amp;fu=128&amp;bc=31&amp;bz=0&amp;td=1&amp;tdf=2&amp;psd=W251bGwsW251bGwsbnVsbCxudWxsLCJkZXByZWNhdGVkX2thbm9uIl0sbnVsbCwzXQ..&amp;nt=1&amp;ifi=4&amp;uci=a!4&amp;btvi=2&amp;fsb=1&amp;dtd=M\" name=\"aswift_3\" width=\"765\" height=\"0\" frameborder=\"0\" marginwidth=\"0\" marginheight=\"0\" scrolling=\"no\" sandbox=\"allow-forms allow-popups allow-popups-to-escape-sandbox allow-same-origin allow-scripts allow-top-navigation-by-user-activation\" data-google-container-id=\"a!4\" aria-label=\"Advertisement\" data-google-query-id=\"CLjauP7l24kDFYfz4wcdfysLLQ\" data-load-complete=\"true\" data-mce-fragment=\"1\"><\/iframe><\/div>\n<p><\/ins><\/div>\n<p>El compromiso del fiscal Saab llega un d\u00eda despu\u00e9s de que el presidente\u00a0<strong>Nicol\u00e1s Maduro<\/strong>\u00a0solicitara a\u00a0<strong>Tarek William Saab<\/strong>\u00a0y a los jueces del pa\u00eds que revisaran estos casos y corrigieran posibles\u00a0<strong>errores procesales<\/strong>, especialmente en relaci\u00f3n con las detenciones efectuadas durante las protestas en contra de su reelecci\u00f3n, un proceso electoral denunciado como\u00a0<strong>fraudulento<\/strong>\u00a0por la oposici\u00f3n.<\/p>\n<h2 class=\"wp-block-heading\"><strong>Pronunciamiento de la ONG Foro Penal<\/strong><\/h2>\n<p>Seg\u00fan la ONG\u00a0<strong>Foro Penal<\/strong>, que lidera la defensa de los denominados\u00a0<strong>presos pol\u00edticos<\/strong>\u00a0en Venezuela, un total de\u00a0<strong>1.836 personas<\/strong>\u00a0fueron detenidas tras las protestas contra la reelecci\u00f3n de Maduro, adem\u00e1s de los operativos policiales y militares realizados en los d\u00edas siguientes a los comicios.<\/p>\n<p>Entre los detenidos se encuentran no solo manifestantes, sino tambi\u00e9n varios\u00a0<strong>adolescentes<\/strong>\u00a0que fueron arrestados en medio de la crisis poselectoral. Foro Penal ha documentado y denunciado constantemente la situaci\u00f3n de los presos pol\u00edticos en el pa\u00eds, argumentando que muchos de ellos han sido arrestados de manera arbitraria y sin un debido proceso judicial.<\/p>\n<div class=\"pvc_clear\"><\/div>\n<p id=\"pvc_stats_22935\" class=\"pvc_stats all  \" data-element-id=\"22935\" style=\"\"><i class=\"pvc-stats-icon large\" aria-hidden=\"true\"><svg xmlns=\"http:\/\/www.w3.org\/2000\/svg\" version=\"1.0\" viewBox=\"0 0 502 315\" preserveAspectRatio=\"xMidYMid meet\"><g transform=\"translate(0,332) scale(0.1,-0.1)\" fill=\"\" stroke=\"none\"><path d=\"M2394 3279 l-29 -30 -3 -207 c-2 -182 0 -211 15 -242 39 -76 157 -76 196 0 15 31 17 60 15 243 l-3 209 -33 29 c-26 23 -41 29 -80 29 -41 0 -53 -5 -78 -31z\"\/><path d=\"M3085 3251 c-45 -19 -58 -50 -96 -229 -47 -217 -49 -260 -13 -295 52 -53 146 -42 177 20 16 31 87 366 87 410 0 70 -86 122 -155 94z\"\/><path d=\"M1751 3234 c-13 -9 -29 -31 -37 -50 -12 -29 -10 -49 21 -204 19 -94 39 -189 45 -210 14 -50 54 -80 110 -80 34 0 48 6 76 34 21 21 34 44 34 59 0 14 -18 113 -40 219 -37 178 -43 195 -70 221 -36 32 -101 37 -139 11z\"\/><path d=\"M1163 3073 c-36 -7 -73 -59 -73 -102 0 -56 133 -378 171 -413 34 -32 83 -37 129 -13 70 36 67 87 -16 290 -86 209 -89 214 -129 231 -35 14 -42 15 -82 7z\"\/><path d=\"M3689 3066 c-15 -9 -33 -30 -42 -48 -48 -103 -147 -355 -147 -375 0 -98 131 -148 192 -74 13 15 57 108 97 206 80 196 84 226 37 273 -30 30 -99 39 -137 18z\"\/><path d=\"M583 2784 c-38 -19 -67 -74 -58 -113 9 -42 211 -354 242 -373 16 -10 45 -18 66 -18 51 0 107 52 107 100 0 39 -1 41 -124 234 -80 126 -108 162 -133 173 -41 17 -61 16 -100 -3z\"\/><path d=\"M4250 2784 c-14 -9 -74 -91 -133 -183 -95 -150 -107 -173 -107 -213 0 -55 33 -94 87 -104 67 -13 90 8 211 198 130 202 137 225 78 284 -27 27 -42 34 -72 34 -22 0 -50 -8 -64 -16z\"\/><path d=\"M2275 2693 c-553 -48 -1095 -270 -1585 -649 -135 -104 -459 -423 -483 -476 -23 -49 -22 -139 2 -186 73 -142 361 -457 571 -626 285 -228 642 -407 990 -497 242 -63 336 -73 660 -74 310 0 370 5 595 52 535 111 1045 392 1455 803 122 121 250 273 275 326 19 41 19 137 0 174 -41 79 -309 363 -465 492 -447 370 -946 591 -1479 653 -113 14 -422 18 -536 8z m395 -428 c171 -34 330 -124 456 -258 112 -119 167 -219 211 -378 27 -96 24 -300 -5 -401 -72 -255 -236 -447 -474 -557 -132 -62 -201 -76 -368 -76 -167 0 -236 14 -368 76 -213 98 -373 271 -451 485 -162 444 86 934 547 1084 153 49 292 57 452 25z m909 -232 c222 -123 408 -262 593 -441 76 -74 138 -139 138 -144 0 -16 -233 -242 -330 -319 -155 -123 -309 -223 -461 -299 l-81 -41 32 46 c18 26 49 83 70 128 143 306 141 649 -6 957 -25 52 -61 116 -79 142 l-34 47 45 -20 c26 -10 76 -36 113 -56z m-2057 25 c-40 -58 -105 -190 -130 -263 -110 -324 -59 -707 132 -981 25 -35 42 -64 37 -64 -19 0 -241 119 -326 174 -188 122 -406 314 -532 468 l-58 71 108 103 c185 178 428 349 672 473 66 33 121 60 123 61 2 0 -10 -19 -26 -42z\"\/><path d=\"M2375 1950 c-198 -44 -350 -190 -395 -379 -18 -76 -8 -221 19 -290 114 -284 457 -406 731 -260 98 52 188 154 231 260 27 69 37 214 19 290 -38 163 -166 304 -326 360 -67 23 -215 33 -279 19z\"\/><\/g><\/svg><\/i> <img decoding=\"async\" width=\"16\" height=\"16\" alt=\"Loading\" src=\"https:\/\/esviafm.com\/wp-content\/plugins\/page-views-count\/ajax-loader-2x.gif\" border=0 \/><\/p>\n<div class=\"pvc_clear\"><\/div>\n","protected":false},"excerpt":{"rendered":"<p>El\u00a0fiscal general de la Rep\u00fablica,\u00a0Tarek William Saab, se comprometi\u00f3 a\u00a0agilizar los procesos judiciales\u00a0de los 69 adolescentes detenidos en el contexto de la crisis poselectoral que sigui\u00f3 a las\u00a0presidenciales del 28 de julio. As\u00ed lo se\u00f1al\u00f3 en un encuentro solicitado por los familiares de los aprehendidos, que se llev\u00f3 a cabo en la sede de la\u00a0Fiscal\u00eda [&hellip;]<\/p>\n<div class=\"pvc_clear\"><\/div>\n<p id=\"pvc_stats_22935\" class=\"pvc_stats all  \" data-element-id=\"22935\" style=\"\"><i class=\"pvc-stats-icon large\" aria-hidden=\"true\"><svg xmlns=\"http:\/\/www.w3.org\/2000\/svg\" version=\"1.0\" viewBox=\"0 0 502 315\" preserveAspectRatio=\"xMidYMid meet\"><g transform=\"translate(0,332) scale(0.1,-0.1)\" fill=\"\" stroke=\"none\"><path d=\"M2394 3279 l-29 -30 -3 -207 c-2 -182 0 -211 15 -242 39 -76 157 -76 196 0 15 31 17 60 15 243 l-3 209 -33 29 c-26 23 -41 29 -80 29 -41 0 -53 -5 -78 -31z\"\/><path d=\"M3085 3251 c-45 -19 -58 -50 -96 -229 -47 -217 -49 -260 -13 -295 52 -53 146 -42 177 20 16 31 87 366 87 410 0 70 -86 122 -155 94z\"\/><path d=\"M1751 3234 c-13 -9 -29 -31 -37 -50 -12 -29 -10 -49 21 -204 19 -94 39 -189 45 -210 14 -50 54 -80 110 -80 34 0 48 6 76 34 21 21 34 44 34 59 0 14 -18 113 -40 219 -37 178 -43 195 -70 221 -36 32 -101 37 -139 11z\"\/><path d=\"M1163 3073 c-36 -7 -73 -59 -73 -102 0 -56 133 -378 171 -413 34 -32 83 -37 129 -13 70 36 67 87 -16 290 -86 209 -89 214 -129 231 -35 14 -42 15 -82 7z\"\/><path d=\"M3689 3066 c-15 -9 -33 -30 -42 -48 -48 -103 -147 -355 -147 -375 0 -98 131 -148 192 -74 13 15 57 108 97 206 80 196 84 226 37 273 -30 30 -99 39 -137 18z\"\/><path d=\"M583 2784 c-38 -19 -67 -74 -58 -113 9 -42 211 -354 242 -373 16 -10 45 -18 66 -18 51 0 107 52 107 100 0 39 -1 41 -124 234 -80 126 -108 162 -133 173 -41 17 -61 16 -100 -3z\"\/><path d=\"M4250 2784 c-14 -9 -74 -91 -133 -183 -95 -150 -107 -173 -107 -213 0 -55 33 -94 87 -104 67 -13 90 8 211 198 130 202 137 225 78 284 -27 27 -42 34 -72 34 -22 0 -50 -8 -64 -16z\"\/><path d=\"M2275 2693 c-553 -48 -1095 -270 -1585 -649 -135 -104 -459 -423 -483 -476 -23 -49 -22 -139 2 -186 73 -142 361 -457 571 -626 285 -228 642 -407 990 -497 242 -63 336 -73 660 -74 310 0 370 5 595 52 535 111 1045 392 1455 803 122 121 250 273 275 326 19 41 19 137 0 174 -41 79 -309 363 -465 492 -447 370 -946 591 -1479 653 -113 14 -422 18 -536 8z m395 -428 c171 -34 330 -124 456 -258 112 -119 167 -219 211 -378 27 -96 24 -300 -5 -401 -72 -255 -236 -447 -474 -557 -132 -62 -201 -76 -368 -76 -167 0 -236 14 -368 76 -213 98 -373 271 -451 485 -162 444 86 934 547 1084 153 49 292 57 452 25z m909 -232 c222 -123 408 -262 593 -441 76 -74 138 -139 138 -144 0 -16 -233 -242 -330 -319 -155 -123 -309 -223 -461 -299 l-81 -41 32 46 c18 26 49 83 70 128 143 306 141 649 -6 957 -25 52 -61 116 -79 142 l-34 47 45 -20 c26 -10 76 -36 113 -56z m-2057 25 c-40 -58 -105 -190 -130 -263 -110 -324 -59 -707 132 -981 25 -35 42 -64 37 -64 -19 0 -241 119 -326 174 -188 122 -406 314 -532 468 l-58 71 108 103 c185 178 428 349 672 473 66 33 121 60 123 61 2 0 -10 -19 -26 -42z\"\/><path d=\"M2375 1950 c-198 -44 -350 -190 -395 -379 -18 -76 -8 -221 19 -290 114 -284 457 -406 731 -260 98 52 188 154 231 260 27 69 37 214 19 290 -38 163 -166 304 -326 360 -67 23 -215 33 -279 19z\"\/><\/g><\/svg><\/i> <img decoding=\"async\" width=\"16\" height=\"16\" alt=\"Loading\" src=\"https:\/\/esviafm.com\/wp-content\/plugins\/page-views-count\/ajax-loader-2x.gif\" border=0 \/><\/p>\n<div class=\"pvc_clear\"><\/div>\n","protected":false},"author":1,"featured_media":0,"comment_status":"open","ping_status":"open","sticky":false,"template":"","format":"standard","meta":{"_et_pb_use_builder":"","_et_pb_old_content":"","_et_gb_content_width":"","footnotes":""},"categories":[25],"tags":[],"class_list":["post-22935","post","type-post","status-publish","format-standard","hentry","category-nacionales"],"_links":{"self":[{"href":"https:\/\/esviafm.com\/index.php\/wp-json\/wp\/v2\/posts\/22935","targetHints":{"allow":["GET"]}}],"collection":[{"href":"https:\/\/esviafm.com\/index.php\/wp-json\/wp\/v2\/posts"}],"about":[{"href":"https:\/\/esviafm.com\/index.php\/wp-json\/wp\/v2\/types\/post"}],"author":[{"embeddable":true,"href":"https:\/\/esviafm.com\/index.php\/wp-json\/wp\/v2\/users\/1"}],"replies":[{"embeddable":true,"href":"https:\/\/esviafm.com\/index.php\/wp-json\/wp\/v2\/comments?post=22935"}],"version-history":[{"count":1,"href":"https:\/\/esviafm.com\/index.php\/wp-json\/wp\/v2\/posts\/22935\/revisions"}],"predecessor-version":[{"id":22937,"href":"https:\/\/esviafm.com\/index.php\/wp-json\/wp\/v2\/posts\/22935\/revisions\/22937"}],"wp:attachment":[{"href":"https:\/\/esviafm.com\/index.php\/wp-json\/wp\/v2\/media?parent=22935"}],"wp:term":[{"taxonomy":"category","embeddable":true,"href":"https:\/\/esviafm.com\/index.php\/wp-json\/wp\/v2\/categories?post=22935"},{"taxonomy":"post_tag","embeddable":true,"href":"https:\/\/esviafm.com\/index.php\/wp-json\/wp\/v2\/tags?post=22935"}],"curies":[{"name":"wp","href":"https:\/\/api.w.org\/{rel}","templated":true}]}}