{"id":22932,"date":"2024-11-14T07:42:19","date_gmt":"2024-11-14T12:12:19","guid":{"rendered":"https:\/\/esviafm.com\/?p=22932"},"modified":"2024-11-14T07:42:19","modified_gmt":"2024-11-14T12:12:19","slug":"edmundo-gonzalez-aseguro-en-bruselas-que-planea-volver-a-venezuela-para-tomar-posesion-el-10-de-enero","status":"publish","type":"post","link":"https:\/\/esviafm.com\/index.php\/edmundo-gonzalez-aseguro-en-bruselas-que-planea-volver-a-venezuela-para-tomar-posesion-el-10-de-enero\/","title":{"rendered":"Edmundo Gonz\u00e1lez asegur\u00f3 en Bruselas que planea volver a Venezuela para tomar posesi\u00f3n el 10 de enero"},"content":{"rendered":"<p>El l\u00edder opositor venezolano,\u00a0<strong><a href=\"https:\/\/www.elimpulso.com\/2024\/11\/12\/edmundo-gonzalez-participara-en-sesion-de-trabajo-en-el-parlamento-europeo-12nov\/\">Edmundo Gonz\u00e1lez Urrutia<\/a><\/strong>, lleg\u00f3 este mi\u00e9rcoles a Bruselas para sostener un importante encuentro con\u00a0<strong>miembros del Partido Popular\u00a0<\/strong>en el Parlamento Europeo.<\/p>\n<p>El prop\u00f3sito de su visita fue agradecer el apoyo constante de las<strong>\u00a0fuerzas pol\u00edticas europeas<\/strong>\u00a0a la lucha por la restauraci\u00f3n de la democracia en Venezuela y discutir la situaci\u00f3n pol\u00edtica del pa\u00eds, en un contexto de creciente tensi\u00f3n entre el gobierno de Nicol\u00e1s Maduro y la oposici\u00f3n.<\/p>\n<p>Durante su encuentro con la portavoz del PP en la Euroc\u00e1mara,<strong>\u00a0Dolors Montserrat<\/strong>, y el eurodiputado Antonio L\u00f3pez-Ist\u00fariz, Gonz\u00e1lez Urrutia expres\u00f3 su agradecimiento por la solidaridad de los diputados europeos y reafirm\u00f3 su compromiso con el proceso de transici\u00f3n pol\u00edtica en Venezuela.<\/p>\n<p>\u201cVenimos a dar las gracias por la solidaridad de todas las fracciones del Parlamento Europeo que\u00a0<strong>han estado acompa\u00f1ando a la democracia venezolana<\/strong>, para restaurar la democracia y la legalidad democr\u00e1tica en mi pa\u00eds\u201d, destac\u00f3 el l\u00edder opositor antes de su reuni\u00f3n.<\/p>\n<div class=\"google-auto-placed ap_container\"><ins class=\"adsbygoogle adsbygoogle-noablate\" data-ad-format=\"auto\" data-ad-client=\"ca-pub-7690825590694655\" data-adsbygoogle-status=\"done\" data-ad-status=\"unfilled\"><\/p>\n<div id=\"aswift_3_host\"><iframe id=\"aswift_3\" tabindex=\"0\" title=\"Advertisement\" src=\"https:\/\/googleads.g.doubleclick.net\/pagead\/ads?gdpr=0&amp;us_privacy=1---&amp;gpp_sid=-1&amp;client=ca-pub-7690825590694655&amp;output=html&amp;h=280&amp;adk=1202060795&amp;adf=314186231&amp;w=765&amp;abgtt=6&amp;fwrn=4&amp;fwrnh=100&amp;lmt=1731501873&amp;num_ads=1&amp;rafmt=1&amp;armr=3&amp;sem=mc&amp;pwprc=4512835788&amp;ad_type=text_image&amp;format=765x280&amp;url=https%3A%2F%2Fwww.elimpulso.com%2F2024%2F11%2F13%2Fedmundo-gonzalez-aseguro-en-bruselas-que-planea-volver-a-venezuela-para-tomar-posesion-el-10-de-enero-13nov%2F&amp;fwr=0&amp;pra=3&amp;rh=191&amp;rw=764&amp;rpe=1&amp;resp_fmts=3&amp;wgl=1&amp;fa=27&amp;uach=WyJXaW5kb3dzIiwiMTAuMC4wIiwieDg2IiwiIiwiMTMwLjAuNjcyMy4xMTciLG51bGwsMCxudWxsLCI2NCIsW1siQ2hyb21pdW0iLCIxMzAuMC42NzIzLjExNyJdLFsiR29vZ2xlIENocm9tZSIsIjEzMC4wLjY3MjMuMTE3Il0sWyJOb3Q_QV9CcmFuZCIsIjk5LjAuMC4wIl1dLDBd&amp;dt=1731586003848&amp;bpp=3&amp;bdt=2691&amp;idt=3&amp;shv=r20241112&amp;mjsv=m202411120101&amp;ptt=9&amp;saldr=aa&amp;abxe=1&amp;cookie=ID%3D5cbf05c4edc88cfd%3AT%3D1726743684%3ART%3D1731585949%3AS%3DALNI_MZ7yYR3L6L7Mth26yAo2nEf_I7C1g&amp;gpic=UID%3D00000a5188f9e391%3AT%3D1726743684%3ART%3D1731585949%3AS%3DALNI_Mbs8_TawpzmiipOiKIpE59SFoiHQg&amp;eo_id_str=ID%3Dc9dae7cc7928f3d2%3AT%3D1726743684%3ART%3D1731585949%3AS%3DAA-AfjYWKUJYT1gf_0vXWGTc2GlG&amp;prev_fmts=0x0%2C765x192&amp;nras=2&amp;correlator=1961549314597&amp;frm=20&amp;pv=1&amp;u_tz=-240&amp;u_his=1&amp;u_h=768&amp;u_w=1366&amp;u_ah=728&amp;u_aw=1366&amp;u_cd=24&amp;u_sd=1&amp;dmc=8&amp;adx=131&amp;ady=1821&amp;biw=1349&amp;bih=607&amp;scr_x=0&amp;scr_y=0&amp;eid=44759876%2C44759927%2C31088770%2C95344190%2C31088894%2C31088457%2C95345967%2C95347654&amp;oid=2&amp;pvsid=2469003783574047&amp;tmod=642547549&amp;uas=0&amp;nvt=1&amp;fc=1408&amp;brdim=0%2C0%2C0%2C0%2C1366%2C0%2C0%2C0%2C1366%2C607&amp;vis=1&amp;rsz=%7C%7Cs%7C&amp;abl=NS&amp;cms=2&amp;fu=128&amp;bc=31&amp;bz=0&amp;td=1&amp;tdf=2&amp;psd=W251bGwsW251bGwsbnVsbCxudWxsLCJkZXByZWNhdGVkX2thbm9uIl0sbnVsbCwzXQ..&amp;nt=1&amp;ifi=4&amp;uci=a!4&amp;btvi=2&amp;fsb=1&amp;dtd=3119\" name=\"aswift_3\" width=\"765\" height=\"0\" frameborder=\"0\" marginwidth=\"0\" marginheight=\"0\" scrolling=\"no\" sandbox=\"allow-forms allow-popups allow-popups-to-escape-sandbox allow-same-origin allow-scripts allow-top-navigation-by-user-activation\" data-google-container-id=\"a!4\" aria-label=\"Advertisement\" data-google-query-id=\"CLuC68bk24kDFS764wcd-fM2Pg\" data-load-complete=\"true\" data-mce-fragment=\"1\"><\/iframe><\/div>\n<p><\/ins><\/div>\n<p>Uno de los puntos clave del encuentro fue la discusi\u00f3n sobre el futuro de la relaci\u00f3n entre Europa y Am\u00e9rica Latina, as\u00ed como las implicaciones de la situaci\u00f3n en Venezuela para la regi\u00f3n. Gonz\u00e1lez Urrutia aprovech\u00f3 la oportunidad para reiterar su intenci\u00f3n de\u00a0<strong>regresar a su pa\u00eds el pr\u00f3ximo 10 de enero<\/strong>, cuando, seg\u00fan sus declaraciones, tomar\u00e1 posesi\u00f3n como presidente electo de Venezuela.<\/p>\n<p>\u00abSi las expectativas se cumplen, el pr\u00f3ximo 10 de enero estaremos tomando posesi\u00f3n del\u00a0<strong>nuevo Gobierno en Venezuela<\/strong>, que va a restaurar la democracia venezolana\u00bb, subray\u00f3 el que fuera candidato de la Plataforma Unitaria Democr\u00e1tica (PUD). Gonz\u00e1lez Urrutia, quien es uno de los rostros m\u00e1s destacados de la oposici\u00f3n venezolana, recibi\u00f3 el apoyo de varios sectores internacionales, incluidos miembros de la Euroc\u00e1mara, y se prepara para recibir el prestigioso Premio S\u00e1jarov a la Libertad de Conciencia, que se le entregar\u00e1 en diciembre de este a\u00f1o\u00a0<strong>junto a Mar\u00eda Corina Machado<\/strong>, su compatriota y tambi\u00e9n l\u00edder de la oposici\u00f3n.<\/p>\n<p>En paralelo a su visita, la excandidata presidencial colombiana<strong>\u00a0Ingrid Betancourt<\/strong>, expres\u00f3 su apoyo a Gonz\u00e1lez Urrutia.\u00a0<strong><a href=\"https:\/\/www.elimpulso.com\/2024\/11\/12\/ingrid-betancourt-anuncio-que-viajara-a-caracas-para-acompanar-la-toma-de-posesion-de-edmundo-gonzalez-12nov\/\">Betancourt anunci\u00f3 en su perfil<\/a><\/strong>\u00a0de la red social X que viajar\u00e1 a Caracas para acompa\u00f1ar la toma de posesi\u00f3n de Gonz\u00e1lez Urrutia como presidente electo de Venezuela.<\/p>\n<p>\u201cEn enero,\u00a0<strong>tenemos cita en Caracas<\/strong>\u00a0para acompa\u00f1ar a Mar\u00eda Corina Machado y aplaudir la posesi\u00f3n de Edmundo Gonz\u00e1lez como presidente de Venezuela\u201d, asegur\u00f3 Betancourt, generando un gran inter\u00e9s en la comunidad internacional.<\/p>\n<div class=\"widget_text td_block_template_1 awac-wrapper\">\n<div class=\"widget_text td_block_template_1 awac widget custom_html-13\">\n<div class=\"textwidget custom-html-widget\"><\/div>\n<\/div>\n<\/div>\n<div class=\"td_block_template_1 awac-wrapper\">\n<div class=\"td_block_template_1 awac widget text-32\">\n<div class=\"textwidget\"><\/div>\n<\/div>\n<\/div>\n<div class=\"pvc_clear\"><\/div>\n<p id=\"pvc_stats_22932\" class=\"pvc_stats all  \" data-element-id=\"22932\" style=\"\"><i class=\"pvc-stats-icon large\" aria-hidden=\"true\"><svg xmlns=\"http:\/\/www.w3.org\/2000\/svg\" version=\"1.0\" viewBox=\"0 0 502 315\" preserveAspectRatio=\"xMidYMid meet\"><g transform=\"translate(0,332) scale(0.1,-0.1)\" fill=\"\" stroke=\"none\"><path d=\"M2394 3279 l-29 -30 -3 -207 c-2 -182 0 -211 15 -242 39 -76 157 -76 196 0 15 31 17 60 15 243 l-3 209 -33 29 c-26 23 -41 29 -80 29 -41 0 -53 -5 -78 -31z\"\/><path d=\"M3085 3251 c-45 -19 -58 -50 -96 -229 -47 -217 -49 -260 -13 -295 52 -53 146 -42 177 20 16 31 87 366 87 410 0 70 -86 122 -155 94z\"\/><path d=\"M1751 3234 c-13 -9 -29 -31 -37 -50 -12 -29 -10 -49 21 -204 19 -94 39 -189 45 -210 14 -50 54 -80 110 -80 34 0 48 6 76 34 21 21 34 44 34 59 0 14 -18 113 -40 219 -37 178 -43 195 -70 221 -36 32 -101 37 -139 11z\"\/><path d=\"M1163 3073 c-36 -7 -73 -59 -73 -102 0 -56 133 -378 171 -413 34 -32 83 -37 129 -13 70 36 67 87 -16 290 -86 209 -89 214 -129 231 -35 14 -42 15 -82 7z\"\/><path d=\"M3689 3066 c-15 -9 -33 -30 -42 -48 -48 -103 -147 -355 -147 -375 0 -98 131 -148 192 -74 13 15 57 108 97 206 80 196 84 226 37 273 -30 30 -99 39 -137 18z\"\/><path d=\"M583 2784 c-38 -19 -67 -74 -58 -113 9 -42 211 -354 242 -373 16 -10 45 -18 66 -18 51 0 107 52 107 100 0 39 -1 41 -124 234 -80 126 -108 162 -133 173 -41 17 -61 16 -100 -3z\"\/><path d=\"M4250 2784 c-14 -9 -74 -91 -133 -183 -95 -150 -107 -173 -107 -213 0 -55 33 -94 87 -104 67 -13 90 8 211 198 130 202 137 225 78 284 -27 27 -42 34 -72 34 -22 0 -50 -8 -64 -16z\"\/><path d=\"M2275 2693 c-553 -48 -1095 -270 -1585 -649 -135 -104 -459 -423 -483 -476 -23 -49 -22 -139 2 -186 73 -142 361 -457 571 -626 285 -228 642 -407 990 -497 242 -63 336 -73 660 -74 310 0 370 5 595 52 535 111 1045 392 1455 803 122 121 250 273 275 326 19 41 19 137 0 174 -41 79 -309 363 -465 492 -447 370 -946 591 -1479 653 -113 14 -422 18 -536 8z m395 -428 c171 -34 330 -124 456 -258 112 -119 167 -219 211 -378 27 -96 24 -300 -5 -401 -72 -255 -236 -447 -474 -557 -132 -62 -201 -76 -368 -76 -167 0 -236 14 -368 76 -213 98 -373 271 -451 485 -162 444 86 934 547 1084 153 49 292 57 452 25z m909 -232 c222 -123 408 -262 593 -441 76 -74 138 -139 138 -144 0 -16 -233 -242 -330 -319 -155 -123 -309 -223 -461 -299 l-81 -41 32 46 c18 26 49 83 70 128 143 306 141 649 -6 957 -25 52 -61 116 -79 142 l-34 47 45 -20 c26 -10 76 -36 113 -56z m-2057 25 c-40 -58 -105 -190 -130 -263 -110 -324 -59 -707 132 -981 25 -35 42 -64 37 -64 -19 0 -241 119 -326 174 -188 122 -406 314 -532 468 l-58 71 108 103 c185 178 428 349 672 473 66 33 121 60 123 61 2 0 -10 -19 -26 -42z\"\/><path d=\"M2375 1950 c-198 -44 -350 -190 -395 -379 -18 -76 -8 -221 19 -290 114 -284 457 -406 731 -260 98 52 188 154 231 260 27 69 37 214 19 290 -38 163 -166 304 -326 360 -67 23 -215 33 -279 19z\"\/><\/g><\/svg><\/i> <img decoding=\"async\" width=\"16\" height=\"16\" alt=\"Loading\" src=\"https:\/\/esviafm.com\/wp-content\/plugins\/page-views-count\/ajax-loader-2x.gif\" border=0 \/><\/p>\n<div class=\"pvc_clear\"><\/div>\n","protected":false},"excerpt":{"rendered":"<p>El l\u00edder opositor venezolano,\u00a0Edmundo Gonz\u00e1lez Urrutia, lleg\u00f3 este mi\u00e9rcoles a Bruselas para sostener un importante encuentro con\u00a0miembros del Partido Popular\u00a0en el Parlamento Europeo. El prop\u00f3sito de su visita fue agradecer el apoyo constante de las\u00a0fuerzas pol\u00edticas europeas\u00a0a la lucha por la restauraci\u00f3n de la democracia en Venezuela y discutir la situaci\u00f3n pol\u00edtica del pa\u00eds, en [&hellip;]<\/p>\n<div class=\"pvc_clear\"><\/div>\n<p id=\"pvc_stats_22932\" class=\"pvc_stats all  \" data-element-id=\"22932\" style=\"\"><i class=\"pvc-stats-icon large\" aria-hidden=\"true\"><svg xmlns=\"http:\/\/www.w3.org\/2000\/svg\" version=\"1.0\" viewBox=\"0 0 502 315\" preserveAspectRatio=\"xMidYMid meet\"><g transform=\"translate(0,332) scale(0.1,-0.1)\" fill=\"\" stroke=\"none\"><path d=\"M2394 3279 l-29 -30 -3 -207 c-2 -182 0 -211 15 -242 39 -76 157 -76 196 0 15 31 17 60 15 243 l-3 209 -33 29 c-26 23 -41 29 -80 29 -41 0 -53 -5 -78 -31z\"\/><path d=\"M3085 3251 c-45 -19 -58 -50 -96 -229 -47 -217 -49 -260 -13 -295 52 -53 146 -42 177 20 16 31 87 366 87 410 0 70 -86 122 -155 94z\"\/><path d=\"M1751 3234 c-13 -9 -29 -31 -37 -50 -12 -29 -10 -49 21 -204 19 -94 39 -189 45 -210 14 -50 54 -80 110 -80 34 0 48 6 76 34 21 21 34 44 34 59 0 14 -18 113 -40 219 -37 178 -43 195 -70 221 -36 32 -101 37 -139 11z\"\/><path d=\"M1163 3073 c-36 -7 -73 -59 -73 -102 0 -56 133 -378 171 -413 34 -32 83 -37 129 -13 70 36 67 87 -16 290 -86 209 -89 214 -129 231 -35 14 -42 15 -82 7z\"\/><path d=\"M3689 3066 c-15 -9 -33 -30 -42 -48 -48 -103 -147 -355 -147 -375 0 -98 131 -148 192 -74 13 15 57 108 97 206 80 196 84 226 37 273 -30 30 -99 39 -137 18z\"\/><path d=\"M583 2784 c-38 -19 -67 -74 -58 -113 9 -42 211 -354 242 -373 16 -10 45 -18 66 -18 51 0 107 52 107 100 0 39 -1 41 -124 234 -80 126 -108 162 -133 173 -41 17 -61 16 -100 -3z\"\/><path d=\"M4250 2784 c-14 -9 -74 -91 -133 -183 -95 -150 -107 -173 -107 -213 0 -55 33 -94 87 -104 67 -13 90 8 211 198 130 202 137 225 78 284 -27 27 -42 34 -72 34 -22 0 -50 -8 -64 -16z\"\/><path d=\"M2275 2693 c-553 -48 -1095 -270 -1585 -649 -135 -104 -459 -423 -483 -476 -23 -49 -22 -139 2 -186 73 -142 361 -457 571 -626 285 -228 642 -407 990 -497 242 -63 336 -73 660 -74 310 0 370 5 595 52 535 111 1045 392 1455 803 122 121 250 273 275 326 19 41 19 137 0 174 -41 79 -309 363 -465 492 -447 370 -946 591 -1479 653 -113 14 -422 18 -536 8z m395 -428 c171 -34 330 -124 456 -258 112 -119 167 -219 211 -378 27 -96 24 -300 -5 -401 -72 -255 -236 -447 -474 -557 -132 -62 -201 -76 -368 -76 -167 0 -236 14 -368 76 -213 98 -373 271 -451 485 -162 444 86 934 547 1084 153 49 292 57 452 25z m909 -232 c222 -123 408 -262 593 -441 76 -74 138 -139 138 -144 0 -16 -233 -242 -330 -319 -155 -123 -309 -223 -461 -299 l-81 -41 32 46 c18 26 49 83 70 128 143 306 141 649 -6 957 -25 52 -61 116 -79 142 l-34 47 45 -20 c26 -10 76 -36 113 -56z m-2057 25 c-40 -58 -105 -190 -130 -263 -110 -324 -59 -707 132 -981 25 -35 42 -64 37 -64 -19 0 -241 119 -326 174 -188 122 -406 314 -532 468 l-58 71 108 103 c185 178 428 349 672 473 66 33 121 60 123 61 2 0 -10 -19 -26 -42z\"\/><path d=\"M2375 1950 c-198 -44 -350 -190 -395 -379 -18 -76 -8 -221 19 -290 114 -284 457 -406 731 -260 98 52 188 154 231 260 27 69 37 214 19 290 -38 163 -166 304 -326 360 -67 23 -215 33 -279 19z\"\/><\/g><\/svg><\/i> <img decoding=\"async\" width=\"16\" height=\"16\" alt=\"Loading\" src=\"https:\/\/esviafm.com\/wp-content\/plugins\/page-views-count\/ajax-loader-2x.gif\" border=0 \/><\/p>\n<div class=\"pvc_clear\"><\/div>\n","protected":false},"author":1,"featured_media":0,"comment_status":"open","ping_status":"open","sticky":false,"template":"","format":"standard","meta":{"_et_pb_use_builder":"","_et_pb_old_content":"","_et_gb_content_width":"","footnotes":""},"categories":[25],"tags":[],"class_list":["post-22932","post","type-post","status-publish","format-standard","hentry","category-nacionales"],"_links":{"self":[{"href":"https:\/\/esviafm.com\/index.php\/wp-json\/wp\/v2\/posts\/22932","targetHints":{"allow":["GET"]}}],"collection":[{"href":"https:\/\/esviafm.com\/index.php\/wp-json\/wp\/v2\/posts"}],"about":[{"href":"https:\/\/esviafm.com\/index.php\/wp-json\/wp\/v2\/types\/post"}],"author":[{"embeddable":true,"href":"https:\/\/esviafm.com\/index.php\/wp-json\/wp\/v2\/users\/1"}],"replies":[{"embeddable":true,"href":"https:\/\/esviafm.com\/index.php\/wp-json\/wp\/v2\/comments?post=22932"}],"version-history":[{"count":1,"href":"https:\/\/esviafm.com\/index.php\/wp-json\/wp\/v2\/posts\/22932\/revisions"}],"predecessor-version":[{"id":22934,"href":"https:\/\/esviafm.com\/index.php\/wp-json\/wp\/v2\/posts\/22932\/revisions\/22934"}],"wp:attachment":[{"href":"https:\/\/esviafm.com\/index.php\/wp-json\/wp\/v2\/media?parent=22932"}],"wp:term":[{"taxonomy":"category","embeddable":true,"href":"https:\/\/esviafm.com\/index.php\/wp-json\/wp\/v2\/categories?post=22932"},{"taxonomy":"post_tag","embeddable":true,"href":"https:\/\/esviafm.com\/index.php\/wp-json\/wp\/v2\/tags?post=22932"}],"curies":[{"name":"wp","href":"https:\/\/api.w.org\/{rel}","templated":true}]}}